{"id":110285,"date":"2014-01-29T13:37:15","date_gmt":"2014-01-29T13:37:15","guid":{"rendered":"http:\/\/diariodalagoa.pt\/?p=124"},"modified":"2025-06-10T22:30:51","modified_gmt":"2025-06-10T22:30:51","slug":"filarmonica-estrela-dalva-assinala-127-anos-de-existencia","status":"publish","type":"post","link":"https:\/\/diariodalagoa.pt\/fr\/filarmonica-estrela-dalva-assinala-127-anos-de-existencia\/","title":{"rendered":"Filarm\u00f3nica Estrela D\u2019Alva assinala 127 anos de exist\u00eancia"},"content":{"rendered":"<p>A Sociedade Filarm\u00f3nica Estrela D\u2019Alva est\u00e1 a assinalar o seu 127\u00ba anivers\u00e1rio. As comemora\u00e7\u00f5es decorrem j\u00e1 nos pr\u00f3ximos dias 1,2 e 8 de fevereiro pr\u00f3ximo, na freguesia de Santa Cruz, integradas nas festividades da padroeira Nossa Senhora da Estrela.<\/p>\n<p>Assim, e no dia 1 de fevereiro (s\u00e1bado), pelas 19H30 decorrer\u00e1 a abertura do quarto ornamentado na sede da Filarm\u00f3nica em honra da sua Padroeira.<\/p>\n<p>Pelas 20H30 participa\u00e7\u00e3o da Filarm\u00f3nica no evento \u201cCantar \u00e0s Estrelas\u201d promovido pela autarquia lagoense.<\/p>\n<p>No dia 2 de fevereiro (domingo), pelas 07H00 decorrer\u00e1 a alvorada com morteiros e pelas 10H30 haver\u00e1 a b\u00ean\u00e7\u00e3o das velas e mudan\u00e7a da Imagem de Nossa Senhora da Estrela, com a participa\u00e7\u00e3o das Filarm\u00f3nicas \u201cFraternidade Rural\u201d de \u00c1gua de Pau e \u201cEstrela D&#8217;Alva\u201d de Santa Cruz.<\/p>\n<p>J\u00e1 pelas 11H30 ter\u00e1 lugar a Missa Solene celebrada pelo Pe. Nuno Maiato, seguida da prociss\u00e3o de Nossa Senhora da Estrela, para a Ermida, com a participa\u00e7\u00e3o dos Escuteiros 1290 de Santa Cruz pelas 13h00.<\/p>\n<p>No dia 8 de fevereiro (s\u00e1bado), e pelas 20H30 haver\u00e1 um Ser\u00e3o Cultural no Sal\u00e3o Paroquial da Igreja Matriz de Santa Cruz com as atua\u00e7\u00f5es do Grupo de Cantares Tradicionais de Santa Cruz, e concerto pela filarm\u00f3nica Estrela D&#8217;Alva.<\/p>\n<p>Antes do encerramento das festividades, decorrer\u00e1 o Sorteio das Estrelas.<\/p>\n<p><em>DL<\/em><\/p>","protected":false},"excerpt":{"rendered":"<p>A Sociedade Filarm\u00f3nica Estrela D\u2019Alva est\u00e1 a assinalar o seu 127\u00ba anivers\u00e1rio. As comemora\u00e7\u00f5es decorrem j\u00e1 nos pr\u00f3ximos dias 1,2 e 8 de fevereiro pr\u00f3ximo, na freguesia de Santa Cruz, integradas nas festividades da padroeira Nossa Senhora da Estrela. Assim, e no dia 1 de fevereiro (s\u00e1bado), pelas 19H30 decorrer\u00e1 a abertura do quarto ornamentado [&hellip;]<\/p>","protected":false},"author":2,"featured_media":113473,"comment_status":"open","ping_status":"open","sticky":false,"template":"","format":"standard","meta":[],"categories":[21],"tags":[],"acf":[],"yoast_head":"<!-- This site is optimized with the Yoast SEO plugin v20.10 - https:\/\/yoast.com\/wordpress\/plugins\/seo\/ -->\n<title>Filarm\u00f3nica Estrela D\u2019Alva assinala 127 anos de exist\u00eancia - Di\u00e1rio da Lagoa<\/title>\n<meta name=\"robots\" content=\"index, follow, max-snippet:-1, max-image-preview:large, max-video-preview:-1\" \/>\n<link rel=\"canonical\" href=\"https:\/\/diariodalagoa.pt\/fr\/filarmonica-estrela-dalva-assinala-127-anos-de-existencia\/\" \/>\n<meta property=\"og:locale\" content=\"fr_FR\" \/>\n<meta property=\"og:type\" content=\"article\" \/>\n<meta property=\"og:title\" content=\"Filarm\u00f3nica Estrela D\u2019Alva assinala 127 anos de exist\u00eancia - Di\u00e1rio da Lagoa\" \/>\n<meta property=\"og:description\" content=\"A Sociedade Filarm\u00f3nica Estrela D\u2019Alva est\u00e1 a assinalar o seu 127\u00ba anivers\u00e1rio. As comemora\u00e7\u00f5es decorrem j\u00e1 nos pr\u00f3ximos dias 1,2 e 8 de fevereiro pr\u00f3ximo, na freguesia de Santa Cruz, integradas nas festividades da padroeira Nossa Senhora da Estrela. Assim, e no dia 1 de fevereiro (s\u00e1bado), pelas 19H30 decorrer\u00e1 a abertura do quarto ornamentado [&hellip;]\" \/>\n<meta property=\"og:url\" content=\"https:\/\/diariodalagoa.pt\/fr\/filarmonica-estrela-dalva-assinala-127-anos-de-existencia\/\" \/>\n<meta property=\"og:site_name\" content=\"Di\u00e1rio da Lagoa\" \/>\n<meta property=\"article:published_time\" content=\"2014-01-29T13:37:15+00:00\" \/>\n<meta property=\"article:modified_time\" content=\"2025-06-10T22:30:51+00:00\" \/>\n<meta property=\"og:image\" content=\"https:\/\/diariodalagoa.pt\/wp-content\/uploads\/2014\/01\/aniversario-filarmonica-estrela-dalva.jpg\" \/>\n\t<meta property=\"og:image:width\" content=\"700\" \/>\n\t<meta property=\"og:image:height\" content=\"302\" \/>\n\t<meta property=\"og:image:type\" content=\"image\/jpeg\" \/>\n<meta name=\"author\" content=\"Di\u00e1rio da Lagoa\" \/>\n<meta name=\"twitter:card\" content=\"summary_large_image\" \/>\n<meta name=\"twitter:label1\" content=\"\u00c9crit par\" \/>\n\t<meta name=\"twitter:data1\" content=\"Di\u00e1rio da Lagoa\" \/>\n\t<meta name=\"twitter:label2\" content=\"Dur\u00e9e de lecture estim\u00e9e\" \/>\n\t<meta name=\"twitter:data2\" content=\"1 minute\" \/>\n<script type=\"application\/ld+json\" class=\"yoast-schema-graph\">{\"@context\":\"https:\/\/schema.org\",\"@graph\":[{\"@type\":\"WebPage\",\"@id\":\"https:\/\/diariodalagoa.pt\/filarmonica-estrela-dalva-assinala-127-anos-de-existencia\/\",\"url\":\"https:\/\/diariodalagoa.pt\/filarmonica-estrela-dalva-assinala-127-anos-de-existencia\/\",\"name\":\"Filarm\u00f3nica Estrela D\u2019Alva assinala 127 anos de exist\u00eancia - Di\u00e1rio da Lagoa\",\"isPartOf\":{\"@id\":\"https:\/\/diariodalagoa.pt\/#website\"},\"datePublished\":\"2014-01-29T13:37:15+00:00\",\"dateModified\":\"2025-06-10T22:30:51+00:00\",\"author\":{\"@id\":\"https:\/\/diariodalagoa.pt\/#\/schema\/person\/1615a002370e8857b6f972834bc43ece\"},\"breadcrumb\":{\"@id\":\"https:\/\/diariodalagoa.pt\/filarmonica-estrela-dalva-assinala-127-anos-de-existencia\/#breadcrumb\"},\"inLanguage\":\"fr-FR\",\"potentialAction\":[{\"@type\":\"ReadAction\",\"target\":[\"https:\/\/diariodalagoa.pt\/filarmonica-estrela-dalva-assinala-127-anos-de-existencia\/\"]}]},{\"@type\":\"BreadcrumbList\",\"@id\":\"https:\/\/diariodalagoa.pt\/filarmonica-estrela-dalva-assinala-127-anos-de-existencia\/#breadcrumb\",\"itemListElement\":[{\"@type\":\"ListItem\",\"position\":1,\"name\":\"In\u00edcio\",\"item\":\"https:\/\/diariodalagoa.pt\/\"},{\"@type\":\"ListItem\",\"position\":2,\"name\":\"Filarm\u00f3nica Estrela D\u2019Alva assinala 127 anos de exist\u00eancia\"}]},{\"@type\":\"WebSite\",\"@id\":\"https:\/\/diariodalagoa.pt\/#website\",\"url\":\"https:\/\/diariodalagoa.pt\/\",\"name\":\"Di\u00e1rio da Lagoa\",\"description\":\"Di\u00e1rio da Lagoa. As not\u00edcias que contam. A partir da Lagoa, nos A\u00e7ores, para o mundo.\",\"potentialAction\":[{\"@type\":\"SearchAction\",\"target\":{\"@type\":\"EntryPoint\",\"urlTemplate\":\"https:\/\/diariodalagoa.pt\/?s={search_term_string}\"},\"query-input\":\"required name=search_term_string\"}],\"inLanguage\":\"fr-FR\"},{\"@type\":\"Person\",\"@id\":\"https:\/\/diariodalagoa.pt\/#\/schema\/person\/1615a002370e8857b6f972834bc43ece\",\"name\":\"Di\u00e1rio da Lagoa\",\"image\":{\"@type\":\"ImageObject\",\"inLanguage\":\"fr-FR\",\"@id\":\"https:\/\/diariodalagoa.pt\/#\/schema\/person\/image\/\",\"url\":\"https:\/\/secure.gravatar.com\/avatar\/2cb5cef90a26f8fbd4d9d930608102c5?s=96&d=mm&r=g\",\"contentUrl\":\"https:\/\/secure.gravatar.com\/avatar\/2cb5cef90a26f8fbd4d9d930608102c5?s=96&d=mm&r=g\",\"caption\":\"Di\u00e1rio da Lagoa\"},\"url\":\"https:\/\/diariodalagoa.pt\/fr\/author\/diariodalagoa\/\"}]}<\/script>\n<!-- \/ Yoast SEO plugin. -->","yoast_head_json":{"title":"Filarm\u00f3nica Estrela D\u2019Alva assinala 127 anos de exist\u00eancia - Di\u00e1rio da Lagoa","robots":{"index":"index","follow":"follow","max-snippet":"max-snippet:-1","max-image-preview":"max-image-preview:large","max-video-preview":"max-video-preview:-1"},"canonical":"https:\/\/diariodalagoa.pt\/fr\/filarmonica-estrela-dalva-assinala-127-anos-de-existencia\/","og_locale":"fr_FR","og_type":"article","og_title":"Filarm\u00f3nica Estrela D\u2019Alva assinala 127 anos de exist\u00eancia - Di\u00e1rio da Lagoa","og_description":"A Sociedade Filarm\u00f3nica Estrela D\u2019Alva est\u00e1 a assinalar o seu 127\u00ba anivers\u00e1rio. As comemora\u00e7\u00f5es decorrem j\u00e1 nos pr\u00f3ximos dias 1,2 e 8 de fevereiro pr\u00f3ximo, na freguesia de Santa Cruz, integradas nas festividades da padroeira Nossa Senhora da Estrela. Assim, e no dia 1 de fevereiro (s\u00e1bado), pelas 19H30 decorrer\u00e1 a abertura do quarto ornamentado [&hellip;]","og_url":"https:\/\/diariodalagoa.pt\/fr\/filarmonica-estrela-dalva-assinala-127-anos-de-existencia\/","og_site_name":"Di\u00e1rio da Lagoa","article_published_time":"2014-01-29T13:37:15+00:00","article_modified_time":"2025-06-10T22:30:51+00:00","og_image":[{"width":700,"height":302,"url":"https:\/\/diariodalagoa.pt\/wp-content\/uploads\/2014\/01\/aniversario-filarmonica-estrela-dalva.jpg","type":"image\/jpeg"}],"author":"Di\u00e1rio da Lagoa","twitter_card":"summary_large_image","twitter_misc":{"\u00c9crit par":"Di\u00e1rio da Lagoa","Dur\u00e9e de lecture estim\u00e9e":"1 minute"},"schema":{"@context":"https:\/\/schema.org","@graph":[{"@type":"WebPage","@id":"https:\/\/diariodalagoa.pt\/filarmonica-estrela-dalva-assinala-127-anos-de-existencia\/","url":"https:\/\/diariodalagoa.pt\/filarmonica-estrela-dalva-assinala-127-anos-de-existencia\/","name":"Filarm\u00f3nica Estrela D\u2019Alva assinala 127 anos de exist\u00eancia - Di\u00e1rio da Lagoa","isPartOf":{"@id":"https:\/\/diariodalagoa.pt\/#website"},"datePublished":"2014-01-29T13:37:15+00:00","dateModified":"2025-06-10T22:30:51+00:00","author":{"@id":"https:\/\/diariodalagoa.pt\/#\/schema\/person\/1615a002370e8857b6f972834bc43ece"},"breadcrumb":{"@id":"https:\/\/diariodalagoa.pt\/filarmonica-estrela-dalva-assinala-127-anos-de-existencia\/#breadcrumb"},"inLanguage":"fr-FR","potentialAction":[{"@type":"ReadAction","target":["https:\/\/diariodalagoa.pt\/filarmonica-estrela-dalva-assinala-127-anos-de-existencia\/"]}]},{"@type":"BreadcrumbList","@id":"https:\/\/diariodalagoa.pt\/filarmonica-estrela-dalva-assinala-127-anos-de-existencia\/#breadcrumb","itemListElement":[{"@type":"ListItem","position":1,"name":"In\u00edcio","item":"https:\/\/diariodalagoa.pt\/"},{"@type":"ListItem","position":2,"name":"Filarm\u00f3nica Estrela D\u2019Alva assinala 127 anos de exist\u00eancia"}]},{"@type":"WebSite","@id":"https:\/\/diariodalagoa.pt\/#website","url":"https:\/\/diariodalagoa.pt\/","name":"Di\u00e1rio da Lagoa","description":"Di\u00e1rio da Lagoa. As not\u00edcias que contam. A partir da Lagoa, nos A\u00e7ores, para o mundo.","potentialAction":[{"@type":"SearchAction","target":{"@type":"EntryPoint","urlTemplate":"https:\/\/diariodalagoa.pt\/?s={search_term_string}"},"query-input":"required name=search_term_string"}],"inLanguage":"fr-FR"},{"@type":"Person","@id":"https:\/\/diariodalagoa.pt\/#\/schema\/person\/1615a002370e8857b6f972834bc43ece","name":"Di\u00e1rio da Lagoa","image":{"@type":"ImageObject","inLanguage":"fr-FR","@id":"https:\/\/diariodalagoa.pt\/#\/schema\/person\/image\/","url":"https:\/\/secure.gravatar.com\/avatar\/2cb5cef90a26f8fbd4d9d930608102c5?s=96&d=mm&r=g","contentUrl":"https:\/\/secure.gravatar.com\/avatar\/2cb5cef90a26f8fbd4d9d930608102c5?s=96&d=mm&r=g","caption":"Di\u00e1rio da Lagoa"},"url":"https:\/\/diariodalagoa.pt\/fr\/author\/diariodalagoa\/"}]}},"_links":{"self":[{"href":"https:\/\/diariodalagoa.pt\/fr\/wp-json\/wp\/v2\/posts\/110285"}],"collection":[{"href":"https:\/\/diariodalagoa.pt\/fr\/wp-json\/wp\/v2\/posts"}],"about":[{"href":"https:\/\/diariodalagoa.pt\/fr\/wp-json\/wp\/v2\/types\/post"}],"author":[{"embeddable":true,"href":"https:\/\/diariodalagoa.pt\/fr\/wp-json\/wp\/v2\/users\/2"}],"replies":[{"embeddable":true,"href":"https:\/\/diariodalagoa.pt\/fr\/wp-json\/wp\/v2\/comments?post=110285"}],"version-history":[{"count":1,"href":"https:\/\/diariodalagoa.pt\/fr\/wp-json\/wp\/v2\/posts\/110285\/revisions"}],"predecessor-version":[{"id":152708,"href":"https:\/\/diariodalagoa.pt\/fr\/wp-json\/wp\/v2\/posts\/110285\/revisions\/152708"}],"wp:featuredmedia":[{"embeddable":true,"href":"https:\/\/diariodalagoa.pt\/fr\/wp-json\/wp\/v2\/media\/113473"}],"wp:attachment":[{"href":"https:\/\/diariodalagoa.pt\/fr\/wp-json\/wp\/v2\/media?parent=110285"}],"wp:term":[{"taxonomy":"category","embeddable":true,"href":"https:\/\/diariodalagoa.pt\/fr\/wp-json\/wp\/v2\/categories?post=110285"},{"taxonomy":"post_tag","embeddable":true,"href":"https:\/\/diariodalagoa.pt\/fr\/wp-json\/wp\/v2\/tags?post=110285"}],"curies":[{"name":"wp","href":"https:\/\/api.w.org\/{rel}","templated":true}]}}