{"id":11014,"date":"2014-11-06T21:04:17","date_gmt":"2014-11-06T22:04:17","guid":{"rendered":"http:\/\/diariodalagoa.pt\/?p=11014"},"modified":"2014-11-06T21:04:17","modified_gmt":"2014-11-06T22:04:17","slug":"vice-presidente-considera-que-os-acores-estao-no-bom-caminho-no-combate-ao-desemprego","status":"publish","type":"post","link":"https:\/\/diariodalagoa.pt\/fr\/vice-presidente-considera-que-os-acores-estao-no-bom-caminho-no-combate-ao-desemprego\/","title":{"rendered":"Vice-Presidente considera que os A\u00e7ores est\u00e3o no bom caminho no combate ao desemprego"},"content":{"rendered":"<p style=\"text-align: justify;\"><img decoding=\"async\" class=\"alignnone size-full wp-image-2439\" src=\"http:\/\/diariodalagoa.pt\/wp-content\/uploads\/2014\/03\/A\u00e7ores-noticias-Sergio-Avila-governo.jpg\" alt=\"A\u00e7ores-noticias-Sergio-Avila-governo\" width=\"720\" height=\"381\" \/><\/p>\n<p style=\"text-align: justify;\"><span style=\"color: rgb(0, 0, 0);\">O Vice-Presidente do Governo\u00a0afirmou hoje, em Ponta Delgada, estar convicto de que \u201cos A\u00e7ores est\u00e3o no caminho certo e no bom caminho\u201d no que concerne \u00e0 quest\u00e3o do combate ao desemprego.<\/span><\/p>\n<p style=\"text-align: justify;\"><span style=\"color: rgb(0, 0, 0);\">S\u00e9rgio \u00c1vila, que falava \u00e0 margem de uma audi\u00eancia que concedeu\u00a0a representantes da Associa\u00e7\u00e3o de Comerciantes do Centro Hist\u00f3rico de Ponta Delgada, comentou os dados mais recentes do Instituto Nacional de Estat\u00edstica (INE), come\u00e7ando por salientar que \u201cno \u00faltimo ano, menos 2.441 a\u00e7orianos estavam desempregados e mais 2.153 a\u00e7orianos tiveram emprego.\u201d<\/span><\/p>\n<p style=\"text-align: justify;\"><span style=\"color: rgb(0, 0, 0);\">Para o governante, os dados do INE demonstram que, \u201chavendo ainda muito desemprego, que havendo ainda um caminho longo para percorrer e sendo o desemprego a nossa principal prioridade, aqui conseguimos, no \u00faltimo ano, retirar do desemprego 2.441 a\u00e7orianos, ou seja, 11,3 por cento.\u201d<\/span><\/p>\n<p style=\"text-align: justify;\"><span style=\"color: rgb(0, 0, 0);\">S\u00e9rgio \u00c1vila reiterou que qualquer resultado n\u00e3o ser\u00e1 satisfat\u00f3rio \u201cenquanto houver um a\u00e7oriano desempregado\u201d, salvaguardando, no entanto, que a situa\u00e7\u00e3o atual, quando comparada com a de h\u00e1 uma ano, \u201c\u00e9 melhor\u201d.<\/span><\/p>\n<p style=\"text-align: justify;\"><span style=\"color: rgb(0, 0, 0);\"><em>DL\/Gacs<\/em><\/span><\/p>","protected":false},"excerpt":{"rendered":"<p>O Vice-Presidente do Governo\u00a0afirmou hoje, em Ponta Delgada, estar convicto de que \u201cos A\u00e7ores est\u00e3o no caminho certo e no bom caminho\u201d no que concerne \u00e0 quest\u00e3o do combate ao desemprego. S\u00e9rgio \u00c1vila, que falava \u00e0 margem de uma audi\u00eancia que concedeu\u00a0a representantes da Associa\u00e7\u00e3o de Comerciantes do Centro Hist\u00f3rico de Ponta Delgada, comentou os [&hellip;]<\/p>","protected":false},"author":2,"featured_media":121696,"comment_status":"open","ping_status":"open","sticky":false,"template":"","format":"standard","meta":[],"categories":[21],"tags":[],"acf":[],"yoast_head":"<!-- This site is optimized with the Yoast SEO plugin v20.10 - https:\/\/yoast.com\/wordpress\/plugins\/seo\/ -->\n<title>Vice-Presidente considera que os A\u00e7ores est\u00e3o no bom caminho no combate ao desemprego - Di\u00e1rio da Lagoa<\/title>\n<meta name=\"robots\" content=\"index, follow, max-snippet:-1, max-image-preview:large, max-video-preview:-1\" \/>\n<link rel=\"canonical\" href=\"https:\/\/diariodalagoa.pt\/fr\/vice-presidente-considera-que-os-acores-estao-no-bom-caminho-no-combate-ao-desemprego\/\" \/>\n<meta property=\"og:locale\" content=\"fr_FR\" \/>\n<meta property=\"og:type\" content=\"article\" \/>\n<meta property=\"og:title\" content=\"Vice-Presidente considera que os A\u00e7ores est\u00e3o no bom caminho no combate ao desemprego - Di\u00e1rio da Lagoa\" \/>\n<meta property=\"og:description\" content=\"O Vice-Presidente do Governo\u00a0afirmou hoje, em Ponta Delgada, estar convicto de que \u201cos A\u00e7ores est\u00e3o no caminho certo e no bom caminho\u201d no que concerne \u00e0 quest\u00e3o do combate ao desemprego. S\u00e9rgio \u00c1vila, que falava \u00e0 margem de uma audi\u00eancia que concedeu\u00a0a representantes da Associa\u00e7\u00e3o de Comerciantes do Centro Hist\u00f3rico de Ponta Delgada, comentou os [&hellip;]\" \/>\n<meta property=\"og:url\" content=\"https:\/\/diariodalagoa.pt\/fr\/vice-presidente-considera-que-os-acores-estao-no-bom-caminho-no-combate-ao-desemprego\/\" \/>\n<meta property=\"og:site_name\" content=\"Di\u00e1rio da Lagoa\" \/>\n<meta property=\"article:published_time\" content=\"2014-11-06T22:04:17+00:00\" \/>\n<meta property=\"og:image\" content=\"https:\/\/diariodalagoa.pt\/wp-content\/uploads\/2014\/11\/sergio-avila.jpg\" \/>\n\t<meta property=\"og:image:width\" content=\"720\" \/>\n\t<meta property=\"og:image:height\" content=\"380\" \/>\n\t<meta property=\"og:image:type\" content=\"image\/jpeg\" \/>\n<meta name=\"author\" content=\"Di\u00e1rio da Lagoa\" \/>\n<meta name=\"twitter:card\" content=\"summary_large_image\" \/>\n<meta name=\"twitter:label1\" content=\"\u00c9crit par\" \/>\n\t<meta name=\"twitter:data1\" content=\"Di\u00e1rio da Lagoa\" \/>\n\t<meta name=\"twitter:label2\" content=\"Dur\u00e9e de lecture estim\u00e9e\" \/>\n\t<meta name=\"twitter:data2\" content=\"1 minute\" \/>\n<script type=\"application\/ld+json\" class=\"yoast-schema-graph\">{\"@context\":\"https:\/\/schema.org\",\"@graph\":[{\"@type\":\"WebPage\",\"@id\":\"https:\/\/diariodalagoa.pt\/vice-presidente-considera-que-os-acores-estao-no-bom-caminho-no-combate-ao-desemprego\/\",\"url\":\"https:\/\/diariodalagoa.pt\/vice-presidente-considera-que-os-acores-estao-no-bom-caminho-no-combate-ao-desemprego\/\",\"name\":\"Vice-Presidente considera que os A\u00e7ores est\u00e3o no bom caminho no combate ao desemprego - Di\u00e1rio da Lagoa\",\"isPartOf\":{\"@id\":\"https:\/\/diariodalagoa.pt\/#website\"},\"datePublished\":\"2014-11-06T22:04:17+00:00\",\"dateModified\":\"2014-11-06T22:04:17+00:00\",\"author\":{\"@id\":\"https:\/\/diariodalagoa.pt\/#\/schema\/person\/1615a002370e8857b6f972834bc43ece\"},\"breadcrumb\":{\"@id\":\"https:\/\/diariodalagoa.pt\/vice-presidente-considera-que-os-acores-estao-no-bom-caminho-no-combate-ao-desemprego\/#breadcrumb\"},\"inLanguage\":\"fr-FR\",\"potentialAction\":[{\"@type\":\"ReadAction\",\"target\":[\"https:\/\/diariodalagoa.pt\/vice-presidente-considera-que-os-acores-estao-no-bom-caminho-no-combate-ao-desemprego\/\"]}]},{\"@type\":\"BreadcrumbList\",\"@id\":\"https:\/\/diariodalagoa.pt\/vice-presidente-considera-que-os-acores-estao-no-bom-caminho-no-combate-ao-desemprego\/#breadcrumb\",\"itemListElement\":[{\"@type\":\"ListItem\",\"position\":1,\"name\":\"In\u00edcio\",\"item\":\"https:\/\/diariodalagoa.pt\/\"},{\"@type\":\"ListItem\",\"position\":2,\"name\":\"Vice-Presidente considera que os A\u00e7ores est\u00e3o no bom caminho no combate ao desemprego\"}]},{\"@type\":\"WebSite\",\"@id\":\"https:\/\/diariodalagoa.pt\/#website\",\"url\":\"https:\/\/diariodalagoa.pt\/\",\"name\":\"Di\u00e1rio da Lagoa\",\"description\":\"Di\u00e1rio da Lagoa. As not\u00edcias que contam. A partir da Lagoa, nos A\u00e7ores, para o mundo.\",\"potentialAction\":[{\"@type\":\"SearchAction\",\"target\":{\"@type\":\"EntryPoint\",\"urlTemplate\":\"https:\/\/diariodalagoa.pt\/?s={search_term_string}\"},\"query-input\":\"required name=search_term_string\"}],\"inLanguage\":\"fr-FR\"},{\"@type\":\"Person\",\"@id\":\"https:\/\/diariodalagoa.pt\/#\/schema\/person\/1615a002370e8857b6f972834bc43ece\",\"name\":\"Di\u00e1rio da Lagoa\",\"image\":{\"@type\":\"ImageObject\",\"inLanguage\":\"fr-FR\",\"@id\":\"https:\/\/diariodalagoa.pt\/#\/schema\/person\/image\/\",\"url\":\"https:\/\/secure.gravatar.com\/avatar\/2cb5cef90a26f8fbd4d9d930608102c5?s=96&d=mm&r=g\",\"contentUrl\":\"https:\/\/secure.gravatar.com\/avatar\/2cb5cef90a26f8fbd4d9d930608102c5?s=96&d=mm&r=g\",\"caption\":\"Di\u00e1rio da Lagoa\"},\"url\":\"https:\/\/diariodalagoa.pt\/fr\/author\/diariodalagoa\/\"}]}<\/script>\n<!-- \/ Yoast SEO plugin. -->","yoast_head_json":{"title":"Vice-Presidente considera que os A\u00e7ores est\u00e3o no bom caminho no combate ao desemprego - Di\u00e1rio da Lagoa","robots":{"index":"index","follow":"follow","max-snippet":"max-snippet:-1","max-image-preview":"max-image-preview:large","max-video-preview":"max-video-preview:-1"},"canonical":"https:\/\/diariodalagoa.pt\/fr\/vice-presidente-considera-que-os-acores-estao-no-bom-caminho-no-combate-ao-desemprego\/","og_locale":"fr_FR","og_type":"article","og_title":"Vice-Presidente considera que os A\u00e7ores est\u00e3o no bom caminho no combate ao desemprego - Di\u00e1rio da Lagoa","og_description":"O Vice-Presidente do Governo\u00a0afirmou hoje, em Ponta Delgada, estar convicto de que \u201cos A\u00e7ores est\u00e3o no caminho certo e no bom caminho\u201d no que concerne \u00e0 quest\u00e3o do combate ao desemprego. S\u00e9rgio \u00c1vila, que falava \u00e0 margem de uma audi\u00eancia que concedeu\u00a0a representantes da Associa\u00e7\u00e3o de Comerciantes do Centro Hist\u00f3rico de Ponta Delgada, comentou os [&hellip;]","og_url":"https:\/\/diariodalagoa.pt\/fr\/vice-presidente-considera-que-os-acores-estao-no-bom-caminho-no-combate-ao-desemprego\/","og_site_name":"Di\u00e1rio da Lagoa","article_published_time":"2014-11-06T22:04:17+00:00","og_image":[{"width":720,"height":380,"url":"https:\/\/diariodalagoa.pt\/wp-content\/uploads\/2014\/11\/sergio-avila.jpg","type":"image\/jpeg"}],"author":"Di\u00e1rio da Lagoa","twitter_card":"summary_large_image","twitter_misc":{"\u00c9crit par":"Di\u00e1rio da Lagoa","Dur\u00e9e de lecture estim\u00e9e":"1 minute"},"schema":{"@context":"https:\/\/schema.org","@graph":[{"@type":"WebPage","@id":"https:\/\/diariodalagoa.pt\/vice-presidente-considera-que-os-acores-estao-no-bom-caminho-no-combate-ao-desemprego\/","url":"https:\/\/diariodalagoa.pt\/vice-presidente-considera-que-os-acores-estao-no-bom-caminho-no-combate-ao-desemprego\/","name":"Vice-Presidente considera que os A\u00e7ores est\u00e3o no bom caminho no combate ao desemprego - Di\u00e1rio da Lagoa","isPartOf":{"@id":"https:\/\/diariodalagoa.pt\/#website"},"datePublished":"2014-11-06T22:04:17+00:00","dateModified":"2014-11-06T22:04:17+00:00","author":{"@id":"https:\/\/diariodalagoa.pt\/#\/schema\/person\/1615a002370e8857b6f972834bc43ece"},"breadcrumb":{"@id":"https:\/\/diariodalagoa.pt\/vice-presidente-considera-que-os-acores-estao-no-bom-caminho-no-combate-ao-desemprego\/#breadcrumb"},"inLanguage":"fr-FR","potentialAction":[{"@type":"ReadAction","target":["https:\/\/diariodalagoa.pt\/vice-presidente-considera-que-os-acores-estao-no-bom-caminho-no-combate-ao-desemprego\/"]}]},{"@type":"BreadcrumbList","@id":"https:\/\/diariodalagoa.pt\/vice-presidente-considera-que-os-acores-estao-no-bom-caminho-no-combate-ao-desemprego\/#breadcrumb","itemListElement":[{"@type":"ListItem","position":1,"name":"In\u00edcio","item":"https:\/\/diariodalagoa.pt\/"},{"@type":"ListItem","position":2,"name":"Vice-Presidente considera que os A\u00e7ores est\u00e3o no bom caminho no combate ao desemprego"}]},{"@type":"WebSite","@id":"https:\/\/diariodalagoa.pt\/#website","url":"https:\/\/diariodalagoa.pt\/","name":"Di\u00e1rio da Lagoa","description":"Di\u00e1rio da Lagoa. As not\u00edcias que contam. A partir da Lagoa, nos A\u00e7ores, para o mundo.","potentialAction":[{"@type":"SearchAction","target":{"@type":"EntryPoint","urlTemplate":"https:\/\/diariodalagoa.pt\/?s={search_term_string}"},"query-input":"required name=search_term_string"}],"inLanguage":"fr-FR"},{"@type":"Person","@id":"https:\/\/diariodalagoa.pt\/#\/schema\/person\/1615a002370e8857b6f972834bc43ece","name":"Di\u00e1rio da Lagoa","image":{"@type":"ImageObject","inLanguage":"fr-FR","@id":"https:\/\/diariodalagoa.pt\/#\/schema\/person\/image\/","url":"https:\/\/secure.gravatar.com\/avatar\/2cb5cef90a26f8fbd4d9d930608102c5?s=96&d=mm&r=g","contentUrl":"https:\/\/secure.gravatar.com\/avatar\/2cb5cef90a26f8fbd4d9d930608102c5?s=96&d=mm&r=g","caption":"Di\u00e1rio da Lagoa"},"url":"https:\/\/diariodalagoa.pt\/fr\/author\/diariodalagoa\/"}]}},"_links":{"self":[{"href":"https:\/\/diariodalagoa.pt\/fr\/wp-json\/wp\/v2\/posts\/11014"}],"collection":[{"href":"https:\/\/diariodalagoa.pt\/fr\/wp-json\/wp\/v2\/posts"}],"about":[{"href":"https:\/\/diariodalagoa.pt\/fr\/wp-json\/wp\/v2\/types\/post"}],"author":[{"embeddable":true,"href":"https:\/\/diariodalagoa.pt\/fr\/wp-json\/wp\/v2\/users\/2"}],"replies":[{"embeddable":true,"href":"https:\/\/diariodalagoa.pt\/fr\/wp-json\/wp\/v2\/comments?post=11014"}],"version-history":[{"count":0,"href":"https:\/\/diariodalagoa.pt\/fr\/wp-json\/wp\/v2\/posts\/11014\/revisions"}],"wp:featuredmedia":[{"embeddable":true,"href":"https:\/\/diariodalagoa.pt\/fr\/wp-json\/wp\/v2\/media\/121696"}],"wp:attachment":[{"href":"https:\/\/diariodalagoa.pt\/fr\/wp-json\/wp\/v2\/media?parent=11014"}],"wp:term":[{"taxonomy":"category","embeddable":true,"href":"https:\/\/diariodalagoa.pt\/fr\/wp-json\/wp\/v2\/categories?post=11014"},{"taxonomy":"post_tag","embeddable":true,"href":"https:\/\/diariodalagoa.pt\/fr\/wp-json\/wp\/v2\/tags?post=11014"}],"curies":[{"name":"wp","href":"https:\/\/api.w.org\/{rel}","templated":true}]}}