{"id":10888,"date":"2014-11-03T16:14:46","date_gmt":"2014-11-03T17:14:46","guid":{"rendered":"http:\/\/diariodalagoa.pt\/?p=10888"},"modified":"2014-11-03T16:14:46","modified_gmt":"2014-11-03T17:14:46","slug":"governo-dos-acores-congratula-se-com-mais-um-passo-decisivo-para-a-implementacao-do-novo-modelo-de-acessibilidades","status":"publish","type":"post","link":"https:\/\/diariodalagoa.pt\/fr\/governo-dos-acores-congratula-se-com-mais-um-passo-decisivo-para-a-implementacao-do-novo-modelo-de-acessibilidades\/","title":{"rendered":"Governo dos A\u00e7ores congratula-se com mais um passo decisivo para a implementa\u00e7\u00e3o do novo modelo de acessibilidades"},"content":{"rendered":"<p style=\"text-align: justify;\"><img decoding=\"async\" class=\"alignnone size-full wp-image-9378\" src=\"http:\/\/diariodalagoa.pt\/wp-content\/uploads\/2014\/09\/Avi\u00e3o_SATA-Internacional_aeroporto_Ponta_Delgada_A\u00e7ores@Jornal-Diario-Lagoa-2.jpg\" alt=\"Avi\u00e3o_SATA-Internacional_aeroporto_Ponta_Delgada_A\u00e7ores@Jornal-Diario-Lagoa (2)\" width=\"720\" height=\"380\" \/><\/p>\n<p style=\"text-align: justify;\"><span style=\"color: #000000;\">O Governo dos A\u00e7ores congratulou-se com a concretiza\u00e7\u00e3o de mais um passo determinante\u00a0para a implementa\u00e7\u00e3o do novo modelo de acessibilidades entre a Regi\u00e3o Aut\u00f3noma dos A\u00e7ores, o continente portugu\u00eas e a Regi\u00e3o Aut\u00f3noma da Madeira.\u00a0<\/span><\/p>\n<p style=\"text-align: justify;\"><span style=\"color: #000000;\">Esta posi\u00e7\u00e3o do Executivo\u00a0resulta do an\u00fancio do Instituto Nacional da Avia\u00e7\u00e3o Civil (INAC) que d\u00e1 conta da inten\u00e7\u00e3o de liberalizar o transporte a\u00e9reo nas rotas Lisboa\/Ponta Delgada\/Lisboa, Lisboa\/Terceira\/Lisboa, Porto\/Ponta Delgada\/Porto e Porto\/Terceira\/Porto, assim como da inten\u00e7\u00e3o de imposi\u00e7\u00e3o de obriga\u00e7\u00f5es modificadas de servi\u00e7o p\u00fablico aos servi\u00e7os a\u00e9reos regulares de transporte de passageiros nas rotas Lisboa\/Horta\/Lisboa, Funchal\/Ponta Delgada, Lisboa\/Santa Maria\/Lisboa e\u00a0Lisboa\/Pico\/Lisboa e de transporte de carga a\u00e9rea e correio na rota Lisboa\/Terceira\/Ponta Delgada\/Lisboa.<\/span><\/p>\n<p style=\"text-align: justify;\"><span style=\"color: #000000;\">Est\u00e1 assim dado mais um importante passo para que, a partir do pr\u00f3ximo ver\u00e3o IATA, a Regi\u00e3o possua uma nova realidade ao n\u00edvel do transporte a\u00e9reo que permite a entrada de novos operadores no mercado, garantindo a defesa e prote\u00e7\u00e3o dos residentes nos A\u00e7ores e dos estudantes, princ\u00edpio do qual o Governo dos A\u00e7ores nunca abdicou desde o in\u00edcio do processo de revis\u00e3o das Obriga\u00e7\u00f5es de Servi\u00e7o P\u00fablico do Transporte A\u00e9reo.\u00a0<\/span><\/p>\n<p style=\"text-align: justify;\"><span style=\"color: #000000;\">Atrav\u00e9s do novo modelo de acessibilidades, nomeadamente com as rotas liberalizadas, a Regi\u00e3o aumenta a competitividade e refor\u00e7a a sustentabilidade de setores economicamente estrat\u00e9gicos, como o Turismo, promovendo os benef\u00edcios ao n\u00edvel da redu\u00e7\u00e3o dos respetivos custos e tamb\u00e9m ao n\u00edvel da qualidade de servi\u00e7o.\u00a0<\/span><\/p>\n<p style=\"text-align: justify;\"><span style=\"color: #000000;\">A\u00a0revis\u00e3o das Obriga\u00e7\u00f5es de Servi\u00e7o P\u00fablico, assumida desde o in\u00edcio como uma das prioridades do Governo dos A\u00e7ores para esta legislatura, \u00e9 um processo que teve in\u00edcio em agosto de 2011 e que, como \u00e9 p\u00fablico, s\u00f3 em julho deste ano viu conclu\u00edda a fase negocial com o Governo da Rep\u00fablica, que levou agora \u00e0 publica\u00e7\u00e3o do comunicado do INAC.<\/span><\/p>\n<p style=\"text-align: justify;\"><span style=\"color: #000000;\"><em>DL\/Gacs<\/em><\/span><\/p>","protected":false},"excerpt":{"rendered":"<p>O Governo dos A\u00e7ores congratulou-se com a concretiza\u00e7\u00e3o de mais um passo determinante\u00a0para a implementa\u00e7\u00e3o do novo modelo de acessibilidades entre a Regi\u00e3o Aut\u00f3noma dos A\u00e7ores, o continente portugu\u00eas e a Regi\u00e3o Aut\u00f3noma da Madeira.\u00a0 Esta posi\u00e7\u00e3o do Executivo\u00a0resulta do an\u00fancio do Instituto Nacional da Avia\u00e7\u00e3o Civil (INAC) que d\u00e1 conta da inten\u00e7\u00e3o de liberalizar [&hellip;]<\/p>","protected":false},"author":2,"featured_media":0,"comment_status":"open","ping_status":"open","sticky":false,"template":"","format":"standard","meta":[],"categories":[21],"tags":[],"acf":[],"yoast_head":"<!-- This site is optimized with the Yoast SEO plugin v20.10 - https:\/\/yoast.com\/wordpress\/plugins\/seo\/ -->\n<title>Governo dos A\u00e7ores congratula-se com mais um passo decisivo para a implementa\u00e7\u00e3o do novo modelo de acessibilidades - Di\u00e1rio da Lagoa<\/title>\n<meta name=\"robots\" content=\"index, follow, max-snippet:-1, max-image-preview:large, max-video-preview:-1\" \/>\n<link rel=\"canonical\" href=\"https:\/\/diariodalagoa.pt\/fr\/governo-dos-acores-congratula-se-com-mais-um-passo-decisivo-para-a-implementacao-do-novo-modelo-de-acessibilidades\/\" \/>\n<meta property=\"og:locale\" content=\"fr_FR\" \/>\n<meta property=\"og:type\" content=\"article\" \/>\n<meta property=\"og:title\" content=\"Governo dos A\u00e7ores congratula-se com mais um passo decisivo para a implementa\u00e7\u00e3o do novo modelo de acessibilidades - Di\u00e1rio da Lagoa\" \/>\n<meta property=\"og:description\" content=\"O Governo dos A\u00e7ores congratulou-se com a concretiza\u00e7\u00e3o de mais um passo determinante\u00a0para a implementa\u00e7\u00e3o do novo modelo de acessibilidades entre a Regi\u00e3o Aut\u00f3noma dos A\u00e7ores, o continente portugu\u00eas e a Regi\u00e3o Aut\u00f3noma da Madeira.\u00a0 Esta posi\u00e7\u00e3o do Executivo\u00a0resulta do an\u00fancio do Instituto Nacional da Avia\u00e7\u00e3o Civil (INAC) que d\u00e1 conta da inten\u00e7\u00e3o de liberalizar [&hellip;]\" \/>\n<meta property=\"og:url\" content=\"https:\/\/diariodalagoa.pt\/fr\/governo-dos-acores-congratula-se-com-mais-um-passo-decisivo-para-a-implementacao-do-novo-modelo-de-acessibilidades\/\" \/>\n<meta property=\"og:site_name\" content=\"Di\u00e1rio da Lagoa\" \/>\n<meta property=\"article:published_time\" content=\"2014-11-03T17:14:46+00:00\" \/>\n<meta name=\"author\" content=\"Di\u00e1rio da Lagoa\" \/>\n<meta name=\"twitter:card\" content=\"summary_large_image\" \/>\n<meta name=\"twitter:label1\" content=\"\u00c9crit par\" \/>\n\t<meta name=\"twitter:data1\" content=\"Di\u00e1rio da Lagoa\" \/>\n\t<meta name=\"twitter:label2\" content=\"Dur\u00e9e de lecture estim\u00e9e\" \/>\n\t<meta name=\"twitter:data2\" content=\"2 minutes\" \/>\n<script type=\"application\/ld+json\" class=\"yoast-schema-graph\">{\"@context\":\"https:\/\/schema.org\",\"@graph\":[{\"@type\":\"WebPage\",\"@id\":\"https:\/\/diariodalagoa.pt\/governo-dos-acores-congratula-se-com-mais-um-passo-decisivo-para-a-implementacao-do-novo-modelo-de-acessibilidades\/\",\"url\":\"https:\/\/diariodalagoa.pt\/governo-dos-acores-congratula-se-com-mais-um-passo-decisivo-para-a-implementacao-do-novo-modelo-de-acessibilidades\/\",\"name\":\"Governo dos A\u00e7ores congratula-se com mais um passo decisivo para a implementa\u00e7\u00e3o do novo modelo de acessibilidades - Di\u00e1rio da Lagoa\",\"isPartOf\":{\"@id\":\"https:\/\/diariodalagoa.pt\/#website\"},\"datePublished\":\"2014-11-03T17:14:46+00:00\",\"dateModified\":\"2014-11-03T17:14:46+00:00\",\"author\":{\"@id\":\"https:\/\/diariodalagoa.pt\/#\/schema\/person\/1615a002370e8857b6f972834bc43ece\"},\"breadcrumb\":{\"@id\":\"https:\/\/diariodalagoa.pt\/governo-dos-acores-congratula-se-com-mais-um-passo-decisivo-para-a-implementacao-do-novo-modelo-de-acessibilidades\/#breadcrumb\"},\"inLanguage\":\"fr-FR\",\"potentialAction\":[{\"@type\":\"ReadAction\",\"target\":[\"https:\/\/diariodalagoa.pt\/governo-dos-acores-congratula-se-com-mais-um-passo-decisivo-para-a-implementacao-do-novo-modelo-de-acessibilidades\/\"]}]},{\"@type\":\"BreadcrumbList\",\"@id\":\"https:\/\/diariodalagoa.pt\/governo-dos-acores-congratula-se-com-mais-um-passo-decisivo-para-a-implementacao-do-novo-modelo-de-acessibilidades\/#breadcrumb\",\"itemListElement\":[{\"@type\":\"ListItem\",\"position\":1,\"name\":\"In\u00edcio\",\"item\":\"https:\/\/diariodalagoa.pt\/\"},{\"@type\":\"ListItem\",\"position\":2,\"name\":\"Governo dos A\u00e7ores congratula-se com mais um passo decisivo para a implementa\u00e7\u00e3o do novo modelo de acessibilidades\"}]},{\"@type\":\"WebSite\",\"@id\":\"https:\/\/diariodalagoa.pt\/#website\",\"url\":\"https:\/\/diariodalagoa.pt\/\",\"name\":\"Di\u00e1rio da Lagoa\",\"description\":\"Di\u00e1rio da Lagoa. As not\u00edcias que contam. A partir da Lagoa, nos A\u00e7ores, para o mundo.\",\"potentialAction\":[{\"@type\":\"SearchAction\",\"target\":{\"@type\":\"EntryPoint\",\"urlTemplate\":\"https:\/\/diariodalagoa.pt\/?s={search_term_string}\"},\"query-input\":\"required name=search_term_string\"}],\"inLanguage\":\"fr-FR\"},{\"@type\":\"Person\",\"@id\":\"https:\/\/diariodalagoa.pt\/#\/schema\/person\/1615a002370e8857b6f972834bc43ece\",\"name\":\"Di\u00e1rio da Lagoa\",\"image\":{\"@type\":\"ImageObject\",\"inLanguage\":\"fr-FR\",\"@id\":\"https:\/\/diariodalagoa.pt\/#\/schema\/person\/image\/\",\"url\":\"https:\/\/secure.gravatar.com\/avatar\/2cb5cef90a26f8fbd4d9d930608102c5?s=96&d=mm&r=g\",\"contentUrl\":\"https:\/\/secure.gravatar.com\/avatar\/2cb5cef90a26f8fbd4d9d930608102c5?s=96&d=mm&r=g\",\"caption\":\"Di\u00e1rio da Lagoa\"},\"url\":\"https:\/\/diariodalagoa.pt\/fr\/author\/diariodalagoa\/\"}]}<\/script>\n<!-- \/ Yoast SEO plugin. -->","yoast_head_json":{"title":"Governo dos A\u00e7ores congratula-se com mais um passo decisivo para a implementa\u00e7\u00e3o do novo modelo de acessibilidades - Di\u00e1rio da Lagoa","robots":{"index":"index","follow":"follow","max-snippet":"max-snippet:-1","max-image-preview":"max-image-preview:large","max-video-preview":"max-video-preview:-1"},"canonical":"https:\/\/diariodalagoa.pt\/fr\/governo-dos-acores-congratula-se-com-mais-um-passo-decisivo-para-a-implementacao-do-novo-modelo-de-acessibilidades\/","og_locale":"fr_FR","og_type":"article","og_title":"Governo dos A\u00e7ores congratula-se com mais um passo decisivo para a implementa\u00e7\u00e3o do novo modelo de acessibilidades - Di\u00e1rio da Lagoa","og_description":"O Governo dos A\u00e7ores congratulou-se com a concretiza\u00e7\u00e3o de mais um passo determinante\u00a0para a implementa\u00e7\u00e3o do novo modelo de acessibilidades entre a Regi\u00e3o Aut\u00f3noma dos A\u00e7ores, o continente portugu\u00eas e a Regi\u00e3o Aut\u00f3noma da Madeira.\u00a0 Esta posi\u00e7\u00e3o do Executivo\u00a0resulta do an\u00fancio do Instituto Nacional da Avia\u00e7\u00e3o Civil (INAC) que d\u00e1 conta da inten\u00e7\u00e3o de liberalizar [&hellip;]","og_url":"https:\/\/diariodalagoa.pt\/fr\/governo-dos-acores-congratula-se-com-mais-um-passo-decisivo-para-a-implementacao-do-novo-modelo-de-acessibilidades\/","og_site_name":"Di\u00e1rio da Lagoa","article_published_time":"2014-11-03T17:14:46+00:00","author":"Di\u00e1rio da Lagoa","twitter_card":"summary_large_image","twitter_misc":{"\u00c9crit par":"Di\u00e1rio da Lagoa","Dur\u00e9e de lecture estim\u00e9e":"2 minutes"},"schema":{"@context":"https:\/\/schema.org","@graph":[{"@type":"WebPage","@id":"https:\/\/diariodalagoa.pt\/governo-dos-acores-congratula-se-com-mais-um-passo-decisivo-para-a-implementacao-do-novo-modelo-de-acessibilidades\/","url":"https:\/\/diariodalagoa.pt\/governo-dos-acores-congratula-se-com-mais-um-passo-decisivo-para-a-implementacao-do-novo-modelo-de-acessibilidades\/","name":"Governo dos A\u00e7ores congratula-se com mais um passo decisivo para a implementa\u00e7\u00e3o do novo modelo de acessibilidades - Di\u00e1rio da Lagoa","isPartOf":{"@id":"https:\/\/diariodalagoa.pt\/#website"},"datePublished":"2014-11-03T17:14:46+00:00","dateModified":"2014-11-03T17:14:46+00:00","author":{"@id":"https:\/\/diariodalagoa.pt\/#\/schema\/person\/1615a002370e8857b6f972834bc43ece"},"breadcrumb":{"@id":"https:\/\/diariodalagoa.pt\/governo-dos-acores-congratula-se-com-mais-um-passo-decisivo-para-a-implementacao-do-novo-modelo-de-acessibilidades\/#breadcrumb"},"inLanguage":"fr-FR","potentialAction":[{"@type":"ReadAction","target":["https:\/\/diariodalagoa.pt\/governo-dos-acores-congratula-se-com-mais-um-passo-decisivo-para-a-implementacao-do-novo-modelo-de-acessibilidades\/"]}]},{"@type":"BreadcrumbList","@id":"https:\/\/diariodalagoa.pt\/governo-dos-acores-congratula-se-com-mais-um-passo-decisivo-para-a-implementacao-do-novo-modelo-de-acessibilidades\/#breadcrumb","itemListElement":[{"@type":"ListItem","position":1,"name":"In\u00edcio","item":"https:\/\/diariodalagoa.pt\/"},{"@type":"ListItem","position":2,"name":"Governo dos A\u00e7ores congratula-se com mais um passo decisivo para a implementa\u00e7\u00e3o do novo modelo de acessibilidades"}]},{"@type":"WebSite","@id":"https:\/\/diariodalagoa.pt\/#website","url":"https:\/\/diariodalagoa.pt\/","name":"Di\u00e1rio da Lagoa","description":"Di\u00e1rio da Lagoa. As not\u00edcias que contam. A partir da Lagoa, nos A\u00e7ores, para o mundo.","potentialAction":[{"@type":"SearchAction","target":{"@type":"EntryPoint","urlTemplate":"https:\/\/diariodalagoa.pt\/?s={search_term_string}"},"query-input":"required name=search_term_string"}],"inLanguage":"fr-FR"},{"@type":"Person","@id":"https:\/\/diariodalagoa.pt\/#\/schema\/person\/1615a002370e8857b6f972834bc43ece","name":"Di\u00e1rio da Lagoa","image":{"@type":"ImageObject","inLanguage":"fr-FR","@id":"https:\/\/diariodalagoa.pt\/#\/schema\/person\/image\/","url":"https:\/\/secure.gravatar.com\/avatar\/2cb5cef90a26f8fbd4d9d930608102c5?s=96&d=mm&r=g","contentUrl":"https:\/\/secure.gravatar.com\/avatar\/2cb5cef90a26f8fbd4d9d930608102c5?s=96&d=mm&r=g","caption":"Di\u00e1rio da Lagoa"},"url":"https:\/\/diariodalagoa.pt\/fr\/author\/diariodalagoa\/"}]}},"_links":{"self":[{"href":"https:\/\/diariodalagoa.pt\/fr\/wp-json\/wp\/v2\/posts\/10888"}],"collection":[{"href":"https:\/\/diariodalagoa.pt\/fr\/wp-json\/wp\/v2\/posts"}],"about":[{"href":"https:\/\/diariodalagoa.pt\/fr\/wp-json\/wp\/v2\/types\/post"}],"author":[{"embeddable":true,"href":"https:\/\/diariodalagoa.pt\/fr\/wp-json\/wp\/v2\/users\/2"}],"replies":[{"embeddable":true,"href":"https:\/\/diariodalagoa.pt\/fr\/wp-json\/wp\/v2\/comments?post=10888"}],"version-history":[{"count":0,"href":"https:\/\/diariodalagoa.pt\/fr\/wp-json\/wp\/v2\/posts\/10888\/revisions"}],"wp:attachment":[{"href":"https:\/\/diariodalagoa.pt\/fr\/wp-json\/wp\/v2\/media?parent=10888"}],"wp:term":[{"taxonomy":"category","embeddable":true,"href":"https:\/\/diariodalagoa.pt\/fr\/wp-json\/wp\/v2\/categories?post=10888"},{"taxonomy":"post_tag","embeddable":true,"href":"https:\/\/diariodalagoa.pt\/fr\/wp-json\/wp\/v2\/tags?post=10888"}],"curies":[{"name":"wp","href":"https:\/\/api.w.org\/{rel}","templated":true}]}}