{"id":10877,"date":"2014-11-03T13:58:23","date_gmt":"2014-11-03T14:58:23","guid":{"rendered":"http:\/\/diariodalagoa.pt\/?p=10877"},"modified":"2014-11-03T13:58:23","modified_gmt":"2014-11-03T14:58:23","slug":"governo-dos-acores-promove-reconversao-profissional-de-jovens-para-a-area-da-horticultura","status":"publish","type":"post","link":"https:\/\/diariodalagoa.pt\/fr\/governo-dos-acores-promove-reconversao-profissional-de-jovens-para-a-area-da-horticultura\/","title":{"rendered":"Governo dos A\u00e7ores promove reconvers\u00e3o profissional de jovens para a \u00e1rea da horticultura"},"content":{"rendered":"<p style=\"text-align: justify;\"><img decoding=\"async\" class=\"alignnone size-full wp-image-10878\" src=\"http:\/\/diariodalagoa.pt\/wp-content\/uploads\/2014\/11\/Horticultura.jpg\" alt=\"Horticultura\" width=\"720\" height=\"380\" \/><\/p>\n<p style=\"text-align: justify;\"><span style=\"color: #000000;\">O segundo est\u00e1gio do Agir Agricultura, agora exclusivamente orientado para a \u00e1rea da horticultura, j\u00e1 arrancou na Escola Profissional das Capelas, em S. Miguel.\u00a0<\/span><\/p>\n<p style=\"text-align: justify;\"><span style=\"color: #000000;\">Esta a\u00e7\u00e3o, desenvolvida no \u00e2mbito do Programa de Est\u00e1gios de Reconvers\u00e3o Profissional promovido pelo Governo dos A\u00e7ores, atrav\u00e9s da Vice-Presid\u00eancia, segue-se ao est\u00e1gio na \u00e1rea da bovinicultura que foi recentemente conclu\u00eddo por\u00a0cerca de duas dezenas de jovens.<\/span><\/p>\n<p style=\"text-align: justify;\"><span style=\"color: #000000;\">O Programa de Est\u00e1gios de Reconvers\u00e3o Profissional visa proporcionar aos seus destinat\u00e1rios a aquisi\u00e7\u00e3o de compet\u00eancias em novas \u00e1reas de atividade, bem como a frequ\u00eancia de um est\u00e1gio em contexto de trabalho, criando assim novas oportunidades para a sua integra\u00e7\u00e3o.<\/span><\/p>\n<p style=\"text-align: justify;\"><span style=\"color: #000000;\">Segundo um nota divulgada, o est\u00e1gio, com a dura\u00e7\u00e3o de seis meses, inclui uma componente de forma\u00e7\u00e3o espec\u00edfica de dois meses, seguida de forma\u00e7\u00e3o pr\u00e1tica, durante quatro meses, em contexto de trabalho.\u00a0<\/span><\/p>\n<p style=\"text-align: justify;\"><span style=\"color: #000000;\">Este\u00a0est\u00e1gio que agora come\u00e7ou pretende reconverter profissionalmente para a \u00e1rea da horticultura 23 jovens desempregados, residentes nas zonas mais pr\u00f3ximas das explora\u00e7\u00f5es agr\u00edcolas que aceitaram ser parceiras da Dire\u00e7\u00e3o Regional do Emprego e Qualifica\u00e7\u00e3o Profissional neste processo inovador de qualifica\u00e7\u00e3o profissional especializada para o setor da horticultura.\u00a0<\/span><\/p>\n<p style=\"text-align: justify;\"><span style=\"color: #000000;\">A componente de forma\u00e7\u00e3o espec\u00edfica, lecionada pela Escola Profissional de Capelas, abordar\u00e1, entre outros, temas como \u201cSementeiras, Planta\u00e7\u00f5es e Consocia\u00e7\u00f5es\u201d, \u201cCompostagem e Melhoramento do Solo\u201d, \u201cProte\u00e7\u00e3o Fitossanit\u00e1ria e Distribui\u00e7\u00e3o de Fertilizantes, Sementeira e Planta\u00e7\u00e3o\u201d, \u201cAplica\u00e7\u00e3o de Produtos Fitofarmac\u00eauticos \u201d e \u201cControlo Integrado de Roedores\u201d.<\/span><\/p>\n<p style=\"text-align: justify;\"><span style=\"color: #000000;\">No final do est\u00e1gio, os formandos ficam ainda certificados como Aplicadores de Produtos Fitofarmac\u00eauticos e Operadores Autorizados num plano de controlo de roedores, o que constituir\u00e1 uma mais-valia adicional para o setor.<\/span><\/p>\n<p style=\"text-align: justify;\"><span style=\"color: #000000;\">Para al\u00e9m da \u00e1rea da agricultura (Agir Agricultura), nas suas variadas vertentes, o Programa de Est\u00e1gios de Reconvers\u00e3o Profissional abrange tamb\u00e9m o setor da ind\u00fastria (Agir Ind\u00fastria), estando a Dire\u00e7\u00e3o Regional do Emprego e Qualifica\u00e7\u00e3o Profissional a encetar contactos para que\u00a0este processo de forma\u00e7\u00e3o se desenvolva igualmente em outras \u00e1reas.<\/span><\/p>\n<p style=\"text-align: justify;\"><span style=\"color: #000000;\"><em>DL\/GaCS<\/em><\/span><\/p>","protected":false},"excerpt":{"rendered":"<p>O segundo est\u00e1gio do Agir Agricultura, agora exclusivamente orientado para a \u00e1rea da horticultura, j\u00e1 arrancou na Escola Profissional das Capelas, em S. Miguel.\u00a0 Esta a\u00e7\u00e3o, desenvolvida no \u00e2mbito do Programa de Est\u00e1gios de Reconvers\u00e3o Profissional promovido pelo Governo dos A\u00e7ores, atrav\u00e9s da Vice-Presid\u00eancia, segue-se ao est\u00e1gio na \u00e1rea da bovinicultura que foi recentemente conclu\u00eddo [&hellip;]<\/p>","protected":false},"author":2,"featured_media":121710,"comment_status":"open","ping_status":"open","sticky":false,"template":"","format":"standard","meta":[],"categories":[21],"tags":[],"acf":[],"yoast_head":"<!-- This site is optimized with the Yoast SEO plugin v20.10 - https:\/\/yoast.com\/wordpress\/plugins\/seo\/ -->\n<title>Governo dos A\u00e7ores promove reconvers\u00e3o profissional de jovens para a \u00e1rea da horticultura - Di\u00e1rio da Lagoa<\/title>\n<meta name=\"robots\" content=\"index, follow, max-snippet:-1, max-image-preview:large, max-video-preview:-1\" \/>\n<link rel=\"canonical\" href=\"https:\/\/diariodalagoa.pt\/fr\/governo-dos-acores-promove-reconversao-profissional-de-jovens-para-a-area-da-horticultura\/\" \/>\n<meta property=\"og:locale\" content=\"fr_FR\" \/>\n<meta property=\"og:type\" content=\"article\" \/>\n<meta property=\"og:title\" content=\"Governo dos A\u00e7ores promove reconvers\u00e3o profissional de jovens para a \u00e1rea da horticultura - Di\u00e1rio da Lagoa\" \/>\n<meta property=\"og:description\" content=\"O segundo est\u00e1gio do Agir Agricultura, agora exclusivamente orientado para a \u00e1rea da horticultura, j\u00e1 arrancou na Escola Profissional das Capelas, em S. Miguel.\u00a0 Esta a\u00e7\u00e3o, desenvolvida no \u00e2mbito do Programa de Est\u00e1gios de Reconvers\u00e3o Profissional promovido pelo Governo dos A\u00e7ores, atrav\u00e9s da Vice-Presid\u00eancia, segue-se ao est\u00e1gio na \u00e1rea da bovinicultura que foi recentemente conclu\u00eddo [&hellip;]\" \/>\n<meta property=\"og:url\" content=\"https:\/\/diariodalagoa.pt\/fr\/governo-dos-acores-promove-reconversao-profissional-de-jovens-para-a-area-da-horticultura\/\" \/>\n<meta property=\"og:site_name\" content=\"Di\u00e1rio da Lagoa\" \/>\n<meta property=\"article:published_time\" content=\"2014-11-03T14:58:23+00:00\" \/>\n<meta property=\"og:image\" content=\"https:\/\/diariodalagoa.pt\/wp-content\/uploads\/2014\/11\/horticultura.jpg\" \/>\n\t<meta property=\"og:image:width\" content=\"720\" \/>\n\t<meta property=\"og:image:height\" content=\"380\" \/>\n\t<meta property=\"og:image:type\" content=\"image\/jpeg\" \/>\n<meta name=\"author\" content=\"Di\u00e1rio da Lagoa\" \/>\n<meta name=\"twitter:card\" content=\"summary_large_image\" \/>\n<meta name=\"twitter:label1\" content=\"\u00c9crit par\" \/>\n\t<meta name=\"twitter:data1\" content=\"Di\u00e1rio da Lagoa\" \/>\n\t<meta name=\"twitter:label2\" content=\"Dur\u00e9e de lecture estim\u00e9e\" \/>\n\t<meta name=\"twitter:data2\" content=\"2 minutes\" \/>\n<script type=\"application\/ld+json\" class=\"yoast-schema-graph\">{\"@context\":\"https:\/\/schema.org\",\"@graph\":[{\"@type\":\"WebPage\",\"@id\":\"https:\/\/diariodalagoa.pt\/governo-dos-acores-promove-reconversao-profissional-de-jovens-para-a-area-da-horticultura\/\",\"url\":\"https:\/\/diariodalagoa.pt\/governo-dos-acores-promove-reconversao-profissional-de-jovens-para-a-area-da-horticultura\/\",\"name\":\"Governo dos A\u00e7ores promove reconvers\u00e3o profissional de jovens para a \u00e1rea da horticultura - Di\u00e1rio da Lagoa\",\"isPartOf\":{\"@id\":\"https:\/\/diariodalagoa.pt\/#website\"},\"datePublished\":\"2014-11-03T14:58:23+00:00\",\"dateModified\":\"2014-11-03T14:58:23+00:00\",\"author\":{\"@id\":\"https:\/\/diariodalagoa.pt\/#\/schema\/person\/1615a002370e8857b6f972834bc43ece\"},\"breadcrumb\":{\"@id\":\"https:\/\/diariodalagoa.pt\/governo-dos-acores-promove-reconversao-profissional-de-jovens-para-a-area-da-horticultura\/#breadcrumb\"},\"inLanguage\":\"fr-FR\",\"potentialAction\":[{\"@type\":\"ReadAction\",\"target\":[\"https:\/\/diariodalagoa.pt\/governo-dos-acores-promove-reconversao-profissional-de-jovens-para-a-area-da-horticultura\/\"]}]},{\"@type\":\"BreadcrumbList\",\"@id\":\"https:\/\/diariodalagoa.pt\/governo-dos-acores-promove-reconversao-profissional-de-jovens-para-a-area-da-horticultura\/#breadcrumb\",\"itemListElement\":[{\"@type\":\"ListItem\",\"position\":1,\"name\":\"In\u00edcio\",\"item\":\"https:\/\/diariodalagoa.pt\/\"},{\"@type\":\"ListItem\",\"position\":2,\"name\":\"Governo dos A\u00e7ores promove reconvers\u00e3o profissional de jovens para a \u00e1rea da horticultura\"}]},{\"@type\":\"WebSite\",\"@id\":\"https:\/\/diariodalagoa.pt\/#website\",\"url\":\"https:\/\/diariodalagoa.pt\/\",\"name\":\"Di\u00e1rio da Lagoa\",\"description\":\"Di\u00e1rio da Lagoa. As not\u00edcias que contam. A partir da Lagoa, nos A\u00e7ores, para o mundo.\",\"potentialAction\":[{\"@type\":\"SearchAction\",\"target\":{\"@type\":\"EntryPoint\",\"urlTemplate\":\"https:\/\/diariodalagoa.pt\/?s={search_term_string}\"},\"query-input\":\"required name=search_term_string\"}],\"inLanguage\":\"fr-FR\"},{\"@type\":\"Person\",\"@id\":\"https:\/\/diariodalagoa.pt\/#\/schema\/person\/1615a002370e8857b6f972834bc43ece\",\"name\":\"Di\u00e1rio da Lagoa\",\"image\":{\"@type\":\"ImageObject\",\"inLanguage\":\"fr-FR\",\"@id\":\"https:\/\/diariodalagoa.pt\/#\/schema\/person\/image\/\",\"url\":\"https:\/\/secure.gravatar.com\/avatar\/2cb5cef90a26f8fbd4d9d930608102c5?s=96&d=mm&r=g\",\"contentUrl\":\"https:\/\/secure.gravatar.com\/avatar\/2cb5cef90a26f8fbd4d9d930608102c5?s=96&d=mm&r=g\",\"caption\":\"Di\u00e1rio da Lagoa\"},\"url\":\"https:\/\/diariodalagoa.pt\/fr\/author\/diariodalagoa\/\"}]}<\/script>\n<!-- \/ Yoast SEO plugin. -->","yoast_head_json":{"title":"Governo dos A\u00e7ores promove reconvers\u00e3o profissional de jovens para a \u00e1rea da horticultura - Di\u00e1rio da Lagoa","robots":{"index":"index","follow":"follow","max-snippet":"max-snippet:-1","max-image-preview":"max-image-preview:large","max-video-preview":"max-video-preview:-1"},"canonical":"https:\/\/diariodalagoa.pt\/fr\/governo-dos-acores-promove-reconversao-profissional-de-jovens-para-a-area-da-horticultura\/","og_locale":"fr_FR","og_type":"article","og_title":"Governo dos A\u00e7ores promove reconvers\u00e3o profissional de jovens para a \u00e1rea da horticultura - Di\u00e1rio da Lagoa","og_description":"O segundo est\u00e1gio do Agir Agricultura, agora exclusivamente orientado para a \u00e1rea da horticultura, j\u00e1 arrancou na Escola Profissional das Capelas, em S. Miguel.\u00a0 Esta a\u00e7\u00e3o, desenvolvida no \u00e2mbito do Programa de Est\u00e1gios de Reconvers\u00e3o Profissional promovido pelo Governo dos A\u00e7ores, atrav\u00e9s da Vice-Presid\u00eancia, segue-se ao est\u00e1gio na \u00e1rea da bovinicultura que foi recentemente conclu\u00eddo [&hellip;]","og_url":"https:\/\/diariodalagoa.pt\/fr\/governo-dos-acores-promove-reconversao-profissional-de-jovens-para-a-area-da-horticultura\/","og_site_name":"Di\u00e1rio da Lagoa","article_published_time":"2014-11-03T14:58:23+00:00","og_image":[{"width":720,"height":380,"url":"https:\/\/diariodalagoa.pt\/wp-content\/uploads\/2014\/11\/horticultura.jpg","type":"image\/jpeg"}],"author":"Di\u00e1rio da Lagoa","twitter_card":"summary_large_image","twitter_misc":{"\u00c9crit par":"Di\u00e1rio da Lagoa","Dur\u00e9e de lecture estim\u00e9e":"2 minutes"},"schema":{"@context":"https:\/\/schema.org","@graph":[{"@type":"WebPage","@id":"https:\/\/diariodalagoa.pt\/governo-dos-acores-promove-reconversao-profissional-de-jovens-para-a-area-da-horticultura\/","url":"https:\/\/diariodalagoa.pt\/governo-dos-acores-promove-reconversao-profissional-de-jovens-para-a-area-da-horticultura\/","name":"Governo dos A\u00e7ores promove reconvers\u00e3o profissional de jovens para a \u00e1rea da horticultura - Di\u00e1rio da Lagoa","isPartOf":{"@id":"https:\/\/diariodalagoa.pt\/#website"},"datePublished":"2014-11-03T14:58:23+00:00","dateModified":"2014-11-03T14:58:23+00:00","author":{"@id":"https:\/\/diariodalagoa.pt\/#\/schema\/person\/1615a002370e8857b6f972834bc43ece"},"breadcrumb":{"@id":"https:\/\/diariodalagoa.pt\/governo-dos-acores-promove-reconversao-profissional-de-jovens-para-a-area-da-horticultura\/#breadcrumb"},"inLanguage":"fr-FR","potentialAction":[{"@type":"ReadAction","target":["https:\/\/diariodalagoa.pt\/governo-dos-acores-promove-reconversao-profissional-de-jovens-para-a-area-da-horticultura\/"]}]},{"@type":"BreadcrumbList","@id":"https:\/\/diariodalagoa.pt\/governo-dos-acores-promove-reconversao-profissional-de-jovens-para-a-area-da-horticultura\/#breadcrumb","itemListElement":[{"@type":"ListItem","position":1,"name":"In\u00edcio","item":"https:\/\/diariodalagoa.pt\/"},{"@type":"ListItem","position":2,"name":"Governo dos A\u00e7ores promove reconvers\u00e3o profissional de jovens para a \u00e1rea da horticultura"}]},{"@type":"WebSite","@id":"https:\/\/diariodalagoa.pt\/#website","url":"https:\/\/diariodalagoa.pt\/","name":"Di\u00e1rio da Lagoa","description":"Di\u00e1rio da Lagoa. As not\u00edcias que contam. A partir da Lagoa, nos A\u00e7ores, para o mundo.","potentialAction":[{"@type":"SearchAction","target":{"@type":"EntryPoint","urlTemplate":"https:\/\/diariodalagoa.pt\/?s={search_term_string}"},"query-input":"required name=search_term_string"}],"inLanguage":"fr-FR"},{"@type":"Person","@id":"https:\/\/diariodalagoa.pt\/#\/schema\/person\/1615a002370e8857b6f972834bc43ece","name":"Di\u00e1rio da Lagoa","image":{"@type":"ImageObject","inLanguage":"fr-FR","@id":"https:\/\/diariodalagoa.pt\/#\/schema\/person\/image\/","url":"https:\/\/secure.gravatar.com\/avatar\/2cb5cef90a26f8fbd4d9d930608102c5?s=96&d=mm&r=g","contentUrl":"https:\/\/secure.gravatar.com\/avatar\/2cb5cef90a26f8fbd4d9d930608102c5?s=96&d=mm&r=g","caption":"Di\u00e1rio da Lagoa"},"url":"https:\/\/diariodalagoa.pt\/fr\/author\/diariodalagoa\/"}]}},"_links":{"self":[{"href":"https:\/\/diariodalagoa.pt\/fr\/wp-json\/wp\/v2\/posts\/10877"}],"collection":[{"href":"https:\/\/diariodalagoa.pt\/fr\/wp-json\/wp\/v2\/posts"}],"about":[{"href":"https:\/\/diariodalagoa.pt\/fr\/wp-json\/wp\/v2\/types\/post"}],"author":[{"embeddable":true,"href":"https:\/\/diariodalagoa.pt\/fr\/wp-json\/wp\/v2\/users\/2"}],"replies":[{"embeddable":true,"href":"https:\/\/diariodalagoa.pt\/fr\/wp-json\/wp\/v2\/comments?post=10877"}],"version-history":[{"count":0,"href":"https:\/\/diariodalagoa.pt\/fr\/wp-json\/wp\/v2\/posts\/10877\/revisions"}],"wp:featuredmedia":[{"embeddable":true,"href":"https:\/\/diariodalagoa.pt\/fr\/wp-json\/wp\/v2\/media\/121710"}],"wp:attachment":[{"href":"https:\/\/diariodalagoa.pt\/fr\/wp-json\/wp\/v2\/media?parent=10877"}],"wp:term":[{"taxonomy":"category","embeddable":true,"href":"https:\/\/diariodalagoa.pt\/fr\/wp-json\/wp\/v2\/categories?post=10877"},{"taxonomy":"post_tag","embeddable":true,"href":"https:\/\/diariodalagoa.pt\/fr\/wp-json\/wp\/v2\/tags?post=10877"}],"curies":[{"name":"wp","href":"https:\/\/api.w.org\/{rel}","templated":true}]}}