{"id":108480,"date":"2023-04-19T10:34:28","date_gmt":"2023-04-19T10:34:28","guid":{"rendered":"https:\/\/diariodalagoa.pt\/?p=108480"},"modified":"2025-06-27T16:05:43","modified_gmt":"2025-06-27T16:05:43","slug":"psp-detem-dois-individuos-pelo-crime-de-furto-de-uso-de-veiculo","status":"publish","type":"post","link":"https:\/\/diariodalagoa.pt\/fr\/psp-detem-dois-individuos-pelo-crime-de-furto-de-uso-de-veiculo\/","title":{"rendered":"PSP det\u00e9m dois indiv\u00edduos pelo crime de furto de uso de ve\u00edculo"},"content":{"rendered":"<figure class=\"wp-block-image size-full\"><img decoding=\"async\" src=\"https:\/\/diariodalagoa.pt\/wp-content\/uploads\/2020\/06\/esquadra_lagoa_PSP_JUN_2020.jpg\" alt=\"\" class=\"wp-image-84380\"\/><figcaption class=\"wp-element-caption\"><sup><mark style=\"background-color:rgba(0, 0, 0, 0)\" class=\"has-inline-color has-cyan-bluish-gray-color\">\u00a9 DL<\/mark><\/sup><\/figcaption><\/figure>\n\n\n\n<p>A PSP da Lagoa, no \u00e2mbito de uma interven\u00e7\u00e3o policial, procedeu \u00e0 deten\u00e7\u00e3o, em flagrante delito, de dois indiv\u00edduos, de ambos os sexos, de 22 e 25 anos, no concelho da Lagoa, pela presum\u00edvel autoria de um crime de furto de uso de ve\u00edculo.<\/p>\n\n\n\n<p>Na sequ\u00eancia de uma den\u00fancia sobre um furto de um ve\u00edculo ligeiro de mercadorias, cometido durante a madrugada da \u00faltima sexta-feira, foram de imediato desenvolvidas as necess\u00e1rias dilig\u00eancias policiais tendentes a localizar o referido ve\u00edculo e os respons\u00e1veis&nbsp;pela pr\u00e1tica do crime denunciado.<\/p>\n\n\n\n<p>No decurso das referidas dilig\u00eancias, os operacionais da PSP, em coordena\u00e7\u00e3o com outros meios policiais, intercetaram ambos os arguidos no interior ve\u00edculo, no exato momento em que um deles exercia a condu\u00e7\u00e3o, na freguesia de Santa Cruz, concelho da Lagoa, com a agravante de o condutor n\u00e3o se encontrar devidamente habilitado para conduzir ve\u00edculos a motor.<\/p>\n\n\n\n<p>O emprego ajustado de v\u00e1rios meios policiais por parte da Pol\u00edcia de Seguran\u00e7a P\u00fablica permitiu garantir a deten\u00e7\u00e3o, em flagrante delito, de ambos os arguidos e recuperar a viatura entretanto furtada em menos de uma hora, a qual foi depois entregue ao leg\u00edtimo propriet\u00e1rio.<\/p>\n\n\n\n<p>A pol\u00edcia destaca \u201cos resultados operacionais em mais uma ocorr\u00eancia relacionada com il\u00edcito em refer\u00eancia, que tem ocorrido com alguma frequ\u00eancia na ilha de S\u00e3o Miguel recentemente, e com a circunst\u00e2ncia de um dos arguidos ter sido detido pela terceira vez pela pr\u00e1tica deste tipo de crimes nas \u00faltimas semanas\u201d. <\/p>\n\n\n\n<p>Ambos os detidos foram sujeitos a termo de identidade e resid\u00eancia, os quais aguardam em liberdade o prosseguimento das investiga\u00e7\u00f5es tendo em vista apurar a real envolv\u00eancia dos mesmos na pr\u00e1tica deste e de outros crimes de furto de viaturas.<\/p>","protected":false},"excerpt":{"rendered":"<p>A PSP da Lagoa, no \u00e2mbito de uma interven\u00e7\u00e3o policial, procedeu \u00e0 deten\u00e7\u00e3o, em flagrante delito, de dois indiv\u00edduos, de ambos os sexos, de 22 e 25 anos, no concelho da Lagoa, pela presum\u00edvel autoria de um crime de furto de uso de ve\u00edculo. Na sequ\u00eancia de uma den\u00fancia sobre um furto de um ve\u00edculo [&hellip;]<\/p>","protected":false},"author":2,"featured_media":110377,"comment_status":"open","ping_status":"closed","sticky":false,"template":"","format":"standard","meta":[],"categories":[21],"tags":[],"acf":[],"yoast_head":"<!-- This site is optimized with the Yoast SEO plugin v20.10 - https:\/\/yoast.com\/wordpress\/plugins\/seo\/ -->\n<title>PSP det\u00e9m dois indiv\u00edduos pelo crime de furto de uso de ve\u00edculo - Di\u00e1rio da Lagoa<\/title>\n<meta name=\"description\" content=\"Um dos arguidos vai na terceira deten\u00e7\u00e3o pelo mesmo tipo de crime. Ambos aguardam em liberdade o prosseguimento da investiga\u00e7\u00e3o.\" \/>\n<meta name=\"robots\" content=\"index, follow, max-snippet:-1, max-image-preview:large, max-video-preview:-1\" \/>\n<link rel=\"canonical\" href=\"https:\/\/diariodalagoa.pt\/fr\/psp-detem-dois-individuos-pelo-crime-de-furto-de-uso-de-veiculo\/\" \/>\n<meta property=\"og:locale\" content=\"fr_FR\" \/>\n<meta property=\"og:type\" content=\"article\" \/>\n<meta property=\"og:title\" content=\"PSP det\u00e9m dois indiv\u00edduos pelo crime de furto de uso de ve\u00edculo - Di\u00e1rio da Lagoa\" \/>\n<meta property=\"og:description\" content=\"Um dos arguidos vai na terceira deten\u00e7\u00e3o pelo mesmo tipo de crime. Ambos aguardam em liberdade o prosseguimento da investiga\u00e7\u00e3o.\" \/>\n<meta property=\"og:url\" content=\"https:\/\/diariodalagoa.pt\/fr\/psp-detem-dois-individuos-pelo-crime-de-furto-de-uso-de-veiculo\/\" \/>\n<meta property=\"og:site_name\" content=\"Di\u00e1rio da Lagoa\" \/>\n<meta property=\"article:published_time\" content=\"2023-04-19T10:34:28+00:00\" \/>\n<meta property=\"article:modified_time\" content=\"2025-06-27T16:05:43+00:00\" \/>\n<meta property=\"og:image\" content=\"https:\/\/diariodalagoa.pt\/wp-content\/uploads\/2023\/04\/esquadra-lagoa-psp-jun-2020.jpg\" \/>\n\t<meta property=\"og:image:width\" content=\"750\" \/>\n\t<meta property=\"og:image:height\" content=\"563\" \/>\n\t<meta property=\"og:image:type\" content=\"image\/jpeg\" \/>\n<meta name=\"author\" content=\"Di\u00e1rio da Lagoa\" \/>\n<meta name=\"twitter:card\" content=\"summary_large_image\" \/>\n<meta name=\"twitter:label1\" content=\"\u00c9crit par\" \/>\n\t<meta name=\"twitter:data1\" content=\"Di\u00e1rio da Lagoa\" \/>\n\t<meta name=\"twitter:label2\" content=\"Dur\u00e9e de lecture estim\u00e9e\" \/>\n\t<meta name=\"twitter:data2\" content=\"2 minutes\" \/>\n<script type=\"application\/ld+json\" class=\"yoast-schema-graph\">{\"@context\":\"https:\/\/schema.org\",\"@graph\":[{\"@type\":\"WebPage\",\"@id\":\"https:\/\/diariodalagoa.pt\/psp-detem-dois-individuos-pelo-crime-de-furto-de-uso-de-veiculo\/\",\"url\":\"https:\/\/diariodalagoa.pt\/psp-detem-dois-individuos-pelo-crime-de-furto-de-uso-de-veiculo\/\",\"name\":\"PSP det\u00e9m dois indiv\u00edduos pelo crime de furto de uso de ve\u00edculo - Di\u00e1rio da Lagoa\",\"isPartOf\":{\"@id\":\"https:\/\/diariodalagoa.pt\/#website\"},\"datePublished\":\"2023-04-19T10:34:28+00:00\",\"dateModified\":\"2025-06-27T16:05:43+00:00\",\"author\":{\"@id\":\"https:\/\/diariodalagoa.pt\/#\/schema\/person\/1615a002370e8857b6f972834bc43ece\"},\"description\":\"Um dos arguidos vai na terceira deten\u00e7\u00e3o pelo mesmo tipo de crime. Ambos aguardam em liberdade o prosseguimento da investiga\u00e7\u00e3o.\",\"breadcrumb\":{\"@id\":\"https:\/\/diariodalagoa.pt\/psp-detem-dois-individuos-pelo-crime-de-furto-de-uso-de-veiculo\/#breadcrumb\"},\"inLanguage\":\"fr-FR\",\"potentialAction\":[{\"@type\":\"ReadAction\",\"target\":[\"https:\/\/diariodalagoa.pt\/psp-detem-dois-individuos-pelo-crime-de-furto-de-uso-de-veiculo\/\"]}]},{\"@type\":\"BreadcrumbList\",\"@id\":\"https:\/\/diariodalagoa.pt\/psp-detem-dois-individuos-pelo-crime-de-furto-de-uso-de-veiculo\/#breadcrumb\",\"itemListElement\":[{\"@type\":\"ListItem\",\"position\":1,\"name\":\"In\u00edcio\",\"item\":\"https:\/\/diariodalagoa.pt\/\"},{\"@type\":\"ListItem\",\"position\":2,\"name\":\"PSP det\u00e9m dois indiv\u00edduos pelo crime de furto de uso de ve\u00edculo\"}]},{\"@type\":\"WebSite\",\"@id\":\"https:\/\/diariodalagoa.pt\/#website\",\"url\":\"https:\/\/diariodalagoa.pt\/\",\"name\":\"Di\u00e1rio da Lagoa\",\"description\":\"Di\u00e1rio da Lagoa. As not\u00edcias que contam. A partir da Lagoa, nos A\u00e7ores, para o mundo.\",\"potentialAction\":[{\"@type\":\"SearchAction\",\"target\":{\"@type\":\"EntryPoint\",\"urlTemplate\":\"https:\/\/diariodalagoa.pt\/?s={search_term_string}\"},\"query-input\":\"required name=search_term_string\"}],\"inLanguage\":\"fr-FR\"},{\"@type\":\"Person\",\"@id\":\"https:\/\/diariodalagoa.pt\/#\/schema\/person\/1615a002370e8857b6f972834bc43ece\",\"name\":\"Di\u00e1rio da Lagoa\",\"image\":{\"@type\":\"ImageObject\",\"inLanguage\":\"fr-FR\",\"@id\":\"https:\/\/diariodalagoa.pt\/#\/schema\/person\/image\/\",\"url\":\"https:\/\/secure.gravatar.com\/avatar\/2cb5cef90a26f8fbd4d9d930608102c5?s=96&d=mm&r=g\",\"contentUrl\":\"https:\/\/secure.gravatar.com\/avatar\/2cb5cef90a26f8fbd4d9d930608102c5?s=96&d=mm&r=g\",\"caption\":\"Di\u00e1rio da Lagoa\"},\"url\":\"https:\/\/diariodalagoa.pt\/fr\/author\/diariodalagoa\/\"}]}<\/script>\n<!-- \/ Yoast SEO plugin. -->","yoast_head_json":{"title":"PSP det\u00e9m dois indiv\u00edduos pelo crime de furto de uso de ve\u00edculo - Di\u00e1rio da Lagoa","description":"Um dos arguidos vai na terceira deten\u00e7\u00e3o pelo mesmo tipo de crime. Ambos aguardam em liberdade o prosseguimento da investiga\u00e7\u00e3o.","robots":{"index":"index","follow":"follow","max-snippet":"max-snippet:-1","max-image-preview":"max-image-preview:large","max-video-preview":"max-video-preview:-1"},"canonical":"https:\/\/diariodalagoa.pt\/fr\/psp-detem-dois-individuos-pelo-crime-de-furto-de-uso-de-veiculo\/","og_locale":"fr_FR","og_type":"article","og_title":"PSP det\u00e9m dois indiv\u00edduos pelo crime de furto de uso de ve\u00edculo - Di\u00e1rio da Lagoa","og_description":"Um dos arguidos vai na terceira deten\u00e7\u00e3o pelo mesmo tipo de crime. Ambos aguardam em liberdade o prosseguimento da investiga\u00e7\u00e3o.","og_url":"https:\/\/diariodalagoa.pt\/fr\/psp-detem-dois-individuos-pelo-crime-de-furto-de-uso-de-veiculo\/","og_site_name":"Di\u00e1rio da Lagoa","article_published_time":"2023-04-19T10:34:28+00:00","article_modified_time":"2025-06-27T16:05:43+00:00","og_image":[{"width":750,"height":563,"url":"https:\/\/diariodalagoa.pt\/wp-content\/uploads\/2023\/04\/esquadra-lagoa-psp-jun-2020.jpg","type":"image\/jpeg"}],"author":"Di\u00e1rio da Lagoa","twitter_card":"summary_large_image","twitter_misc":{"\u00c9crit par":"Di\u00e1rio da Lagoa","Dur\u00e9e de lecture estim\u00e9e":"2 minutes"},"schema":{"@context":"https:\/\/schema.org","@graph":[{"@type":"WebPage","@id":"https:\/\/diariodalagoa.pt\/psp-detem-dois-individuos-pelo-crime-de-furto-de-uso-de-veiculo\/","url":"https:\/\/diariodalagoa.pt\/psp-detem-dois-individuos-pelo-crime-de-furto-de-uso-de-veiculo\/","name":"PSP det\u00e9m dois indiv\u00edduos pelo crime de furto de uso de ve\u00edculo - Di\u00e1rio da Lagoa","isPartOf":{"@id":"https:\/\/diariodalagoa.pt\/#website"},"datePublished":"2023-04-19T10:34:28+00:00","dateModified":"2025-06-27T16:05:43+00:00","author":{"@id":"https:\/\/diariodalagoa.pt\/#\/schema\/person\/1615a002370e8857b6f972834bc43ece"},"description":"Um dos arguidos vai na terceira deten\u00e7\u00e3o pelo mesmo tipo de crime. Ambos aguardam em liberdade o prosseguimento da investiga\u00e7\u00e3o.","breadcrumb":{"@id":"https:\/\/diariodalagoa.pt\/psp-detem-dois-individuos-pelo-crime-de-furto-de-uso-de-veiculo\/#breadcrumb"},"inLanguage":"fr-FR","potentialAction":[{"@type":"ReadAction","target":["https:\/\/diariodalagoa.pt\/psp-detem-dois-individuos-pelo-crime-de-furto-de-uso-de-veiculo\/"]}]},{"@type":"BreadcrumbList","@id":"https:\/\/diariodalagoa.pt\/psp-detem-dois-individuos-pelo-crime-de-furto-de-uso-de-veiculo\/#breadcrumb","itemListElement":[{"@type":"ListItem","position":1,"name":"In\u00edcio","item":"https:\/\/diariodalagoa.pt\/"},{"@type":"ListItem","position":2,"name":"PSP det\u00e9m dois indiv\u00edduos pelo crime de furto de uso de ve\u00edculo"}]},{"@type":"WebSite","@id":"https:\/\/diariodalagoa.pt\/#website","url":"https:\/\/diariodalagoa.pt\/","name":"Di\u00e1rio da Lagoa","description":"Di\u00e1rio da Lagoa. As not\u00edcias que contam. A partir da Lagoa, nos A\u00e7ores, para o mundo.","potentialAction":[{"@type":"SearchAction","target":{"@type":"EntryPoint","urlTemplate":"https:\/\/diariodalagoa.pt\/?s={search_term_string}"},"query-input":"required name=search_term_string"}],"inLanguage":"fr-FR"},{"@type":"Person","@id":"https:\/\/diariodalagoa.pt\/#\/schema\/person\/1615a002370e8857b6f972834bc43ece","name":"Di\u00e1rio da Lagoa","image":{"@type":"ImageObject","inLanguage":"fr-FR","@id":"https:\/\/diariodalagoa.pt\/#\/schema\/person\/image\/","url":"https:\/\/secure.gravatar.com\/avatar\/2cb5cef90a26f8fbd4d9d930608102c5?s=96&d=mm&r=g","contentUrl":"https:\/\/secure.gravatar.com\/avatar\/2cb5cef90a26f8fbd4d9d930608102c5?s=96&d=mm&r=g","caption":"Di\u00e1rio da Lagoa"},"url":"https:\/\/diariodalagoa.pt\/fr\/author\/diariodalagoa\/"}]}},"_links":{"self":[{"href":"https:\/\/diariodalagoa.pt\/fr\/wp-json\/wp\/v2\/posts\/108480"}],"collection":[{"href":"https:\/\/diariodalagoa.pt\/fr\/wp-json\/wp\/v2\/posts"}],"about":[{"href":"https:\/\/diariodalagoa.pt\/fr\/wp-json\/wp\/v2\/types\/post"}],"author":[{"embeddable":true,"href":"https:\/\/diariodalagoa.pt\/fr\/wp-json\/wp\/v2\/users\/2"}],"replies":[{"embeddable":true,"href":"https:\/\/diariodalagoa.pt\/fr\/wp-json\/wp\/v2\/comments?post=108480"}],"version-history":[{"count":1,"href":"https:\/\/diariodalagoa.pt\/fr\/wp-json\/wp\/v2\/posts\/108480\/revisions"}],"predecessor-version":[{"id":157316,"href":"https:\/\/diariodalagoa.pt\/fr\/wp-json\/wp\/v2\/posts\/108480\/revisions\/157316"}],"wp:featuredmedia":[{"embeddable":true,"href":"https:\/\/diariodalagoa.pt\/fr\/wp-json\/wp\/v2\/media\/110377"}],"wp:attachment":[{"href":"https:\/\/diariodalagoa.pt\/fr\/wp-json\/wp\/v2\/media?parent=108480"}],"wp:term":[{"taxonomy":"category","embeddable":true,"href":"https:\/\/diariodalagoa.pt\/fr\/wp-json\/wp\/v2\/categories?post=108480"},{"taxonomy":"post_tag","embeddable":true,"href":"https:\/\/diariodalagoa.pt\/fr\/wp-json\/wp\/v2\/tags?post=108480"}],"curies":[{"name":"wp","href":"https:\/\/api.w.org\/{rel}","templated":true}]}}