{"id":108202,"date":"2023-04-04T17:28:52","date_gmt":"2023-04-04T17:28:52","guid":{"rendered":"https:\/\/diariodalagoa.pt\/?p=108202"},"modified":"2025-09-28T00:34:56","modified_gmt":"2025-09-28T00:34:56","slug":"presidencias-francisco-damaral-almeida-1931","status":"publish","type":"post","link":"https:\/\/diariodalagoa.pt\/fr\/presidencias-francisco-damaral-almeida-1931\/","title":{"rendered":"Presid\u00eancias: Francisco D\u00b4Amaral Almeida \u2013 1931"},"content":{"rendered":"<div class=\"wp-block-image is-style-rounded\">\n<figure class=\"aligncenter size-full is-resized\"><img decoding=\"async\" src=\"https:\/\/diariodalagoa.pt\/wp-content\/uploads\/2023\/04\/FranciscoDAmaralAlmeida-D.R.jpg\" alt=\"\" class=\"wp-image-108203\" width=\"407\" height=\"407\"\/><\/figure><\/div>\n\n\n<div style=\"height:28px\" aria-hidden=\"true\" class=\"wp-block-spacer\"><\/div>\n\n\n<p style=\"text-align: left;\" align=\"JUSTIFY\">Filho leg\u00edtimo de Jos\u00e9 Pacheco Amaral e de Dona Quit\u00e9ria Filomena Almeida, natural, esta senhora, de \u00c1gua de Pau, esta ilustre Francisco d&#8217; Amaral Almeida nasceu em Nossa Senhora do Ros\u00e1rio, em 26 de Dezembro de 1873.<\/p>\n<p style=\"text-align: left;\" align=\"JUSTIFY\">Estudando no Liceu da Gra\u00e7a, onde se distinguiu como estudante, era culto, verdadeiramente excepcional, tendo, a bra\u00e7os, constru\u00eddo um cinema na sua freguesia-natal, Nossa Senhora do Ros\u00e1rio [actual Cineteatro Francisco D\u2019Amaral Almeida] proporcionando ao seu concelho, e, \u00e0 sua Vila, particularmente, a Lagoa, a &#8220;oportunidade de saber o que acontecia no mundo&#8221;. (cf. Pacheco, Maria Ant\u00f3nia Albergaria, 2010).<\/p>\n<p style=\"text-align: left;\" align=\"JUSTIFY\">Inaugurado a 1 de Fevereiro de 1913, Francisco Almeida era igualmente caridoso, e inclinado \u00e0 pr\u00e1tica desportiva, tendo incentivado, inclusive, &#8220;actividades desportivas e sociais numa propriedade sua, de trinta alqueires, a que chamou &#8220;\u00c9den Parque&#8221;, onde a juventude da Lagoa tinha a oportunidade de conviver num ambiente agrad\u00e1vel. Este parque foi inaugurado em Julho de 1917&#8243;. (cf. Pacheco, Maria Ant\u00f3nia Albergaria, 2010).<\/p>\n<p style=\"text-align: left;\" align=\"JUSTIFY\">Escultor, artista pl\u00e1stico, deixando-nos pe\u00e7as em barro variadas, era fot\u00f3grafo, e um dinamizador preocupado com causas sociais. Esteve \u00e0 frente da benemer\u00eancia do Instituto Jo\u00e3o do Rego Borges.<\/p>\n<p style=\"text-align: left;\" align=\"JUSTIFY\">Administrador do concelho tamb\u00e9m o foi: primeiro, em 1913, depois em 1918. Presidente da C\u00e2mara Municipal de Lagoa, em 1931, foi ele &#8220;quem mandou aterrar a zona da Lagoa de Baixo&#8221;. (cf. Pacheco, Maria Ant\u00f3nia Albergaria, 2010).<\/p>\n<p style=\"text-align: left;\" align=\"JUSTIFY\">Morreu a 24 de Julho de 1948.<\/p>\n\n<p style=\"text-align: right;\">&gt;<a href=\"https:\/\/diariodalagoa.pt\/fr\/fontes-referencias-utilizadas-francisco-damaral-almeida\/\">Fontes\/Refer\u00eancias utilizadas<\/a><\/p>","protected":false},"excerpt":{"rendered":"<p>Filho leg\u00edtimo de Jos\u00e9 Pacheco Amaral e de Dona Quit\u00e9ria Filomena Almeida, natural, esta senhora, de \u00c1gua de Pau, esta ilustre Francisco d&#8217; Amaral Almeida nasceu em Nossa Senhora do Ros\u00e1rio, em 26 de Dezembro de 1873. Estudando no Liceu da Gra\u00e7a, onde se distinguiu como estudante, era culto, verdadeiramente excepcional, tendo, a bra\u00e7os, constru\u00eddo [&hellip;]<\/p>","protected":false},"author":2,"featured_media":109795,"comment_status":"open","ping_status":"closed","sticky":false,"template":"","format":"standard","meta":[],"categories":[11],"tags":[],"acf":[],"yoast_head":"<!-- This site is optimized with the Yoast SEO plugin v20.10 - https:\/\/yoast.com\/wordpress\/plugins\/seo\/ -->\n<title>Presid\u00eancias: Francisco D\u00b4Amaral Almeida \u2013 1931 - Di\u00e1rio da Lagoa<\/title>\n<meta name=\"robots\" content=\"index, follow, max-snippet:-1, max-image-preview:large, max-video-preview:-1\" \/>\n<link rel=\"canonical\" href=\"https:\/\/diariodalagoa.pt\/fr\/presidencias-francisco-damaral-almeida-1931\/\" \/>\n<meta property=\"og:locale\" content=\"fr_FR\" \/>\n<meta property=\"og:type\" content=\"article\" \/>\n<meta property=\"og:title\" content=\"Presid\u00eancias: Francisco D\u00b4Amaral Almeida \u2013 1931 - Di\u00e1rio da Lagoa\" \/>\n<meta property=\"og:description\" content=\"Filho leg\u00edtimo de Jos\u00e9 Pacheco Amaral e de Dona Quit\u00e9ria Filomena Almeida, natural, esta senhora, de \u00c1gua de Pau, esta ilustre Francisco d&#8217; Amaral Almeida nasceu em Nossa Senhora do Ros\u00e1rio, em 26 de Dezembro de 1873. Estudando no Liceu da Gra\u00e7a, onde se distinguiu como estudante, era culto, verdadeiramente excepcional, tendo, a bra\u00e7os, constru\u00eddo [&hellip;]\" \/>\n<meta property=\"og:url\" content=\"https:\/\/diariodalagoa.pt\/fr\/presidencias-francisco-damaral-almeida-1931\/\" \/>\n<meta property=\"og:site_name\" content=\"Di\u00e1rio da Lagoa\" \/>\n<meta property=\"article:published_time\" content=\"2023-04-04T17:28:52+00:00\" \/>\n<meta property=\"article:modified_time\" content=\"2025-09-28T00:34:56+00:00\" \/>\n<meta property=\"og:image\" content=\"https:\/\/diariodalagoa.pt\/wp-content\/uploads\/2023\/04\/renato-soares-de-macedo-01.jpg\" \/>\n\t<meta property=\"og:image:width\" content=\"750\" \/>\n\t<meta property=\"og:image:height\" content=\"600\" \/>\n\t<meta property=\"og:image:type\" content=\"image\/jpeg\" \/>\n<meta name=\"author\" content=\"Di\u00e1rio da Lagoa\" \/>\n<meta name=\"twitter:card\" content=\"summary_large_image\" \/>\n<meta name=\"twitter:label1\" content=\"\u00c9crit par\" \/>\n\t<meta name=\"twitter:data1\" content=\"Di\u00e1rio da Lagoa\" \/>\n\t<meta name=\"twitter:label2\" content=\"Dur\u00e9e de lecture estim\u00e9e\" \/>\n\t<meta name=\"twitter:data2\" content=\"2 minutes\" \/>\n<script type=\"application\/ld+json\" class=\"yoast-schema-graph\">{\"@context\":\"https:\/\/schema.org\",\"@graph\":[{\"@type\":\"WebPage\",\"@id\":\"https:\/\/diariodalagoa.pt\/presidencias-francisco-damaral-almeida-1931\/\",\"url\":\"https:\/\/diariodalagoa.pt\/presidencias-francisco-damaral-almeida-1931\/\",\"name\":\"Presid\u00eancias: Francisco D\u00b4Amaral Almeida \u2013 1931 - Di\u00e1rio da Lagoa\",\"isPartOf\":{\"@id\":\"https:\/\/diariodalagoa.pt\/#website\"},\"datePublished\":\"2023-04-04T17:28:52+00:00\",\"dateModified\":\"2025-09-28T00:34:56+00:00\",\"author\":{\"@id\":\"https:\/\/diariodalagoa.pt\/#\/schema\/person\/1615a002370e8857b6f972834bc43ece\"},\"breadcrumb\":{\"@id\":\"https:\/\/diariodalagoa.pt\/presidencias-francisco-damaral-almeida-1931\/#breadcrumb\"},\"inLanguage\":\"fr-FR\",\"potentialAction\":[{\"@type\":\"ReadAction\",\"target\":[\"https:\/\/diariodalagoa.pt\/presidencias-francisco-damaral-almeida-1931\/\"]}]},{\"@type\":\"BreadcrumbList\",\"@id\":\"https:\/\/diariodalagoa.pt\/presidencias-francisco-damaral-almeida-1931\/#breadcrumb\",\"itemListElement\":[{\"@type\":\"ListItem\",\"position\":1,\"name\":\"In\u00edcio\",\"item\":\"https:\/\/diariodalagoa.pt\/\"},{\"@type\":\"ListItem\",\"position\":2,\"name\":\"Presid\u00eancias: Francisco D\u00b4Amaral Almeida \u2013 1931\"}]},{\"@type\":\"WebSite\",\"@id\":\"https:\/\/diariodalagoa.pt\/#website\",\"url\":\"https:\/\/diariodalagoa.pt\/\",\"name\":\"Di\u00e1rio da Lagoa\",\"description\":\"Di\u00e1rio da Lagoa. As not\u00edcias que contam. A partir da Lagoa, nos A\u00e7ores, para o mundo.\",\"potentialAction\":[{\"@type\":\"SearchAction\",\"target\":{\"@type\":\"EntryPoint\",\"urlTemplate\":\"https:\/\/diariodalagoa.pt\/?s={search_term_string}\"},\"query-input\":\"required name=search_term_string\"}],\"inLanguage\":\"fr-FR\"},{\"@type\":\"Person\",\"@id\":\"https:\/\/diariodalagoa.pt\/#\/schema\/person\/1615a002370e8857b6f972834bc43ece\",\"name\":\"Di\u00e1rio da Lagoa\",\"image\":{\"@type\":\"ImageObject\",\"inLanguage\":\"fr-FR\",\"@id\":\"https:\/\/diariodalagoa.pt\/#\/schema\/person\/image\/\",\"url\":\"https:\/\/secure.gravatar.com\/avatar\/2cb5cef90a26f8fbd4d9d930608102c5?s=96&d=mm&r=g\",\"contentUrl\":\"https:\/\/secure.gravatar.com\/avatar\/2cb5cef90a26f8fbd4d9d930608102c5?s=96&d=mm&r=g\",\"caption\":\"Di\u00e1rio da Lagoa\"},\"url\":\"https:\/\/diariodalagoa.pt\/fr\/author\/diariodalagoa\/\"}]}<\/script>\n<!-- \/ Yoast SEO plugin. -->","yoast_head_json":{"title":"Presid\u00eancias: Francisco D\u00b4Amaral Almeida \u2013 1931 - Di\u00e1rio da Lagoa","robots":{"index":"index","follow":"follow","max-snippet":"max-snippet:-1","max-image-preview":"max-image-preview:large","max-video-preview":"max-video-preview:-1"},"canonical":"https:\/\/diariodalagoa.pt\/fr\/presidencias-francisco-damaral-almeida-1931\/","og_locale":"fr_FR","og_type":"article","og_title":"Presid\u00eancias: Francisco D\u00b4Amaral Almeida \u2013 1931 - Di\u00e1rio da Lagoa","og_description":"Filho leg\u00edtimo de Jos\u00e9 Pacheco Amaral e de Dona Quit\u00e9ria Filomena Almeida, natural, esta senhora, de \u00c1gua de Pau, esta ilustre Francisco d&#8217; Amaral Almeida nasceu em Nossa Senhora do Ros\u00e1rio, em 26 de Dezembro de 1873. Estudando no Liceu da Gra\u00e7a, onde se distinguiu como estudante, era culto, verdadeiramente excepcional, tendo, a bra\u00e7os, constru\u00eddo [&hellip;]","og_url":"https:\/\/diariodalagoa.pt\/fr\/presidencias-francisco-damaral-almeida-1931\/","og_site_name":"Di\u00e1rio da Lagoa","article_published_time":"2023-04-04T17:28:52+00:00","article_modified_time":"2025-09-28T00:34:56+00:00","og_image":[{"width":750,"height":600,"url":"https:\/\/diariodalagoa.pt\/wp-content\/uploads\/2023\/04\/renato-soares-de-macedo-01.jpg","type":"image\/jpeg"}],"author":"Di\u00e1rio da Lagoa","twitter_card":"summary_large_image","twitter_misc":{"\u00c9crit par":"Di\u00e1rio da Lagoa","Dur\u00e9e de lecture estim\u00e9e":"2 minutes"},"schema":{"@context":"https:\/\/schema.org","@graph":[{"@type":"WebPage","@id":"https:\/\/diariodalagoa.pt\/presidencias-francisco-damaral-almeida-1931\/","url":"https:\/\/diariodalagoa.pt\/presidencias-francisco-damaral-almeida-1931\/","name":"Presid\u00eancias: Francisco D\u00b4Amaral Almeida \u2013 1931 - Di\u00e1rio da Lagoa","isPartOf":{"@id":"https:\/\/diariodalagoa.pt\/#website"},"datePublished":"2023-04-04T17:28:52+00:00","dateModified":"2025-09-28T00:34:56+00:00","author":{"@id":"https:\/\/diariodalagoa.pt\/#\/schema\/person\/1615a002370e8857b6f972834bc43ece"},"breadcrumb":{"@id":"https:\/\/diariodalagoa.pt\/presidencias-francisco-damaral-almeida-1931\/#breadcrumb"},"inLanguage":"fr-FR","potentialAction":[{"@type":"ReadAction","target":["https:\/\/diariodalagoa.pt\/presidencias-francisco-damaral-almeida-1931\/"]}]},{"@type":"BreadcrumbList","@id":"https:\/\/diariodalagoa.pt\/presidencias-francisco-damaral-almeida-1931\/#breadcrumb","itemListElement":[{"@type":"ListItem","position":1,"name":"In\u00edcio","item":"https:\/\/diariodalagoa.pt\/"},{"@type":"ListItem","position":2,"name":"Presid\u00eancias: Francisco D\u00b4Amaral Almeida \u2013 1931"}]},{"@type":"WebSite","@id":"https:\/\/diariodalagoa.pt\/#website","url":"https:\/\/diariodalagoa.pt\/","name":"Di\u00e1rio da Lagoa","description":"Di\u00e1rio da Lagoa. As not\u00edcias que contam. A partir da Lagoa, nos A\u00e7ores, para o mundo.","potentialAction":[{"@type":"SearchAction","target":{"@type":"EntryPoint","urlTemplate":"https:\/\/diariodalagoa.pt\/?s={search_term_string}"},"query-input":"required name=search_term_string"}],"inLanguage":"fr-FR"},{"@type":"Person","@id":"https:\/\/diariodalagoa.pt\/#\/schema\/person\/1615a002370e8857b6f972834bc43ece","name":"Di\u00e1rio da Lagoa","image":{"@type":"ImageObject","inLanguage":"fr-FR","@id":"https:\/\/diariodalagoa.pt\/#\/schema\/person\/image\/","url":"https:\/\/secure.gravatar.com\/avatar\/2cb5cef90a26f8fbd4d9d930608102c5?s=96&d=mm&r=g","contentUrl":"https:\/\/secure.gravatar.com\/avatar\/2cb5cef90a26f8fbd4d9d930608102c5?s=96&d=mm&r=g","caption":"Di\u00e1rio da Lagoa"},"url":"https:\/\/diariodalagoa.pt\/fr\/author\/diariodalagoa\/"}]}},"_links":{"self":[{"href":"https:\/\/diariodalagoa.pt\/fr\/wp-json\/wp\/v2\/posts\/108202"}],"collection":[{"href":"https:\/\/diariodalagoa.pt\/fr\/wp-json\/wp\/v2\/posts"}],"about":[{"href":"https:\/\/diariodalagoa.pt\/fr\/wp-json\/wp\/v2\/types\/post"}],"author":[{"embeddable":true,"href":"https:\/\/diariodalagoa.pt\/fr\/wp-json\/wp\/v2\/users\/2"}],"replies":[{"embeddable":true,"href":"https:\/\/diariodalagoa.pt\/fr\/wp-json\/wp\/v2\/comments?post=108202"}],"version-history":[{"count":4,"href":"https:\/\/diariodalagoa.pt\/fr\/wp-json\/wp\/v2\/posts\/108202\/revisions"}],"predecessor-version":[{"id":133796,"href":"https:\/\/diariodalagoa.pt\/fr\/wp-json\/wp\/v2\/posts\/108202\/revisions\/133796"}],"wp:featuredmedia":[{"embeddable":true,"href":"https:\/\/diariodalagoa.pt\/fr\/wp-json\/wp\/v2\/media\/109795"}],"wp:attachment":[{"href":"https:\/\/diariodalagoa.pt\/fr\/wp-json\/wp\/v2\/media?parent=108202"}],"wp:term":[{"taxonomy":"category","embeddable":true,"href":"https:\/\/diariodalagoa.pt\/fr\/wp-json\/wp\/v2\/categories?post=108202"},{"taxonomy":"post_tag","embeddable":true,"href":"https:\/\/diariodalagoa.pt\/fr\/wp-json\/wp\/v2\/tags?post=108202"}],"curies":[{"name":"wp","href":"https:\/\/api.w.org\/{rel}","templated":true}]}}