{"id":10808,"date":"2014-10-30T22:13:55","date_gmt":"2014-10-30T23:13:55","guid":{"rendered":"http:\/\/diariodalagoa.pt\/?p=10808"},"modified":"2014-10-30T22:13:55","modified_gmt":"2014-10-30T23:13:55","slug":"governo-dos-acores-repoe-nivel-remuneratorio-que-os-funcionarios-publicos-tinham-em-2013","status":"publish","type":"post","link":"https:\/\/diariodalagoa.pt\/fr\/governo-dos-acores-repoe-nivel-remuneratorio-que-os-funcionarios-publicos-tinham-em-2013\/","title":{"rendered":"Governo dos A\u00e7ores rep\u00f5e n\u00edvel remunerat\u00f3rio que os funcion\u00e1rios p\u00fablicos tinham em 2013"},"content":{"rendered":"<p style=\"text-align: justify;\"><img decoding=\"async\" class=\"alignnone size-full wp-image-6709\" src=\"http:\/\/diariodalagoa.pt\/wp-content\/uploads\/2014\/07\/Sergio-Avila-governo-a\u00e7ores-ALRA.jpg\" alt=\"Sergio-Avila-governo-a\u00e7ores-ALRA\" width=\"720\" height=\"380\" \/><\/p>\n<p style=\"text-align: justify;\"><span style=\"color: rgb(0, 0, 0);\">O Governo dos A\u00e7ores viu aprovada na Assembleia Legislativa uma proposta que visa criar as condi\u00e7\u00f5es para que seja reposto o n\u00edvel remunerat\u00f3rio que os funcion\u00e1rios p\u00fablicos dos A\u00e7ores tinham at\u00e9 ao final de 2013.\u00a0<\/span><\/p>\n<p style=\"text-align: justify;\"><span style=\"color: rgb(0, 0, 0);\">Na apresenta\u00e7\u00e3o da proposta de altera\u00e7\u00e3o ao decreto regional que estabelece o regime de atribui\u00e7\u00e3o do acr\u00e9scimo regional ao sal\u00e1rio m\u00ednimo nacional, do complemento regional de pens\u00e3o e da remunera\u00e7\u00e3o complementar regional, o Vice-Presidente do Governo sublinhou que se estava perante uma reposi\u00e7\u00e3o, nos A\u00e7ores, dos cortes impostos pelo Governo da Rep\u00fablica.\u00a0<\/span><\/p>\n<p style=\"text-align: justify;\"><span style=\"color: rgb(0, 0, 0);\">Para S\u00e9rgio \u00c1vila, a reposi\u00e7\u00e3o reintroduz \u201cum acr\u00e9scimo remunerat\u00f3rio que visa, efetivamente, anular uma componente de um novo corte or\u00e7amental que foi imposto pelo Governo da Rep\u00fablica.\u201d\u00a0<\/span><\/p>\n<p style=\"text-align: justify;\"><span style=\"color: rgb(0, 0, 0);\">O governante frisou tratar-se de uma medida que, \u201cinfelizmente\u201d, o Governo dos A\u00e7ores \u201cteve de fazer uma vez mais\u201d, repondo uma componente dos vencimentos que \u201cassegura a estabilidade da remunera\u00e7\u00e3o dos nossos funcion\u00e1rios p\u00fablicos.\u201d\u00a0<\/span><\/p>\n<p style=\"text-align: justify;\"><span style=\"color: rgb(0, 0, 0);\">Na sua interven\u00e7\u00e3o, S\u00e9rgio \u00c1vila referiu o \u201corgulho do Governo dos A\u00e7ores\u201d nesta medida corretora de uma \u201cinjusti\u00e7a imposta de fora da regi\u00e3o para dentro\u201d, no cumprimento de um compromisso com os A\u00e7orianos, \u201cno limite das compet\u00eancias\u201d do Executivo regional, as quais, lembrou, \u201cainda recentemente foram questionadas\u201d.\u00a0<\/span><\/p>\n<p style=\"text-align: justify;\"><span style=\"color: rgb(0, 0, 0);\">O Vice-Presidente sublinhou tamb\u00e9m que a proposta apresentada ao Parlamento,\u00a0onde foi\u00a0aprovada por unanimidade, veio provar que o Governo dos A\u00e7ores \u201ctem a capacidade para compensar os funcion\u00e1rios p\u00fablicos da Regi\u00e3o dos cortes impostos pela Rep\u00fablica\u201d e que \u201cn\u00e3o abdicou dessa capacidade, ao contr\u00e1rio dos que alguns diziam\u201d.\u00a0<\/span><\/p>\n<p style=\"text-align: justify;\"><span style=\"color: rgb(0, 0, 0);\">O Vice-Presidente do Governo frisou que a medida \u201ccontribui para apoiar as fam\u00edlias a\u00e7orianas e, por via do contributo que d\u00e1 para a retoma do consumo interno, permite repor a estabilidade das nossas empresas e ativar a economia com este refor\u00e7o do rendimento dispon\u00edvel das fam\u00edlias\u201d.<\/span><\/p>\n<p style=\"text-align: justify;\"><span style=\"color: rgb(0, 0, 0);\"><em>DL\/Gacs<\/em><\/span><\/p>","protected":false},"excerpt":{"rendered":"<p>O Governo dos A\u00e7ores viu aprovada na Assembleia Legislativa uma proposta que visa criar as condi\u00e7\u00f5es para que seja reposto o n\u00edvel remunerat\u00f3rio que os funcion\u00e1rios p\u00fablicos dos A\u00e7ores tinham at\u00e9 ao final de 2013.\u00a0 Na apresenta\u00e7\u00e3o da proposta de altera\u00e7\u00e3o ao decreto regional que estabelece o regime de atribui\u00e7\u00e3o do acr\u00e9scimo regional ao sal\u00e1rio [&hellip;]<\/p>","protected":false},"author":2,"featured_media":0,"comment_status":"open","ping_status":"open","sticky":false,"template":"","format":"standard","meta":[],"categories":[21],"tags":[],"acf":[],"yoast_head":"<!-- This site is optimized with the Yoast SEO plugin v20.10 - https:\/\/yoast.com\/wordpress\/plugins\/seo\/ -->\n<title>Governo dos A\u00e7ores rep\u00f5e n\u00edvel remunerat\u00f3rio que os funcion\u00e1rios p\u00fablicos tinham em 2013 - Di\u00e1rio da Lagoa<\/title>\n<meta name=\"robots\" content=\"index, follow, max-snippet:-1, max-image-preview:large, max-video-preview:-1\" \/>\n<link rel=\"canonical\" href=\"https:\/\/diariodalagoa.pt\/fr\/governo-dos-acores-repoe-nivel-remuneratorio-que-os-funcionarios-publicos-tinham-em-2013\/\" \/>\n<meta property=\"og:locale\" content=\"fr_FR\" \/>\n<meta property=\"og:type\" content=\"article\" \/>\n<meta property=\"og:title\" content=\"Governo dos A\u00e7ores rep\u00f5e n\u00edvel remunerat\u00f3rio que os funcion\u00e1rios p\u00fablicos tinham em 2013 - Di\u00e1rio da Lagoa\" \/>\n<meta property=\"og:description\" content=\"O Governo dos A\u00e7ores viu aprovada na Assembleia Legislativa uma proposta que visa criar as condi\u00e7\u00f5es para que seja reposto o n\u00edvel remunerat\u00f3rio que os funcion\u00e1rios p\u00fablicos dos A\u00e7ores tinham at\u00e9 ao final de 2013.\u00a0 Na apresenta\u00e7\u00e3o da proposta de altera\u00e7\u00e3o ao decreto regional que estabelece o regime de atribui\u00e7\u00e3o do acr\u00e9scimo regional ao sal\u00e1rio [&hellip;]\" \/>\n<meta property=\"og:url\" content=\"https:\/\/diariodalagoa.pt\/fr\/governo-dos-acores-repoe-nivel-remuneratorio-que-os-funcionarios-publicos-tinham-em-2013\/\" \/>\n<meta property=\"og:site_name\" content=\"Di\u00e1rio da Lagoa\" \/>\n<meta property=\"article:published_time\" content=\"2014-10-30T23:13:55+00:00\" \/>\n<meta name=\"author\" content=\"Di\u00e1rio da Lagoa\" \/>\n<meta name=\"twitter:card\" content=\"summary_large_image\" \/>\n<meta name=\"twitter:label1\" content=\"\u00c9crit par\" \/>\n\t<meta name=\"twitter:data1\" content=\"Di\u00e1rio da Lagoa\" \/>\n\t<meta name=\"twitter:label2\" content=\"Dur\u00e9e de lecture estim\u00e9e\" \/>\n\t<meta name=\"twitter:data2\" content=\"2 minutes\" \/>\n<script type=\"application\/ld+json\" class=\"yoast-schema-graph\">{\"@context\":\"https:\/\/schema.org\",\"@graph\":[{\"@type\":\"WebPage\",\"@id\":\"https:\/\/diariodalagoa.pt\/governo-dos-acores-repoe-nivel-remuneratorio-que-os-funcionarios-publicos-tinham-em-2013\/\",\"url\":\"https:\/\/diariodalagoa.pt\/governo-dos-acores-repoe-nivel-remuneratorio-que-os-funcionarios-publicos-tinham-em-2013\/\",\"name\":\"Governo dos A\u00e7ores rep\u00f5e n\u00edvel remunerat\u00f3rio que os funcion\u00e1rios p\u00fablicos tinham em 2013 - Di\u00e1rio da Lagoa\",\"isPartOf\":{\"@id\":\"https:\/\/diariodalagoa.pt\/#website\"},\"datePublished\":\"2014-10-30T23:13:55+00:00\",\"dateModified\":\"2014-10-30T23:13:55+00:00\",\"author\":{\"@id\":\"https:\/\/diariodalagoa.pt\/#\/schema\/person\/1615a002370e8857b6f972834bc43ece\"},\"breadcrumb\":{\"@id\":\"https:\/\/diariodalagoa.pt\/governo-dos-acores-repoe-nivel-remuneratorio-que-os-funcionarios-publicos-tinham-em-2013\/#breadcrumb\"},\"inLanguage\":\"fr-FR\",\"potentialAction\":[{\"@type\":\"ReadAction\",\"target\":[\"https:\/\/diariodalagoa.pt\/governo-dos-acores-repoe-nivel-remuneratorio-que-os-funcionarios-publicos-tinham-em-2013\/\"]}]},{\"@type\":\"BreadcrumbList\",\"@id\":\"https:\/\/diariodalagoa.pt\/governo-dos-acores-repoe-nivel-remuneratorio-que-os-funcionarios-publicos-tinham-em-2013\/#breadcrumb\",\"itemListElement\":[{\"@type\":\"ListItem\",\"position\":1,\"name\":\"In\u00edcio\",\"item\":\"https:\/\/diariodalagoa.pt\/\"},{\"@type\":\"ListItem\",\"position\":2,\"name\":\"Governo dos A\u00e7ores rep\u00f5e n\u00edvel remunerat\u00f3rio que os funcion\u00e1rios p\u00fablicos tinham em 2013\"}]},{\"@type\":\"WebSite\",\"@id\":\"https:\/\/diariodalagoa.pt\/#website\",\"url\":\"https:\/\/diariodalagoa.pt\/\",\"name\":\"Di\u00e1rio da Lagoa\",\"description\":\"Di\u00e1rio da Lagoa. As not\u00edcias que contam. A partir da Lagoa, nos A\u00e7ores, para o mundo.\",\"potentialAction\":[{\"@type\":\"SearchAction\",\"target\":{\"@type\":\"EntryPoint\",\"urlTemplate\":\"https:\/\/diariodalagoa.pt\/?s={search_term_string}\"},\"query-input\":\"required name=search_term_string\"}],\"inLanguage\":\"fr-FR\"},{\"@type\":\"Person\",\"@id\":\"https:\/\/diariodalagoa.pt\/#\/schema\/person\/1615a002370e8857b6f972834bc43ece\",\"name\":\"Di\u00e1rio da Lagoa\",\"image\":{\"@type\":\"ImageObject\",\"inLanguage\":\"fr-FR\",\"@id\":\"https:\/\/diariodalagoa.pt\/#\/schema\/person\/image\/\",\"url\":\"https:\/\/secure.gravatar.com\/avatar\/2cb5cef90a26f8fbd4d9d930608102c5?s=96&d=mm&r=g\",\"contentUrl\":\"https:\/\/secure.gravatar.com\/avatar\/2cb5cef90a26f8fbd4d9d930608102c5?s=96&d=mm&r=g\",\"caption\":\"Di\u00e1rio da Lagoa\"},\"url\":\"https:\/\/diariodalagoa.pt\/fr\/author\/diariodalagoa\/\"}]}<\/script>\n<!-- \/ Yoast SEO plugin. -->","yoast_head_json":{"title":"Governo dos A\u00e7ores rep\u00f5e n\u00edvel remunerat\u00f3rio que os funcion\u00e1rios p\u00fablicos tinham em 2013 - Di\u00e1rio da Lagoa","robots":{"index":"index","follow":"follow","max-snippet":"max-snippet:-1","max-image-preview":"max-image-preview:large","max-video-preview":"max-video-preview:-1"},"canonical":"https:\/\/diariodalagoa.pt\/fr\/governo-dos-acores-repoe-nivel-remuneratorio-que-os-funcionarios-publicos-tinham-em-2013\/","og_locale":"fr_FR","og_type":"article","og_title":"Governo dos A\u00e7ores rep\u00f5e n\u00edvel remunerat\u00f3rio que os funcion\u00e1rios p\u00fablicos tinham em 2013 - Di\u00e1rio da Lagoa","og_description":"O Governo dos A\u00e7ores viu aprovada na Assembleia Legislativa uma proposta que visa criar as condi\u00e7\u00f5es para que seja reposto o n\u00edvel remunerat\u00f3rio que os funcion\u00e1rios p\u00fablicos dos A\u00e7ores tinham at\u00e9 ao final de 2013.\u00a0 Na apresenta\u00e7\u00e3o da proposta de altera\u00e7\u00e3o ao decreto regional que estabelece o regime de atribui\u00e7\u00e3o do acr\u00e9scimo regional ao sal\u00e1rio [&hellip;]","og_url":"https:\/\/diariodalagoa.pt\/fr\/governo-dos-acores-repoe-nivel-remuneratorio-que-os-funcionarios-publicos-tinham-em-2013\/","og_site_name":"Di\u00e1rio da Lagoa","article_published_time":"2014-10-30T23:13:55+00:00","author":"Di\u00e1rio da Lagoa","twitter_card":"summary_large_image","twitter_misc":{"\u00c9crit par":"Di\u00e1rio da Lagoa","Dur\u00e9e de lecture estim\u00e9e":"2 minutes"},"schema":{"@context":"https:\/\/schema.org","@graph":[{"@type":"WebPage","@id":"https:\/\/diariodalagoa.pt\/governo-dos-acores-repoe-nivel-remuneratorio-que-os-funcionarios-publicos-tinham-em-2013\/","url":"https:\/\/diariodalagoa.pt\/governo-dos-acores-repoe-nivel-remuneratorio-que-os-funcionarios-publicos-tinham-em-2013\/","name":"Governo dos A\u00e7ores rep\u00f5e n\u00edvel remunerat\u00f3rio que os funcion\u00e1rios p\u00fablicos tinham em 2013 - Di\u00e1rio da Lagoa","isPartOf":{"@id":"https:\/\/diariodalagoa.pt\/#website"},"datePublished":"2014-10-30T23:13:55+00:00","dateModified":"2014-10-30T23:13:55+00:00","author":{"@id":"https:\/\/diariodalagoa.pt\/#\/schema\/person\/1615a002370e8857b6f972834bc43ece"},"breadcrumb":{"@id":"https:\/\/diariodalagoa.pt\/governo-dos-acores-repoe-nivel-remuneratorio-que-os-funcionarios-publicos-tinham-em-2013\/#breadcrumb"},"inLanguage":"fr-FR","potentialAction":[{"@type":"ReadAction","target":["https:\/\/diariodalagoa.pt\/governo-dos-acores-repoe-nivel-remuneratorio-que-os-funcionarios-publicos-tinham-em-2013\/"]}]},{"@type":"BreadcrumbList","@id":"https:\/\/diariodalagoa.pt\/governo-dos-acores-repoe-nivel-remuneratorio-que-os-funcionarios-publicos-tinham-em-2013\/#breadcrumb","itemListElement":[{"@type":"ListItem","position":1,"name":"In\u00edcio","item":"https:\/\/diariodalagoa.pt\/"},{"@type":"ListItem","position":2,"name":"Governo dos A\u00e7ores rep\u00f5e n\u00edvel remunerat\u00f3rio que os funcion\u00e1rios p\u00fablicos tinham em 2013"}]},{"@type":"WebSite","@id":"https:\/\/diariodalagoa.pt\/#website","url":"https:\/\/diariodalagoa.pt\/","name":"Di\u00e1rio da Lagoa","description":"Di\u00e1rio da Lagoa. As not\u00edcias que contam. A partir da Lagoa, nos A\u00e7ores, para o mundo.","potentialAction":[{"@type":"SearchAction","target":{"@type":"EntryPoint","urlTemplate":"https:\/\/diariodalagoa.pt\/?s={search_term_string}"},"query-input":"required name=search_term_string"}],"inLanguage":"fr-FR"},{"@type":"Person","@id":"https:\/\/diariodalagoa.pt\/#\/schema\/person\/1615a002370e8857b6f972834bc43ece","name":"Di\u00e1rio da Lagoa","image":{"@type":"ImageObject","inLanguage":"fr-FR","@id":"https:\/\/diariodalagoa.pt\/#\/schema\/person\/image\/","url":"https:\/\/secure.gravatar.com\/avatar\/2cb5cef90a26f8fbd4d9d930608102c5?s=96&d=mm&r=g","contentUrl":"https:\/\/secure.gravatar.com\/avatar\/2cb5cef90a26f8fbd4d9d930608102c5?s=96&d=mm&r=g","caption":"Di\u00e1rio da Lagoa"},"url":"https:\/\/diariodalagoa.pt\/fr\/author\/diariodalagoa\/"}]}},"_links":{"self":[{"href":"https:\/\/diariodalagoa.pt\/fr\/wp-json\/wp\/v2\/posts\/10808"}],"collection":[{"href":"https:\/\/diariodalagoa.pt\/fr\/wp-json\/wp\/v2\/posts"}],"about":[{"href":"https:\/\/diariodalagoa.pt\/fr\/wp-json\/wp\/v2\/types\/post"}],"author":[{"embeddable":true,"href":"https:\/\/diariodalagoa.pt\/fr\/wp-json\/wp\/v2\/users\/2"}],"replies":[{"embeddable":true,"href":"https:\/\/diariodalagoa.pt\/fr\/wp-json\/wp\/v2\/comments?post=10808"}],"version-history":[{"count":0,"href":"https:\/\/diariodalagoa.pt\/fr\/wp-json\/wp\/v2\/posts\/10808\/revisions"}],"wp:attachment":[{"href":"https:\/\/diariodalagoa.pt\/fr\/wp-json\/wp\/v2\/media?parent=10808"}],"wp:term":[{"taxonomy":"category","embeddable":true,"href":"https:\/\/diariodalagoa.pt\/fr\/wp-json\/wp\/v2\/categories?post=10808"},{"taxonomy":"post_tag","embeddable":true,"href":"https:\/\/diariodalagoa.pt\/fr\/wp-json\/wp\/v2\/tags?post=10808"}],"curies":[{"name":"wp","href":"https:\/\/api.w.org\/{rel}","templated":true}]}}