{"id":10625,"date":"2014-10-24T19:06:20","date_gmt":"2014-10-24T20:06:20","guid":{"rendered":"http:\/\/diariodalagoa.pt\/?p=10625"},"modified":"2014-10-24T19:06:20","modified_gmt":"2014-10-24T20:06:20","slug":"nova-realidade-no-transporte-aereo-trara-novas-oportunidades-para-o-turismo-nos-acores","status":"publish","type":"post","link":"https:\/\/diariodalagoa.pt\/fr\/nova-realidade-no-transporte-aereo-trara-novas-oportunidades-para-o-turismo-nos-acores\/","title":{"rendered":"Nova realidade no transporte a\u00e9reo trar\u00e1 novas oportunidades para o Turismo nos A\u00e7ores"},"content":{"rendered":"<p><img decoding=\"async\" class=\"alignnone size-full wp-image-10626\" src=\"http:\/\/diariodalagoa.pt\/wp-content\/uploads\/2014\/10\/Vitor-Fraga-turismo-A\u00e7ores-transporte-aereo.jpg\" alt=\"Vitor-Fraga-turismo-A\u00e7ores-transporte-aereo\" width=\"720\" height=\"380\" \/><\/p>\n<p style=\"text-align: justify;\"><span style=\"color: rgb(0, 0, 0);\">O Secret\u00e1rio Regional do Turismo e Transportes afirmou que o desenvolvimento do Turismo est\u00e1 dependente de \u201cmedidas e pol\u00edticas&#8221; que permitam a sustentabilidade desta atividade e, por essa via, a &#8220;sustentabilidade das empresas direta ou indiretamente relacionadas\u201d.\u00a0<\/span><\/p>\n<p style=\"text-align: justify;\"><span style=\"color: rgb(0, 0, 0);\">V\u00edtor Fraga recorda o processo de revis\u00e3o das Obriga\u00e7\u00f5es de Servi\u00e7o P\u00fablico do Transporte A\u00e9reo e a sua previs\u00edvel entrada em vigor no in\u00edcio do pr\u00f3ximo ver\u00e3o IATA\u00a0que este modelo trar\u00e1 \u201cgrandes desafios ao Grupo SATA\u201d, mas garantiu que o Executivo regional \u201cest\u00e1, agora que foi alcan\u00e7ado o acordo com a Rep\u00fablica, totalmente dispon\u00edvel para, como acionista e dentro das regras deste novo modelo, apoiar a companhia, que tem ainda um importante papel a desempenhar no processo de desenvolvimento e de progresso da nossa Regi\u00e3o\u201d.<\/span><\/p>\n<p style=\"text-align: justify;\"><span style=\"color: rgb(0, 0, 0);\">Para V\u00edtor Fraga,\u00a0se a quest\u00e3o do transporte a\u00e9reo \u00e9 \u201ccentral para o desenvolvimento do Turismo dos A\u00e7ores\u201d, \u00e9 tamb\u00e9m preciso que todos, entidades p\u00fablicas e privadas, tenham a consci\u00eancia de que os desafios deste setor n\u00e3o se esgotam nesta mat\u00e9ria.\u00a0<\/span><\/p>\n<p style=\"text-align: justify;\"><span style=\"color: rgb(0, 0, 0);\">O Secret\u00e1rio Regional considera que\u00a0existe \u201cuma grande margem de progress\u00e3o ao n\u00edvel da qualidade dos servi\u00e7os prestados&#8221; a quem visita os A\u00e7ores, salientando que esta \u00e9 uma\u00a0\u00e1rea que deve merecer aten\u00e7\u00e3o e\u00a0esfor\u00e7os permanentes, nomeadamente na qualidade no atendimento ao n\u00edvel dos diversos servi\u00e7os, quer estejam direta ou indiretamente ligados ao setor.\u00a0<\/span><\/p>\n<p style=\"text-align: justify;\"><span style=\"color: rgb(0, 0, 0);\">Nesse sentido, frisou que receber bem\u00a0\u00e9 \u201csin\u00f3nimo de desenvolvimento econ\u00f3mico, de gera\u00e7\u00e3o de riqueza, ou seja, de preserva\u00e7\u00e3o e cria\u00e7\u00e3o postos de trabalho\u201d.\u00a0<\/span><\/p>\n<p style=\"text-align: justify;\"><span style=\"color: rgb(0, 0, 0);\">Para 2015, o Governo dos A\u00e7ores reserva cerca de 22,6 milh\u00f5es de euros para a promo\u00e7\u00e3o e desenvolvimento do Destino A\u00e7ores, sendo\u00a0as principais prioridades\u00a0o aumento da notoriedade do destino, junto dos principais mercados emissores, associado diretamente \u00e0 capta\u00e7\u00e3o de fluxos tur\u00edsticos, bem como a prossecu\u00e7\u00e3o da aposta continuada na diversifica\u00e7\u00e3o e qualifica\u00e7\u00e3o da oferta.<\/span><\/p>\n<p style=\"text-align: justify;\"><span style=\"color: rgb(0, 0, 0);\"><em>DL\/GaCS<\/em><\/span><\/p>","protected":false},"excerpt":{"rendered":"<p>O Secret\u00e1rio Regional do Turismo e Transportes afirmou que o desenvolvimento do Turismo est\u00e1 dependente de \u201cmedidas e pol\u00edticas&#8221; que permitam a sustentabilidade desta atividade e, por essa via, a &#8220;sustentabilidade das empresas direta ou indiretamente relacionadas\u201d.\u00a0 V\u00edtor Fraga recorda o processo de revis\u00e3o das Obriga\u00e7\u00f5es de Servi\u00e7o P\u00fablico do Transporte A\u00e9reo e a sua [&hellip;]<\/p>","protected":false},"author":2,"featured_media":0,"comment_status":"open","ping_status":"open","sticky":false,"template":"","format":"standard","meta":[],"categories":[21],"tags":[],"acf":[],"yoast_head":"<!-- This site is optimized with the Yoast SEO plugin v20.10 - https:\/\/yoast.com\/wordpress\/plugins\/seo\/ -->\n<title>Nova realidade no transporte a\u00e9reo trar\u00e1 novas oportunidades para o Turismo nos A\u00e7ores - Di\u00e1rio da Lagoa<\/title>\n<meta name=\"robots\" content=\"index, follow, max-snippet:-1, max-image-preview:large, max-video-preview:-1\" \/>\n<link rel=\"canonical\" href=\"https:\/\/diariodalagoa.pt\/fr\/nova-realidade-no-transporte-aereo-trara-novas-oportunidades-para-o-turismo-nos-acores\/\" \/>\n<meta property=\"og:locale\" content=\"fr_FR\" \/>\n<meta property=\"og:type\" content=\"article\" \/>\n<meta property=\"og:title\" content=\"Nova realidade no transporte a\u00e9reo trar\u00e1 novas oportunidades para o Turismo nos A\u00e7ores - Di\u00e1rio da Lagoa\" \/>\n<meta property=\"og:description\" content=\"O Secret\u00e1rio Regional do Turismo e Transportes afirmou que o desenvolvimento do Turismo est\u00e1 dependente de \u201cmedidas e pol\u00edticas&#8221; que permitam a sustentabilidade desta atividade e, por essa via, a &#8220;sustentabilidade das empresas direta ou indiretamente relacionadas\u201d.\u00a0 V\u00edtor Fraga recorda o processo de revis\u00e3o das Obriga\u00e7\u00f5es de Servi\u00e7o P\u00fablico do Transporte A\u00e9reo e a sua [&hellip;]\" \/>\n<meta property=\"og:url\" content=\"https:\/\/diariodalagoa.pt\/fr\/nova-realidade-no-transporte-aereo-trara-novas-oportunidades-para-o-turismo-nos-acores\/\" \/>\n<meta property=\"og:site_name\" content=\"Di\u00e1rio da Lagoa\" \/>\n<meta property=\"article:published_time\" content=\"2014-10-24T20:06:20+00:00\" \/>\n<meta name=\"author\" content=\"Di\u00e1rio da Lagoa\" \/>\n<meta name=\"twitter:card\" content=\"summary_large_image\" \/>\n<meta name=\"twitter:label1\" content=\"\u00c9crit par\" \/>\n\t<meta name=\"twitter:data1\" content=\"Di\u00e1rio da Lagoa\" \/>\n\t<meta name=\"twitter:label2\" content=\"Dur\u00e9e de lecture estim\u00e9e\" \/>\n\t<meta name=\"twitter:data2\" content=\"2 minutes\" \/>\n<script type=\"application\/ld+json\" class=\"yoast-schema-graph\">{\"@context\":\"https:\/\/schema.org\",\"@graph\":[{\"@type\":\"WebPage\",\"@id\":\"https:\/\/diariodalagoa.pt\/nova-realidade-no-transporte-aereo-trara-novas-oportunidades-para-o-turismo-nos-acores\/\",\"url\":\"https:\/\/diariodalagoa.pt\/nova-realidade-no-transporte-aereo-trara-novas-oportunidades-para-o-turismo-nos-acores\/\",\"name\":\"Nova realidade no transporte a\u00e9reo trar\u00e1 novas oportunidades para o Turismo nos A\u00e7ores - Di\u00e1rio da Lagoa\",\"isPartOf\":{\"@id\":\"https:\/\/diariodalagoa.pt\/#website\"},\"datePublished\":\"2014-10-24T20:06:20+00:00\",\"dateModified\":\"2014-10-24T20:06:20+00:00\",\"author\":{\"@id\":\"https:\/\/diariodalagoa.pt\/#\/schema\/person\/1615a002370e8857b6f972834bc43ece\"},\"breadcrumb\":{\"@id\":\"https:\/\/diariodalagoa.pt\/nova-realidade-no-transporte-aereo-trara-novas-oportunidades-para-o-turismo-nos-acores\/#breadcrumb\"},\"inLanguage\":\"fr-FR\",\"potentialAction\":[{\"@type\":\"ReadAction\",\"target\":[\"https:\/\/diariodalagoa.pt\/nova-realidade-no-transporte-aereo-trara-novas-oportunidades-para-o-turismo-nos-acores\/\"]}]},{\"@type\":\"BreadcrumbList\",\"@id\":\"https:\/\/diariodalagoa.pt\/nova-realidade-no-transporte-aereo-trara-novas-oportunidades-para-o-turismo-nos-acores\/#breadcrumb\",\"itemListElement\":[{\"@type\":\"ListItem\",\"position\":1,\"name\":\"In\u00edcio\",\"item\":\"https:\/\/diariodalagoa.pt\/\"},{\"@type\":\"ListItem\",\"position\":2,\"name\":\"Nova realidade no transporte a\u00e9reo trar\u00e1 novas oportunidades para o Turismo nos A\u00e7ores\"}]},{\"@type\":\"WebSite\",\"@id\":\"https:\/\/diariodalagoa.pt\/#website\",\"url\":\"https:\/\/diariodalagoa.pt\/\",\"name\":\"Di\u00e1rio da Lagoa\",\"description\":\"Di\u00e1rio da Lagoa. As not\u00edcias que contam. A partir da Lagoa, nos A\u00e7ores, para o mundo.\",\"potentialAction\":[{\"@type\":\"SearchAction\",\"target\":{\"@type\":\"EntryPoint\",\"urlTemplate\":\"https:\/\/diariodalagoa.pt\/?s={search_term_string}\"},\"query-input\":\"required name=search_term_string\"}],\"inLanguage\":\"fr-FR\"},{\"@type\":\"Person\",\"@id\":\"https:\/\/diariodalagoa.pt\/#\/schema\/person\/1615a002370e8857b6f972834bc43ece\",\"name\":\"Di\u00e1rio da Lagoa\",\"image\":{\"@type\":\"ImageObject\",\"inLanguage\":\"fr-FR\",\"@id\":\"https:\/\/diariodalagoa.pt\/#\/schema\/person\/image\/\",\"url\":\"https:\/\/secure.gravatar.com\/avatar\/2cb5cef90a26f8fbd4d9d930608102c5?s=96&d=mm&r=g\",\"contentUrl\":\"https:\/\/secure.gravatar.com\/avatar\/2cb5cef90a26f8fbd4d9d930608102c5?s=96&d=mm&r=g\",\"caption\":\"Di\u00e1rio da Lagoa\"},\"url\":\"https:\/\/diariodalagoa.pt\/fr\/author\/diariodalagoa\/\"}]}<\/script>\n<!-- \/ Yoast SEO plugin. -->","yoast_head_json":{"title":"Nova realidade no transporte a\u00e9reo trar\u00e1 novas oportunidades para o Turismo nos A\u00e7ores - Di\u00e1rio da Lagoa","robots":{"index":"index","follow":"follow","max-snippet":"max-snippet:-1","max-image-preview":"max-image-preview:large","max-video-preview":"max-video-preview:-1"},"canonical":"https:\/\/diariodalagoa.pt\/fr\/nova-realidade-no-transporte-aereo-trara-novas-oportunidades-para-o-turismo-nos-acores\/","og_locale":"fr_FR","og_type":"article","og_title":"Nova realidade no transporte a\u00e9reo trar\u00e1 novas oportunidades para o Turismo nos A\u00e7ores - Di\u00e1rio da Lagoa","og_description":"O Secret\u00e1rio Regional do Turismo e Transportes afirmou que o desenvolvimento do Turismo est\u00e1 dependente de \u201cmedidas e pol\u00edticas&#8221; que permitam a sustentabilidade desta atividade e, por essa via, a &#8220;sustentabilidade das empresas direta ou indiretamente relacionadas\u201d.\u00a0 V\u00edtor Fraga recorda o processo de revis\u00e3o das Obriga\u00e7\u00f5es de Servi\u00e7o P\u00fablico do Transporte A\u00e9reo e a sua [&hellip;]","og_url":"https:\/\/diariodalagoa.pt\/fr\/nova-realidade-no-transporte-aereo-trara-novas-oportunidades-para-o-turismo-nos-acores\/","og_site_name":"Di\u00e1rio da Lagoa","article_published_time":"2014-10-24T20:06:20+00:00","author":"Di\u00e1rio da Lagoa","twitter_card":"summary_large_image","twitter_misc":{"\u00c9crit par":"Di\u00e1rio da Lagoa","Dur\u00e9e de lecture estim\u00e9e":"2 minutes"},"schema":{"@context":"https:\/\/schema.org","@graph":[{"@type":"WebPage","@id":"https:\/\/diariodalagoa.pt\/nova-realidade-no-transporte-aereo-trara-novas-oportunidades-para-o-turismo-nos-acores\/","url":"https:\/\/diariodalagoa.pt\/nova-realidade-no-transporte-aereo-trara-novas-oportunidades-para-o-turismo-nos-acores\/","name":"Nova realidade no transporte a\u00e9reo trar\u00e1 novas oportunidades para o Turismo nos A\u00e7ores - Di\u00e1rio da Lagoa","isPartOf":{"@id":"https:\/\/diariodalagoa.pt\/#website"},"datePublished":"2014-10-24T20:06:20+00:00","dateModified":"2014-10-24T20:06:20+00:00","author":{"@id":"https:\/\/diariodalagoa.pt\/#\/schema\/person\/1615a002370e8857b6f972834bc43ece"},"breadcrumb":{"@id":"https:\/\/diariodalagoa.pt\/nova-realidade-no-transporte-aereo-trara-novas-oportunidades-para-o-turismo-nos-acores\/#breadcrumb"},"inLanguage":"fr-FR","potentialAction":[{"@type":"ReadAction","target":["https:\/\/diariodalagoa.pt\/nova-realidade-no-transporte-aereo-trara-novas-oportunidades-para-o-turismo-nos-acores\/"]}]},{"@type":"BreadcrumbList","@id":"https:\/\/diariodalagoa.pt\/nova-realidade-no-transporte-aereo-trara-novas-oportunidades-para-o-turismo-nos-acores\/#breadcrumb","itemListElement":[{"@type":"ListItem","position":1,"name":"In\u00edcio","item":"https:\/\/diariodalagoa.pt\/"},{"@type":"ListItem","position":2,"name":"Nova realidade no transporte a\u00e9reo trar\u00e1 novas oportunidades para o Turismo nos A\u00e7ores"}]},{"@type":"WebSite","@id":"https:\/\/diariodalagoa.pt\/#website","url":"https:\/\/diariodalagoa.pt\/","name":"Di\u00e1rio da Lagoa","description":"Di\u00e1rio da Lagoa. As not\u00edcias que contam. A partir da Lagoa, nos A\u00e7ores, para o mundo.","potentialAction":[{"@type":"SearchAction","target":{"@type":"EntryPoint","urlTemplate":"https:\/\/diariodalagoa.pt\/?s={search_term_string}"},"query-input":"required name=search_term_string"}],"inLanguage":"fr-FR"},{"@type":"Person","@id":"https:\/\/diariodalagoa.pt\/#\/schema\/person\/1615a002370e8857b6f972834bc43ece","name":"Di\u00e1rio da Lagoa","image":{"@type":"ImageObject","inLanguage":"fr-FR","@id":"https:\/\/diariodalagoa.pt\/#\/schema\/person\/image\/","url":"https:\/\/secure.gravatar.com\/avatar\/2cb5cef90a26f8fbd4d9d930608102c5?s=96&d=mm&r=g","contentUrl":"https:\/\/secure.gravatar.com\/avatar\/2cb5cef90a26f8fbd4d9d930608102c5?s=96&d=mm&r=g","caption":"Di\u00e1rio da Lagoa"},"url":"https:\/\/diariodalagoa.pt\/fr\/author\/diariodalagoa\/"}]}},"_links":{"self":[{"href":"https:\/\/diariodalagoa.pt\/fr\/wp-json\/wp\/v2\/posts\/10625"}],"collection":[{"href":"https:\/\/diariodalagoa.pt\/fr\/wp-json\/wp\/v2\/posts"}],"about":[{"href":"https:\/\/diariodalagoa.pt\/fr\/wp-json\/wp\/v2\/types\/post"}],"author":[{"embeddable":true,"href":"https:\/\/diariodalagoa.pt\/fr\/wp-json\/wp\/v2\/users\/2"}],"replies":[{"embeddable":true,"href":"https:\/\/diariodalagoa.pt\/fr\/wp-json\/wp\/v2\/comments?post=10625"}],"version-history":[{"count":0,"href":"https:\/\/diariodalagoa.pt\/fr\/wp-json\/wp\/v2\/posts\/10625\/revisions"}],"wp:attachment":[{"href":"https:\/\/diariodalagoa.pt\/fr\/wp-json\/wp\/v2\/media?parent=10625"}],"wp:term":[{"taxonomy":"category","embeddable":true,"href":"https:\/\/diariodalagoa.pt\/fr\/wp-json\/wp\/v2\/categories?post=10625"},{"taxonomy":"post_tag","embeddable":true,"href":"https:\/\/diariodalagoa.pt\/fr\/wp-json\/wp\/v2\/tags?post=10625"}],"curies":[{"name":"wp","href":"https:\/\/api.w.org\/{rel}","templated":true}]}}