{"id":10436,"date":"2014-10-19T16:08:10","date_gmt":"2014-10-19T17:08:10","guid":{"rendered":"http:\/\/diariodalagoa.pt\/?p=10436"},"modified":"2014-10-19T16:08:10","modified_gmt":"2014-10-19T17:08:10","slug":"prioridade-do-governo-dos-acores-em-respostas-de-proximidade-para-a-comunidade-senior-e-clara","status":"publish","type":"post","link":"https:\/\/diariodalagoa.pt\/fr\/prioridade-do-governo-dos-acores-em-respostas-de-proximidade-para-a-comunidade-senior-e-clara\/","title":{"rendered":"Prioridade do Governo dos A\u00e7ores em respostas de proximidade para a comunidade s\u00e9nior \u00e9 clara"},"content":{"rendered":"<p style=\"text-align: justify;\"><img decoding=\"async\" class=\"alignnone size-full wp-image-10437\" src=\"http:\/\/diariodalagoa.pt\/wp-content\/uploads\/2014\/10\/A\u00e7ores-governo-Andreia-Cardoso-apoio-social-.jpg\" alt=\"A\u00e7ores-governo-Andreia-Cardoso-apoio-social-\" width=\"720\" height=\"380\" \/><\/p>\n<p style=\"text-align: justify;\"><span style=\"color: #000000;\">Segundo a Secret\u00e1ria Regional da Solidariedade Social, o Executivo a\u00e7oriano mant\u00e9m uma a\u00e7\u00e3o determinada na implementa\u00e7\u00e3o de pol\u00edticas sociais dirigidas ao combate do envelhecimento demogr\u00e1fico, apostando na requalifica\u00e7\u00e3o de estruturas que permitam manter os idosos nas suas comunidades.\u00a0<\/span><\/p>\n<p style=\"text-align: justify;\"><span style=\"color: #000000;\">Andreia Cardoso falava na inaugura\u00e7\u00e3o do Centro de Dia e Centro de Noite do Instituto de Santa Catarina, situado na Urzelina, ilha de S\u00e3o Jorge, uma obra inscrita na Carta Regional das Obras P\u00fablicas (CROP), que representou um investimento do Governo Regional na ordem dos 570 mil euros. \u00a0<\/span><\/p>\n<p style=\"text-align: justify;\"><span style=\"color: #000000;\">As val\u00eancias agora inauguradas criam uma capacidade de resposta para 13 utentes em regime de centro de dia e para oito utentes em regime de noite.\u00a0<\/span><\/p>\n<p style=\"text-align: justify;\"><span style=\"color: #000000;\">Na CROP est\u00e3o ainda previstas\u00a0mais 11 obras orientadas para a popula\u00e7\u00e3o idosa, quatro das quais se destinam \u00e0 cria\u00e7\u00e3o de centros de dia.<\/span><\/p>\n<p style=\"text-align: justify;\"><span style=\"color: #000000;\"><em>DL\/GaCS<\/em><\/span><\/p>","protected":false},"excerpt":{"rendered":"<p>Segundo a Secret\u00e1ria Regional da Solidariedade Social, o Executivo a\u00e7oriano mant\u00e9m uma a\u00e7\u00e3o determinada na implementa\u00e7\u00e3o de pol\u00edticas sociais dirigidas ao combate do envelhecimento demogr\u00e1fico, apostando na requalifica\u00e7\u00e3o de estruturas que permitam manter os idosos nas suas comunidades.\u00a0 Andreia Cardoso falava na inaugura\u00e7\u00e3o do Centro de Dia e Centro de Noite do Instituto de Santa [&hellip;]<\/p>","protected":false},"author":2,"featured_media":0,"comment_status":"open","ping_status":"open","sticky":false,"template":"","format":"standard","meta":[],"categories":[21],"tags":[],"acf":[],"yoast_head":"<!-- This site is optimized with the Yoast SEO plugin v20.10 - https:\/\/yoast.com\/wordpress\/plugins\/seo\/ -->\n<title>Prioridade do Governo dos A\u00e7ores em respostas de proximidade para a comunidade s\u00e9nior \u00e9 clara - Di\u00e1rio da Lagoa<\/title>\n<meta name=\"robots\" content=\"index, follow, max-snippet:-1, max-image-preview:large, max-video-preview:-1\" \/>\n<link rel=\"canonical\" href=\"https:\/\/diariodalagoa.pt\/fr\/prioridade-do-governo-dos-acores-em-respostas-de-proximidade-para-a-comunidade-senior-e-clara\/\" \/>\n<meta property=\"og:locale\" content=\"fr_FR\" \/>\n<meta property=\"og:type\" content=\"article\" \/>\n<meta property=\"og:title\" content=\"Prioridade do Governo dos A\u00e7ores em respostas de proximidade para a comunidade s\u00e9nior \u00e9 clara - Di\u00e1rio da Lagoa\" \/>\n<meta property=\"og:description\" content=\"Segundo a Secret\u00e1ria Regional da Solidariedade Social, o Executivo a\u00e7oriano mant\u00e9m uma a\u00e7\u00e3o determinada na implementa\u00e7\u00e3o de pol\u00edticas sociais dirigidas ao combate do envelhecimento demogr\u00e1fico, apostando na requalifica\u00e7\u00e3o de estruturas que permitam manter os idosos nas suas comunidades.\u00a0 Andreia Cardoso falava na inaugura\u00e7\u00e3o do Centro de Dia e Centro de Noite do Instituto de Santa [&hellip;]\" \/>\n<meta property=\"og:url\" content=\"https:\/\/diariodalagoa.pt\/fr\/prioridade-do-governo-dos-acores-em-respostas-de-proximidade-para-a-comunidade-senior-e-clara\/\" \/>\n<meta property=\"og:site_name\" content=\"Di\u00e1rio da Lagoa\" \/>\n<meta property=\"article:published_time\" content=\"2014-10-19T17:08:10+00:00\" \/>\n<meta name=\"author\" content=\"Di\u00e1rio da Lagoa\" \/>\n<meta name=\"twitter:card\" content=\"summary_large_image\" \/>\n<meta name=\"twitter:label1\" content=\"\u00c9crit par\" \/>\n\t<meta name=\"twitter:data1\" content=\"Di\u00e1rio da Lagoa\" \/>\n\t<meta name=\"twitter:label2\" content=\"Dur\u00e9e de lecture estim\u00e9e\" \/>\n\t<meta name=\"twitter:data2\" content=\"1 minute\" \/>\n<script type=\"application\/ld+json\" class=\"yoast-schema-graph\">{\"@context\":\"https:\/\/schema.org\",\"@graph\":[{\"@type\":\"WebPage\",\"@id\":\"https:\/\/diariodalagoa.pt\/prioridade-do-governo-dos-acores-em-respostas-de-proximidade-para-a-comunidade-senior-e-clara\/\",\"url\":\"https:\/\/diariodalagoa.pt\/prioridade-do-governo-dos-acores-em-respostas-de-proximidade-para-a-comunidade-senior-e-clara\/\",\"name\":\"Prioridade do Governo dos A\u00e7ores em respostas de proximidade para a comunidade s\u00e9nior \u00e9 clara - Di\u00e1rio da Lagoa\",\"isPartOf\":{\"@id\":\"https:\/\/diariodalagoa.pt\/#website\"},\"datePublished\":\"2014-10-19T17:08:10+00:00\",\"dateModified\":\"2014-10-19T17:08:10+00:00\",\"author\":{\"@id\":\"https:\/\/diariodalagoa.pt\/#\/schema\/person\/1615a002370e8857b6f972834bc43ece\"},\"breadcrumb\":{\"@id\":\"https:\/\/diariodalagoa.pt\/prioridade-do-governo-dos-acores-em-respostas-de-proximidade-para-a-comunidade-senior-e-clara\/#breadcrumb\"},\"inLanguage\":\"fr-FR\",\"potentialAction\":[{\"@type\":\"ReadAction\",\"target\":[\"https:\/\/diariodalagoa.pt\/prioridade-do-governo-dos-acores-em-respostas-de-proximidade-para-a-comunidade-senior-e-clara\/\"]}]},{\"@type\":\"BreadcrumbList\",\"@id\":\"https:\/\/diariodalagoa.pt\/prioridade-do-governo-dos-acores-em-respostas-de-proximidade-para-a-comunidade-senior-e-clara\/#breadcrumb\",\"itemListElement\":[{\"@type\":\"ListItem\",\"position\":1,\"name\":\"In\u00edcio\",\"item\":\"https:\/\/diariodalagoa.pt\/\"},{\"@type\":\"ListItem\",\"position\":2,\"name\":\"Prioridade do Governo dos A\u00e7ores em respostas de proximidade para a comunidade s\u00e9nior \u00e9 clara\"}]},{\"@type\":\"WebSite\",\"@id\":\"https:\/\/diariodalagoa.pt\/#website\",\"url\":\"https:\/\/diariodalagoa.pt\/\",\"name\":\"Di\u00e1rio da Lagoa\",\"description\":\"Di\u00e1rio da Lagoa. As not\u00edcias que contam. A partir da Lagoa, nos A\u00e7ores, para o mundo.\",\"potentialAction\":[{\"@type\":\"SearchAction\",\"target\":{\"@type\":\"EntryPoint\",\"urlTemplate\":\"https:\/\/diariodalagoa.pt\/?s={search_term_string}\"},\"query-input\":\"required name=search_term_string\"}],\"inLanguage\":\"fr-FR\"},{\"@type\":\"Person\",\"@id\":\"https:\/\/diariodalagoa.pt\/#\/schema\/person\/1615a002370e8857b6f972834bc43ece\",\"name\":\"Di\u00e1rio da Lagoa\",\"image\":{\"@type\":\"ImageObject\",\"inLanguage\":\"fr-FR\",\"@id\":\"https:\/\/diariodalagoa.pt\/#\/schema\/person\/image\/\",\"url\":\"https:\/\/secure.gravatar.com\/avatar\/2cb5cef90a26f8fbd4d9d930608102c5?s=96&d=mm&r=g\",\"contentUrl\":\"https:\/\/secure.gravatar.com\/avatar\/2cb5cef90a26f8fbd4d9d930608102c5?s=96&d=mm&r=g\",\"caption\":\"Di\u00e1rio da Lagoa\"},\"url\":\"https:\/\/diariodalagoa.pt\/fr\/author\/diariodalagoa\/\"}]}<\/script>\n<!-- \/ Yoast SEO plugin. -->","yoast_head_json":{"title":"Prioridade do Governo dos A\u00e7ores em respostas de proximidade para a comunidade s\u00e9nior \u00e9 clara - Di\u00e1rio da Lagoa","robots":{"index":"index","follow":"follow","max-snippet":"max-snippet:-1","max-image-preview":"max-image-preview:large","max-video-preview":"max-video-preview:-1"},"canonical":"https:\/\/diariodalagoa.pt\/fr\/prioridade-do-governo-dos-acores-em-respostas-de-proximidade-para-a-comunidade-senior-e-clara\/","og_locale":"fr_FR","og_type":"article","og_title":"Prioridade do Governo dos A\u00e7ores em respostas de proximidade para a comunidade s\u00e9nior \u00e9 clara - Di\u00e1rio da Lagoa","og_description":"Segundo a Secret\u00e1ria Regional da Solidariedade Social, o Executivo a\u00e7oriano mant\u00e9m uma a\u00e7\u00e3o determinada na implementa\u00e7\u00e3o de pol\u00edticas sociais dirigidas ao combate do envelhecimento demogr\u00e1fico, apostando na requalifica\u00e7\u00e3o de estruturas que permitam manter os idosos nas suas comunidades.\u00a0 Andreia Cardoso falava na inaugura\u00e7\u00e3o do Centro de Dia e Centro de Noite do Instituto de Santa [&hellip;]","og_url":"https:\/\/diariodalagoa.pt\/fr\/prioridade-do-governo-dos-acores-em-respostas-de-proximidade-para-a-comunidade-senior-e-clara\/","og_site_name":"Di\u00e1rio da Lagoa","article_published_time":"2014-10-19T17:08:10+00:00","author":"Di\u00e1rio da Lagoa","twitter_card":"summary_large_image","twitter_misc":{"\u00c9crit par":"Di\u00e1rio da Lagoa","Dur\u00e9e de lecture estim\u00e9e":"1 minute"},"schema":{"@context":"https:\/\/schema.org","@graph":[{"@type":"WebPage","@id":"https:\/\/diariodalagoa.pt\/prioridade-do-governo-dos-acores-em-respostas-de-proximidade-para-a-comunidade-senior-e-clara\/","url":"https:\/\/diariodalagoa.pt\/prioridade-do-governo-dos-acores-em-respostas-de-proximidade-para-a-comunidade-senior-e-clara\/","name":"Prioridade do Governo dos A\u00e7ores em respostas de proximidade para a comunidade s\u00e9nior \u00e9 clara - Di\u00e1rio da Lagoa","isPartOf":{"@id":"https:\/\/diariodalagoa.pt\/#website"},"datePublished":"2014-10-19T17:08:10+00:00","dateModified":"2014-10-19T17:08:10+00:00","author":{"@id":"https:\/\/diariodalagoa.pt\/#\/schema\/person\/1615a002370e8857b6f972834bc43ece"},"breadcrumb":{"@id":"https:\/\/diariodalagoa.pt\/prioridade-do-governo-dos-acores-em-respostas-de-proximidade-para-a-comunidade-senior-e-clara\/#breadcrumb"},"inLanguage":"fr-FR","potentialAction":[{"@type":"ReadAction","target":["https:\/\/diariodalagoa.pt\/prioridade-do-governo-dos-acores-em-respostas-de-proximidade-para-a-comunidade-senior-e-clara\/"]}]},{"@type":"BreadcrumbList","@id":"https:\/\/diariodalagoa.pt\/prioridade-do-governo-dos-acores-em-respostas-de-proximidade-para-a-comunidade-senior-e-clara\/#breadcrumb","itemListElement":[{"@type":"ListItem","position":1,"name":"In\u00edcio","item":"https:\/\/diariodalagoa.pt\/"},{"@type":"ListItem","position":2,"name":"Prioridade do Governo dos A\u00e7ores em respostas de proximidade para a comunidade s\u00e9nior \u00e9 clara"}]},{"@type":"WebSite","@id":"https:\/\/diariodalagoa.pt\/#website","url":"https:\/\/diariodalagoa.pt\/","name":"Di\u00e1rio da Lagoa","description":"Di\u00e1rio da Lagoa. As not\u00edcias que contam. A partir da Lagoa, nos A\u00e7ores, para o mundo.","potentialAction":[{"@type":"SearchAction","target":{"@type":"EntryPoint","urlTemplate":"https:\/\/diariodalagoa.pt\/?s={search_term_string}"},"query-input":"required name=search_term_string"}],"inLanguage":"fr-FR"},{"@type":"Person","@id":"https:\/\/diariodalagoa.pt\/#\/schema\/person\/1615a002370e8857b6f972834bc43ece","name":"Di\u00e1rio da Lagoa","image":{"@type":"ImageObject","inLanguage":"fr-FR","@id":"https:\/\/diariodalagoa.pt\/#\/schema\/person\/image\/","url":"https:\/\/secure.gravatar.com\/avatar\/2cb5cef90a26f8fbd4d9d930608102c5?s=96&d=mm&r=g","contentUrl":"https:\/\/secure.gravatar.com\/avatar\/2cb5cef90a26f8fbd4d9d930608102c5?s=96&d=mm&r=g","caption":"Di\u00e1rio da Lagoa"},"url":"https:\/\/diariodalagoa.pt\/fr\/author\/diariodalagoa\/"}]}},"_links":{"self":[{"href":"https:\/\/diariodalagoa.pt\/fr\/wp-json\/wp\/v2\/posts\/10436"}],"collection":[{"href":"https:\/\/diariodalagoa.pt\/fr\/wp-json\/wp\/v2\/posts"}],"about":[{"href":"https:\/\/diariodalagoa.pt\/fr\/wp-json\/wp\/v2\/types\/post"}],"author":[{"embeddable":true,"href":"https:\/\/diariodalagoa.pt\/fr\/wp-json\/wp\/v2\/users\/2"}],"replies":[{"embeddable":true,"href":"https:\/\/diariodalagoa.pt\/fr\/wp-json\/wp\/v2\/comments?post=10436"}],"version-history":[{"count":0,"href":"https:\/\/diariodalagoa.pt\/fr\/wp-json\/wp\/v2\/posts\/10436\/revisions"}],"wp:attachment":[{"href":"https:\/\/diariodalagoa.pt\/fr\/wp-json\/wp\/v2\/media?parent=10436"}],"wp:term":[{"taxonomy":"category","embeddable":true,"href":"https:\/\/diariodalagoa.pt\/fr\/wp-json\/wp\/v2\/categories?post=10436"},{"taxonomy":"post_tag","embeddable":true,"href":"https:\/\/diariodalagoa.pt\/fr\/wp-json\/wp\/v2\/tags?post=10436"}],"curies":[{"name":"wp","href":"https:\/\/api.w.org\/{rel}","templated":true}]}}