{"id":10419,"date":"2014-10-18T17:23:45","date_gmt":"2014-10-18T18:23:45","guid":{"rendered":"http:\/\/diariodalagoa.pt\/?p=10419"},"modified":"2014-10-18T17:23:45","modified_gmt":"2014-10-18T18:23:45","slug":"vitor-fraga-sublinha-importancia-da-qualificacao-para-fortalecer-o-setor-do-turismo-regional","status":"publish","type":"post","link":"https:\/\/diariodalagoa.pt\/fr\/vitor-fraga-sublinha-importancia-da-qualificacao-para-fortalecer-o-setor-do-turismo-regional\/","title":{"rendered":"V\u00edtor Fraga sublinha import\u00e2ncia da qualifica\u00e7\u00e3o para fortalecer o setor do turismo regional\u00a0"},"content":{"rendered":"<p style=\"text-align: justify;\"><img decoding=\"async\" class=\"alignnone size-full wp-image-10422\" src=\"http:\/\/diariodalagoa.pt\/wp-content\/uploads\/2014\/10\/Bienal-Turismo-Rural-Vitor-Fraga-.jpg\" alt=\"Bienal-Turismo-Rural-Vitor-Fraga-\" width=\"720\" height=\"380\" \/><\/p>\n<p style=\"text-align: justify;\"><span style=\"color: rgb(0, 0, 0);\">O Secret\u00e1rio Regional do Turismo e Transportes reafirmou que a aposta na qualifica\u00e7\u00e3o \u00e9 uma vertente fulcral para o turismo, j\u00e1 que, al\u00e9m de potenciar a sua promo\u00e7\u00e3o, acarreta benef\u00edcios diretos para as empresas, assegurando a qualidade da sua oferta e tornando-as economicamente mais fortes.\u00a0<\/span><\/p>\n<p style=\"text-align: justify;\"><span style=\"color: rgb(0, 0, 0);\">V\u00edtor Fraga, que falava\u00a0no encerramento da VII Bienal de Turismo em Espa\u00e7o Rural, que decorreu nas Velas, ilha de S\u00e3o Jorge, frisou que este \u00e9 um segmento estruturante do setor que, fruto de uma aposta continuada, \u00e9 agora um exemplo a n\u00edvel nacional.\u00a0<\/span><\/p>\n<p style=\"text-align: justify;\"><span style=\"color: rgb(0, 0, 0);\">Para o Secret\u00e1rio Regional, \u00e9, no entanto, necess\u00e1rio responder aos novos desafios, na qualifica\u00e7\u00e3o da oferta e consequente melhoria, entre outros aspetos, do atendimento proporcionado aos visitantes.<\/span><\/p>\n<p style=\"text-align: justify;\"><span style=\"color: rgb(0, 0, 0);\">O Secret\u00e1rio Regional\u00a0revelou ainda que o Executivo est\u00e1 a proceder \u00e0 reclassifica\u00e7\u00e3o das unidades de alojamento tur\u00edstico existentes, em particular os empreendimentos de turismo rural, efetuando auditorias a todos os estabelecimentos nas nove ilhas.<\/span><\/p>\n<p style=\"text-align: justify;\"><span style=\"color: rgb(0, 0, 0);\">\u201cPretendemos reformular o enquadramento legal desta tipologia, estabelecendo uma escala de qualifica\u00e7\u00e3o das unidades de alojamento&#8221;, afirmou, acrescentando que\u00a0&#8220;esta medida passa por criar um quadro de requisitos obrigat\u00f3rios e opcionais, \u00e0 semelhan\u00e7a dos quadros referentes ao crit\u00e9rio de instala\u00e7\u00f5es, qualifica\u00e7\u00e3o e funcionamento dos hot\u00e9is e apartamentos tur\u00edsticos\u201d.<\/span><\/p>\n<p style=\"text-align: justify;\"><span style=\"color: rgb(0, 0, 0);\">Na sua interven\u00e7\u00e3o, V\u00edtor Fraga salientou\u00a0ainda a inten\u00e7\u00e3o de incluir requisitos referentes \u00e0 qualidade ambiental e \u00e0 valoriza\u00e7\u00e3o de produtos e servi\u00e7os produzidos na zona dos empreendimentos. \u00a0<\/span><\/p>\n<p style=\"text-align: justify;\"><span style=\"color: rgb(0, 0, 0);\">V\u00edtor Fraga sublinhou ainda o trabalho realizado pelas Casas A\u00e7orianas na dinamiza\u00e7\u00e3o do turismo em espa\u00e7o rural, que destacou como um bom exemplo do que pode ser alcan\u00e7ado nas parcerias entre entidades p\u00fablicas e privadas neste\u00a0setor, que \u00e9 cada vez mais estruturante da economia regional.<\/span><\/p>\n<p style=\"text-align: justify;\"><span style=\"color: rgb(0, 0, 0);\"><em>DL\/GaCs<\/em><\/span><\/p>","protected":false},"excerpt":{"rendered":"<p>O Secret\u00e1rio Regional do Turismo e Transportes reafirmou que a aposta na qualifica\u00e7\u00e3o \u00e9 uma vertente fulcral para o turismo, j\u00e1 que, al\u00e9m de potenciar a sua promo\u00e7\u00e3o, acarreta benef\u00edcios diretos para as empresas, assegurando a qualidade da sua oferta e tornando-as economicamente mais fortes.\u00a0 V\u00edtor Fraga, que falava\u00a0no encerramento da VII Bienal de Turismo [&hellip;]<\/p>","protected":false},"author":2,"featured_media":0,"comment_status":"open","ping_status":"open","sticky":false,"template":"","format":"standard","meta":[],"categories":[21],"tags":[],"acf":[],"yoast_head":"<!-- This site is optimized with the Yoast SEO plugin v20.10 - https:\/\/yoast.com\/wordpress\/plugins\/seo\/ -->\n<title>V\u00edtor Fraga sublinha import\u00e2ncia da qualifica\u00e7\u00e3o para fortalecer o setor do turismo regional\u00a0 - Di\u00e1rio da Lagoa<\/title>\n<meta name=\"robots\" content=\"index, follow, max-snippet:-1, max-image-preview:large, max-video-preview:-1\" \/>\n<link rel=\"canonical\" href=\"https:\/\/diariodalagoa.pt\/fr\/vitor-fraga-sublinha-importancia-da-qualificacao-para-fortalecer-o-setor-do-turismo-regional\/\" \/>\n<meta property=\"og:locale\" content=\"fr_FR\" \/>\n<meta property=\"og:type\" content=\"article\" \/>\n<meta property=\"og:title\" content=\"V\u00edtor Fraga sublinha import\u00e2ncia da qualifica\u00e7\u00e3o para fortalecer o setor do turismo regional\u00a0 - Di\u00e1rio da Lagoa\" \/>\n<meta property=\"og:description\" content=\"O Secret\u00e1rio Regional do Turismo e Transportes reafirmou que a aposta na qualifica\u00e7\u00e3o \u00e9 uma vertente fulcral para o turismo, j\u00e1 que, al\u00e9m de potenciar a sua promo\u00e7\u00e3o, acarreta benef\u00edcios diretos para as empresas, assegurando a qualidade da sua oferta e tornando-as economicamente mais fortes.\u00a0 V\u00edtor Fraga, que falava\u00a0no encerramento da VII Bienal de Turismo [&hellip;]\" \/>\n<meta property=\"og:url\" content=\"https:\/\/diariodalagoa.pt\/fr\/vitor-fraga-sublinha-importancia-da-qualificacao-para-fortalecer-o-setor-do-turismo-regional\/\" \/>\n<meta property=\"og:site_name\" content=\"Di\u00e1rio da Lagoa\" \/>\n<meta property=\"article:published_time\" content=\"2014-10-18T18:23:45+00:00\" \/>\n<meta property=\"og:image\" content=\"http:\/\/diariodalagoa.pt\/wp-content\/uploads\/2014\/10\/Bienal-Turismo-Rural-Vitor-Fraga-.jpg\" \/>\n<meta name=\"author\" content=\"Di\u00e1rio da Lagoa\" \/>\n<meta name=\"twitter:card\" content=\"summary_large_image\" \/>\n<meta name=\"twitter:label1\" content=\"\u00c9crit par\" \/>\n\t<meta name=\"twitter:data1\" content=\"Di\u00e1rio da Lagoa\" \/>\n\t<meta name=\"twitter:label2\" content=\"Dur\u00e9e de lecture estim\u00e9e\" \/>\n\t<meta name=\"twitter:data2\" content=\"2 minutes\" \/>\n<script type=\"application\/ld+json\" class=\"yoast-schema-graph\">{\"@context\":\"https:\/\/schema.org\",\"@graph\":[{\"@type\":\"WebPage\",\"@id\":\"https:\/\/diariodalagoa.pt\/vitor-fraga-sublinha-importancia-da-qualificacao-para-fortalecer-o-setor-do-turismo-regional\/\",\"url\":\"https:\/\/diariodalagoa.pt\/vitor-fraga-sublinha-importancia-da-qualificacao-para-fortalecer-o-setor-do-turismo-regional\/\",\"name\":\"V\u00edtor Fraga sublinha import\u00e2ncia da qualifica\u00e7\u00e3o para fortalecer o setor do turismo regional\u00a0 - Di\u00e1rio da Lagoa\",\"isPartOf\":{\"@id\":\"https:\/\/diariodalagoa.pt\/#website\"},\"datePublished\":\"2014-10-18T18:23:45+00:00\",\"dateModified\":\"2014-10-18T18:23:45+00:00\",\"author\":{\"@id\":\"https:\/\/diariodalagoa.pt\/#\/schema\/person\/1615a002370e8857b6f972834bc43ece\"},\"breadcrumb\":{\"@id\":\"https:\/\/diariodalagoa.pt\/vitor-fraga-sublinha-importancia-da-qualificacao-para-fortalecer-o-setor-do-turismo-regional\/#breadcrumb\"},\"inLanguage\":\"fr-FR\",\"potentialAction\":[{\"@type\":\"ReadAction\",\"target\":[\"https:\/\/diariodalagoa.pt\/vitor-fraga-sublinha-importancia-da-qualificacao-para-fortalecer-o-setor-do-turismo-regional\/\"]}]},{\"@type\":\"BreadcrumbList\",\"@id\":\"https:\/\/diariodalagoa.pt\/vitor-fraga-sublinha-importancia-da-qualificacao-para-fortalecer-o-setor-do-turismo-regional\/#breadcrumb\",\"itemListElement\":[{\"@type\":\"ListItem\",\"position\":1,\"name\":\"In\u00edcio\",\"item\":\"https:\/\/diariodalagoa.pt\/\"},{\"@type\":\"ListItem\",\"position\":2,\"name\":\"V\u00edtor Fraga sublinha import\u00e2ncia da qualifica\u00e7\u00e3o para fortalecer o setor do turismo regional\u00a0\"}]},{\"@type\":\"WebSite\",\"@id\":\"https:\/\/diariodalagoa.pt\/#website\",\"url\":\"https:\/\/diariodalagoa.pt\/\",\"name\":\"Di\u00e1rio da Lagoa\",\"description\":\"Di\u00e1rio da Lagoa. As not\u00edcias que contam. A partir da Lagoa, nos A\u00e7ores, para o mundo.\",\"potentialAction\":[{\"@type\":\"SearchAction\",\"target\":{\"@type\":\"EntryPoint\",\"urlTemplate\":\"https:\/\/diariodalagoa.pt\/?s={search_term_string}\"},\"query-input\":\"required name=search_term_string\"}],\"inLanguage\":\"fr-FR\"},{\"@type\":\"Person\",\"@id\":\"https:\/\/diariodalagoa.pt\/#\/schema\/person\/1615a002370e8857b6f972834bc43ece\",\"name\":\"Di\u00e1rio da Lagoa\",\"image\":{\"@type\":\"ImageObject\",\"inLanguage\":\"fr-FR\",\"@id\":\"https:\/\/diariodalagoa.pt\/#\/schema\/person\/image\/\",\"url\":\"https:\/\/secure.gravatar.com\/avatar\/2cb5cef90a26f8fbd4d9d930608102c5?s=96&d=mm&r=g\",\"contentUrl\":\"https:\/\/secure.gravatar.com\/avatar\/2cb5cef90a26f8fbd4d9d930608102c5?s=96&d=mm&r=g\",\"caption\":\"Di\u00e1rio da Lagoa\"},\"url\":\"https:\/\/diariodalagoa.pt\/fr\/author\/diariodalagoa\/\"}]}<\/script>\n<!-- \/ Yoast SEO plugin. -->","yoast_head_json":{"title":"V\u00edtor Fraga sublinha import\u00e2ncia da qualifica\u00e7\u00e3o para fortalecer o setor do turismo regional\u00a0 - Di\u00e1rio da Lagoa","robots":{"index":"index","follow":"follow","max-snippet":"max-snippet:-1","max-image-preview":"max-image-preview:large","max-video-preview":"max-video-preview:-1"},"canonical":"https:\/\/diariodalagoa.pt\/fr\/vitor-fraga-sublinha-importancia-da-qualificacao-para-fortalecer-o-setor-do-turismo-regional\/","og_locale":"fr_FR","og_type":"article","og_title":"V\u00edtor Fraga sublinha import\u00e2ncia da qualifica\u00e7\u00e3o para fortalecer o setor do turismo regional\u00a0 - Di\u00e1rio da Lagoa","og_description":"O Secret\u00e1rio Regional do Turismo e Transportes reafirmou que a aposta na qualifica\u00e7\u00e3o \u00e9 uma vertente fulcral para o turismo, j\u00e1 que, al\u00e9m de potenciar a sua promo\u00e7\u00e3o, acarreta benef\u00edcios diretos para as empresas, assegurando a qualidade da sua oferta e tornando-as economicamente mais fortes.\u00a0 V\u00edtor Fraga, que falava\u00a0no encerramento da VII Bienal de Turismo [&hellip;]","og_url":"https:\/\/diariodalagoa.pt\/fr\/vitor-fraga-sublinha-importancia-da-qualificacao-para-fortalecer-o-setor-do-turismo-regional\/","og_site_name":"Di\u00e1rio da Lagoa","article_published_time":"2014-10-18T18:23:45+00:00","og_image":[{"url":"http:\/\/diariodalagoa.pt\/wp-content\/uploads\/2014\/10\/Bienal-Turismo-Rural-Vitor-Fraga-.jpg"}],"author":"Di\u00e1rio da Lagoa","twitter_card":"summary_large_image","twitter_misc":{"\u00c9crit par":"Di\u00e1rio da Lagoa","Dur\u00e9e de lecture estim\u00e9e":"2 minutes"},"schema":{"@context":"https:\/\/schema.org","@graph":[{"@type":"WebPage","@id":"https:\/\/diariodalagoa.pt\/vitor-fraga-sublinha-importancia-da-qualificacao-para-fortalecer-o-setor-do-turismo-regional\/","url":"https:\/\/diariodalagoa.pt\/vitor-fraga-sublinha-importancia-da-qualificacao-para-fortalecer-o-setor-do-turismo-regional\/","name":"V\u00edtor Fraga sublinha import\u00e2ncia da qualifica\u00e7\u00e3o para fortalecer o setor do turismo regional\u00a0 - Di\u00e1rio da Lagoa","isPartOf":{"@id":"https:\/\/diariodalagoa.pt\/#website"},"datePublished":"2014-10-18T18:23:45+00:00","dateModified":"2014-10-18T18:23:45+00:00","author":{"@id":"https:\/\/diariodalagoa.pt\/#\/schema\/person\/1615a002370e8857b6f972834bc43ece"},"breadcrumb":{"@id":"https:\/\/diariodalagoa.pt\/vitor-fraga-sublinha-importancia-da-qualificacao-para-fortalecer-o-setor-do-turismo-regional\/#breadcrumb"},"inLanguage":"fr-FR","potentialAction":[{"@type":"ReadAction","target":["https:\/\/diariodalagoa.pt\/vitor-fraga-sublinha-importancia-da-qualificacao-para-fortalecer-o-setor-do-turismo-regional\/"]}]},{"@type":"BreadcrumbList","@id":"https:\/\/diariodalagoa.pt\/vitor-fraga-sublinha-importancia-da-qualificacao-para-fortalecer-o-setor-do-turismo-regional\/#breadcrumb","itemListElement":[{"@type":"ListItem","position":1,"name":"In\u00edcio","item":"https:\/\/diariodalagoa.pt\/"},{"@type":"ListItem","position":2,"name":"V\u00edtor Fraga sublinha import\u00e2ncia da qualifica\u00e7\u00e3o para fortalecer o setor do turismo regional\u00a0"}]},{"@type":"WebSite","@id":"https:\/\/diariodalagoa.pt\/#website","url":"https:\/\/diariodalagoa.pt\/","name":"Di\u00e1rio da Lagoa","description":"Di\u00e1rio da Lagoa. As not\u00edcias que contam. A partir da Lagoa, nos A\u00e7ores, para o mundo.","potentialAction":[{"@type":"SearchAction","target":{"@type":"EntryPoint","urlTemplate":"https:\/\/diariodalagoa.pt\/?s={search_term_string}"},"query-input":"required name=search_term_string"}],"inLanguage":"fr-FR"},{"@type":"Person","@id":"https:\/\/diariodalagoa.pt\/#\/schema\/person\/1615a002370e8857b6f972834bc43ece","name":"Di\u00e1rio da Lagoa","image":{"@type":"ImageObject","inLanguage":"fr-FR","@id":"https:\/\/diariodalagoa.pt\/#\/schema\/person\/image\/","url":"https:\/\/secure.gravatar.com\/avatar\/2cb5cef90a26f8fbd4d9d930608102c5?s=96&d=mm&r=g","contentUrl":"https:\/\/secure.gravatar.com\/avatar\/2cb5cef90a26f8fbd4d9d930608102c5?s=96&d=mm&r=g","caption":"Di\u00e1rio da Lagoa"},"url":"https:\/\/diariodalagoa.pt\/fr\/author\/diariodalagoa\/"}]}},"_links":{"self":[{"href":"https:\/\/diariodalagoa.pt\/fr\/wp-json\/wp\/v2\/posts\/10419"}],"collection":[{"href":"https:\/\/diariodalagoa.pt\/fr\/wp-json\/wp\/v2\/posts"}],"about":[{"href":"https:\/\/diariodalagoa.pt\/fr\/wp-json\/wp\/v2\/types\/post"}],"author":[{"embeddable":true,"href":"https:\/\/diariodalagoa.pt\/fr\/wp-json\/wp\/v2\/users\/2"}],"replies":[{"embeddable":true,"href":"https:\/\/diariodalagoa.pt\/fr\/wp-json\/wp\/v2\/comments?post=10419"}],"version-history":[{"count":0,"href":"https:\/\/diariodalagoa.pt\/fr\/wp-json\/wp\/v2\/posts\/10419\/revisions"}],"wp:attachment":[{"href":"https:\/\/diariodalagoa.pt\/fr\/wp-json\/wp\/v2\/media?parent=10419"}],"wp:term":[{"taxonomy":"category","embeddable":true,"href":"https:\/\/diariodalagoa.pt\/fr\/wp-json\/wp\/v2\/categories?post=10419"},{"taxonomy":"post_tag","embeddable":true,"href":"https:\/\/diariodalagoa.pt\/fr\/wp-json\/wp\/v2\/tags?post=10419"}],"curies":[{"name":"wp","href":"https:\/\/api.w.org\/{rel}","templated":true}]}}