{"id":104176,"date":"2022-10-04T23:11:02","date_gmt":"2022-10-04T23:11:02","guid":{"rendered":"https:\/\/diariodalagoa.pt\/?p=104176"},"modified":"2024-05-25T11:10:29","modified_gmt":"2024-05-25T11:10:29","slug":"em-crianca-nao-sabia-que-a-musica-podia-ser-um-futuro","status":"publish","type":"post","link":"https:\/\/diariodalagoa.pt\/fr\/em-crianca-nao-sabia-que-a-musica-podia-ser-um-futuro\/","title":{"rendered":"&#8220;Em crian\u00e7a n\u00e3o sabia que a m\u00fasica podia ser um futuro&#8221;"},"content":{"rendered":"<h3 class=\"wp-block-heading\">Helena Castro Ferreira, natural da freguesia do Ros\u00e1rio do concelho da Lagoa, \u00e9 cantora. De tenra idade \u00e0 vida adulta, Helena leva a paix\u00e3o pela m\u00fasica e o desafio da \u00f3pera como objetivo de vida.&nbsp; Realizada com o seu presente, conta ao DL o seu percurso na vida da m\u00fasica<\/h3>\n\n\n\n<figure class=\"wp-block-image size-full\"><img decoding=\"async\" src=\"https:\/\/diariodalagoa.pt\/wp-content\/uploads\/2022\/10\/Helena-Castro-Ferreira-\u00a9-CATARINA-TEIXEIRA.jpg\" alt=\"\" class=\"wp-image-104177\"\/><figcaption class=\"wp-element-caption\"><sup>\u00a0Helena Castro Ferreira estudou \u00f3pera na cidade de Hamburgo na Alemanha, onde viveu durante oito anos <mark style=\"background-color:rgba(0, 0, 0, 0)\" class=\"has-inline-color has-cyan-bluish-gray-color\">\u00a9 CATARINA TEIXEIRA\/ DL<\/mark><\/sup><\/figcaption><\/figure>\n\n\n<p><span style=\"font-weight: 400;\">Com a mem\u00f3ria presente das grava\u00e7\u00f5es que a m\u00e3e lhe fazia aos dois anos de idade, j\u00e1 a cantar, Helena deixa bem real\u00e7ada a vontade de continuar a sua forma\u00e7\u00e3o nesta \u00e1rea. No conservat\u00f3rio foi onde aprendeu a t\u00e9cnica vocal e a dar uso \u00e0 voz.\u00a0 Foi para a Universidade dos A\u00e7ores para o curso de Rela\u00e7\u00f5es P\u00fablicas e Comunica\u00e7\u00e3o e de seguida para a Escola Superior de M\u00fasica e Artes do Espet\u00e1culo, no Porto. Alemanha foi o pa\u00eds onde, durante oito anos, decidiu continuar os seus estudos acabando por fazer a sua licenciatura e o mestrado em \u00f3pera em Hamburgo.\u00a0 O sol, o bom tempo e a boa energia de Portugal, foram as principais raz\u00f5es que num dia, enquanto estava a ir para o teatro na Alemanha, com um casaco comprido, cachecol, botas e guarda-chuva, decidiu voltar para Portugal. Foi por c\u00e1 que tirou um doutoramento em Performance na Universidade de Aveiro.\u00a0\u00a0<\/span><\/p>\n<p><b>DL: Como come\u00e7a a sua hist\u00f3ria na m\u00fasica?<\/b><b><br \/><\/b><span style=\"font-weight: 400;\">Desde que eu me lembro, sempre gostei de cantar. Era coisa que sempre se fazia l\u00e1 em casa. Durante as tarefas, enquanto se lava a lou\u00e7a, quando se varre a cozinha. N\u00f3s t\u00ednhamos o h\u00e1bito de cantar l\u00e1 em casa e fazer harmonias entre n\u00f3s. Eu cresci no folclore. A minha m\u00e3e \u00e9 ensaiadora aqui do Grujola, o grupo Folcl\u00f3rico do Ros\u00e1rio da Lagoa e portanto, cresci no meio da m\u00fasica. A primeira vez que eu me lembro de cantar em p\u00fablico, foi aos quatro anos, acompanhada pelos m\u00fasicos do Grujola no teatro de \u00c1gua de Pau.<\/span><span style=\"font-weight: 400;\">\u00a0<\/span><\/p>\n<p><b>DL: Porqu\u00ea a \u00f3pera?<\/b><b><br \/><\/b><span style=\"font-weight: 400;\">Foi pela dificuldade em si, pelo desafio. Tinha de fazer teatro, tinha de cantar. Quando a \u00f3pera apareceu h\u00e1 500 anos atr\u00e1s, n\u00e3o havia microfones. Ou seja, a t\u00e9cnica vocal que n\u00f3s temos de usar para cantar \u00f3pera, que se chama canto l\u00edrico, obriga a que n\u00f3s tenhamos um controlo muito grande da nossa voz, ao ponto de conseguirmos ter um volume que permita ser ouvido num teatro sem microfone, enquanto uma orquestra toca. Isso para mim \u00e9 muito mais desafiante do que ter um microfone que apanha qualquer som que eu possa fazer.\u00a0 A \u00f3pera como tem uma t\u00e9cnica vocal muito mais desafiante e muito mais abrangente, foi aquela que acabou por me motivar mais. <\/span><span style=\"font-weight: 400;\">\u00a0<\/span><\/p>\n<p><b>DL: Sempre olhou para a m\u00fasica e imaginava um futuro?<\/b><b><br \/><\/b><span style=\"font-weight: 400;\">N\u00e3o. Em crian\u00e7a n\u00e3o sabia que a m\u00fasica podia ser um futuro.\u00a0 Agora \u00e9 mais f\u00e1cil para quem est\u00e1 no conservat\u00f3rio perceber que h\u00e1 possibilidade de seguir carreira na m\u00fasica. Mas no meu tempo isso n\u00e3o se pensava. Os meus pais colocaram-me no conservat\u00f3rio como um passatempo. Nunca lhes passou pela cabe\u00e7a que um dia eu iria dizer \u201colha, afinal existem cursos superiores de m\u00fasica e eu quero ser m\u00fasico de profiss\u00e3o, eu quero ir para fora\u201d.\u00a0<\/span><\/p>\n<p><span style=\"font-weight: 400;\">\u00a0<\/span><b>DL: Qual \u00e9 o conselho que poderia dar a um jovem que quer seguir uma arte, neste caso a m\u00fasica?<\/b><b><br \/><\/b><span style=\"font-weight: 400;\">As pessoas t\u00eam de pensar se \u00e9 algo que elas precisam para a sua vida. Se fazer m\u00fasica, ou se fazer escultura, \u00e9 algo que tu precisas de fazer para seres feliz. Se precisas daquilo para viver, ser feliz, estar bem contigo, eu acho que tu encontras sempre uma forma. Se calhar nunca mais voltar \u00e0 tua ilha, mas tu encontras uma forma de conseguir fazer isso. Tens de te dedicar, tem de haver muita disciplina, tem de haver muita entrega \u00e0quilo que se faz e muito sacrif\u00edcio \u00e0 nossa volta, mesmo a n\u00edvel familiar, \u00e0s vezes \u00e9 muito dif\u00edcil gerir uma fam\u00edlia quando se tem uma arte, uma coisa que ocupa a nossa vida. Tem de ser uma paix\u00e3o a s\u00e9rio.\u00a0\u00a0<\/span><\/p>\n<p><b>DL: Acha que a \u00f3pera tem se valorizado ou desvalorizado com o passar do tempo?<\/b><b><br \/><\/b><span style=\"font-weight: 400;\">Eu acho que n\u00f3s estamos a cometer um erro muito grande, no geral. N\u00e3o s\u00f3 c\u00e1, mas em muitos s\u00edtios. N\u00e3o estamos a dar oportunidade \u00e0s crian\u00e7as, aos jovens, de conhecerem esses tipos de arte. N\u00e3o estamos a levar a arte \u00e0 educa\u00e7\u00e3o. Esperamos que as pessoas de si, quando se tornarem mais velhas, venham ter connosco, e isto \u00e9 um problema.\u00a0 Eu nunca vi uma crian\u00e7a ir \u00e0 \u00f3pera e dizer que n\u00e3o gostou. A quest\u00e3o est\u00e1 em se n\u00f3s estamos a contribuir para isso ou se estamos simplesmente parados a querer fazer grandes press\u00f5es \u00e0 espera que as pessoas venham ter connosco.\u00a0\u00a0\u00a0<\/span><\/p>\n<p><b>DL: Considera que, na ilha, regra geral, n\u00e3o se tem por ambi\u00e7\u00e3o, viver da m\u00fasica?<\/b><b><br \/><\/b><span style=\"font-weight: 400;\">As pessoas c\u00e1 n\u00e3o t\u00eam o mesmo acesso \u00e0 arte como se tem l\u00e1 fora. Um pai que seja de fora, um adulto que tenha crescido e vivido l\u00e1 fora, v\u00ea a arte acontecer \u00e0 sua volta, v\u00ea mais que aquilo que n\u00f3s vemos c\u00e1. Ainda estamos muito atrasados em rela\u00e7\u00e3o a Portugal continental e a outros pa\u00edses europeus. Os pais hoje em dia, que t\u00eam filhos que v\u00e3o para a universidade e poderiam escolher teatro, m\u00fasica, artes em geral, estes pais n\u00e3o cresceram num meio em que as artes eram uma coisa facilitada, portanto \u00e9 normal que se sintam inseguros. Um pai que viveu c\u00e1 toda a sua vida e que n\u00e3o v\u00ea a arte a acontecer \u00e0 sua volta, vai temer pelo futuro do filho. Os meus temeram pelo meu.<\/span><\/p>\n<p><b>DL: Quais s\u00e3o as maiores dificuldades que encontra nesse caminho?<\/b><b><br \/><\/b><span style=\"font-weight: 400;\">\u00c9 preciso mesmo muita disciplina, manter-me focada e disciplinada, \u00e9 muito dif\u00edcil. \u00c9 preciso mesmo um trabalho mental para tal e depois, a fragilidade do pr\u00f3prio instrumento &#8211; e eu deparei-me muito com isso aqui [na Lagoa]\u00a0 na Traviata. Num espa\u00e7o de um m\u00eas eu tive COVID e gripe A e estava completamente rouca. A primeira vez que consegui cantar aquela \u00f3pera, do in\u00edcio ao fim foi no pr\u00f3prio dia da estreia. Foi extremamente stressante, \u00e9 um instrumento muito fr\u00e1gil. Basta constiparmo-nos, n\u00e3o dormir bem, qualquer coisa e fica um espet\u00e1culo inteiro em risco. <\/span><span style=\"font-weight: 400;\">\u00a0<\/span><\/p>\n<p><b>DL: Pr\u00f3ximos sonhos e aspira\u00e7\u00f5es?<\/b><b><br \/><\/b><span style=\"font-weight: 400;\">N\u00e3o \u00e9 que eu n\u00e3o tenha necessidade de sonhar, mas eu sinto-me realizada quando estou em palco, quando estou a fazer esse trabalho.\u00a0 Eu gostava de poder trabalhar em condi\u00e7\u00f5es mais profissionais, digamos, mais bem organizadas, mas isso n\u00e3o \u00e9 poss\u00edvel ainda. Ainda estamos muito no in\u00edcio, j\u00e1 fizemos muita coisa para uma ilha t\u00e3o pequena.<\/span><\/p>","protected":false},"excerpt":{"rendered":"<p>Helena Castro Ferreira, natural da freguesia do Ros\u00e1rio do concelho da Lagoa, \u00e9 cantora. De tenra idade \u00e0 vida adulta, Helena leva a paix\u00e3o pela m\u00fasica e o desafio da \u00f3pera como objetivo de vida.&nbsp; Realizada com o seu presente, conta ao DL o seu percurso na vida da m\u00fasica Com a mem\u00f3ria presente das [&hellip;]<\/p>","protected":false},"author":2,"featured_media":109448,"comment_status":"open","ping_status":"closed","sticky":false,"template":"","format":"standard","meta":[],"categories":[12],"tags":[],"acf":[],"yoast_head":"<!-- This site is optimized with the Yoast SEO plugin v20.10 - https:\/\/yoast.com\/wordpress\/plugins\/seo\/ -->\n<title>&quot;Em crian\u00e7a n\u00e3o sabia que a m\u00fasica podia ser um futuro&quot; - Di\u00e1rio da Lagoa<\/title>\n<meta name=\"description\" content=\"Helena Castro Ferreira, natural da freguesia do Ros\u00e1rio do concelho da Lagoa, \u00e9 cantora. De tenra idade \u00e0 vida adulta, Helena leva a paix\u00e3o pela m\u00fasica e o desafio da \u00f3pera como objetivo de vida.\u00a0 Realizada com o seu presente, conta ao DL o seu percurso na vida da m\u00fasica.\" \/>\n<meta name=\"robots\" content=\"index, follow, max-snippet:-1, max-image-preview:large, max-video-preview:-1\" \/>\n<link rel=\"canonical\" href=\"https:\/\/diariodalagoa.pt\/fr\/em-crianca-nao-sabia-que-a-musica-podia-ser-um-futuro\/\" \/>\n<meta property=\"og:locale\" content=\"fr_FR\" \/>\n<meta property=\"og:type\" content=\"article\" \/>\n<meta property=\"og:title\" content=\"&quot;Em crian\u00e7a n\u00e3o sabia que a m\u00fasica podia ser um futuro&quot; - Di\u00e1rio da Lagoa\" \/>\n<meta property=\"og:description\" content=\"Helena Castro Ferreira, natural da freguesia do Ros\u00e1rio do concelho da Lagoa, \u00e9 cantora. De tenra idade \u00e0 vida adulta, Helena leva a paix\u00e3o pela m\u00fasica e o desafio da \u00f3pera como objetivo de vida.\u00a0 Realizada com o seu presente, conta ao DL o seu percurso na vida da m\u00fasica.\" \/>\n<meta property=\"og:url\" content=\"https:\/\/diariodalagoa.pt\/fr\/em-crianca-nao-sabia-que-a-musica-podia-ser-um-futuro\/\" \/>\n<meta property=\"og:site_name\" content=\"Di\u00e1rio da Lagoa\" \/>\n<meta property=\"article:published_time\" content=\"2022-10-04T23:11:02+00:00\" \/>\n<meta property=\"article:modified_time\" content=\"2024-05-25T11:10:29+00:00\" \/>\n<meta property=\"og:image\" content=\"https:\/\/diariodalagoa.pt\/wp-content\/uploads\/2022\/10\/helena-castro-ferreira-catarina-teixeira.jpg\" \/>\n\t<meta property=\"og:image:width\" content=\"960\" \/>\n\t<meta property=\"og:image:height\" content=\"720\" \/>\n\t<meta property=\"og:image:type\" content=\"image\/jpeg\" \/>\n<meta name=\"author\" content=\"Di\u00e1rio da Lagoa\" \/>\n<meta name=\"twitter:card\" content=\"summary_large_image\" \/>\n<meta name=\"twitter:label1\" content=\"\u00c9crit par\" \/>\n\t<meta name=\"twitter:data1\" content=\"Di\u00e1rio da Lagoa\" \/>\n\t<meta name=\"twitter:label2\" content=\"Dur\u00e9e de lecture estim\u00e9e\" \/>\n\t<meta name=\"twitter:data2\" content=\"7 minutes\" \/>\n<script type=\"application\/ld+json\" class=\"yoast-schema-graph\">{\"@context\":\"https:\/\/schema.org\",\"@graph\":[{\"@type\":\"WebPage\",\"@id\":\"https:\/\/diariodalagoa.pt\/em-crianca-nao-sabia-que-a-musica-podia-ser-um-futuro\/\",\"url\":\"https:\/\/diariodalagoa.pt\/em-crianca-nao-sabia-que-a-musica-podia-ser-um-futuro\/\",\"name\":\"\\\"Em crian\u00e7a n\u00e3o sabia que a m\u00fasica podia ser um futuro\\\" - Di\u00e1rio da Lagoa\",\"isPartOf\":{\"@id\":\"https:\/\/diariodalagoa.pt\/#website\"},\"datePublished\":\"2022-10-04T23:11:02+00:00\",\"dateModified\":\"2024-05-25T11:10:29+00:00\",\"author\":{\"@id\":\"https:\/\/diariodalagoa.pt\/#\/schema\/person\/1615a002370e8857b6f972834bc43ece\"},\"description\":\"Helena Castro Ferreira, natural da freguesia do Ros\u00e1rio do concelho da Lagoa, \u00e9 cantora. De tenra idade \u00e0 vida adulta, Helena leva a paix\u00e3o pela m\u00fasica e o desafio da \u00f3pera como objetivo de vida.\u00a0 Realizada com o seu presente, conta ao DL o seu percurso na vida da m\u00fasica.\",\"breadcrumb\":{\"@id\":\"https:\/\/diariodalagoa.pt\/em-crianca-nao-sabia-que-a-musica-podia-ser-um-futuro\/#breadcrumb\"},\"inLanguage\":\"fr-FR\",\"potentialAction\":[{\"@type\":\"ReadAction\",\"target\":[\"https:\/\/diariodalagoa.pt\/em-crianca-nao-sabia-que-a-musica-podia-ser-um-futuro\/\"]}]},{\"@type\":\"BreadcrumbList\",\"@id\":\"https:\/\/diariodalagoa.pt\/em-crianca-nao-sabia-que-a-musica-podia-ser-um-futuro\/#breadcrumb\",\"itemListElement\":[{\"@type\":\"ListItem\",\"position\":1,\"name\":\"In\u00edcio\",\"item\":\"https:\/\/diariodalagoa.pt\/\"},{\"@type\":\"ListItem\",\"position\":2,\"name\":\"&#8220;Em crian\u00e7a n\u00e3o sabia que a m\u00fasica podia ser um futuro&#8221;\"}]},{\"@type\":\"WebSite\",\"@id\":\"https:\/\/diariodalagoa.pt\/#website\",\"url\":\"https:\/\/diariodalagoa.pt\/\",\"name\":\"Di\u00e1rio da Lagoa\",\"description\":\"Di\u00e1rio da Lagoa. As not\u00edcias que contam. A partir da Lagoa, nos A\u00e7ores, para o mundo.\",\"potentialAction\":[{\"@type\":\"SearchAction\",\"target\":{\"@type\":\"EntryPoint\",\"urlTemplate\":\"https:\/\/diariodalagoa.pt\/?s={search_term_string}\"},\"query-input\":\"required name=search_term_string\"}],\"inLanguage\":\"fr-FR\"},{\"@type\":\"Person\",\"@id\":\"https:\/\/diariodalagoa.pt\/#\/schema\/person\/1615a002370e8857b6f972834bc43ece\",\"name\":\"Di\u00e1rio da Lagoa\",\"image\":{\"@type\":\"ImageObject\",\"inLanguage\":\"fr-FR\",\"@id\":\"https:\/\/diariodalagoa.pt\/#\/schema\/person\/image\/\",\"url\":\"https:\/\/secure.gravatar.com\/avatar\/2cb5cef90a26f8fbd4d9d930608102c5?s=96&d=mm&r=g\",\"contentUrl\":\"https:\/\/secure.gravatar.com\/avatar\/2cb5cef90a26f8fbd4d9d930608102c5?s=96&d=mm&r=g\",\"caption\":\"Di\u00e1rio da Lagoa\"},\"url\":\"https:\/\/diariodalagoa.pt\/fr\/author\/diariodalagoa\/\"}]}<\/script>\n<!-- \/ Yoast SEO plugin. -->","yoast_head_json":{"title":"\"Em crian\u00e7a n\u00e3o sabia que a m\u00fasica podia ser um futuro\" - Di\u00e1rio da Lagoa","description":"Helena Castro Ferreira, natural da freguesia do Ros\u00e1rio do concelho da Lagoa, \u00e9 cantora. De tenra idade \u00e0 vida adulta, Helena leva a paix\u00e3o pela m\u00fasica e o desafio da \u00f3pera como objetivo de vida.\u00a0 Realizada com o seu presente, conta ao DL o seu percurso na vida da m\u00fasica.","robots":{"index":"index","follow":"follow","max-snippet":"max-snippet:-1","max-image-preview":"max-image-preview:large","max-video-preview":"max-video-preview:-1"},"canonical":"https:\/\/diariodalagoa.pt\/fr\/em-crianca-nao-sabia-que-a-musica-podia-ser-um-futuro\/","og_locale":"fr_FR","og_type":"article","og_title":"\"Em crian\u00e7a n\u00e3o sabia que a m\u00fasica podia ser um futuro\" - Di\u00e1rio da Lagoa","og_description":"Helena Castro Ferreira, natural da freguesia do Ros\u00e1rio do concelho da Lagoa, \u00e9 cantora. De tenra idade \u00e0 vida adulta, Helena leva a paix\u00e3o pela m\u00fasica e o desafio da \u00f3pera como objetivo de vida.\u00a0 Realizada com o seu presente, conta ao DL o seu percurso na vida da m\u00fasica.","og_url":"https:\/\/diariodalagoa.pt\/fr\/em-crianca-nao-sabia-que-a-musica-podia-ser-um-futuro\/","og_site_name":"Di\u00e1rio da Lagoa","article_published_time":"2022-10-04T23:11:02+00:00","article_modified_time":"2024-05-25T11:10:29+00:00","og_image":[{"width":960,"height":720,"url":"https:\/\/diariodalagoa.pt\/wp-content\/uploads\/2022\/10\/helena-castro-ferreira-catarina-teixeira.jpg","type":"image\/jpeg"}],"author":"Di\u00e1rio da Lagoa","twitter_card":"summary_large_image","twitter_misc":{"\u00c9crit par":"Di\u00e1rio da Lagoa","Dur\u00e9e de lecture estim\u00e9e":"7 minutes"},"schema":{"@context":"https:\/\/schema.org","@graph":[{"@type":"WebPage","@id":"https:\/\/diariodalagoa.pt\/em-crianca-nao-sabia-que-a-musica-podia-ser-um-futuro\/","url":"https:\/\/diariodalagoa.pt\/em-crianca-nao-sabia-que-a-musica-podia-ser-um-futuro\/","name":"\"Em crian\u00e7a n\u00e3o sabia que a m\u00fasica podia ser um futuro\" - Di\u00e1rio da Lagoa","isPartOf":{"@id":"https:\/\/diariodalagoa.pt\/#website"},"datePublished":"2022-10-04T23:11:02+00:00","dateModified":"2024-05-25T11:10:29+00:00","author":{"@id":"https:\/\/diariodalagoa.pt\/#\/schema\/person\/1615a002370e8857b6f972834bc43ece"},"description":"Helena Castro Ferreira, natural da freguesia do Ros\u00e1rio do concelho da Lagoa, \u00e9 cantora. De tenra idade \u00e0 vida adulta, Helena leva a paix\u00e3o pela m\u00fasica e o desafio da \u00f3pera como objetivo de vida.\u00a0 Realizada com o seu presente, conta ao DL o seu percurso na vida da m\u00fasica.","breadcrumb":{"@id":"https:\/\/diariodalagoa.pt\/em-crianca-nao-sabia-que-a-musica-podia-ser-um-futuro\/#breadcrumb"},"inLanguage":"fr-FR","potentialAction":[{"@type":"ReadAction","target":["https:\/\/diariodalagoa.pt\/em-crianca-nao-sabia-que-a-musica-podia-ser-um-futuro\/"]}]},{"@type":"BreadcrumbList","@id":"https:\/\/diariodalagoa.pt\/em-crianca-nao-sabia-que-a-musica-podia-ser-um-futuro\/#breadcrumb","itemListElement":[{"@type":"ListItem","position":1,"name":"In\u00edcio","item":"https:\/\/diariodalagoa.pt\/"},{"@type":"ListItem","position":2,"name":"&#8220;Em crian\u00e7a n\u00e3o sabia que a m\u00fasica podia ser um futuro&#8221;"}]},{"@type":"WebSite","@id":"https:\/\/diariodalagoa.pt\/#website","url":"https:\/\/diariodalagoa.pt\/","name":"Di\u00e1rio da Lagoa","description":"Di\u00e1rio da Lagoa. As not\u00edcias que contam. A partir da Lagoa, nos A\u00e7ores, para o mundo.","potentialAction":[{"@type":"SearchAction","target":{"@type":"EntryPoint","urlTemplate":"https:\/\/diariodalagoa.pt\/?s={search_term_string}"},"query-input":"required name=search_term_string"}],"inLanguage":"fr-FR"},{"@type":"Person","@id":"https:\/\/diariodalagoa.pt\/#\/schema\/person\/1615a002370e8857b6f972834bc43ece","name":"Di\u00e1rio da Lagoa","image":{"@type":"ImageObject","inLanguage":"fr-FR","@id":"https:\/\/diariodalagoa.pt\/#\/schema\/person\/image\/","url":"https:\/\/secure.gravatar.com\/avatar\/2cb5cef90a26f8fbd4d9d930608102c5?s=96&d=mm&r=g","contentUrl":"https:\/\/secure.gravatar.com\/avatar\/2cb5cef90a26f8fbd4d9d930608102c5?s=96&d=mm&r=g","caption":"Di\u00e1rio da Lagoa"},"url":"https:\/\/diariodalagoa.pt\/fr\/author\/diariodalagoa\/"}]}},"_links":{"self":[{"href":"https:\/\/diariodalagoa.pt\/fr\/wp-json\/wp\/v2\/posts\/104176"}],"collection":[{"href":"https:\/\/diariodalagoa.pt\/fr\/wp-json\/wp\/v2\/posts"}],"about":[{"href":"https:\/\/diariodalagoa.pt\/fr\/wp-json\/wp\/v2\/types\/post"}],"author":[{"embeddable":true,"href":"https:\/\/diariodalagoa.pt\/fr\/wp-json\/wp\/v2\/users\/2"}],"replies":[{"embeddable":true,"href":"https:\/\/diariodalagoa.pt\/fr\/wp-json\/wp\/v2\/comments?post=104176"}],"version-history":[{"count":2,"href":"https:\/\/diariodalagoa.pt\/fr\/wp-json\/wp\/v2\/posts\/104176\/revisions"}],"predecessor-version":[{"id":134145,"href":"https:\/\/diariodalagoa.pt\/fr\/wp-json\/wp\/v2\/posts\/104176\/revisions\/134145"}],"wp:featuredmedia":[{"embeddable":true,"href":"https:\/\/diariodalagoa.pt\/fr\/wp-json\/wp\/v2\/media\/109448"}],"wp:attachment":[{"href":"https:\/\/diariodalagoa.pt\/fr\/wp-json\/wp\/v2\/media?parent=104176"}],"wp:term":[{"taxonomy":"category","embeddable":true,"href":"https:\/\/diariodalagoa.pt\/fr\/wp-json\/wp\/v2\/categories?post=104176"},{"taxonomy":"post_tag","embeddable":true,"href":"https:\/\/diariodalagoa.pt\/fr\/wp-json\/wp\/v2\/tags?post=104176"}],"curies":[{"name":"wp","href":"https:\/\/api.w.org\/{rel}","templated":true}]}}