{"id":10191,"date":"2014-10-13T06:38:00","date_gmt":"2014-10-13T07:38:00","guid":{"rendered":"http:\/\/diariodalagoa.pt\/?p=10191"},"modified":"2014-10-13T06:38:00","modified_gmt":"2014-10-13T07:38:00","slug":"acores-subscrevem-declaracao-de-paris-sobre-o-clima","status":"publish","type":"post","link":"https:\/\/diariodalagoa.pt\/fr\/acores-subscrevem-declaracao-de-paris-sobre-o-clima\/","title":{"rendered":"A\u00e7ores subscrevem Declara\u00e7\u00e3o de Paris sobre o Clima"},"content":{"rendered":"<p style=\"text-align: justify;\"><img decoding=\"async\" class=\"alignnone size-full wp-image-8771\" src=\"http:\/\/diariodalagoa.pt\/wp-content\/uploads\/2014\/09\/A\u00e7ores-ambiente-floresta-paisagem-2-.jpg\" alt=\"A\u00e7ores-ambiente-floresta-paisagem (2)\" width=\"720\" height=\"380\" \/><\/p>\n<p style=\"text-align: justify;\"><span style=\"color: #000000;\">O Governo dos A\u00e7ores assinou, na capital francesa, a Declara\u00e7\u00e3o de Paris sobre o Clima, que afirma o compromisso e o contributo dos governos subnacionais para a Confer\u00eancia nas Na\u00e7\u00f5es Unidas sobre o Clima, que se vai realizar em dezembro de 2015.\u00a0<\/span><\/p>\n<p style=\"text-align: justify;\"><span style=\"color: #000000;\">\u201cO objetivo primeiro da Declara\u00e7\u00e3o de Paris consiste, naturalmente, em evidenciar o trabalho que j\u00e1 \u00e9 feito pelas regi\u00f5es, prov\u00edncias e estados federados em todo o mundo, mesmo quando os Estados a que pertencem n\u00e3o est\u00e3o entre os principais apoiantes do desenvolvimento de uma economia verde e, logo, de um amplo acordo internacional sobre o clima\u201d, afirmou o Subsecret\u00e1rio Regional da Presid\u00eancia para as Rela\u00e7\u00f5es Externas.\u00a0<\/span><\/p>\n<p style=\"text-align: justify;\"><span style=\"color: #000000;\">Rodrigo Oliveira, que participou na primeira Cimeira Mundial das Regi\u00f5es para o Clima, frisou que, nesta declara\u00e7\u00e3o, as regi\u00f5es afirmam o compromisso de continuar a tomar \u201cmedidas concretas para combater o aquecimento global, em termos de redu\u00e7\u00e3o das emiss\u00f5es de gases de efeito estufa, do aumento da efici\u00eancia energ\u00e9tica e da produ\u00e7\u00e3o de energia renov\u00e1vel\u201d.\u00a0<\/span><\/p>\n<p style=\"text-align: justify;\"><span style=\"color: #000000;\">A Declara\u00e7\u00e3o de Paris, que encerrou os trabalhos da cimeira que decorreu a 10 e 11 de outubro na capital francesa, d\u00e1 tamb\u00e9m destaque \u00e0 \u201cpartilha de experi\u00eancias e boas pr\u00e1ticas\u201d, prevendo a cria\u00e7\u00e3o de uma plataforma que visa \u201creconhecer os esfor\u00e7os de redu\u00e7\u00e3o de emiss\u00f5es poluentes desenvolvidos pelas regi\u00f5es\u201d.\u00a0<\/span><\/p>\n<p style=\"text-align: justify;\"><span style=\"color: #000000;\">As regi\u00f5es e estados federados que assinaram o documento assumiram tamb\u00e9m como objetivos \u201ccontribuir para refor\u00e7ar as capacidades dos governos locais e regionais em todos os pa\u00edses no que diz respeito \u00e0 implementa\u00e7\u00e3o efetiva de projetos com emiss\u00f5es de baixo carbono\u201d e refor\u00e7ar o desenvolvimento de programas de coopera\u00e7\u00e3o inter-regional para \u201cfacilitar a implementa\u00e7\u00e3o de medidas para refor\u00e7ar a autonomia, a efici\u00eancia e a seguran\u00e7a energ\u00e9tica em todas as regi\u00f5es do mundo\u201d.\u00a0<\/span><\/p>\n<p style=\"text-align: justify;\"><span style=\"color: #000000;\">As diversas organiza\u00e7\u00f5es de coopera\u00e7\u00e3o e as regi\u00f5es que subscreveram a Declara\u00e7\u00e3o de Paris comprometeram-se ainda a trabalhar em torno de projetos de refor\u00e7o das compet\u00eancias dos jovens, tendo em vista a transi\u00e7\u00e3o para uma economia verde como um novo modelo de desenvolvimento sustent\u00e1vel.\u00a0<\/span><\/p>\n<p style=\"text-align: justify;\"><span style=\"color: #000000;\">A Declara\u00e7\u00e3o de Paris vai ser apresentada em eventos como a Cimeira Mundial sobre o Clima, que decorre em Lima, no Per\u00fa, ainda em 2014, na Cimeira Mundial da Economia Verde, que se realiza no pr\u00f3ximo ano no Dubai, e na Cimeira Mundial sobre o Clima Paris 2015, tendo em vista a recolha de assinaturas e novas ades\u00f5es, mas tamb\u00e9m como um contributo positivo para as delibera\u00e7\u00f5es e resultados dessas confer\u00eancias.\u00a0<\/span><\/p>\n<p style=\"text-align: justify;\"><span style=\"color: #000000;\">A Cimeira Mundial das Regi\u00f5es reuniu centenas de participantes em representa\u00e7\u00e3o de regi\u00f5es, estados federados, prov\u00edncias, universidades, empresas e sociedade civil, numa iniciativa da R20 &#8211; Regi\u00f5es para a A\u00e7\u00e3o Clim\u00e1tica, uma organiza\u00e7\u00e3o n\u00e3o governamental fundada em 2010, na Calif\u00f3rnia, na qual o Presidente do Governo, Vasco Cordeiro, assume as fun\u00e7\u00f5es de Vice-Presidente para a Europa.<\/span><\/p>\n<p style=\"text-align: justify;\"><span style=\"color: #000000;\"><em>DL\/Gacs<\/em><\/span><\/p>","protected":false},"excerpt":{"rendered":"<p>O Governo dos A\u00e7ores assinou, na capital francesa, a Declara\u00e7\u00e3o de Paris sobre o Clima, que afirma o compromisso e o contributo dos governos subnacionais para a Confer\u00eancia nas Na\u00e7\u00f5es Unidas sobre o Clima, que se vai realizar em dezembro de 2015.\u00a0 \u201cO objetivo primeiro da Declara\u00e7\u00e3o de Paris consiste, naturalmente, em evidenciar o trabalho [&hellip;]<\/p>","protected":false},"author":2,"featured_media":0,"comment_status":"open","ping_status":"open","sticky":false,"template":"","format":"standard","meta":[],"categories":[21],"tags":[],"acf":[],"yoast_head":"<!-- This site is optimized with the Yoast SEO plugin v20.10 - https:\/\/yoast.com\/wordpress\/plugins\/seo\/ -->\n<title>A\u00e7ores subscrevem Declara\u00e7\u00e3o de Paris sobre o Clima - Di\u00e1rio da Lagoa<\/title>\n<meta name=\"robots\" content=\"index, follow, max-snippet:-1, max-image-preview:large, max-video-preview:-1\" \/>\n<link rel=\"canonical\" href=\"https:\/\/diariodalagoa.pt\/fr\/acores-subscrevem-declaracao-de-paris-sobre-o-clima\/\" \/>\n<meta property=\"og:locale\" content=\"fr_FR\" \/>\n<meta property=\"og:type\" content=\"article\" \/>\n<meta property=\"og:title\" content=\"A\u00e7ores subscrevem Declara\u00e7\u00e3o de Paris sobre o Clima - Di\u00e1rio da Lagoa\" \/>\n<meta property=\"og:description\" content=\"O Governo dos A\u00e7ores assinou, na capital francesa, a Declara\u00e7\u00e3o de Paris sobre o Clima, que afirma o compromisso e o contributo dos governos subnacionais para a Confer\u00eancia nas Na\u00e7\u00f5es Unidas sobre o Clima, que se vai realizar em dezembro de 2015.\u00a0 \u201cO objetivo primeiro da Declara\u00e7\u00e3o de Paris consiste, naturalmente, em evidenciar o trabalho [&hellip;]\" \/>\n<meta property=\"og:url\" content=\"https:\/\/diariodalagoa.pt\/fr\/acores-subscrevem-declaracao-de-paris-sobre-o-clima\/\" \/>\n<meta property=\"og:site_name\" content=\"Di\u00e1rio da Lagoa\" \/>\n<meta property=\"article:published_time\" content=\"2014-10-13T07:38:00+00:00\" \/>\n<meta name=\"author\" content=\"Di\u00e1rio da Lagoa\" \/>\n<meta name=\"twitter:card\" content=\"summary_large_image\" \/>\n<meta name=\"twitter:label1\" content=\"\u00c9crit par\" \/>\n\t<meta name=\"twitter:data1\" content=\"Di\u00e1rio da Lagoa\" \/>\n\t<meta name=\"twitter:label2\" content=\"Dur\u00e9e de lecture estim\u00e9e\" \/>\n\t<meta name=\"twitter:data2\" content=\"3 minutes\" \/>\n<script type=\"application\/ld+json\" class=\"yoast-schema-graph\">{\"@context\":\"https:\/\/schema.org\",\"@graph\":[{\"@type\":\"WebPage\",\"@id\":\"https:\/\/diariodalagoa.pt\/acores-subscrevem-declaracao-de-paris-sobre-o-clima\/\",\"url\":\"https:\/\/diariodalagoa.pt\/acores-subscrevem-declaracao-de-paris-sobre-o-clima\/\",\"name\":\"A\u00e7ores subscrevem Declara\u00e7\u00e3o de Paris sobre o Clima - Di\u00e1rio da Lagoa\",\"isPartOf\":{\"@id\":\"https:\/\/diariodalagoa.pt\/#website\"},\"datePublished\":\"2014-10-13T07:38:00+00:00\",\"dateModified\":\"2014-10-13T07:38:00+00:00\",\"author\":{\"@id\":\"https:\/\/diariodalagoa.pt\/#\/schema\/person\/1615a002370e8857b6f972834bc43ece\"},\"breadcrumb\":{\"@id\":\"https:\/\/diariodalagoa.pt\/acores-subscrevem-declaracao-de-paris-sobre-o-clima\/#breadcrumb\"},\"inLanguage\":\"fr-FR\",\"potentialAction\":[{\"@type\":\"ReadAction\",\"target\":[\"https:\/\/diariodalagoa.pt\/acores-subscrevem-declaracao-de-paris-sobre-o-clima\/\"]}]},{\"@type\":\"BreadcrumbList\",\"@id\":\"https:\/\/diariodalagoa.pt\/acores-subscrevem-declaracao-de-paris-sobre-o-clima\/#breadcrumb\",\"itemListElement\":[{\"@type\":\"ListItem\",\"position\":1,\"name\":\"In\u00edcio\",\"item\":\"https:\/\/diariodalagoa.pt\/\"},{\"@type\":\"ListItem\",\"position\":2,\"name\":\"A\u00e7ores subscrevem Declara\u00e7\u00e3o de Paris sobre o Clima\"}]},{\"@type\":\"WebSite\",\"@id\":\"https:\/\/diariodalagoa.pt\/#website\",\"url\":\"https:\/\/diariodalagoa.pt\/\",\"name\":\"Di\u00e1rio da Lagoa\",\"description\":\"Di\u00e1rio da Lagoa. As not\u00edcias que contam. A partir da Lagoa, nos A\u00e7ores, para o mundo.\",\"potentialAction\":[{\"@type\":\"SearchAction\",\"target\":{\"@type\":\"EntryPoint\",\"urlTemplate\":\"https:\/\/diariodalagoa.pt\/?s={search_term_string}\"},\"query-input\":\"required name=search_term_string\"}],\"inLanguage\":\"fr-FR\"},{\"@type\":\"Person\",\"@id\":\"https:\/\/diariodalagoa.pt\/#\/schema\/person\/1615a002370e8857b6f972834bc43ece\",\"name\":\"Di\u00e1rio da Lagoa\",\"image\":{\"@type\":\"ImageObject\",\"inLanguage\":\"fr-FR\",\"@id\":\"https:\/\/diariodalagoa.pt\/#\/schema\/person\/image\/\",\"url\":\"https:\/\/secure.gravatar.com\/avatar\/2cb5cef90a26f8fbd4d9d930608102c5?s=96&d=mm&r=g\",\"contentUrl\":\"https:\/\/secure.gravatar.com\/avatar\/2cb5cef90a26f8fbd4d9d930608102c5?s=96&d=mm&r=g\",\"caption\":\"Di\u00e1rio da Lagoa\"},\"url\":\"https:\/\/diariodalagoa.pt\/fr\/author\/diariodalagoa\/\"}]}<\/script>\n<!-- \/ Yoast SEO plugin. -->","yoast_head_json":{"title":"A\u00e7ores subscrevem Declara\u00e7\u00e3o de Paris sobre o Clima - Di\u00e1rio da Lagoa","robots":{"index":"index","follow":"follow","max-snippet":"max-snippet:-1","max-image-preview":"max-image-preview:large","max-video-preview":"max-video-preview:-1"},"canonical":"https:\/\/diariodalagoa.pt\/fr\/acores-subscrevem-declaracao-de-paris-sobre-o-clima\/","og_locale":"fr_FR","og_type":"article","og_title":"A\u00e7ores subscrevem Declara\u00e7\u00e3o de Paris sobre o Clima - Di\u00e1rio da Lagoa","og_description":"O Governo dos A\u00e7ores assinou, na capital francesa, a Declara\u00e7\u00e3o de Paris sobre o Clima, que afirma o compromisso e o contributo dos governos subnacionais para a Confer\u00eancia nas Na\u00e7\u00f5es Unidas sobre o Clima, que se vai realizar em dezembro de 2015.\u00a0 \u201cO objetivo primeiro da Declara\u00e7\u00e3o de Paris consiste, naturalmente, em evidenciar o trabalho [&hellip;]","og_url":"https:\/\/diariodalagoa.pt\/fr\/acores-subscrevem-declaracao-de-paris-sobre-o-clima\/","og_site_name":"Di\u00e1rio da Lagoa","article_published_time":"2014-10-13T07:38:00+00:00","author":"Di\u00e1rio da Lagoa","twitter_card":"summary_large_image","twitter_misc":{"\u00c9crit par":"Di\u00e1rio da Lagoa","Dur\u00e9e de lecture estim\u00e9e":"3 minutes"},"schema":{"@context":"https:\/\/schema.org","@graph":[{"@type":"WebPage","@id":"https:\/\/diariodalagoa.pt\/acores-subscrevem-declaracao-de-paris-sobre-o-clima\/","url":"https:\/\/diariodalagoa.pt\/acores-subscrevem-declaracao-de-paris-sobre-o-clima\/","name":"A\u00e7ores subscrevem Declara\u00e7\u00e3o de Paris sobre o Clima - Di\u00e1rio da Lagoa","isPartOf":{"@id":"https:\/\/diariodalagoa.pt\/#website"},"datePublished":"2014-10-13T07:38:00+00:00","dateModified":"2014-10-13T07:38:00+00:00","author":{"@id":"https:\/\/diariodalagoa.pt\/#\/schema\/person\/1615a002370e8857b6f972834bc43ece"},"breadcrumb":{"@id":"https:\/\/diariodalagoa.pt\/acores-subscrevem-declaracao-de-paris-sobre-o-clima\/#breadcrumb"},"inLanguage":"fr-FR","potentialAction":[{"@type":"ReadAction","target":["https:\/\/diariodalagoa.pt\/acores-subscrevem-declaracao-de-paris-sobre-o-clima\/"]}]},{"@type":"BreadcrumbList","@id":"https:\/\/diariodalagoa.pt\/acores-subscrevem-declaracao-de-paris-sobre-o-clima\/#breadcrumb","itemListElement":[{"@type":"ListItem","position":1,"name":"In\u00edcio","item":"https:\/\/diariodalagoa.pt\/"},{"@type":"ListItem","position":2,"name":"A\u00e7ores subscrevem Declara\u00e7\u00e3o de Paris sobre o Clima"}]},{"@type":"WebSite","@id":"https:\/\/diariodalagoa.pt\/#website","url":"https:\/\/diariodalagoa.pt\/","name":"Di\u00e1rio da Lagoa","description":"Di\u00e1rio da Lagoa. As not\u00edcias que contam. A partir da Lagoa, nos A\u00e7ores, para o mundo.","potentialAction":[{"@type":"SearchAction","target":{"@type":"EntryPoint","urlTemplate":"https:\/\/diariodalagoa.pt\/?s={search_term_string}"},"query-input":"required name=search_term_string"}],"inLanguage":"fr-FR"},{"@type":"Person","@id":"https:\/\/diariodalagoa.pt\/#\/schema\/person\/1615a002370e8857b6f972834bc43ece","name":"Di\u00e1rio da Lagoa","image":{"@type":"ImageObject","inLanguage":"fr-FR","@id":"https:\/\/diariodalagoa.pt\/#\/schema\/person\/image\/","url":"https:\/\/secure.gravatar.com\/avatar\/2cb5cef90a26f8fbd4d9d930608102c5?s=96&d=mm&r=g","contentUrl":"https:\/\/secure.gravatar.com\/avatar\/2cb5cef90a26f8fbd4d9d930608102c5?s=96&d=mm&r=g","caption":"Di\u00e1rio da Lagoa"},"url":"https:\/\/diariodalagoa.pt\/fr\/author\/diariodalagoa\/"}]}},"_links":{"self":[{"href":"https:\/\/diariodalagoa.pt\/fr\/wp-json\/wp\/v2\/posts\/10191"}],"collection":[{"href":"https:\/\/diariodalagoa.pt\/fr\/wp-json\/wp\/v2\/posts"}],"about":[{"href":"https:\/\/diariodalagoa.pt\/fr\/wp-json\/wp\/v2\/types\/post"}],"author":[{"embeddable":true,"href":"https:\/\/diariodalagoa.pt\/fr\/wp-json\/wp\/v2\/users\/2"}],"replies":[{"embeddable":true,"href":"https:\/\/diariodalagoa.pt\/fr\/wp-json\/wp\/v2\/comments?post=10191"}],"version-history":[{"count":0,"href":"https:\/\/diariodalagoa.pt\/fr\/wp-json\/wp\/v2\/posts\/10191\/revisions"}],"wp:attachment":[{"href":"https:\/\/diariodalagoa.pt\/fr\/wp-json\/wp\/v2\/media?parent=10191"}],"wp:term":[{"taxonomy":"category","embeddable":true,"href":"https:\/\/diariodalagoa.pt\/fr\/wp-json\/wp\/v2\/categories?post=10191"},{"taxonomy":"post_tag","embeddable":true,"href":"https:\/\/diariodalagoa.pt\/fr\/wp-json\/wp\/v2\/tags?post=10191"}],"curies":[{"name":"wp","href":"https:\/\/api.w.org\/{rel}","templated":true}]}}