{"id":10169,"date":"2014-10-12T10:25:20","date_gmt":"2014-10-12T11:25:20","guid":{"rendered":"http:\/\/diariodalagoa.pt\/?p=10169"},"modified":"2014-10-12T10:25:20","modified_gmt":"2014-10-12T11:25:20","slug":"fausto-brito-e-abreu-reconhece-importancia-do-oasa-para-a-promocao-do-interesse-pela-astronomia","status":"publish","type":"post","link":"https:\/\/diariodalagoa.pt\/fr\/fausto-brito-e-abreu-reconhece-importancia-do-oasa-para-a-promocao-do-interesse-pela-astronomia\/","title":{"rendered":"Fausto Brito e Abreu reconhece import\u00e2ncia do OASA para a promo\u00e7\u00e3o do interesse pela Astronomia"},"content":{"rendered":"<p style=\"text-align: justify;\"><img decoding=\"async\" class=\"alignnone size-full wp-image-10172\" src=\"http:\/\/diariodalagoa.pt\/wp-content\/uploads\/2014\/10\/OASA-visita-Fausto-Brito-Abreu-Ceu.jpg\" alt=\"OASA-visita-Fausto-Brito-Abreu-Ceu\" width=\"720\" height=\"380\" \/><\/p>\n<p style=\"text-align: justify;\"><span style=\"color: #000000;\">O Secret\u00e1rio Regional do Mar, Ci\u00eancia e Tecnologia destacou o &#8220;papel importante&#8221; que\u00a0o Observat\u00f3rio Astron\u00f3mico de Santana (OASA), na Ribeira Grande, desempenha na &#8220;promo\u00e7\u00e3o do conhecimento cient\u00edfico e do acesso \u00e0s inova\u00e7\u00f5es tecnol\u00f3gicas&#8221; nos A\u00e7ores. \u00a0<\/span><\/p>\n<p style=\"text-align: justify;\"><span style=\"color: #000000;\">No \u00e2mbito desta visita ao OASA, uma iniciativa destinada a assinalar nos A\u00e7ores a Semana Mundial do Espa\u00e7o,\u00a0o Secret\u00e1rio Regional assistiu\u00a0tamb\u00e9m\u00a0a uma\u00a0palestra sobre explora\u00e7\u00e3o espacial, intitulada\u00a0&#8216;Space Exploration and the Mars Curiosity Program&#8217;,\u00a0com Bobak Ferdowsi, um dos cientistas respons\u00e1veis pela Miss\u00e3o &#8216;Curiosity&#8217;, da NASA,\u00a0tendo ainda participado numa observa\u00e7\u00e3o noturna do c\u00e9u.\u00a0<\/span><\/p>\n<p style=\"text-align: justify;\"><span style=\"color: #000000;\">Fausto Brito e Abreu,\u00a0al\u00e9m do Observat\u00f3rio Astron\u00f3mico de Santana, em S\u00e3o Miguel,\u00a0visitou durante esta semana dedicada ao espa\u00e7o a esta\u00e7\u00e3o da Ag\u00eancia Espacial Europeia\u00a0(ESA) e o radiotelesc\u00f3pio da Rede Atl\u00e2ntica de Esta\u00e7\u00f5es Geodin\u00e2micas e Espaciais (RAEGE), em Santa Maria.<\/span><\/p>\n<p style=\"text-align: justify;\"><span style=\"color: #000000;\"><em>DL\/Gacs<\/em><\/span><\/p>","protected":false},"excerpt":{"rendered":"<p>O Secret\u00e1rio Regional do Mar, Ci\u00eancia e Tecnologia destacou o &#8220;papel importante&#8221; que\u00a0o Observat\u00f3rio Astron\u00f3mico de Santana (OASA), na Ribeira Grande, desempenha na &#8220;promo\u00e7\u00e3o do conhecimento cient\u00edfico e do acesso \u00e0s inova\u00e7\u00f5es tecnol\u00f3gicas&#8221; nos A\u00e7ores. \u00a0 No \u00e2mbito desta visita ao OASA, uma iniciativa destinada a assinalar nos A\u00e7ores a Semana Mundial do Espa\u00e7o,\u00a0o Secret\u00e1rio [&hellip;]<\/p>","protected":false},"author":2,"featured_media":121749,"comment_status":"open","ping_status":"open","sticky":false,"template":"","format":"standard","meta":[],"categories":[21],"tags":[],"acf":[],"yoast_head":"<!-- This site is optimized with the Yoast SEO plugin v20.10 - https:\/\/yoast.com\/wordpress\/plugins\/seo\/ -->\n<title>Fausto Brito e Abreu reconhece import\u00e2ncia do OASA para a promo\u00e7\u00e3o do interesse pela Astronomia - Di\u00e1rio da Lagoa<\/title>\n<meta name=\"robots\" content=\"index, follow, max-snippet:-1, max-image-preview:large, max-video-preview:-1\" \/>\n<link rel=\"canonical\" href=\"https:\/\/diariodalagoa.pt\/fr\/fausto-brito-e-abreu-reconhece-importancia-do-oasa-para-a-promocao-do-interesse-pela-astronomia\/\" \/>\n<meta property=\"og:locale\" content=\"fr_FR\" \/>\n<meta property=\"og:type\" content=\"article\" \/>\n<meta property=\"og:title\" content=\"Fausto Brito e Abreu reconhece import\u00e2ncia do OASA para a promo\u00e7\u00e3o do interesse pela Astronomia - Di\u00e1rio da Lagoa\" \/>\n<meta property=\"og:description\" content=\"O Secret\u00e1rio Regional do Mar, Ci\u00eancia e Tecnologia destacou o &#8220;papel importante&#8221; que\u00a0o Observat\u00f3rio Astron\u00f3mico de Santana (OASA), na Ribeira Grande, desempenha na &#8220;promo\u00e7\u00e3o do conhecimento cient\u00edfico e do acesso \u00e0s inova\u00e7\u00f5es tecnol\u00f3gicas&#8221; nos A\u00e7ores. \u00a0 No \u00e2mbito desta visita ao OASA, uma iniciativa destinada a assinalar nos A\u00e7ores a Semana Mundial do Espa\u00e7o,\u00a0o Secret\u00e1rio [&hellip;]\" \/>\n<meta property=\"og:url\" content=\"https:\/\/diariodalagoa.pt\/fr\/fausto-brito-e-abreu-reconhece-importancia-do-oasa-para-a-promocao-do-interesse-pela-astronomia\/\" \/>\n<meta property=\"og:site_name\" content=\"Di\u00e1rio da Lagoa\" \/>\n<meta property=\"article:published_time\" content=\"2014-10-12T11:25:20+00:00\" \/>\n<meta property=\"og:image\" content=\"https:\/\/diariodalagoa.pt\/wp-content\/uploads\/2014\/10\/oasa-telescopio.jpg\" \/>\n\t<meta property=\"og:image:width\" content=\"720\" \/>\n\t<meta property=\"og:image:height\" content=\"380\" \/>\n\t<meta property=\"og:image:type\" content=\"image\/jpeg\" \/>\n<meta name=\"author\" content=\"Di\u00e1rio da Lagoa\" \/>\n<meta name=\"twitter:card\" content=\"summary_large_image\" \/>\n<meta name=\"twitter:label1\" content=\"\u00c9crit par\" \/>\n\t<meta name=\"twitter:data1\" content=\"Di\u00e1rio da Lagoa\" \/>\n\t<meta name=\"twitter:label2\" content=\"Dur\u00e9e de lecture estim\u00e9e\" \/>\n\t<meta name=\"twitter:data2\" content=\"1 minute\" \/>\n<script type=\"application\/ld+json\" class=\"yoast-schema-graph\">{\"@context\":\"https:\/\/schema.org\",\"@graph\":[{\"@type\":\"WebPage\",\"@id\":\"https:\/\/diariodalagoa.pt\/fausto-brito-e-abreu-reconhece-importancia-do-oasa-para-a-promocao-do-interesse-pela-astronomia\/\",\"url\":\"https:\/\/diariodalagoa.pt\/fausto-brito-e-abreu-reconhece-importancia-do-oasa-para-a-promocao-do-interesse-pela-astronomia\/\",\"name\":\"Fausto Brito e Abreu reconhece import\u00e2ncia do OASA para a promo\u00e7\u00e3o do interesse pela Astronomia - Di\u00e1rio da Lagoa\",\"isPartOf\":{\"@id\":\"https:\/\/diariodalagoa.pt\/#website\"},\"datePublished\":\"2014-10-12T11:25:20+00:00\",\"dateModified\":\"2014-10-12T11:25:20+00:00\",\"author\":{\"@id\":\"https:\/\/diariodalagoa.pt\/#\/schema\/person\/1615a002370e8857b6f972834bc43ece\"},\"breadcrumb\":{\"@id\":\"https:\/\/diariodalagoa.pt\/fausto-brito-e-abreu-reconhece-importancia-do-oasa-para-a-promocao-do-interesse-pela-astronomia\/#breadcrumb\"},\"inLanguage\":\"fr-FR\",\"potentialAction\":[{\"@type\":\"ReadAction\",\"target\":[\"https:\/\/diariodalagoa.pt\/fausto-brito-e-abreu-reconhece-importancia-do-oasa-para-a-promocao-do-interesse-pela-astronomia\/\"]}]},{\"@type\":\"BreadcrumbList\",\"@id\":\"https:\/\/diariodalagoa.pt\/fausto-brito-e-abreu-reconhece-importancia-do-oasa-para-a-promocao-do-interesse-pela-astronomia\/#breadcrumb\",\"itemListElement\":[{\"@type\":\"ListItem\",\"position\":1,\"name\":\"In\u00edcio\",\"item\":\"https:\/\/diariodalagoa.pt\/\"},{\"@type\":\"ListItem\",\"position\":2,\"name\":\"Fausto Brito e Abreu reconhece import\u00e2ncia do OASA para a promo\u00e7\u00e3o do interesse pela Astronomia\"}]},{\"@type\":\"WebSite\",\"@id\":\"https:\/\/diariodalagoa.pt\/#website\",\"url\":\"https:\/\/diariodalagoa.pt\/\",\"name\":\"Di\u00e1rio da Lagoa\",\"description\":\"Di\u00e1rio da Lagoa. As not\u00edcias que contam. A partir da Lagoa, nos A\u00e7ores, para o mundo.\",\"potentialAction\":[{\"@type\":\"SearchAction\",\"target\":{\"@type\":\"EntryPoint\",\"urlTemplate\":\"https:\/\/diariodalagoa.pt\/?s={search_term_string}\"},\"query-input\":\"required name=search_term_string\"}],\"inLanguage\":\"fr-FR\"},{\"@type\":\"Person\",\"@id\":\"https:\/\/diariodalagoa.pt\/#\/schema\/person\/1615a002370e8857b6f972834bc43ece\",\"name\":\"Di\u00e1rio da Lagoa\",\"image\":{\"@type\":\"ImageObject\",\"inLanguage\":\"fr-FR\",\"@id\":\"https:\/\/diariodalagoa.pt\/#\/schema\/person\/image\/\",\"url\":\"https:\/\/secure.gravatar.com\/avatar\/2cb5cef90a26f8fbd4d9d930608102c5?s=96&d=mm&r=g\",\"contentUrl\":\"https:\/\/secure.gravatar.com\/avatar\/2cb5cef90a26f8fbd4d9d930608102c5?s=96&d=mm&r=g\",\"caption\":\"Di\u00e1rio da Lagoa\"},\"url\":\"https:\/\/diariodalagoa.pt\/fr\/author\/diariodalagoa\/\"}]}<\/script>\n<!-- \/ Yoast SEO plugin. -->","yoast_head_json":{"title":"Fausto Brito e Abreu reconhece import\u00e2ncia do OASA para a promo\u00e7\u00e3o do interesse pela Astronomia - Di\u00e1rio da Lagoa","robots":{"index":"index","follow":"follow","max-snippet":"max-snippet:-1","max-image-preview":"max-image-preview:large","max-video-preview":"max-video-preview:-1"},"canonical":"https:\/\/diariodalagoa.pt\/fr\/fausto-brito-e-abreu-reconhece-importancia-do-oasa-para-a-promocao-do-interesse-pela-astronomia\/","og_locale":"fr_FR","og_type":"article","og_title":"Fausto Brito e Abreu reconhece import\u00e2ncia do OASA para a promo\u00e7\u00e3o do interesse pela Astronomia - Di\u00e1rio da Lagoa","og_description":"O Secret\u00e1rio Regional do Mar, Ci\u00eancia e Tecnologia destacou o &#8220;papel importante&#8221; que\u00a0o Observat\u00f3rio Astron\u00f3mico de Santana (OASA), na Ribeira Grande, desempenha na &#8220;promo\u00e7\u00e3o do conhecimento cient\u00edfico e do acesso \u00e0s inova\u00e7\u00f5es tecnol\u00f3gicas&#8221; nos A\u00e7ores. \u00a0 No \u00e2mbito desta visita ao OASA, uma iniciativa destinada a assinalar nos A\u00e7ores a Semana Mundial do Espa\u00e7o,\u00a0o Secret\u00e1rio [&hellip;]","og_url":"https:\/\/diariodalagoa.pt\/fr\/fausto-brito-e-abreu-reconhece-importancia-do-oasa-para-a-promocao-do-interesse-pela-astronomia\/","og_site_name":"Di\u00e1rio da Lagoa","article_published_time":"2014-10-12T11:25:20+00:00","og_image":[{"width":720,"height":380,"url":"https:\/\/diariodalagoa.pt\/wp-content\/uploads\/2014\/10\/oasa-telescopio.jpg","type":"image\/jpeg"}],"author":"Di\u00e1rio da Lagoa","twitter_card":"summary_large_image","twitter_misc":{"\u00c9crit par":"Di\u00e1rio da Lagoa","Dur\u00e9e de lecture estim\u00e9e":"1 minute"},"schema":{"@context":"https:\/\/schema.org","@graph":[{"@type":"WebPage","@id":"https:\/\/diariodalagoa.pt\/fausto-brito-e-abreu-reconhece-importancia-do-oasa-para-a-promocao-do-interesse-pela-astronomia\/","url":"https:\/\/diariodalagoa.pt\/fausto-brito-e-abreu-reconhece-importancia-do-oasa-para-a-promocao-do-interesse-pela-astronomia\/","name":"Fausto Brito e Abreu reconhece import\u00e2ncia do OASA para a promo\u00e7\u00e3o do interesse pela Astronomia - Di\u00e1rio da Lagoa","isPartOf":{"@id":"https:\/\/diariodalagoa.pt\/#website"},"datePublished":"2014-10-12T11:25:20+00:00","dateModified":"2014-10-12T11:25:20+00:00","author":{"@id":"https:\/\/diariodalagoa.pt\/#\/schema\/person\/1615a002370e8857b6f972834bc43ece"},"breadcrumb":{"@id":"https:\/\/diariodalagoa.pt\/fausto-brito-e-abreu-reconhece-importancia-do-oasa-para-a-promocao-do-interesse-pela-astronomia\/#breadcrumb"},"inLanguage":"fr-FR","potentialAction":[{"@type":"ReadAction","target":["https:\/\/diariodalagoa.pt\/fausto-brito-e-abreu-reconhece-importancia-do-oasa-para-a-promocao-do-interesse-pela-astronomia\/"]}]},{"@type":"BreadcrumbList","@id":"https:\/\/diariodalagoa.pt\/fausto-brito-e-abreu-reconhece-importancia-do-oasa-para-a-promocao-do-interesse-pela-astronomia\/#breadcrumb","itemListElement":[{"@type":"ListItem","position":1,"name":"In\u00edcio","item":"https:\/\/diariodalagoa.pt\/"},{"@type":"ListItem","position":2,"name":"Fausto Brito e Abreu reconhece import\u00e2ncia do OASA para a promo\u00e7\u00e3o do interesse pela Astronomia"}]},{"@type":"WebSite","@id":"https:\/\/diariodalagoa.pt\/#website","url":"https:\/\/diariodalagoa.pt\/","name":"Di\u00e1rio da Lagoa","description":"Di\u00e1rio da Lagoa. As not\u00edcias que contam. A partir da Lagoa, nos A\u00e7ores, para o mundo.","potentialAction":[{"@type":"SearchAction","target":{"@type":"EntryPoint","urlTemplate":"https:\/\/diariodalagoa.pt\/?s={search_term_string}"},"query-input":"required name=search_term_string"}],"inLanguage":"fr-FR"},{"@type":"Person","@id":"https:\/\/diariodalagoa.pt\/#\/schema\/person\/1615a002370e8857b6f972834bc43ece","name":"Di\u00e1rio da Lagoa","image":{"@type":"ImageObject","inLanguage":"fr-FR","@id":"https:\/\/diariodalagoa.pt\/#\/schema\/person\/image\/","url":"https:\/\/secure.gravatar.com\/avatar\/2cb5cef90a26f8fbd4d9d930608102c5?s=96&d=mm&r=g","contentUrl":"https:\/\/secure.gravatar.com\/avatar\/2cb5cef90a26f8fbd4d9d930608102c5?s=96&d=mm&r=g","caption":"Di\u00e1rio da Lagoa"},"url":"https:\/\/diariodalagoa.pt\/fr\/author\/diariodalagoa\/"}]}},"_links":{"self":[{"href":"https:\/\/diariodalagoa.pt\/fr\/wp-json\/wp\/v2\/posts\/10169"}],"collection":[{"href":"https:\/\/diariodalagoa.pt\/fr\/wp-json\/wp\/v2\/posts"}],"about":[{"href":"https:\/\/diariodalagoa.pt\/fr\/wp-json\/wp\/v2\/types\/post"}],"author":[{"embeddable":true,"href":"https:\/\/diariodalagoa.pt\/fr\/wp-json\/wp\/v2\/users\/2"}],"replies":[{"embeddable":true,"href":"https:\/\/diariodalagoa.pt\/fr\/wp-json\/wp\/v2\/comments?post=10169"}],"version-history":[{"count":0,"href":"https:\/\/diariodalagoa.pt\/fr\/wp-json\/wp\/v2\/posts\/10169\/revisions"}],"wp:featuredmedia":[{"embeddable":true,"href":"https:\/\/diariodalagoa.pt\/fr\/wp-json\/wp\/v2\/media\/121749"}],"wp:attachment":[{"href":"https:\/\/diariodalagoa.pt\/fr\/wp-json\/wp\/v2\/media?parent=10169"}],"wp:term":[{"taxonomy":"category","embeddable":true,"href":"https:\/\/diariodalagoa.pt\/fr\/wp-json\/wp\/v2\/categories?post=10169"},{"taxonomy":"post_tag","embeddable":true,"href":"https:\/\/diariodalagoa.pt\/fr\/wp-json\/wp\/v2\/tags?post=10169"}],"curies":[{"name":"wp","href":"https:\/\/api.w.org\/{rel}","templated":true}]}}