{"id":9965,"date":"2014-10-07T01:31:33","date_gmt":"2014-10-07T02:31:33","guid":{"rendered":"http:\/\/diariodalagoa.pt\/?p=9965"},"modified":"2014-10-07T01:31:33","modified_gmt":"2014-10-07T02:31:33","slug":"governo-dos-acores-propos-aumento-do-premio-aos-produtores-de-leite-para-21-meano","status":"publish","type":"post","link":"https:\/\/diariodalagoa.pt\/es\/governo-dos-acores-propos-aumento-do-premio-aos-produtores-de-leite-para-21-meano\/","title":{"rendered":"Governo dos A\u00e7ores prop\u00f4s aumento do pr\u00e9mio aos produtores de leite para 21 ME\/ano"},"content":{"rendered":"<p style=\"text-align: justify;\"><img decoding=\"async\" class=\"alignnone size-full wp-image-6980\" src=\"http:\/\/diariodalagoa.pt\/wp-content\/uploads\/2014\/07\/Luis-Neto-Viveiros-Agricultura-familiar.jpg\" alt=\"Luis-Neto-Viveiros-Agricultura-familiar\" width=\"720\" height=\"380\" \/><\/p>\n<p style=\"text-align: justify;\"><span style=\"color: #000000;\">O Secret\u00e1rio Regional da Agricultura e Ambiente destacou a proposta de aumento para cerca de 21 milh\u00f5es de euros da dota\u00e7\u00e3o anual atribu\u00edda ao pr\u00e9mio para os produtores de leite, apresentada pelo Governo dos A\u00e7ores no \u00e2mbito do processo de revis\u00e3o do POSEI, que foi preparado conjuntamente com todas as associa\u00e7\u00f5es e a Federa\u00e7\u00e3o Agr\u00edcola dos A\u00e7ores.<\/span><\/p>\n<p style=\"text-align: justify;\"><span style=\"color: #000000;\">Lu\u00eds Neto Viveiros frisou que esta \u00e9 \u201cuma das v\u00e1rias medidas cautelares adotadas pelo Governo dos A\u00e7ores face ao fim do regime de quotas leiteiras\u201d, que se encontra em negocia\u00e7\u00e3o com a Comiss\u00e3o Europeia para entrar em vigor no pr\u00f3ximo ano.<\/span><\/p>\n<p style=\"text-align: justify;\"><span style=\"color: #000000;\">O Secret\u00e1rio Regional, que falava \u00e0 margem de uma confer\u00eancia integrada nas comemora\u00e7\u00f5es do Dia do Departamento de Ci\u00eancias Agr\u00e1rias da Universidade dos A\u00e7ores, salientou que se procedeu a \u201cum refor\u00e7o de cerca de 2,7 milh\u00f5es de euros, o que significa que aumentamos de 18 para cerca de 21 milh\u00f5es de euros [a dota\u00e7\u00e3o] do pr\u00e9mio que estar\u00e1 dispon\u00edvel anualmente para os produtores de leite\u201d, em fun\u00e7\u00e3o das entregas de leite em f\u00e1brica.<\/span><\/p>\n<p style=\"text-align: justify;\"><span style=\"color: #000000;\">\u201cOutras a\u00e7\u00f5es que t\u00eam sido tomadas ao longo do tempo\u201d, recordou Lu\u00eds Neto Viveiros, nomeadamente por via das op\u00e7\u00f5es estrat\u00e9gicas de incentivo \u00e0 moderniza\u00e7\u00e3o ou no investimento p\u00fablico realizado em infraestruturas de apoio \u00e0 Agricultura.<\/span><\/p>\n<p style=\"text-align: justify;\"><span style=\"color: #000000;\">Por essa raz\u00e3o, o Secret\u00e1rio Regional considerou que \u201cn\u00e3o \u00e9 poss\u00edvel dizer-se que o Governo n\u00e3o andou preocupado com este cen\u00e1rio\u201d de fim do regime de quotas leiteiras no espa\u00e7o comunit\u00e1rio.<\/span><\/p>\n<p style=\"text-align: justify;\"><span style=\"color: #000000;\">Lu\u00eds Neto Viveiros revelou ainda que a Regi\u00e3o vai reafirmar ao novo Comiss\u00e1rio Europeu para a Agricultura a posi\u00e7\u00e3o de unanimidade tomada pelas Regi\u00f5es Ultraperif\u00e9ricas (RUP) contra a inten\u00e7\u00e3o inicial de revis\u00e3o do POSEI e em defesa das especificidades dos A\u00e7ores, numa desloca\u00e7\u00e3o que vai realizar a Bruxelas.<\/span><\/p>\n<p style=\"text-align: justify;\"><span style=\"color: #000000;\">A Regi\u00e3o conseguiu colocar posi\u00e7\u00f5es dos A\u00e7ores no contributo para a revis\u00e3o do POSEI que foi apresentado no final do ano passado pelas RUP, para al\u00e9m do manifestado em documento pr\u00f3prio remetido pelo Executivo \u00e0 Comiss\u00e3o Europeia.<\/span><\/p>\n<p style=\"text-align: justify;\"><span style=\"color: #000000;\">Na confer\u00eancia que proferiu hoje em Angra do Hero\u00edsmo, Lu\u00eds Neto Viveiros recordou a sua qualidade de antigo aluno do Departamento de Ci\u00eancias Agr\u00e1rias e garantiu que o Governo dos A\u00e7ores conta \u201ccom o imprescind\u00edvel contributo da Universidade dos A\u00e7ores, dos seus investigadores, docentes e licenciados\u201d.<\/span><\/p>\n<p style=\"text-align: justify;\"><span style=\"color: #000000;\">\u201cOs 30 anos de conhecimento e investiga\u00e7\u00e3o aplicada \u00e0 realidade da estrutura produtiva a\u00e7oriana conferem-lhe um know how que importa extrapolar para al\u00e9m dos muros da Universidade\u201d, afirmou, salientando que \u201cs\u00f3 assim ser\u00e1 poss\u00edvel fazer face aos desafios\u201d.<\/span><\/p>\n<p style=\"text-align: justify;\"><span style=\"color: #000000;\">O Secret\u00e1rio Regional destacou ainda \u201ca import\u00e2ncia da articula\u00e7\u00e3o das pol\u00edticas p\u00fablicas relacionadas com o Ambiente, a Agricultura e as Florestas, assente num planeamento criterioso e respons\u00e1vel, por forma a poder potenciar os setores produtivos da Regi\u00e3o no respeito pelos valores ambientais por todos reconhecidos\u201d.<\/span><\/p>\n<p style=\"text-align: justify;\"><span style=\"color: #000000;\"><em>DL\/Gacs<\/em><\/span><\/p>","protected":false},"excerpt":{"rendered":"<p>O Secret\u00e1rio Regional da Agricultura e Ambiente destacou a proposta de aumento para cerca de 21 milh\u00f5es de euros da dota\u00e7\u00e3o anual atribu\u00edda ao pr\u00e9mio para os produtores de leite, apresentada pelo Governo dos A\u00e7ores no \u00e2mbito do processo de revis\u00e3o do POSEI, que foi preparado conjuntamente com todas as associa\u00e7\u00f5es e a Federa\u00e7\u00e3o Agr\u00edcola [&hellip;]<\/p>","protected":false},"author":2,"featured_media":121756,"comment_status":"open","ping_status":"open","sticky":false,"template":"","format":"standard","meta":[],"categories":[21],"tags":[],"acf":[],"yoast_head":"<!-- This site is optimized with the Yoast SEO plugin v20.10 - https:\/\/yoast.com\/wordpress\/plugins\/seo\/ -->\n<title>Governo dos A\u00e7ores prop\u00f4s aumento do pr\u00e9mio aos produtores de leite para 21 ME\/ano - Di\u00e1rio da Lagoa<\/title>\n<meta name=\"robots\" content=\"index, follow, max-snippet:-1, max-image-preview:large, max-video-preview:-1\" \/>\n<link rel=\"canonical\" href=\"https:\/\/diariodalagoa.pt\/es\/governo-dos-acores-propos-aumento-do-premio-aos-produtores-de-leite-para-21-meano\/\" \/>\n<meta property=\"og:locale\" content=\"es_ES\" \/>\n<meta property=\"og:type\" content=\"article\" \/>\n<meta property=\"og:title\" content=\"Governo dos A\u00e7ores prop\u00f4s aumento do pr\u00e9mio aos produtores de leite para 21 ME\/ano - Di\u00e1rio da Lagoa\" \/>\n<meta property=\"og:description\" content=\"O Secret\u00e1rio Regional da Agricultura e Ambiente destacou a proposta de aumento para cerca de 21 milh\u00f5es de euros da dota\u00e7\u00e3o anual atribu\u00edda ao pr\u00e9mio para os produtores de leite, apresentada pelo Governo dos A\u00e7ores no \u00e2mbito do processo de revis\u00e3o do POSEI, que foi preparado conjuntamente com todas as associa\u00e7\u00f5es e a Federa\u00e7\u00e3o Agr\u00edcola [&hellip;]\" \/>\n<meta property=\"og:url\" content=\"https:\/\/diariodalagoa.pt\/es\/governo-dos-acores-propos-aumento-do-premio-aos-produtores-de-leite-para-21-meano\/\" \/>\n<meta property=\"og:site_name\" content=\"Di\u00e1rio da Lagoa\" \/>\n<meta property=\"article:published_time\" content=\"2014-10-07T02:31:33+00:00\" \/>\n<meta property=\"og:image\" content=\"https:\/\/diariodalagoa.pt\/wp-content\/uploads\/2014\/10\/luis-neto-viveiros-alra-debate-europa.jpg\" \/>\n\t<meta property=\"og:image:width\" content=\"721\" \/>\n\t<meta property=\"og:image:height\" content=\"380\" \/>\n\t<meta property=\"og:image:type\" content=\"image\/jpeg\" \/>\n<meta name=\"author\" content=\"Di\u00e1rio da Lagoa\" \/>\n<meta name=\"twitter:card\" content=\"summary_large_image\" \/>\n<meta name=\"twitter:label1\" content=\"Escrito por\" \/>\n\t<meta name=\"twitter:data1\" content=\"Di\u00e1rio da Lagoa\" \/>\n\t<meta name=\"twitter:label2\" content=\"Tiempo de lectura\" \/>\n\t<meta name=\"twitter:data2\" content=\"3 minutos\" \/>\n<script type=\"application\/ld+json\" class=\"yoast-schema-graph\">{\"@context\":\"https:\/\/schema.org\",\"@graph\":[{\"@type\":\"WebPage\",\"@id\":\"https:\/\/diariodalagoa.pt\/governo-dos-acores-propos-aumento-do-premio-aos-produtores-de-leite-para-21-meano\/\",\"url\":\"https:\/\/diariodalagoa.pt\/governo-dos-acores-propos-aumento-do-premio-aos-produtores-de-leite-para-21-meano\/\",\"name\":\"Governo dos A\u00e7ores prop\u00f4s aumento do pr\u00e9mio aos produtores de leite para 21 ME\/ano - Di\u00e1rio da Lagoa\",\"isPartOf\":{\"@id\":\"https:\/\/diariodalagoa.pt\/#website\"},\"datePublished\":\"2014-10-07T02:31:33+00:00\",\"dateModified\":\"2014-10-07T02:31:33+00:00\",\"author\":{\"@id\":\"https:\/\/diariodalagoa.pt\/#\/schema\/person\/1615a002370e8857b6f972834bc43ece\"},\"breadcrumb\":{\"@id\":\"https:\/\/diariodalagoa.pt\/governo-dos-acores-propos-aumento-do-premio-aos-produtores-de-leite-para-21-meano\/#breadcrumb\"},\"inLanguage\":\"es\",\"potentialAction\":[{\"@type\":\"ReadAction\",\"target\":[\"https:\/\/diariodalagoa.pt\/governo-dos-acores-propos-aumento-do-premio-aos-produtores-de-leite-para-21-meano\/\"]}]},{\"@type\":\"BreadcrumbList\",\"@id\":\"https:\/\/diariodalagoa.pt\/governo-dos-acores-propos-aumento-do-premio-aos-produtores-de-leite-para-21-meano\/#breadcrumb\",\"itemListElement\":[{\"@type\":\"ListItem\",\"position\":1,\"name\":\"In\u00edcio\",\"item\":\"https:\/\/diariodalagoa.pt\/\"},{\"@type\":\"ListItem\",\"position\":2,\"name\":\"Governo dos A\u00e7ores prop\u00f4s aumento do pr\u00e9mio aos produtores de leite para 21 ME\/ano\"}]},{\"@type\":\"WebSite\",\"@id\":\"https:\/\/diariodalagoa.pt\/#website\",\"url\":\"https:\/\/diariodalagoa.pt\/\",\"name\":\"Di\u00e1rio da Lagoa\",\"description\":\"Di\u00e1rio da Lagoa. As not\u00edcias que contam. A partir da Lagoa, nos A\u00e7ores, para o mundo.\",\"potentialAction\":[{\"@type\":\"SearchAction\",\"target\":{\"@type\":\"EntryPoint\",\"urlTemplate\":\"https:\/\/diariodalagoa.pt\/?s={search_term_string}\"},\"query-input\":\"required name=search_term_string\"}],\"inLanguage\":\"es\"},{\"@type\":\"Person\",\"@id\":\"https:\/\/diariodalagoa.pt\/#\/schema\/person\/1615a002370e8857b6f972834bc43ece\",\"name\":\"Di\u00e1rio da Lagoa\",\"image\":{\"@type\":\"ImageObject\",\"inLanguage\":\"es\",\"@id\":\"https:\/\/diariodalagoa.pt\/#\/schema\/person\/image\/\",\"url\":\"https:\/\/secure.gravatar.com\/avatar\/2cb5cef90a26f8fbd4d9d930608102c5?s=96&d=mm&r=g\",\"contentUrl\":\"https:\/\/secure.gravatar.com\/avatar\/2cb5cef90a26f8fbd4d9d930608102c5?s=96&d=mm&r=g\",\"caption\":\"Di\u00e1rio da Lagoa\"},\"url\":\"https:\/\/diariodalagoa.pt\/es\/author\/diariodalagoa\/\"}]}<\/script>\n<!-- \/ Yoast SEO plugin. -->","yoast_head_json":{"title":"Governo dos A\u00e7ores prop\u00f4s aumento do pr\u00e9mio aos produtores de leite para 21 ME\/ano - Di\u00e1rio da Lagoa","robots":{"index":"index","follow":"follow","max-snippet":"max-snippet:-1","max-image-preview":"max-image-preview:large","max-video-preview":"max-video-preview:-1"},"canonical":"https:\/\/diariodalagoa.pt\/es\/governo-dos-acores-propos-aumento-do-premio-aos-produtores-de-leite-para-21-meano\/","og_locale":"es_ES","og_type":"article","og_title":"Governo dos A\u00e7ores prop\u00f4s aumento do pr\u00e9mio aos produtores de leite para 21 ME\/ano - Di\u00e1rio da Lagoa","og_description":"O Secret\u00e1rio Regional da Agricultura e Ambiente destacou a proposta de aumento para cerca de 21 milh\u00f5es de euros da dota\u00e7\u00e3o anual atribu\u00edda ao pr\u00e9mio para os produtores de leite, apresentada pelo Governo dos A\u00e7ores no \u00e2mbito do processo de revis\u00e3o do POSEI, que foi preparado conjuntamente com todas as associa\u00e7\u00f5es e a Federa\u00e7\u00e3o Agr\u00edcola [&hellip;]","og_url":"https:\/\/diariodalagoa.pt\/es\/governo-dos-acores-propos-aumento-do-premio-aos-produtores-de-leite-para-21-meano\/","og_site_name":"Di\u00e1rio da Lagoa","article_published_time":"2014-10-07T02:31:33+00:00","og_image":[{"width":721,"height":380,"url":"https:\/\/diariodalagoa.pt\/wp-content\/uploads\/2014\/10\/luis-neto-viveiros-alra-debate-europa.jpg","type":"image\/jpeg"}],"author":"Di\u00e1rio da Lagoa","twitter_card":"summary_large_image","twitter_misc":{"Escrito por":"Di\u00e1rio da Lagoa","Tiempo de lectura":"3 minutos"},"schema":{"@context":"https:\/\/schema.org","@graph":[{"@type":"WebPage","@id":"https:\/\/diariodalagoa.pt\/governo-dos-acores-propos-aumento-do-premio-aos-produtores-de-leite-para-21-meano\/","url":"https:\/\/diariodalagoa.pt\/governo-dos-acores-propos-aumento-do-premio-aos-produtores-de-leite-para-21-meano\/","name":"Governo dos A\u00e7ores prop\u00f4s aumento do pr\u00e9mio aos produtores de leite para 21 ME\/ano - Di\u00e1rio da Lagoa","isPartOf":{"@id":"https:\/\/diariodalagoa.pt\/#website"},"datePublished":"2014-10-07T02:31:33+00:00","dateModified":"2014-10-07T02:31:33+00:00","author":{"@id":"https:\/\/diariodalagoa.pt\/#\/schema\/person\/1615a002370e8857b6f972834bc43ece"},"breadcrumb":{"@id":"https:\/\/diariodalagoa.pt\/governo-dos-acores-propos-aumento-do-premio-aos-produtores-de-leite-para-21-meano\/#breadcrumb"},"inLanguage":"es","potentialAction":[{"@type":"ReadAction","target":["https:\/\/diariodalagoa.pt\/governo-dos-acores-propos-aumento-do-premio-aos-produtores-de-leite-para-21-meano\/"]}]},{"@type":"BreadcrumbList","@id":"https:\/\/diariodalagoa.pt\/governo-dos-acores-propos-aumento-do-premio-aos-produtores-de-leite-para-21-meano\/#breadcrumb","itemListElement":[{"@type":"ListItem","position":1,"name":"In\u00edcio","item":"https:\/\/diariodalagoa.pt\/"},{"@type":"ListItem","position":2,"name":"Governo dos A\u00e7ores prop\u00f4s aumento do pr\u00e9mio aos produtores de leite para 21 ME\/ano"}]},{"@type":"WebSite","@id":"https:\/\/diariodalagoa.pt\/#website","url":"https:\/\/diariodalagoa.pt\/","name":"Di\u00e1rio da Lagoa","description":"Di\u00e1rio da Lagoa. As not\u00edcias que contam. A partir da Lagoa, nos A\u00e7ores, para o mundo.","potentialAction":[{"@type":"SearchAction","target":{"@type":"EntryPoint","urlTemplate":"https:\/\/diariodalagoa.pt\/?s={search_term_string}"},"query-input":"required name=search_term_string"}],"inLanguage":"es"},{"@type":"Person","@id":"https:\/\/diariodalagoa.pt\/#\/schema\/person\/1615a002370e8857b6f972834bc43ece","name":"Di\u00e1rio da Lagoa","image":{"@type":"ImageObject","inLanguage":"es","@id":"https:\/\/diariodalagoa.pt\/#\/schema\/person\/image\/","url":"https:\/\/secure.gravatar.com\/avatar\/2cb5cef90a26f8fbd4d9d930608102c5?s=96&d=mm&r=g","contentUrl":"https:\/\/secure.gravatar.com\/avatar\/2cb5cef90a26f8fbd4d9d930608102c5?s=96&d=mm&r=g","caption":"Di\u00e1rio da Lagoa"},"url":"https:\/\/diariodalagoa.pt\/es\/author\/diariodalagoa\/"}]}},"_links":{"self":[{"href":"https:\/\/diariodalagoa.pt\/es\/wp-json\/wp\/v2\/posts\/9965"}],"collection":[{"href":"https:\/\/diariodalagoa.pt\/es\/wp-json\/wp\/v2\/posts"}],"about":[{"href":"https:\/\/diariodalagoa.pt\/es\/wp-json\/wp\/v2\/types\/post"}],"author":[{"embeddable":true,"href":"https:\/\/diariodalagoa.pt\/es\/wp-json\/wp\/v2\/users\/2"}],"replies":[{"embeddable":true,"href":"https:\/\/diariodalagoa.pt\/es\/wp-json\/wp\/v2\/comments?post=9965"}],"version-history":[{"count":0,"href":"https:\/\/diariodalagoa.pt\/es\/wp-json\/wp\/v2\/posts\/9965\/revisions"}],"wp:featuredmedia":[{"embeddable":true,"href":"https:\/\/diariodalagoa.pt\/es\/wp-json\/wp\/v2\/media\/121756"}],"wp:attachment":[{"href":"https:\/\/diariodalagoa.pt\/es\/wp-json\/wp\/v2\/media?parent=9965"}],"wp:term":[{"taxonomy":"category","embeddable":true,"href":"https:\/\/diariodalagoa.pt\/es\/wp-json\/wp\/v2\/categories?post=9965"},{"taxonomy":"post_tag","embeddable":true,"href":"https:\/\/diariodalagoa.pt\/es\/wp-json\/wp\/v2\/tags?post=9965"}],"curies":[{"name":"wp","href":"https:\/\/api.w.org\/{rel}","templated":true}]}}