{"id":98319,"date":"2021-11-09T16:37:39","date_gmt":"2021-11-09T16:37:39","guid":{"rendered":"https:\/\/diariodalagoa.sapo.pt\/?p=98319"},"modified":"2025-09-27T21:42:52","modified_gmt":"2025-09-27T21:42:52","slug":"a-arte-bonecreira-da-lagoa-e-as-estrategias-para-a-sua-preservacao","status":"publish","type":"post","link":"https:\/\/diariodalagoa.pt\/es\/a-arte-bonecreira-da-lagoa-e-as-estrategias-para-a-sua-preservacao\/","title":{"rendered":"A arte bonecreira da Lagoa e as estrat\u00e9gias para a sua preserva\u00e7\u00e3o"},"content":{"rendered":"<div class=\"wp-block-image is-style-rounded\"><figure class=\"aligncenter size-large is-resized\"><img decoding=\"async\" src=\"https:\/\/diariodalagoa.sapo.pt\/wp-content\/uploads\/2021\/11\/Igor-Franca-22.02-DL-1024x1024.jpg\" alt=\"\" class=\"wp-image-100557\" width=\"386\" height=\"386\"\/><figcaption> <strong>Igor Esp\u00ednola de Fran\u00e7a<\/strong><br><sup>Coordenador de Educa\u00e7\u00e3o e Cultura<\/sup><br><sup>C\u00e2mara Municipal de Lagoa<\/sup><\/figcaption><\/figure><\/div>\n\n\n<p style=\"text-align: left;\">A modelagem de figuras de pres\u00e9pio nos A\u00e7ores foi, certamente, promovida por influ\u00eancia da Ordem dos Franciscanos, que tinham uma grande devo\u00e7\u00e3o pelo culto da Natividade, tendo S\u00e3o Francisco de Assis sido o respons\u00e1vel pela constru\u00e7\u00e3o do primeiro pres\u00e9pio em Greccio, no ano de 1223. De facto, foi esse instituto religioso que acompanhou os primeiros povoadores a\u00e7orianos, com a incumb\u00eancia de lhes conferir forma\u00e7\u00e3o espiritual, bem como em \u00c1lgebra e em primeiras letras.<\/p>\n<p>No concelho de Lagoa a constru\u00e7\u00e3o da sua casa conventual de Santo Ant\u00f3nio ter\u00e1, seguramente, constitu\u00eddo um fator decisivo para a implementa\u00e7\u00e3o daquele culto, que a modelagem de figuras de pres\u00e9pio materializa e sustenta. Com a extin\u00e7\u00e3o das Ordens Religiosas, em 1832, esta pr\u00e1tica parece ter-se difundido na popula\u00e7\u00e3o, mas \u00e9 na sequ\u00eancia da abertura das f\u00e1bricas de cer\u00e2mica, Vieira em 1862 e Leite em 1872, que se criam condi\u00e7\u00f5es favor\u00e1veis para o aperfei\u00e7oamento das figuras, que passam a ser produzidas com recurso a moldes de gesso. Nesse per\u00edodo, alguns dos ceramistas que ali trabalhavam abriram em suas casas pequenas oficinas onde, em hor\u00e1rio extralaboral, criavam figuras de pres\u00e9pio, com a inten\u00e7\u00e3o de aumentarem os seus rendimentos. A articula\u00e7\u00e3o desta atividade com o movimento regionalista do s\u00e9culo XIX culminaria, no s\u00e9culo XX &#8211; com o apoio, e influ\u00eancia, da elite intelectual micaelense onde se destacaram figuras como Armando C\u00f4rtes-Rodrigues, Domingos Rebelo e Carreiro da Costa, &#8211; na afirma\u00e7\u00e3o de uma verdadeira arte popular, idiossincr\u00e1tica da Lagoa, cujo figurado representa quadros b\u00edblicos, em conviv\u00eancia com quadros regionalistas evocativos de atividades quotidianas do mundo rural. Nesse processo desempenhou papel de relevo Lu\u00eds da Luz Gouveia, quer pela qualidade das figuras que produziu, quer pela persist\u00eancia no recrutamento e, ainda, no exemplo que constituiu para os ceramistas bonecreiros mais novos.<\/p>\n<p>Ciente da relev\u00e2ncia desta atividade a C\u00e2mara Municipal de Lagoa tem investido, desde a d\u00e9cada de oitenta do s\u00e9culo passado, na preserva\u00e7\u00e3o da arte bonecreira, promovendo o seu estudo. Este esfor\u00e7o pioneiro foi desenvolvido em parceria com a Universidade dos A\u00e7ores e coordenado pelo investigador Rui de Sousa Martins, tendo permitido, nomeadamente, organizar uma cole\u00e7\u00e3o e identificar as autorias de muitas figuras imbu\u00eddas de particularidades estil\u00edsticas. A cria\u00e7\u00e3o do Museu de Lagoa-A\u00e7ores constituiu uma oportunidade para que parte dessa cole\u00e7\u00e3o fosse exposta com car\u00e1cter duradouro, no seu N\u00facleo Museol\u00f3gico do Pres\u00e9pio conclu\u00eddo em 2019, e intencionalmente localizado no antigo convento franciscano.<\/p>\n<p>O Museu disponibiliza, tamb\u00e9m, a mufla da sua oficina para a cozedura das figuras produzidas pelos bonecreiros, e a sua loja para a venda das mesmas, bem como mant\u00e9m online a Rota Bonecreira que mapeia os \u00faltimos cinco lagoenses que exercem a atividade, divulgando a sua obra e os seus contatos.<\/p>\n<p>Dando continuidade a todas estas a\u00e7\u00f5es, que visam garantir o prosseguimento da produ\u00e7\u00e3o artesanal das figuras de pres\u00e9pio t\u00edpicas do concelho, a autarquia celebrou este ano parcerias com as escolas B\u00e1sicas Integradas de Lagoa e \u00c1gua de Pau, e com a Escola Secund\u00e1ria de Lagoa, tendo arrancado no corrente ano letivo o projeto \u201cNovos Bonecreiros\u201d, com o qual se pretende despertar na popula\u00e7\u00e3o o gosto pela atividade. Nesse sentido, foi concebido um manual pedag\u00f3gico com informa\u00e7\u00e3o sobre as regras e t\u00e9cnicas da arte, acompanhado de v\u00eddeos explicativos, e dada forma\u00e7\u00e3o certificada aos docentes das \u00e1reas art\u00edsticas. Esta a\u00e7\u00e3o, que facultar\u00e1 o contato de toda a comunidade estudantil do concelho com a arte bonecreira, vai ser conjugada, no in\u00edcio do pr\u00f3ximo ano civil, com a forma\u00e7\u00e3o aberta \u00e0 popula\u00e7\u00e3o em geral, completando uma estrat\u00e9gia abrangente que visa perpetuar esta particular forma de arte, que justifica o ep\u00edteto de \u201ccidade pres\u00e9pio\u201d atribu\u00eddo \u00e0 Lagoa.<em><br><\/em><\/p>\n<p style=\"text-align: right;\"><em>Artigo de opini\u00e3o publicado na edi\u00e7\u00e3o impressa de <span style=\"color: #0000ff;\"><a style=\"color: #0000ff;\" href=\"https:\/\/diariodalagoa.sapo.pt\/wp-content\/uploads\/2021\/11\/DL_2021.11.pdf\">novembro de 2021<\/a><\/span><\/em><\/p>","protected":false},"excerpt":{"rendered":"<p>A modelagem de figuras de pres\u00e9pio nos A\u00e7ores foi, certamente, promovida por influ\u00eancia da Ordem dos Franciscanos, que tinham uma grande devo\u00e7\u00e3o pelo culto da Natividade, tendo S\u00e3o Francisco de Assis sido o respons\u00e1vel pela constru\u00e7\u00e3o do primeiro pres\u00e9pio em Greccio, no ano de 1223. De facto, foi esse instituto religioso que acompanhou os primeiros [&hellip;]<\/p>","protected":false},"author":2,"featured_media":109935,"comment_status":"open","ping_status":"closed","sticky":false,"template":"","format":"standard","meta":[],"categories":[11],"tags":[],"acf":[],"yoast_head":"<!-- This site is optimized with the Yoast SEO plugin v20.10 - https:\/\/yoast.com\/wordpress\/plugins\/seo\/ -->\n<title>A arte bonecreira da Lagoa e as estrat\u00e9gias para a sua preserva\u00e7\u00e3o - Di\u00e1rio da Lagoa<\/title>\n<meta name=\"description\" content=\"Igor Esp\u00ednola de Fran\u00e7a, coordenador de Educa\u00e7\u00e3o e Cultura da CML, conta-nos o que est\u00e1 a ser feito para preservar a arte da \u201ccidade pres\u00e9pio\u201d.\" \/>\n<meta name=\"robots\" content=\"index, follow, max-snippet:-1, max-image-preview:large, max-video-preview:-1\" \/>\n<link rel=\"canonical\" href=\"https:\/\/diariodalagoa.pt\/es\/a-arte-bonecreira-da-lagoa-e-as-estrategias-para-a-sua-preservacao\/\" \/>\n<meta property=\"og:locale\" content=\"es_ES\" \/>\n<meta property=\"og:type\" content=\"article\" \/>\n<meta property=\"og:title\" content=\"A arte bonecreira da Lagoa e as estrat\u00e9gias para a sua preserva\u00e7\u00e3o - Di\u00e1rio da Lagoa\" \/>\n<meta property=\"og:description\" content=\"Igor Esp\u00ednola de Fran\u00e7a, coordenador de Educa\u00e7\u00e3o e Cultura da CML, conta-nos o que est\u00e1 a ser feito para preservar a arte da \u201ccidade pres\u00e9pio\u201d.\" \/>\n<meta property=\"og:url\" content=\"https:\/\/diariodalagoa.pt\/es\/a-arte-bonecreira-da-lagoa-e-as-estrategias-para-a-sua-preservacao\/\" \/>\n<meta property=\"og:site_name\" content=\"Di\u00e1rio da Lagoa\" \/>\n<meta property=\"article:published_time\" content=\"2021-11-09T16:37:39+00:00\" \/>\n<meta property=\"article:modified_time\" content=\"2025-09-27T21:42:52+00:00\" \/>\n<meta property=\"og:image\" content=\"https:\/\/diariodalagoa.pt\/wp-content\/uploads\/2021\/11\/igor-franca-2202-dl.jpg\" \/>\n\t<meta property=\"og:image:width\" content=\"1113\" \/>\n\t<meta property=\"og:image:height\" content=\"1113\" \/>\n\t<meta property=\"og:image:type\" content=\"image\/jpeg\" \/>\n<meta name=\"author\" content=\"Di\u00e1rio da Lagoa\" \/>\n<meta name=\"twitter:card\" content=\"summary_large_image\" \/>\n<meta name=\"twitter:label1\" content=\"Escrito por\" \/>\n\t<meta name=\"twitter:data1\" content=\"Di\u00e1rio da Lagoa\" \/>\n\t<meta name=\"twitter:label2\" content=\"Tiempo de lectura\" \/>\n\t<meta name=\"twitter:data2\" content=\"3 minutos\" \/>\n<script type=\"application\/ld+json\" class=\"yoast-schema-graph\">{\"@context\":\"https:\/\/schema.org\",\"@graph\":[{\"@type\":\"WebPage\",\"@id\":\"https:\/\/diariodalagoa.pt\/a-arte-bonecreira-da-lagoa-e-as-estrategias-para-a-sua-preservacao\/\",\"url\":\"https:\/\/diariodalagoa.pt\/a-arte-bonecreira-da-lagoa-e-as-estrategias-para-a-sua-preservacao\/\",\"name\":\"A arte bonecreira da Lagoa e as estrat\u00e9gias para a sua preserva\u00e7\u00e3o - Di\u00e1rio da Lagoa\",\"isPartOf\":{\"@id\":\"https:\/\/diariodalagoa.pt\/#website\"},\"datePublished\":\"2021-11-09T16:37:39+00:00\",\"dateModified\":\"2025-09-27T21:42:52+00:00\",\"author\":{\"@id\":\"https:\/\/diariodalagoa.pt\/#\/schema\/person\/1615a002370e8857b6f972834bc43ece\"},\"description\":\"Igor Esp\u00ednola de Fran\u00e7a, coordenador de Educa\u00e7\u00e3o e Cultura da CML, conta-nos o que est\u00e1 a ser feito para preservar a arte da \u201ccidade pres\u00e9pio\u201d.\",\"breadcrumb\":{\"@id\":\"https:\/\/diariodalagoa.pt\/a-arte-bonecreira-da-lagoa-e-as-estrategias-para-a-sua-preservacao\/#breadcrumb\"},\"inLanguage\":\"es\",\"potentialAction\":[{\"@type\":\"ReadAction\",\"target\":[\"https:\/\/diariodalagoa.pt\/a-arte-bonecreira-da-lagoa-e-as-estrategias-para-a-sua-preservacao\/\"]}]},{\"@type\":\"BreadcrumbList\",\"@id\":\"https:\/\/diariodalagoa.pt\/a-arte-bonecreira-da-lagoa-e-as-estrategias-para-a-sua-preservacao\/#breadcrumb\",\"itemListElement\":[{\"@type\":\"ListItem\",\"position\":1,\"name\":\"In\u00edcio\",\"item\":\"https:\/\/diariodalagoa.pt\/\"},{\"@type\":\"ListItem\",\"position\":2,\"name\":\"A arte bonecreira da Lagoa e as estrat\u00e9gias para a sua preserva\u00e7\u00e3o\"}]},{\"@type\":\"WebSite\",\"@id\":\"https:\/\/diariodalagoa.pt\/#website\",\"url\":\"https:\/\/diariodalagoa.pt\/\",\"name\":\"Di\u00e1rio da Lagoa\",\"description\":\"Di\u00e1rio da Lagoa. As not\u00edcias que contam. A partir da Lagoa, nos A\u00e7ores, para o mundo.\",\"potentialAction\":[{\"@type\":\"SearchAction\",\"target\":{\"@type\":\"EntryPoint\",\"urlTemplate\":\"https:\/\/diariodalagoa.pt\/?s={search_term_string}\"},\"query-input\":\"required name=search_term_string\"}],\"inLanguage\":\"es\"},{\"@type\":\"Person\",\"@id\":\"https:\/\/diariodalagoa.pt\/#\/schema\/person\/1615a002370e8857b6f972834bc43ece\",\"name\":\"Di\u00e1rio da Lagoa\",\"image\":{\"@type\":\"ImageObject\",\"inLanguage\":\"es\",\"@id\":\"https:\/\/diariodalagoa.pt\/#\/schema\/person\/image\/\",\"url\":\"https:\/\/secure.gravatar.com\/avatar\/2cb5cef90a26f8fbd4d9d930608102c5?s=96&d=mm&r=g\",\"contentUrl\":\"https:\/\/secure.gravatar.com\/avatar\/2cb5cef90a26f8fbd4d9d930608102c5?s=96&d=mm&r=g\",\"caption\":\"Di\u00e1rio da Lagoa\"},\"url\":\"https:\/\/diariodalagoa.pt\/es\/author\/diariodalagoa\/\"}]}<\/script>\n<!-- \/ Yoast SEO plugin. -->","yoast_head_json":{"title":"A arte bonecreira da Lagoa e as estrat\u00e9gias para a sua preserva\u00e7\u00e3o - Di\u00e1rio da Lagoa","description":"Igor Esp\u00ednola de Fran\u00e7a, coordenador de Educa\u00e7\u00e3o e Cultura da CML, conta-nos o que est\u00e1 a ser feito para preservar a arte da \u201ccidade pres\u00e9pio\u201d.","robots":{"index":"index","follow":"follow","max-snippet":"max-snippet:-1","max-image-preview":"max-image-preview:large","max-video-preview":"max-video-preview:-1"},"canonical":"https:\/\/diariodalagoa.pt\/es\/a-arte-bonecreira-da-lagoa-e-as-estrategias-para-a-sua-preservacao\/","og_locale":"es_ES","og_type":"article","og_title":"A arte bonecreira da Lagoa e as estrat\u00e9gias para a sua preserva\u00e7\u00e3o - Di\u00e1rio da Lagoa","og_description":"Igor Esp\u00ednola de Fran\u00e7a, coordenador de Educa\u00e7\u00e3o e Cultura da CML, conta-nos o que est\u00e1 a ser feito para preservar a arte da \u201ccidade pres\u00e9pio\u201d.","og_url":"https:\/\/diariodalagoa.pt\/es\/a-arte-bonecreira-da-lagoa-e-as-estrategias-para-a-sua-preservacao\/","og_site_name":"Di\u00e1rio da Lagoa","article_published_time":"2021-11-09T16:37:39+00:00","article_modified_time":"2025-09-27T21:42:52+00:00","og_image":[{"width":1113,"height":1113,"url":"https:\/\/diariodalagoa.pt\/wp-content\/uploads\/2021\/11\/igor-franca-2202-dl.jpg","type":"image\/jpeg"}],"author":"Di\u00e1rio da Lagoa","twitter_card":"summary_large_image","twitter_misc":{"Escrito por":"Di\u00e1rio da Lagoa","Tiempo de lectura":"3 minutos"},"schema":{"@context":"https:\/\/schema.org","@graph":[{"@type":"WebPage","@id":"https:\/\/diariodalagoa.pt\/a-arte-bonecreira-da-lagoa-e-as-estrategias-para-a-sua-preservacao\/","url":"https:\/\/diariodalagoa.pt\/a-arte-bonecreira-da-lagoa-e-as-estrategias-para-a-sua-preservacao\/","name":"A arte bonecreira da Lagoa e as estrat\u00e9gias para a sua preserva\u00e7\u00e3o - Di\u00e1rio da Lagoa","isPartOf":{"@id":"https:\/\/diariodalagoa.pt\/#website"},"datePublished":"2021-11-09T16:37:39+00:00","dateModified":"2025-09-27T21:42:52+00:00","author":{"@id":"https:\/\/diariodalagoa.pt\/#\/schema\/person\/1615a002370e8857b6f972834bc43ece"},"description":"Igor Esp\u00ednola de Fran\u00e7a, coordenador de Educa\u00e7\u00e3o e Cultura da CML, conta-nos o que est\u00e1 a ser feito para preservar a arte da \u201ccidade pres\u00e9pio\u201d.","breadcrumb":{"@id":"https:\/\/diariodalagoa.pt\/a-arte-bonecreira-da-lagoa-e-as-estrategias-para-a-sua-preservacao\/#breadcrumb"},"inLanguage":"es","potentialAction":[{"@type":"ReadAction","target":["https:\/\/diariodalagoa.pt\/a-arte-bonecreira-da-lagoa-e-as-estrategias-para-a-sua-preservacao\/"]}]},{"@type":"BreadcrumbList","@id":"https:\/\/diariodalagoa.pt\/a-arte-bonecreira-da-lagoa-e-as-estrategias-para-a-sua-preservacao\/#breadcrumb","itemListElement":[{"@type":"ListItem","position":1,"name":"In\u00edcio","item":"https:\/\/diariodalagoa.pt\/"},{"@type":"ListItem","position":2,"name":"A arte bonecreira da Lagoa e as estrat\u00e9gias para a sua preserva\u00e7\u00e3o"}]},{"@type":"WebSite","@id":"https:\/\/diariodalagoa.pt\/#website","url":"https:\/\/diariodalagoa.pt\/","name":"Di\u00e1rio da Lagoa","description":"Di\u00e1rio da Lagoa. As not\u00edcias que contam. A partir da Lagoa, nos A\u00e7ores, para o mundo.","potentialAction":[{"@type":"SearchAction","target":{"@type":"EntryPoint","urlTemplate":"https:\/\/diariodalagoa.pt\/?s={search_term_string}"},"query-input":"required name=search_term_string"}],"inLanguage":"es"},{"@type":"Person","@id":"https:\/\/diariodalagoa.pt\/#\/schema\/person\/1615a002370e8857b6f972834bc43ece","name":"Di\u00e1rio da Lagoa","image":{"@type":"ImageObject","inLanguage":"es","@id":"https:\/\/diariodalagoa.pt\/#\/schema\/person\/image\/","url":"https:\/\/secure.gravatar.com\/avatar\/2cb5cef90a26f8fbd4d9d930608102c5?s=96&d=mm&r=g","contentUrl":"https:\/\/secure.gravatar.com\/avatar\/2cb5cef90a26f8fbd4d9d930608102c5?s=96&d=mm&r=g","caption":"Di\u00e1rio da Lagoa"},"url":"https:\/\/diariodalagoa.pt\/es\/author\/diariodalagoa\/"}]}},"_links":{"self":[{"href":"https:\/\/diariodalagoa.pt\/es\/wp-json\/wp\/v2\/posts\/98319"}],"collection":[{"href":"https:\/\/diariodalagoa.pt\/es\/wp-json\/wp\/v2\/posts"}],"about":[{"href":"https:\/\/diariodalagoa.pt\/es\/wp-json\/wp\/v2\/types\/post"}],"author":[{"embeddable":true,"href":"https:\/\/diariodalagoa.pt\/es\/wp-json\/wp\/v2\/users\/2"}],"replies":[{"embeddable":true,"href":"https:\/\/diariodalagoa.pt\/es\/wp-json\/wp\/v2\/comments?post=98319"}],"version-history":[{"count":1,"href":"https:\/\/diariodalagoa.pt\/es\/wp-json\/wp\/v2\/posts\/98319\/revisions"}],"predecessor-version":[{"id":126318,"href":"https:\/\/diariodalagoa.pt\/es\/wp-json\/wp\/v2\/posts\/98319\/revisions\/126318"}],"wp:featuredmedia":[{"embeddable":true,"href":"https:\/\/diariodalagoa.pt\/es\/wp-json\/wp\/v2\/media\/109935"}],"wp:attachment":[{"href":"https:\/\/diariodalagoa.pt\/es\/wp-json\/wp\/v2\/media?parent=98319"}],"wp:term":[{"taxonomy":"category","embeddable":true,"href":"https:\/\/diariodalagoa.pt\/es\/wp-json\/wp\/v2\/categories?post=98319"},{"taxonomy":"post_tag","embeddable":true,"href":"https:\/\/diariodalagoa.pt\/es\/wp-json\/wp\/v2\/tags?post=98319"}],"curies":[{"name":"wp","href":"https:\/\/api.w.org\/{rel}","templated":true}]}}