{"id":9825,"date":"2014-10-02T19:15:12","date_gmt":"2014-10-02T20:15:12","guid":{"rendered":"http:\/\/diariodalagoa.pt\/?p=9825"},"modified":"2014-10-02T19:15:12","modified_gmt":"2014-10-02T20:15:12","slug":"governo-empenhado-em-garantir-o-futuro-do-grupo-sata","status":"publish","type":"post","link":"https:\/\/diariodalagoa.pt\/es\/governo-empenhado-em-garantir-o-futuro-do-grupo-sata\/","title":{"rendered":"Governo empenhado em garantir o futuro do Grupo SATA"},"content":{"rendered":"<p style=\"text-align: justify;\"><img decoding=\"async\" class=\"alignnone size-full wp-image-9826\" src=\"http:\/\/diariodalagoa.pt\/wp-content\/uploads\/2014\/10\/Vasco-Cordeiro-sindicato-SATA-audiencia.jpg\" alt=\"Vasco-Cordeiro-sindicato-SATA-audiencia\" width=\"720\" height=\"380\" \/><\/p>\n<p style=\"text-align: justify;\"><span style=\"color: #000000;\">O Presidente do Governo garantiu que o seu Executivo est\u00e1 empenhado em garantir as condi\u00e7\u00f5es para que o Grupo SATA possa continuar a servir cada vez mais e melhor os A\u00e7orianos, dentro do novo quadro de Obriga\u00e7\u00f5es de Servi\u00e7o P\u00fablico de Transporte A\u00e9reo acordado com o Governo da Rep\u00fablica.\u00a0<\/span><\/p>\n<p style=\"text-align: justify;\"><span style=\"color: #000000;\">Vasco Cordeiro falava aos jornalistas, ap\u00f3s ter recebido em audi\u00eancia a Dire\u00e7\u00e3o do Sindicato Nacional do Pessoal de Voo da Avia\u00e7\u00e3o Civil (SNPVAC), onde\u00a0salientou que esse foi o entendimento e o compromisso que transmitiu neste encontro, que decorreu em Ponta Delgada.\u00a0<\/span><\/p>\n<p style=\"text-align: justify;\"><span style=\"color: #000000;\">\u201cIsso exige uma monitoriza\u00e7\u00e3o, a par e passo, da forma como as companhias, nomeadamente a SATA Internacional, v\u00e3o atuar no futuro, mas n\u00e3o h\u00e1 qualquer ideia pr\u00e9-concebida relativamente a outro destino para a SATA que n\u00e3o seja a de ajud\u00e1-la a seguir o seu caminho\u201d, assegurou.\u00a0<\/span><\/p>\n<p style=\"text-align: justify;\"><span style=\"color: #000000;\">Relativamente ao Plano de Desenvolvimento Estrat\u00e9gico da SATA para o per\u00edodo 2015-2020, Vasco Cordeiro adiantou que est\u00e1 em fase de conclus\u00e3o, num trabalho liderado pelo Conselho de Administra\u00e7\u00e3o do Grupo SATA.<\/span><\/p>\n<p style=\"text-align: justify;\"><span style=\"color: #000000;\"><em>DL\/GaCs<\/em><\/span><\/p>","protected":false},"excerpt":{"rendered":"<p>O Presidente do Governo garantiu que o seu Executivo est\u00e1 empenhado em garantir as condi\u00e7\u00f5es para que o Grupo SATA possa continuar a servir cada vez mais e melhor os A\u00e7orianos, dentro do novo quadro de Obriga\u00e7\u00f5es de Servi\u00e7o P\u00fablico de Transporte A\u00e9reo acordado com o Governo da Rep\u00fablica.\u00a0 Vasco Cordeiro falava aos jornalistas, ap\u00f3s [&hellip;]<\/p>","protected":false},"author":2,"featured_media":121762,"comment_status":"open","ping_status":"open","sticky":false,"template":"","format":"standard","meta":[],"categories":[21],"tags":[],"acf":[],"yoast_head":"<!-- This site is optimized with the Yoast SEO plugin v20.10 - https:\/\/yoast.com\/wordpress\/plugins\/seo\/ -->\n<title>Governo empenhado em garantir o futuro do Grupo SATA - Di\u00e1rio da Lagoa<\/title>\n<meta name=\"robots\" content=\"index, follow, max-snippet:-1, max-image-preview:large, max-video-preview:-1\" \/>\n<link rel=\"canonical\" href=\"https:\/\/diariodalagoa.pt\/es\/governo-empenhado-em-garantir-o-futuro-do-grupo-sata\/\" \/>\n<meta property=\"og:locale\" content=\"es_ES\" \/>\n<meta property=\"og:type\" content=\"article\" \/>\n<meta property=\"og:title\" content=\"Governo empenhado em garantir o futuro do Grupo SATA - Di\u00e1rio da Lagoa\" \/>\n<meta property=\"og:description\" content=\"O Presidente do Governo garantiu que o seu Executivo est\u00e1 empenhado em garantir as condi\u00e7\u00f5es para que o Grupo SATA possa continuar a servir cada vez mais e melhor os A\u00e7orianos, dentro do novo quadro de Obriga\u00e7\u00f5es de Servi\u00e7o P\u00fablico de Transporte A\u00e9reo acordado com o Governo da Rep\u00fablica.\u00a0 Vasco Cordeiro falava aos jornalistas, ap\u00f3s [&hellip;]\" \/>\n<meta property=\"og:url\" content=\"https:\/\/diariodalagoa.pt\/es\/governo-empenhado-em-garantir-o-futuro-do-grupo-sata\/\" \/>\n<meta property=\"og:site_name\" content=\"Di\u00e1rio da Lagoa\" \/>\n<meta property=\"article:published_time\" content=\"2014-10-02T20:15:12+00:00\" \/>\n<meta property=\"og:image\" content=\"https:\/\/diariodalagoa.pt\/wp-content\/uploads\/2014\/10\/vasco-cordeiro-sindicato-sata-audiencia.jpg\" \/>\n\t<meta property=\"og:image:width\" content=\"720\" \/>\n\t<meta property=\"og:image:height\" content=\"380\" \/>\n\t<meta property=\"og:image:type\" content=\"image\/jpeg\" \/>\n<meta name=\"author\" content=\"Di\u00e1rio da Lagoa\" \/>\n<meta name=\"twitter:card\" content=\"summary_large_image\" \/>\n<meta name=\"twitter:label1\" content=\"Escrito por\" \/>\n\t<meta name=\"twitter:data1\" content=\"Di\u00e1rio da Lagoa\" \/>\n\t<meta name=\"twitter:label2\" content=\"Tiempo de lectura\" \/>\n\t<meta name=\"twitter:data2\" content=\"1 minuto\" \/>\n<script type=\"application\/ld+json\" class=\"yoast-schema-graph\">{\"@context\":\"https:\/\/schema.org\",\"@graph\":[{\"@type\":\"WebPage\",\"@id\":\"https:\/\/diariodalagoa.pt\/governo-empenhado-em-garantir-o-futuro-do-grupo-sata\/\",\"url\":\"https:\/\/diariodalagoa.pt\/governo-empenhado-em-garantir-o-futuro-do-grupo-sata\/\",\"name\":\"Governo empenhado em garantir o futuro do Grupo SATA - Di\u00e1rio da Lagoa\",\"isPartOf\":{\"@id\":\"https:\/\/diariodalagoa.pt\/#website\"},\"datePublished\":\"2014-10-02T20:15:12+00:00\",\"dateModified\":\"2014-10-02T20:15:12+00:00\",\"author\":{\"@id\":\"https:\/\/diariodalagoa.pt\/#\/schema\/person\/1615a002370e8857b6f972834bc43ece\"},\"breadcrumb\":{\"@id\":\"https:\/\/diariodalagoa.pt\/governo-empenhado-em-garantir-o-futuro-do-grupo-sata\/#breadcrumb\"},\"inLanguage\":\"es\",\"potentialAction\":[{\"@type\":\"ReadAction\",\"target\":[\"https:\/\/diariodalagoa.pt\/governo-empenhado-em-garantir-o-futuro-do-grupo-sata\/\"]}]},{\"@type\":\"BreadcrumbList\",\"@id\":\"https:\/\/diariodalagoa.pt\/governo-empenhado-em-garantir-o-futuro-do-grupo-sata\/#breadcrumb\",\"itemListElement\":[{\"@type\":\"ListItem\",\"position\":1,\"name\":\"In\u00edcio\",\"item\":\"https:\/\/diariodalagoa.pt\/\"},{\"@type\":\"ListItem\",\"position\":2,\"name\":\"Governo empenhado em garantir o futuro do Grupo SATA\"}]},{\"@type\":\"WebSite\",\"@id\":\"https:\/\/diariodalagoa.pt\/#website\",\"url\":\"https:\/\/diariodalagoa.pt\/\",\"name\":\"Di\u00e1rio da Lagoa\",\"description\":\"Di\u00e1rio da Lagoa. As not\u00edcias que contam. A partir da Lagoa, nos A\u00e7ores, para o mundo.\",\"potentialAction\":[{\"@type\":\"SearchAction\",\"target\":{\"@type\":\"EntryPoint\",\"urlTemplate\":\"https:\/\/diariodalagoa.pt\/?s={search_term_string}\"},\"query-input\":\"required name=search_term_string\"}],\"inLanguage\":\"es\"},{\"@type\":\"Person\",\"@id\":\"https:\/\/diariodalagoa.pt\/#\/schema\/person\/1615a002370e8857b6f972834bc43ece\",\"name\":\"Di\u00e1rio da Lagoa\",\"image\":{\"@type\":\"ImageObject\",\"inLanguage\":\"es\",\"@id\":\"https:\/\/diariodalagoa.pt\/#\/schema\/person\/image\/\",\"url\":\"https:\/\/secure.gravatar.com\/avatar\/2cb5cef90a26f8fbd4d9d930608102c5?s=96&d=mm&r=g\",\"contentUrl\":\"https:\/\/secure.gravatar.com\/avatar\/2cb5cef90a26f8fbd4d9d930608102c5?s=96&d=mm&r=g\",\"caption\":\"Di\u00e1rio da Lagoa\"},\"url\":\"https:\/\/diariodalagoa.pt\/es\/author\/diariodalagoa\/\"}]}<\/script>\n<!-- \/ Yoast SEO plugin. -->","yoast_head_json":{"title":"Governo empenhado em garantir o futuro do Grupo SATA - Di\u00e1rio da Lagoa","robots":{"index":"index","follow":"follow","max-snippet":"max-snippet:-1","max-image-preview":"max-image-preview:large","max-video-preview":"max-video-preview:-1"},"canonical":"https:\/\/diariodalagoa.pt\/es\/governo-empenhado-em-garantir-o-futuro-do-grupo-sata\/","og_locale":"es_ES","og_type":"article","og_title":"Governo empenhado em garantir o futuro do Grupo SATA - Di\u00e1rio da Lagoa","og_description":"O Presidente do Governo garantiu que o seu Executivo est\u00e1 empenhado em garantir as condi\u00e7\u00f5es para que o Grupo SATA possa continuar a servir cada vez mais e melhor os A\u00e7orianos, dentro do novo quadro de Obriga\u00e7\u00f5es de Servi\u00e7o P\u00fablico de Transporte A\u00e9reo acordado com o Governo da Rep\u00fablica.\u00a0 Vasco Cordeiro falava aos jornalistas, ap\u00f3s [&hellip;]","og_url":"https:\/\/diariodalagoa.pt\/es\/governo-empenhado-em-garantir-o-futuro-do-grupo-sata\/","og_site_name":"Di\u00e1rio da Lagoa","article_published_time":"2014-10-02T20:15:12+00:00","og_image":[{"width":720,"height":380,"url":"https:\/\/diariodalagoa.pt\/wp-content\/uploads\/2014\/10\/vasco-cordeiro-sindicato-sata-audiencia.jpg","type":"image\/jpeg"}],"author":"Di\u00e1rio da Lagoa","twitter_card":"summary_large_image","twitter_misc":{"Escrito por":"Di\u00e1rio da Lagoa","Tiempo de lectura":"1 minuto"},"schema":{"@context":"https:\/\/schema.org","@graph":[{"@type":"WebPage","@id":"https:\/\/diariodalagoa.pt\/governo-empenhado-em-garantir-o-futuro-do-grupo-sata\/","url":"https:\/\/diariodalagoa.pt\/governo-empenhado-em-garantir-o-futuro-do-grupo-sata\/","name":"Governo empenhado em garantir o futuro do Grupo SATA - Di\u00e1rio da Lagoa","isPartOf":{"@id":"https:\/\/diariodalagoa.pt\/#website"},"datePublished":"2014-10-02T20:15:12+00:00","dateModified":"2014-10-02T20:15:12+00:00","author":{"@id":"https:\/\/diariodalagoa.pt\/#\/schema\/person\/1615a002370e8857b6f972834bc43ece"},"breadcrumb":{"@id":"https:\/\/diariodalagoa.pt\/governo-empenhado-em-garantir-o-futuro-do-grupo-sata\/#breadcrumb"},"inLanguage":"es","potentialAction":[{"@type":"ReadAction","target":["https:\/\/diariodalagoa.pt\/governo-empenhado-em-garantir-o-futuro-do-grupo-sata\/"]}]},{"@type":"BreadcrumbList","@id":"https:\/\/diariodalagoa.pt\/governo-empenhado-em-garantir-o-futuro-do-grupo-sata\/#breadcrumb","itemListElement":[{"@type":"ListItem","position":1,"name":"In\u00edcio","item":"https:\/\/diariodalagoa.pt\/"},{"@type":"ListItem","position":2,"name":"Governo empenhado em garantir o futuro do Grupo SATA"}]},{"@type":"WebSite","@id":"https:\/\/diariodalagoa.pt\/#website","url":"https:\/\/diariodalagoa.pt\/","name":"Di\u00e1rio da Lagoa","description":"Di\u00e1rio da Lagoa. As not\u00edcias que contam. A partir da Lagoa, nos A\u00e7ores, para o mundo.","potentialAction":[{"@type":"SearchAction","target":{"@type":"EntryPoint","urlTemplate":"https:\/\/diariodalagoa.pt\/?s={search_term_string}"},"query-input":"required name=search_term_string"}],"inLanguage":"es"},{"@type":"Person","@id":"https:\/\/diariodalagoa.pt\/#\/schema\/person\/1615a002370e8857b6f972834bc43ece","name":"Di\u00e1rio da Lagoa","image":{"@type":"ImageObject","inLanguage":"es","@id":"https:\/\/diariodalagoa.pt\/#\/schema\/person\/image\/","url":"https:\/\/secure.gravatar.com\/avatar\/2cb5cef90a26f8fbd4d9d930608102c5?s=96&d=mm&r=g","contentUrl":"https:\/\/secure.gravatar.com\/avatar\/2cb5cef90a26f8fbd4d9d930608102c5?s=96&d=mm&r=g","caption":"Di\u00e1rio da Lagoa"},"url":"https:\/\/diariodalagoa.pt\/es\/author\/diariodalagoa\/"}]}},"_links":{"self":[{"href":"https:\/\/diariodalagoa.pt\/es\/wp-json\/wp\/v2\/posts\/9825"}],"collection":[{"href":"https:\/\/diariodalagoa.pt\/es\/wp-json\/wp\/v2\/posts"}],"about":[{"href":"https:\/\/diariodalagoa.pt\/es\/wp-json\/wp\/v2\/types\/post"}],"author":[{"embeddable":true,"href":"https:\/\/diariodalagoa.pt\/es\/wp-json\/wp\/v2\/users\/2"}],"replies":[{"embeddable":true,"href":"https:\/\/diariodalagoa.pt\/es\/wp-json\/wp\/v2\/comments?post=9825"}],"version-history":[{"count":0,"href":"https:\/\/diariodalagoa.pt\/es\/wp-json\/wp\/v2\/posts\/9825\/revisions"}],"wp:featuredmedia":[{"embeddable":true,"href":"https:\/\/diariodalagoa.pt\/es\/wp-json\/wp\/v2\/media\/121762"}],"wp:attachment":[{"href":"https:\/\/diariodalagoa.pt\/es\/wp-json\/wp\/v2\/media?parent=9825"}],"wp:term":[{"taxonomy":"category","embeddable":true,"href":"https:\/\/diariodalagoa.pt\/es\/wp-json\/wp\/v2\/categories?post=9825"},{"taxonomy":"post_tag","embeddable":true,"href":"https:\/\/diariodalagoa.pt\/es\/wp-json\/wp\/v2\/tags?post=9825"}],"curies":[{"name":"wp","href":"https:\/\/api.w.org\/{rel}","templated":true}]}}