{"id":9739,"date":"2014-10-01T16:36:03","date_gmt":"2014-10-01T17:36:03","guid":{"rendered":"http:\/\/diariodalagoa.pt\/?p=9739"},"modified":"2014-10-01T16:36:03","modified_gmt":"2014-10-01T17:36:03","slug":"governo-aprova-mais-de-250-projetos-de-investimento-no-setor-agricola","status":"publish","type":"post","link":"https:\/\/diariodalagoa.pt\/es\/governo-aprova-mais-de-250-projetos-de-investimento-no-setor-agricola\/","title":{"rendered":"Governo aprova mais de 250 projetos de investimento no setor agr\u00edcola"},"content":{"rendered":"<p style=\"text-align: justify;\"><img decoding=\"async\" class=\"alignnone size-full wp-image-9740\" src=\"http:\/\/diariodalagoa.pt\/wp-content\/uploads\/2014\/10\/VAsco-Cordeiro-inaugura\u00e7\u00e3o-F\u00e1brica-ra\u00e7\u00f5es-lagoa-Sicosta-Premio-1.jpg\" alt=\"VAsco-Cordeiro-inaugura\u00e7\u00e3o-F\u00e1brica-ra\u00e7\u00f5es-lagoa-Sicosta-Premio (1)\" width=\"720\" height=\"380\" \/><\/p>\n<p style=\"text-align: justify;\"><span style=\"color: #000000;\">O Presidente do Governo dos A\u00e7ores anunciou a aprova\u00e7\u00e3o de mais de 250 projetos de investimento no setor agr\u00edcola, dos cerca de 300 que foram apresentados no anterior Quadro Comunit\u00e1rio de Apoio e que o Executivo conseguiu que transitassem para o atual per\u00edodo de programa\u00e7\u00e3o financeira.<\/span><\/p>\n<p style=\"text-align: justify;\"><span style=\"color: #000000;\">Vasco Cordeiro revelou que estes projetos de investimento correspondem a mais de 26,5 milh\u00f5es de euros de apoios ao investimento privado, a que os empres\u00e1rios agr\u00edcolas e agroindustriais dos A\u00e7ores poder\u00e3o aceder logo que a Uni\u00e3o Europeia aprove o PRORURAL+, acrescentando que os respetivos contratos de financiamento j\u00e1 foram enviados aos benefici\u00e1rios.<\/span><\/p>\n<p style=\"text-align: justify;\"><span style=\"color: #000000;\">O\u00a0Presidente do Governo, falava na inaugura\u00e7\u00e3o da nova f\u00e1brica de ra\u00e7\u00f5es do Grupo SICOSTA, na Lagoa, em S. Miguel, referiu que esta f\u00e1brica, que o Governo dos A\u00e7ores apoiou atrav\u00e9s do PRORURAL, representa \u201cum sinal de confian\u00e7a\u201d na economia e no futuro dos A\u00e7ores, frisando que \u201ca confian\u00e7a \u00e9 um ativo fundamental para respondermos positivamente aos desafios com que estamos confrontados\u201d.<\/span><\/p>\n<p style=\"text-align: justify;\"><span style=\"color: #000000;\">Na sua interven\u00e7\u00e3o, Vasco Cordeiro\u00a0salientou ainda a resposta positiva que o setor agr\u00edcola a\u00e7oriano sempre deu aos desafios com que foi confrontado ao longo dos anos, considerando que \u00e9 \u201cum exemplo de como, em esp\u00edrito de parceria e com um elevado grau de compromisso, entidades p\u00fablicas e entidades privadas conseguem fazer mais e melhor pelo desenvolvimento da nossa terra\u201d.<\/span><\/p>\n<p style=\"text-align: justify;\"><span style=\"color: #000000;\">Nesse sentido, recordou a medida criada para apoiar a instala\u00e7\u00e3o de jovens agricultores, que ultrapassou as expetativas, o mesmo sucedendo com as candidaturas apresentadas para os apoios \u00e0 moderniza\u00e7\u00e3o das explora\u00e7\u00f5es agr\u00edcolas, que tamb\u00e9m ultrapassaram largamente as previs\u00f5es.<\/span><\/p>\n<p style=\"text-align: justify;\"><span style=\"color: #000000;\">Relativamente ao PRORURAL, Vasco Cordeiro anunciou que, embora estando a decorrer ainda o per\u00edodo normal de pagamento de apoios e ajudas diretas relativas ao anterior Quadro Comunit\u00e1rio de Apoio, conforme o calend\u00e1rio de pagamentos oficial que se prolonga at\u00e9 meados do pr\u00f3ximo ano, \u201cefetuamos esta semana a antecipa\u00e7\u00e3o do pagamento de mais de 7,5 milh\u00f5es de euros das ajudas \u00e0 Manuten\u00e7\u00e3o da Atividade Agr\u00edcola em Zonas Desfavorecidas\u201d.<\/span><\/p>\n<p style=\"text-align: justify;\"><span style=\"color: #000000;\">Por outro lado, salientou que, no final deste m\u00eas de outubro, ser\u00e1 feita a \u201cantecipa\u00e7\u00e3o, em cerca de dois meses, do pagamento das ajudas agroambientais, no valor de aproximadamente 6,5 milh\u00f5es de euros\u201d.<\/span><\/p>\n<p style=\"text-align: justify;\"><span style=\"color: #000000;\"><em>DL\/Gacs<\/em><\/span><\/p>\n<p style=\"text-align: justify;\">","protected":false},"excerpt":{"rendered":"<p>O Presidente do Governo dos A\u00e7ores anunciou a aprova\u00e7\u00e3o de mais de 250 projetos de investimento no setor agr\u00edcola, dos cerca de 300 que foram apresentados no anterior Quadro Comunit\u00e1rio de Apoio e que o Executivo conseguiu que transitassem para o atual per\u00edodo de programa\u00e7\u00e3o financeira. Vasco Cordeiro revelou que estes projetos de investimento correspondem [&hellip;]<\/p>","protected":false},"author":2,"featured_media":0,"comment_status":"open","ping_status":"open","sticky":false,"template":"","format":"standard","meta":[],"categories":[21],"tags":[],"acf":[],"yoast_head":"<!-- This site is optimized with the Yoast SEO plugin v20.10 - https:\/\/yoast.com\/wordpress\/plugins\/seo\/ -->\n<title>Governo aprova mais de 250 projetos de investimento no setor agr\u00edcola - Di\u00e1rio da Lagoa<\/title>\n<meta name=\"robots\" content=\"index, follow, max-snippet:-1, max-image-preview:large, max-video-preview:-1\" \/>\n<link rel=\"canonical\" href=\"https:\/\/diariodalagoa.pt\/es\/governo-aprova-mais-de-250-projetos-de-investimento-no-setor-agricola\/\" \/>\n<meta property=\"og:locale\" content=\"es_ES\" \/>\n<meta property=\"og:type\" content=\"article\" \/>\n<meta property=\"og:title\" content=\"Governo aprova mais de 250 projetos de investimento no setor agr\u00edcola - Di\u00e1rio da Lagoa\" \/>\n<meta property=\"og:description\" content=\"O Presidente do Governo dos A\u00e7ores anunciou a aprova\u00e7\u00e3o de mais de 250 projetos de investimento no setor agr\u00edcola, dos cerca de 300 que foram apresentados no anterior Quadro Comunit\u00e1rio de Apoio e que o Executivo conseguiu que transitassem para o atual per\u00edodo de programa\u00e7\u00e3o financeira. Vasco Cordeiro revelou que estes projetos de investimento correspondem [&hellip;]\" \/>\n<meta property=\"og:url\" content=\"https:\/\/diariodalagoa.pt\/es\/governo-aprova-mais-de-250-projetos-de-investimento-no-setor-agricola\/\" \/>\n<meta property=\"og:site_name\" content=\"Di\u00e1rio da Lagoa\" \/>\n<meta property=\"article:published_time\" content=\"2014-10-01T17:36:03+00:00\" \/>\n<meta name=\"author\" content=\"Di\u00e1rio da Lagoa\" \/>\n<meta name=\"twitter:card\" content=\"summary_large_image\" \/>\n<meta name=\"twitter:label1\" content=\"Escrito por\" \/>\n\t<meta name=\"twitter:data1\" content=\"Di\u00e1rio da Lagoa\" \/>\n\t<meta name=\"twitter:label2\" content=\"Tiempo de lectura\" \/>\n\t<meta name=\"twitter:data2\" content=\"2 minutos\" \/>\n<script type=\"application\/ld+json\" class=\"yoast-schema-graph\">{\"@context\":\"https:\/\/schema.org\",\"@graph\":[{\"@type\":\"WebPage\",\"@id\":\"https:\/\/diariodalagoa.pt\/governo-aprova-mais-de-250-projetos-de-investimento-no-setor-agricola\/\",\"url\":\"https:\/\/diariodalagoa.pt\/governo-aprova-mais-de-250-projetos-de-investimento-no-setor-agricola\/\",\"name\":\"Governo aprova mais de 250 projetos de investimento no setor agr\u00edcola - Di\u00e1rio da Lagoa\",\"isPartOf\":{\"@id\":\"https:\/\/diariodalagoa.pt\/#website\"},\"datePublished\":\"2014-10-01T17:36:03+00:00\",\"dateModified\":\"2014-10-01T17:36:03+00:00\",\"author\":{\"@id\":\"https:\/\/diariodalagoa.pt\/#\/schema\/person\/1615a002370e8857b6f972834bc43ece\"},\"breadcrumb\":{\"@id\":\"https:\/\/diariodalagoa.pt\/governo-aprova-mais-de-250-projetos-de-investimento-no-setor-agricola\/#breadcrumb\"},\"inLanguage\":\"es\",\"potentialAction\":[{\"@type\":\"ReadAction\",\"target\":[\"https:\/\/diariodalagoa.pt\/governo-aprova-mais-de-250-projetos-de-investimento-no-setor-agricola\/\"]}]},{\"@type\":\"BreadcrumbList\",\"@id\":\"https:\/\/diariodalagoa.pt\/governo-aprova-mais-de-250-projetos-de-investimento-no-setor-agricola\/#breadcrumb\",\"itemListElement\":[{\"@type\":\"ListItem\",\"position\":1,\"name\":\"In\u00edcio\",\"item\":\"https:\/\/diariodalagoa.pt\/\"},{\"@type\":\"ListItem\",\"position\":2,\"name\":\"Governo aprova mais de 250 projetos de investimento no setor agr\u00edcola\"}]},{\"@type\":\"WebSite\",\"@id\":\"https:\/\/diariodalagoa.pt\/#website\",\"url\":\"https:\/\/diariodalagoa.pt\/\",\"name\":\"Di\u00e1rio da Lagoa\",\"description\":\"Di\u00e1rio da Lagoa. As not\u00edcias que contam. A partir da Lagoa, nos A\u00e7ores, para o mundo.\",\"potentialAction\":[{\"@type\":\"SearchAction\",\"target\":{\"@type\":\"EntryPoint\",\"urlTemplate\":\"https:\/\/diariodalagoa.pt\/?s={search_term_string}\"},\"query-input\":\"required name=search_term_string\"}],\"inLanguage\":\"es\"},{\"@type\":\"Person\",\"@id\":\"https:\/\/diariodalagoa.pt\/#\/schema\/person\/1615a002370e8857b6f972834bc43ece\",\"name\":\"Di\u00e1rio da Lagoa\",\"image\":{\"@type\":\"ImageObject\",\"inLanguage\":\"es\",\"@id\":\"https:\/\/diariodalagoa.pt\/#\/schema\/person\/image\/\",\"url\":\"https:\/\/secure.gravatar.com\/avatar\/2cb5cef90a26f8fbd4d9d930608102c5?s=96&d=mm&r=g\",\"contentUrl\":\"https:\/\/secure.gravatar.com\/avatar\/2cb5cef90a26f8fbd4d9d930608102c5?s=96&d=mm&r=g\",\"caption\":\"Di\u00e1rio da Lagoa\"},\"url\":\"https:\/\/diariodalagoa.pt\/es\/author\/diariodalagoa\/\"}]}<\/script>\n<!-- \/ Yoast SEO plugin. -->","yoast_head_json":{"title":"Governo aprova mais de 250 projetos de investimento no setor agr\u00edcola - Di\u00e1rio da Lagoa","robots":{"index":"index","follow":"follow","max-snippet":"max-snippet:-1","max-image-preview":"max-image-preview:large","max-video-preview":"max-video-preview:-1"},"canonical":"https:\/\/diariodalagoa.pt\/es\/governo-aprova-mais-de-250-projetos-de-investimento-no-setor-agricola\/","og_locale":"es_ES","og_type":"article","og_title":"Governo aprova mais de 250 projetos de investimento no setor agr\u00edcola - Di\u00e1rio da Lagoa","og_description":"O Presidente do Governo dos A\u00e7ores anunciou a aprova\u00e7\u00e3o de mais de 250 projetos de investimento no setor agr\u00edcola, dos cerca de 300 que foram apresentados no anterior Quadro Comunit\u00e1rio de Apoio e que o Executivo conseguiu que transitassem para o atual per\u00edodo de programa\u00e7\u00e3o financeira. Vasco Cordeiro revelou que estes projetos de investimento correspondem [&hellip;]","og_url":"https:\/\/diariodalagoa.pt\/es\/governo-aprova-mais-de-250-projetos-de-investimento-no-setor-agricola\/","og_site_name":"Di\u00e1rio da Lagoa","article_published_time":"2014-10-01T17:36:03+00:00","author":"Di\u00e1rio da Lagoa","twitter_card":"summary_large_image","twitter_misc":{"Escrito por":"Di\u00e1rio da Lagoa","Tiempo de lectura":"2 minutos"},"schema":{"@context":"https:\/\/schema.org","@graph":[{"@type":"WebPage","@id":"https:\/\/diariodalagoa.pt\/governo-aprova-mais-de-250-projetos-de-investimento-no-setor-agricola\/","url":"https:\/\/diariodalagoa.pt\/governo-aprova-mais-de-250-projetos-de-investimento-no-setor-agricola\/","name":"Governo aprova mais de 250 projetos de investimento no setor agr\u00edcola - Di\u00e1rio da Lagoa","isPartOf":{"@id":"https:\/\/diariodalagoa.pt\/#website"},"datePublished":"2014-10-01T17:36:03+00:00","dateModified":"2014-10-01T17:36:03+00:00","author":{"@id":"https:\/\/diariodalagoa.pt\/#\/schema\/person\/1615a002370e8857b6f972834bc43ece"},"breadcrumb":{"@id":"https:\/\/diariodalagoa.pt\/governo-aprova-mais-de-250-projetos-de-investimento-no-setor-agricola\/#breadcrumb"},"inLanguage":"es","potentialAction":[{"@type":"ReadAction","target":["https:\/\/diariodalagoa.pt\/governo-aprova-mais-de-250-projetos-de-investimento-no-setor-agricola\/"]}]},{"@type":"BreadcrumbList","@id":"https:\/\/diariodalagoa.pt\/governo-aprova-mais-de-250-projetos-de-investimento-no-setor-agricola\/#breadcrumb","itemListElement":[{"@type":"ListItem","position":1,"name":"In\u00edcio","item":"https:\/\/diariodalagoa.pt\/"},{"@type":"ListItem","position":2,"name":"Governo aprova mais de 250 projetos de investimento no setor agr\u00edcola"}]},{"@type":"WebSite","@id":"https:\/\/diariodalagoa.pt\/#website","url":"https:\/\/diariodalagoa.pt\/","name":"Di\u00e1rio da Lagoa","description":"Di\u00e1rio da Lagoa. As not\u00edcias que contam. A partir da Lagoa, nos A\u00e7ores, para o mundo.","potentialAction":[{"@type":"SearchAction","target":{"@type":"EntryPoint","urlTemplate":"https:\/\/diariodalagoa.pt\/?s={search_term_string}"},"query-input":"required name=search_term_string"}],"inLanguage":"es"},{"@type":"Person","@id":"https:\/\/diariodalagoa.pt\/#\/schema\/person\/1615a002370e8857b6f972834bc43ece","name":"Di\u00e1rio da Lagoa","image":{"@type":"ImageObject","inLanguage":"es","@id":"https:\/\/diariodalagoa.pt\/#\/schema\/person\/image\/","url":"https:\/\/secure.gravatar.com\/avatar\/2cb5cef90a26f8fbd4d9d930608102c5?s=96&d=mm&r=g","contentUrl":"https:\/\/secure.gravatar.com\/avatar\/2cb5cef90a26f8fbd4d9d930608102c5?s=96&d=mm&r=g","caption":"Di\u00e1rio da Lagoa"},"url":"https:\/\/diariodalagoa.pt\/es\/author\/diariodalagoa\/"}]}},"_links":{"self":[{"href":"https:\/\/diariodalagoa.pt\/es\/wp-json\/wp\/v2\/posts\/9739"}],"collection":[{"href":"https:\/\/diariodalagoa.pt\/es\/wp-json\/wp\/v2\/posts"}],"about":[{"href":"https:\/\/diariodalagoa.pt\/es\/wp-json\/wp\/v2\/types\/post"}],"author":[{"embeddable":true,"href":"https:\/\/diariodalagoa.pt\/es\/wp-json\/wp\/v2\/users\/2"}],"replies":[{"embeddable":true,"href":"https:\/\/diariodalagoa.pt\/es\/wp-json\/wp\/v2\/comments?post=9739"}],"version-history":[{"count":0,"href":"https:\/\/diariodalagoa.pt\/es\/wp-json\/wp\/v2\/posts\/9739\/revisions"}],"wp:attachment":[{"href":"https:\/\/diariodalagoa.pt\/es\/wp-json\/wp\/v2\/media?parent=9739"}],"wp:term":[{"taxonomy":"category","embeddable":true,"href":"https:\/\/diariodalagoa.pt\/es\/wp-json\/wp\/v2\/categories?post=9739"},{"taxonomy":"post_tag","embeddable":true,"href":"https:\/\/diariodalagoa.pt\/es\/wp-json\/wp\/v2\/tags?post=9739"}],"curies":[{"name":"wp","href":"https:\/\/api.w.org\/{rel}","templated":true}]}}