{"id":9714,"date":"2014-09-30T22:27:15","date_gmt":"2014-09-30T22:27:15","guid":{"rendered":"http:\/\/diariodalagoa.pt\/?p=9714"},"modified":"2014-09-30T22:27:15","modified_gmt":"2014-09-30T22:27:15","slug":"doentes-cronicos-tem-acesso-a-todos-os-exames-necessarios","status":"publish","type":"post","link":"https:\/\/diariodalagoa.pt\/es\/doentes-cronicos-tem-acesso-a-todos-os-exames-necessarios\/","title":{"rendered":"Doentes cr\u00f3nicos t\u00eam acesso a todos os exames necess\u00e1rios"},"content":{"rendered":"<p style=\"text-align: justify;\"><img decoding=\"async\" class=\"alignnone size-full wp-image-6116\" src=\"http:\/\/diariodalagoa.pt\/wp-content\/uploads\/2014\/06\/Luis-Cabral-secretario-saude-governo-A\u00e7ores.jpg\" alt=\"Luis-Cabral-secretario-saude-governo-A\u00e7ores\" width=\"720\" height=\"383\" \/><\/p>\n<p style=\"text-align: justify;\"><span style=\"color: #000000;\">O Secret\u00e1rio Regional da Sa\u00fade\u00a0afirmou que as declara\u00e7\u00f5es sobre conven\u00e7\u00f5es e reembolsos veiculadas por partidos da oposi\u00e7\u00e3o \u201ctransmitem ideias falsas\u201d,\u00a0assegurando que \u201cnem os doentes cr\u00f3nicos, nem os restantes utentes, s\u00e3o penalizados com a entrada em vigor das novas portarias\u201d.<\/span><\/p>\n<p style=\"text-align: justify;\"><span style=\"color: #000000;\">Lu\u00eds Cabral\u00a0frisou que os doentes com patologias especiais s\u00e3o acompanhados pelos hospitais e centros de sa\u00fade e, desse modo, \u201ct\u00eam acesso a todos os exames e an\u00e1lises necess\u00e1rios, sem qualquer limita\u00e7\u00e3o\u201d. \u00a0<\/span><\/p>\n<p style=\"text-align: justify;\"><span style=\"color: #000000;\">\u201cTamb\u00e9m \u00e9 falso que o sistema fique mais caro para os utentes\u201d, disse o Secret\u00e1rio Regional da Sa\u00fade, salientando que, pelo contr\u00e1rio, \u201cos valores de reembolsos previstos em v\u00e1rias consultas, ecografias e exames imagiol\u00f3gicos apresentam um aumento significativo\u201d.<\/span><\/p>\n<p style=\"text-align: justify;\"><span style=\"color: #000000;\">Na resposta\u00a0a declara\u00e7\u00f5es feitas pelos partidos da oposi\u00e7\u00e3o, Lu\u00eds Cabral lembrou que este regime de reembolsos \u201cque o Governo pretende manter nos A\u00e7ores, ao que contr\u00e1rio do que acontece no continente\u201d, representa uma ajuda complementar aos utentes que, por op\u00e7\u00e3o, utilizam os servi\u00e7os privados de sa\u00fade em vez do servi\u00e7o p\u00fablico.<\/span><\/p>\n<p style=\"text-align: justify;\"><span style=\"color: #000000;\">O Secret\u00e1rio Regional salientou ainda que as portarias que entram em vigor quarta-feira, 1 de outubro,\u00a0pretendem \u201ctrazer mais transpar\u00eancia e mais rigor ao sistema\u201d, tendo como objetivo \u201cmanter o mesmo n\u00edvel de atendimento e, inclusive, melhor\u00e1-lo\u201d.<\/span><\/p>\n<p style=\"text-align: justify;\">\n<p style=\"text-align: justify;\"><span style=\"color: rgb(0, 0, 0);\">Recorde-se que, esta ter\u00e7a-feira, o l\u00edder do CDS-PP nos A\u00e7ores reiterou que a nova portaria de reembolsos de servi\u00e7os de sa\u00fade prestados no privado \u00e9 &#8220;o maior atentado dos direitos dos doentes&#8221; na regi\u00e3o.<\/span><\/p>\n<p style=\"text-align: justify;\"><span style=\"color: rgb(0, 0, 0);\">Artur Lima acusou o secret\u00e1rio regional da Sa\u00fade de aplicar nos A\u00e7ores uma &#8220;medicina para ricos&#8221;, criticando a promo\u00e7\u00e3o do turismo de sa\u00fade, quando n\u00e3o h\u00e1 condi\u00e7\u00f5es para tratar os utentes a\u00e7orianos.<\/span><\/p>\n<p style=\"text-align: justify;\"><em><span style=\"color: #000000;\">DL\/Gacs<\/span><\/em><\/p>","protected":false},"excerpt":{"rendered":"<p>O Secret\u00e1rio Regional da Sa\u00fade\u00a0afirmou que as declara\u00e7\u00f5es sobre conven\u00e7\u00f5es e reembolsos veiculadas por partidos da oposi\u00e7\u00e3o \u201ctransmitem ideias falsas\u201d,\u00a0assegurando que \u201cnem os doentes cr\u00f3nicos, nem os restantes utentes, s\u00e3o penalizados com a entrada em vigor das novas portarias\u201d. Lu\u00eds Cabral\u00a0frisou que os doentes com patologias especiais s\u00e3o acompanhados pelos hospitais e centros de sa\u00fade [&hellip;]<\/p>","protected":false},"author":2,"featured_media":0,"comment_status":"open","ping_status":"open","sticky":false,"template":"","format":"standard","meta":[],"categories":[21],"tags":[],"acf":[],"yoast_head":"<!-- This site is optimized with the Yoast SEO plugin v20.10 - https:\/\/yoast.com\/wordpress\/plugins\/seo\/ -->\n<title>Doentes cr\u00f3nicos t\u00eam acesso a todos os exames necess\u00e1rios - Di\u00e1rio da Lagoa<\/title>\n<meta name=\"robots\" content=\"index, follow, max-snippet:-1, max-image-preview:large, max-video-preview:-1\" \/>\n<link rel=\"canonical\" href=\"https:\/\/diariodalagoa.pt\/es\/doentes-cronicos-tem-acesso-a-todos-os-exames-necessarios\/\" \/>\n<meta property=\"og:locale\" content=\"es_ES\" \/>\n<meta property=\"og:type\" content=\"article\" \/>\n<meta property=\"og:title\" content=\"Doentes cr\u00f3nicos t\u00eam acesso a todos os exames necess\u00e1rios - Di\u00e1rio da Lagoa\" \/>\n<meta property=\"og:description\" content=\"O Secret\u00e1rio Regional da Sa\u00fade\u00a0afirmou que as declara\u00e7\u00f5es sobre conven\u00e7\u00f5es e reembolsos veiculadas por partidos da oposi\u00e7\u00e3o \u201ctransmitem ideias falsas\u201d,\u00a0assegurando que \u201cnem os doentes cr\u00f3nicos, nem os restantes utentes, s\u00e3o penalizados com a entrada em vigor das novas portarias\u201d. Lu\u00eds Cabral\u00a0frisou que os doentes com patologias especiais s\u00e3o acompanhados pelos hospitais e centros de sa\u00fade [&hellip;]\" \/>\n<meta property=\"og:url\" content=\"https:\/\/diariodalagoa.pt\/es\/doentes-cronicos-tem-acesso-a-todos-os-exames-necessarios\/\" \/>\n<meta property=\"og:site_name\" content=\"Di\u00e1rio da Lagoa\" \/>\n<meta property=\"article:published_time\" content=\"2014-09-30T22:27:15+00:00\" \/>\n<meta name=\"author\" content=\"Di\u00e1rio da Lagoa\" \/>\n<meta name=\"twitter:card\" content=\"summary_large_image\" \/>\n<meta name=\"twitter:label1\" content=\"Escrito por\" \/>\n\t<meta name=\"twitter:data1\" content=\"Di\u00e1rio da Lagoa\" \/>\n\t<meta name=\"twitter:label2\" content=\"Tiempo de lectura\" \/>\n\t<meta name=\"twitter:data2\" content=\"2 minutos\" \/>\n<script type=\"application\/ld+json\" class=\"yoast-schema-graph\">{\"@context\":\"https:\/\/schema.org\",\"@graph\":[{\"@type\":\"WebPage\",\"@id\":\"https:\/\/diariodalagoa.pt\/doentes-cronicos-tem-acesso-a-todos-os-exames-necessarios\/\",\"url\":\"https:\/\/diariodalagoa.pt\/doentes-cronicos-tem-acesso-a-todos-os-exames-necessarios\/\",\"name\":\"Doentes cr\u00f3nicos t\u00eam acesso a todos os exames necess\u00e1rios - Di\u00e1rio da Lagoa\",\"isPartOf\":{\"@id\":\"https:\/\/diariodalagoa.pt\/#website\"},\"datePublished\":\"2014-09-30T22:27:15+00:00\",\"dateModified\":\"2014-09-30T22:27:15+00:00\",\"author\":{\"@id\":\"https:\/\/diariodalagoa.pt\/#\/schema\/person\/1615a002370e8857b6f972834bc43ece\"},\"breadcrumb\":{\"@id\":\"https:\/\/diariodalagoa.pt\/doentes-cronicos-tem-acesso-a-todos-os-exames-necessarios\/#breadcrumb\"},\"inLanguage\":\"es\",\"potentialAction\":[{\"@type\":\"ReadAction\",\"target\":[\"https:\/\/diariodalagoa.pt\/doentes-cronicos-tem-acesso-a-todos-os-exames-necessarios\/\"]}]},{\"@type\":\"BreadcrumbList\",\"@id\":\"https:\/\/diariodalagoa.pt\/doentes-cronicos-tem-acesso-a-todos-os-exames-necessarios\/#breadcrumb\",\"itemListElement\":[{\"@type\":\"ListItem\",\"position\":1,\"name\":\"In\u00edcio\",\"item\":\"https:\/\/diariodalagoa.pt\/\"},{\"@type\":\"ListItem\",\"position\":2,\"name\":\"Doentes cr\u00f3nicos t\u00eam acesso a todos os exames necess\u00e1rios\"}]},{\"@type\":\"WebSite\",\"@id\":\"https:\/\/diariodalagoa.pt\/#website\",\"url\":\"https:\/\/diariodalagoa.pt\/\",\"name\":\"Di\u00e1rio da Lagoa\",\"description\":\"Di\u00e1rio da Lagoa. As not\u00edcias que contam. A partir da Lagoa, nos A\u00e7ores, para o mundo.\",\"potentialAction\":[{\"@type\":\"SearchAction\",\"target\":{\"@type\":\"EntryPoint\",\"urlTemplate\":\"https:\/\/diariodalagoa.pt\/?s={search_term_string}\"},\"query-input\":\"required name=search_term_string\"}],\"inLanguage\":\"es\"},{\"@type\":\"Person\",\"@id\":\"https:\/\/diariodalagoa.pt\/#\/schema\/person\/1615a002370e8857b6f972834bc43ece\",\"name\":\"Di\u00e1rio da Lagoa\",\"image\":{\"@type\":\"ImageObject\",\"inLanguage\":\"es\",\"@id\":\"https:\/\/diariodalagoa.pt\/#\/schema\/person\/image\/\",\"url\":\"https:\/\/secure.gravatar.com\/avatar\/2cb5cef90a26f8fbd4d9d930608102c5?s=96&d=mm&r=g\",\"contentUrl\":\"https:\/\/secure.gravatar.com\/avatar\/2cb5cef90a26f8fbd4d9d930608102c5?s=96&d=mm&r=g\",\"caption\":\"Di\u00e1rio da Lagoa\"},\"url\":\"https:\/\/diariodalagoa.pt\/es\/author\/diariodalagoa\/\"}]}<\/script>\n<!-- \/ Yoast SEO plugin. -->","yoast_head_json":{"title":"Doentes cr\u00f3nicos t\u00eam acesso a todos os exames necess\u00e1rios - Di\u00e1rio da Lagoa","robots":{"index":"index","follow":"follow","max-snippet":"max-snippet:-1","max-image-preview":"max-image-preview:large","max-video-preview":"max-video-preview:-1"},"canonical":"https:\/\/diariodalagoa.pt\/es\/doentes-cronicos-tem-acesso-a-todos-os-exames-necessarios\/","og_locale":"es_ES","og_type":"article","og_title":"Doentes cr\u00f3nicos t\u00eam acesso a todos os exames necess\u00e1rios - Di\u00e1rio da Lagoa","og_description":"O Secret\u00e1rio Regional da Sa\u00fade\u00a0afirmou que as declara\u00e7\u00f5es sobre conven\u00e7\u00f5es e reembolsos veiculadas por partidos da oposi\u00e7\u00e3o \u201ctransmitem ideias falsas\u201d,\u00a0assegurando que \u201cnem os doentes cr\u00f3nicos, nem os restantes utentes, s\u00e3o penalizados com a entrada em vigor das novas portarias\u201d. Lu\u00eds Cabral\u00a0frisou que os doentes com patologias especiais s\u00e3o acompanhados pelos hospitais e centros de sa\u00fade [&hellip;]","og_url":"https:\/\/diariodalagoa.pt\/es\/doentes-cronicos-tem-acesso-a-todos-os-exames-necessarios\/","og_site_name":"Di\u00e1rio da Lagoa","article_published_time":"2014-09-30T22:27:15+00:00","author":"Di\u00e1rio da Lagoa","twitter_card":"summary_large_image","twitter_misc":{"Escrito por":"Di\u00e1rio da Lagoa","Tiempo de lectura":"2 minutos"},"schema":{"@context":"https:\/\/schema.org","@graph":[{"@type":"WebPage","@id":"https:\/\/diariodalagoa.pt\/doentes-cronicos-tem-acesso-a-todos-os-exames-necessarios\/","url":"https:\/\/diariodalagoa.pt\/doentes-cronicos-tem-acesso-a-todos-os-exames-necessarios\/","name":"Doentes cr\u00f3nicos t\u00eam acesso a todos os exames necess\u00e1rios - Di\u00e1rio da Lagoa","isPartOf":{"@id":"https:\/\/diariodalagoa.pt\/#website"},"datePublished":"2014-09-30T22:27:15+00:00","dateModified":"2014-09-30T22:27:15+00:00","author":{"@id":"https:\/\/diariodalagoa.pt\/#\/schema\/person\/1615a002370e8857b6f972834bc43ece"},"breadcrumb":{"@id":"https:\/\/diariodalagoa.pt\/doentes-cronicos-tem-acesso-a-todos-os-exames-necessarios\/#breadcrumb"},"inLanguage":"es","potentialAction":[{"@type":"ReadAction","target":["https:\/\/diariodalagoa.pt\/doentes-cronicos-tem-acesso-a-todos-os-exames-necessarios\/"]}]},{"@type":"BreadcrumbList","@id":"https:\/\/diariodalagoa.pt\/doentes-cronicos-tem-acesso-a-todos-os-exames-necessarios\/#breadcrumb","itemListElement":[{"@type":"ListItem","position":1,"name":"In\u00edcio","item":"https:\/\/diariodalagoa.pt\/"},{"@type":"ListItem","position":2,"name":"Doentes cr\u00f3nicos t\u00eam acesso a todos os exames necess\u00e1rios"}]},{"@type":"WebSite","@id":"https:\/\/diariodalagoa.pt\/#website","url":"https:\/\/diariodalagoa.pt\/","name":"Di\u00e1rio da Lagoa","description":"Di\u00e1rio da Lagoa. As not\u00edcias que contam. A partir da Lagoa, nos A\u00e7ores, para o mundo.","potentialAction":[{"@type":"SearchAction","target":{"@type":"EntryPoint","urlTemplate":"https:\/\/diariodalagoa.pt\/?s={search_term_string}"},"query-input":"required name=search_term_string"}],"inLanguage":"es"},{"@type":"Person","@id":"https:\/\/diariodalagoa.pt\/#\/schema\/person\/1615a002370e8857b6f972834bc43ece","name":"Di\u00e1rio da Lagoa","image":{"@type":"ImageObject","inLanguage":"es","@id":"https:\/\/diariodalagoa.pt\/#\/schema\/person\/image\/","url":"https:\/\/secure.gravatar.com\/avatar\/2cb5cef90a26f8fbd4d9d930608102c5?s=96&d=mm&r=g","contentUrl":"https:\/\/secure.gravatar.com\/avatar\/2cb5cef90a26f8fbd4d9d930608102c5?s=96&d=mm&r=g","caption":"Di\u00e1rio da Lagoa"},"url":"https:\/\/diariodalagoa.pt\/es\/author\/diariodalagoa\/"}]}},"_links":{"self":[{"href":"https:\/\/diariodalagoa.pt\/es\/wp-json\/wp\/v2\/posts\/9714"}],"collection":[{"href":"https:\/\/diariodalagoa.pt\/es\/wp-json\/wp\/v2\/posts"}],"about":[{"href":"https:\/\/diariodalagoa.pt\/es\/wp-json\/wp\/v2\/types\/post"}],"author":[{"embeddable":true,"href":"https:\/\/diariodalagoa.pt\/es\/wp-json\/wp\/v2\/users\/2"}],"replies":[{"embeddable":true,"href":"https:\/\/diariodalagoa.pt\/es\/wp-json\/wp\/v2\/comments?post=9714"}],"version-history":[{"count":0,"href":"https:\/\/diariodalagoa.pt\/es\/wp-json\/wp\/v2\/posts\/9714\/revisions"}],"wp:attachment":[{"href":"https:\/\/diariodalagoa.pt\/es\/wp-json\/wp\/v2\/media?parent=9714"}],"wp:term":[{"taxonomy":"category","embeddable":true,"href":"https:\/\/diariodalagoa.pt\/es\/wp-json\/wp\/v2\/categories?post=9714"},{"taxonomy":"post_tag","embeddable":true,"href":"https:\/\/diariodalagoa.pt\/es\/wp-json\/wp\/v2\/tags?post=9714"}],"curies":[{"name":"wp","href":"https:\/\/api.w.org\/{rel}","templated":true}]}}