{"id":9504,"date":"2014-10-01T10:02:41","date_gmt":"2014-10-01T10:02:41","guid":{"rendered":"http:\/\/diariodalagoa.pt\/?p=9504"},"modified":"2014-10-01T10:02:41","modified_gmt":"2014-10-01T10:02:41","slug":"notas-de-final-de-verao","status":"publish","type":"post","link":"https:\/\/diariodalagoa.pt\/es\/notas-de-final-de-verao\/","title":{"rendered":"Notas de final de ver\u00e3o: gostar da nossa terra"},"content":{"rendered":"<p style=\"text-align: justify;\">\n<p style=\"text-align: left;\"><span style=\"color: #000000;\">Gostar de si, do que \u00e9 seu e do lugar onde se vive \u00e9 a condi\u00e7\u00e3o \u201csine qua non\u201d para se ter cr\u00e9ditos para se poder criticar e entregar-se a uma causa p\u00fablica\u2026<\/span><\/p>\n<p style=\"text-align: left;\"><span style=\"color: #000000;\">A capacidade para n\u00e3o se dar valor ao que \u00e9 nosso tem sido a arma de todos aqueles que n\u00e3o conseguem implantar as suas ideias e as suas vis\u00f5es para a sociedade.<\/span><\/p>\n<p style=\"text-align: left;\"><span style=\"color: #000000;\">Caro leitor, aproveitando esta \u00e9poca, quero enaltecer toda a nossa gente, as nossas institui\u00e7\u00f5es, os nossos m\u00fasicos, os nossos desportistas, os nossos dirigentes, os nossos activistas da sociedade, enfim todos aqueles que trabalham sem benef\u00edcios pessoais em prol do seu lugar. \u00c9 justo sim\u2026 e oportuno real\u00e7ar o trabalho das pessoas e enaltecer tudo o que se tem feito nos grupos de folclore, nas filarm\u00f3nicas, nas casas do povo, nos clubes desportivos, nas associa\u00e7\u00f5es, nas comiss\u00f5es de festas e em muitas outras institui\u00e7\u00f5es concelhias e de freguesia. Quero assim, louvar toda a nossa sociedade que soube sempre distinguir o trigo do joio. Bem hajam!<\/span><\/p>\n<p style=\"text-align: left;\"><span style=\"color: #000000;\">Quem n\u00e3o se orgulha e n\u00e3o aprende a gostar da nossa terra, n\u00e3o \u00e9 digno nem o mais capaz de dizer ou fazer o que quer que seja. Primeiro, compreende-se que as pessoas est\u00e3o sempre em primeiro lugar, confiando e acreditando nelas, nunca as desiludindo; depois assimila-se e aprende-se a gostar e a valorizar o lugar onde nascemos e vivemos, para depois termos credibilidade para podermos fazer algo pelas pessoas e pela terra onde se vive ou se quer viver.<\/span><\/p>\n<p style=\"text-align: left;\"><span style=\"color: #000000;\">Valorizando o que \u00e9 nosso, olhando para a juventude e estando ao lado das pessoas \u00e9 a vis\u00e3o dos que gostam e que mais ambicionam para a sua terra. A difama\u00e7\u00e3o constante, a arrog\u00e2ncia, o bota-baixo <em>\u00e9 a vis\u00e3o estrat\u00e9gica de outros que apenas querem o fracasso para depois a partir dele reinar<\/em>.<\/span><\/p>\n<p style=\"text-align: left;\"><span style=\"color: #000000;\">\u00a0A todos, mas mesmo a todos: pretos e brancos, cultos e incultos, ricos e pobres, protegidos e desamparados, libertos e encarcerados, crian\u00e7as, jovens e adultos, correligion\u00e1rios e advers\u00e1rios, eleitos e eleitores, trabalhadores e desempregados, empregados e patr\u00f5es, amigos e fam\u00edlia, quero daqui desejar um excelente regresso ao trabalho, \u00e0 vida dura de todos os dias, um excelente regresso \u00e0 escola, ao trabalho nas coletividades de cada lugar, esperando como sempre, que o novo ano \u201cde trabalho\u201d, que o novo ano \u201cdepois do ver\u00e3o\u201d seja continuamente melhor do que o ano anterior.<\/span><\/p>\n<p style=\"text-align: left;\"><span style=\"color: #000000;\"><strong>A LAGOA O E SEU JORNAL<\/strong><\/span><\/p>\n<p style=\"text-align: left;\"><span style=\"color: #000000;\"> Quero saudar o nascimento do Di\u00e1rio da Lagoa, que divulgar\u00e1 o que neste Concelho e nesta Ilha se passa. \u00c9 de felicitar tamb\u00e9m as pessoas que contribu\u00edram e contribuem, direta ou indiretamente, para este nascimento.\u00a0<\/span><\/p>\n<p style=\"text-align: left;\"><span style=\"color: #000000;\">O Di\u00e1rio da Lagoa ser\u00e1 o nosso jornal, o jornal da popula\u00e7\u00e3o da Lagoa e de S\u00e3o Miguel, com tudo o que isso significa. Parab\u00e9ns ao seu mentor pelo trabalho.\u00a0<\/span><\/p>\n<p style=\"text-align: left;\"><span style=\"color: #000000;\">A Lagoa precisava deste jornal, pois sentimos necessidade de exprimir o que pensamos e de divulgar todas as atividades a v\u00e1rios n\u00edveis que aqui se v\u00e3o fazendo.\u00a0<\/span><\/p>\n<p style=\"text-align: left;\"><span style=\"color: #000000;\">Enquanto cidad\u00e3o tudo farei, dentro dos meus poss\u00edveis, para que este nascimento n\u00e3o seja prematuro. Desejo que este Di\u00e1rio da Lagoa tenha uma longa hist\u00f3ria e espero que n\u00e3o tenha um final feliz, que \u00e9 como quem diz, nunca tenha um final. A Lagoa merece. De olhos sempre postos no futuro, tenho a certeza que Jo\u00e3o Ponte, um homem com provas dadas e sempre pensando nas gentes desta terra, vai acarinhar este projeto. Lagoa com passado, com presente e com futuro, ou melhor do que isso, Lagoa Com Vida.<\/span><\/p>\n<p style=\"text-align: right;\"><span style=\"color: #000000;\">R\u00f3mulo Medeiros \u00c1vila<\/span><\/p>","protected":false},"excerpt":{"rendered":"<p>Gostar de si, do que \u00e9 seu e do lugar onde se vive \u00e9 a condi\u00e7\u00e3o \u201csine qua non\u201d para se ter cr\u00e9ditos para se poder criticar e entregar-se a uma causa p\u00fablica\u2026 A capacidade para n\u00e3o se dar valor ao que \u00e9 nosso tem sido a arma de todos aqueles que n\u00e3o conseguem implantar [&hellip;]<\/p>","protected":false},"author":2,"featured_media":0,"comment_status":"open","ping_status":"open","sticky":false,"template":"","format":"standard","meta":[],"categories":[11],"tags":[],"acf":[],"yoast_head":"<!-- This site is optimized with the Yoast SEO plugin v20.10 - https:\/\/yoast.com\/wordpress\/plugins\/seo\/ -->\n<title>Notas de final de ver\u00e3o: gostar da nossa terra - Di\u00e1rio da Lagoa<\/title>\n<meta name=\"robots\" content=\"index, follow, max-snippet:-1, max-image-preview:large, max-video-preview:-1\" \/>\n<link rel=\"canonical\" href=\"https:\/\/diariodalagoa.pt\/es\/notas-de-final-de-verao\/\" \/>\n<meta property=\"og:locale\" content=\"es_ES\" \/>\n<meta property=\"og:type\" content=\"article\" \/>\n<meta property=\"og:title\" content=\"Notas de final de ver\u00e3o: gostar da nossa terra - Di\u00e1rio da Lagoa\" \/>\n<meta property=\"og:description\" content=\"Gostar de si, do que \u00e9 seu e do lugar onde se vive \u00e9 a condi\u00e7\u00e3o \u201csine qua non\u201d para se ter cr\u00e9ditos para se poder criticar e entregar-se a uma causa p\u00fablica\u2026 A capacidade para n\u00e3o se dar valor ao que \u00e9 nosso tem sido a arma de todos aqueles que n\u00e3o conseguem implantar [&hellip;]\" \/>\n<meta property=\"og:url\" content=\"https:\/\/diariodalagoa.pt\/es\/notas-de-final-de-verao\/\" \/>\n<meta property=\"og:site_name\" content=\"Di\u00e1rio da Lagoa\" \/>\n<meta property=\"article:published_time\" content=\"2014-10-01T10:02:41+00:00\" \/>\n<meta name=\"author\" content=\"Di\u00e1rio da Lagoa\" \/>\n<meta name=\"twitter:card\" content=\"summary_large_image\" \/>\n<meta name=\"twitter:label1\" content=\"Escrito por\" \/>\n\t<meta name=\"twitter:data1\" content=\"Di\u00e1rio da Lagoa\" \/>\n\t<meta name=\"twitter:label2\" content=\"Tiempo de lectura\" \/>\n\t<meta name=\"twitter:data2\" content=\"4 minutos\" \/>\n<script type=\"application\/ld+json\" class=\"yoast-schema-graph\">{\"@context\":\"https:\/\/schema.org\",\"@graph\":[{\"@type\":\"WebPage\",\"@id\":\"https:\/\/diariodalagoa.pt\/notas-de-final-de-verao\/\",\"url\":\"https:\/\/diariodalagoa.pt\/notas-de-final-de-verao\/\",\"name\":\"Notas de final de ver\u00e3o: gostar da nossa terra - Di\u00e1rio da Lagoa\",\"isPartOf\":{\"@id\":\"https:\/\/diariodalagoa.pt\/#website\"},\"datePublished\":\"2014-10-01T10:02:41+00:00\",\"dateModified\":\"2014-10-01T10:02:41+00:00\",\"author\":{\"@id\":\"https:\/\/diariodalagoa.pt\/#\/schema\/person\/1615a002370e8857b6f972834bc43ece\"},\"breadcrumb\":{\"@id\":\"https:\/\/diariodalagoa.pt\/notas-de-final-de-verao\/#breadcrumb\"},\"inLanguage\":\"es\",\"potentialAction\":[{\"@type\":\"ReadAction\",\"target\":[\"https:\/\/diariodalagoa.pt\/notas-de-final-de-verao\/\"]}]},{\"@type\":\"BreadcrumbList\",\"@id\":\"https:\/\/diariodalagoa.pt\/notas-de-final-de-verao\/#breadcrumb\",\"itemListElement\":[{\"@type\":\"ListItem\",\"position\":1,\"name\":\"In\u00edcio\",\"item\":\"https:\/\/diariodalagoa.pt\/\"},{\"@type\":\"ListItem\",\"position\":2,\"name\":\"Notas de final de ver\u00e3o: gostar da nossa terra\"}]},{\"@type\":\"WebSite\",\"@id\":\"https:\/\/diariodalagoa.pt\/#website\",\"url\":\"https:\/\/diariodalagoa.pt\/\",\"name\":\"Di\u00e1rio da Lagoa\",\"description\":\"Di\u00e1rio da Lagoa. As not\u00edcias que contam. A partir da Lagoa, nos A\u00e7ores, para o mundo.\",\"potentialAction\":[{\"@type\":\"SearchAction\",\"target\":{\"@type\":\"EntryPoint\",\"urlTemplate\":\"https:\/\/diariodalagoa.pt\/?s={search_term_string}\"},\"query-input\":\"required name=search_term_string\"}],\"inLanguage\":\"es\"},{\"@type\":\"Person\",\"@id\":\"https:\/\/diariodalagoa.pt\/#\/schema\/person\/1615a002370e8857b6f972834bc43ece\",\"name\":\"Di\u00e1rio da Lagoa\",\"image\":{\"@type\":\"ImageObject\",\"inLanguage\":\"es\",\"@id\":\"https:\/\/diariodalagoa.pt\/#\/schema\/person\/image\/\",\"url\":\"https:\/\/secure.gravatar.com\/avatar\/2cb5cef90a26f8fbd4d9d930608102c5?s=96&d=mm&r=g\",\"contentUrl\":\"https:\/\/secure.gravatar.com\/avatar\/2cb5cef90a26f8fbd4d9d930608102c5?s=96&d=mm&r=g\",\"caption\":\"Di\u00e1rio da Lagoa\"},\"url\":\"https:\/\/diariodalagoa.pt\/es\/author\/diariodalagoa\/\"}]}<\/script>\n<!-- \/ Yoast SEO plugin. -->","yoast_head_json":{"title":"Notas de final de ver\u00e3o: gostar da nossa terra - Di\u00e1rio da Lagoa","robots":{"index":"index","follow":"follow","max-snippet":"max-snippet:-1","max-image-preview":"max-image-preview:large","max-video-preview":"max-video-preview:-1"},"canonical":"https:\/\/diariodalagoa.pt\/es\/notas-de-final-de-verao\/","og_locale":"es_ES","og_type":"article","og_title":"Notas de final de ver\u00e3o: gostar da nossa terra - Di\u00e1rio da Lagoa","og_description":"Gostar de si, do que \u00e9 seu e do lugar onde se vive \u00e9 a condi\u00e7\u00e3o \u201csine qua non\u201d para se ter cr\u00e9ditos para se poder criticar e entregar-se a uma causa p\u00fablica\u2026 A capacidade para n\u00e3o se dar valor ao que \u00e9 nosso tem sido a arma de todos aqueles que n\u00e3o conseguem implantar [&hellip;]","og_url":"https:\/\/diariodalagoa.pt\/es\/notas-de-final-de-verao\/","og_site_name":"Di\u00e1rio da Lagoa","article_published_time":"2014-10-01T10:02:41+00:00","author":"Di\u00e1rio da Lagoa","twitter_card":"summary_large_image","twitter_misc":{"Escrito por":"Di\u00e1rio da Lagoa","Tiempo de lectura":"4 minutos"},"schema":{"@context":"https:\/\/schema.org","@graph":[{"@type":"WebPage","@id":"https:\/\/diariodalagoa.pt\/notas-de-final-de-verao\/","url":"https:\/\/diariodalagoa.pt\/notas-de-final-de-verao\/","name":"Notas de final de ver\u00e3o: gostar da nossa terra - Di\u00e1rio da Lagoa","isPartOf":{"@id":"https:\/\/diariodalagoa.pt\/#website"},"datePublished":"2014-10-01T10:02:41+00:00","dateModified":"2014-10-01T10:02:41+00:00","author":{"@id":"https:\/\/diariodalagoa.pt\/#\/schema\/person\/1615a002370e8857b6f972834bc43ece"},"breadcrumb":{"@id":"https:\/\/diariodalagoa.pt\/notas-de-final-de-verao\/#breadcrumb"},"inLanguage":"es","potentialAction":[{"@type":"ReadAction","target":["https:\/\/diariodalagoa.pt\/notas-de-final-de-verao\/"]}]},{"@type":"BreadcrumbList","@id":"https:\/\/diariodalagoa.pt\/notas-de-final-de-verao\/#breadcrumb","itemListElement":[{"@type":"ListItem","position":1,"name":"In\u00edcio","item":"https:\/\/diariodalagoa.pt\/"},{"@type":"ListItem","position":2,"name":"Notas de final de ver\u00e3o: gostar da nossa terra"}]},{"@type":"WebSite","@id":"https:\/\/diariodalagoa.pt\/#website","url":"https:\/\/diariodalagoa.pt\/","name":"Di\u00e1rio da Lagoa","description":"Di\u00e1rio da Lagoa. As not\u00edcias que contam. A partir da Lagoa, nos A\u00e7ores, para o mundo.","potentialAction":[{"@type":"SearchAction","target":{"@type":"EntryPoint","urlTemplate":"https:\/\/diariodalagoa.pt\/?s={search_term_string}"},"query-input":"required name=search_term_string"}],"inLanguage":"es"},{"@type":"Person","@id":"https:\/\/diariodalagoa.pt\/#\/schema\/person\/1615a002370e8857b6f972834bc43ece","name":"Di\u00e1rio da Lagoa","image":{"@type":"ImageObject","inLanguage":"es","@id":"https:\/\/diariodalagoa.pt\/#\/schema\/person\/image\/","url":"https:\/\/secure.gravatar.com\/avatar\/2cb5cef90a26f8fbd4d9d930608102c5?s=96&d=mm&r=g","contentUrl":"https:\/\/secure.gravatar.com\/avatar\/2cb5cef90a26f8fbd4d9d930608102c5?s=96&d=mm&r=g","caption":"Di\u00e1rio da Lagoa"},"url":"https:\/\/diariodalagoa.pt\/es\/author\/diariodalagoa\/"}]}},"_links":{"self":[{"href":"https:\/\/diariodalagoa.pt\/es\/wp-json\/wp\/v2\/posts\/9504"}],"collection":[{"href":"https:\/\/diariodalagoa.pt\/es\/wp-json\/wp\/v2\/posts"}],"about":[{"href":"https:\/\/diariodalagoa.pt\/es\/wp-json\/wp\/v2\/types\/post"}],"author":[{"embeddable":true,"href":"https:\/\/diariodalagoa.pt\/es\/wp-json\/wp\/v2\/users\/2"}],"replies":[{"embeddable":true,"href":"https:\/\/diariodalagoa.pt\/es\/wp-json\/wp\/v2\/comments?post=9504"}],"version-history":[{"count":0,"href":"https:\/\/diariodalagoa.pt\/es\/wp-json\/wp\/v2\/posts\/9504\/revisions"}],"wp:attachment":[{"href":"https:\/\/diariodalagoa.pt\/es\/wp-json\/wp\/v2\/media?parent=9504"}],"wp:term":[{"taxonomy":"category","embeddable":true,"href":"https:\/\/diariodalagoa.pt\/es\/wp-json\/wp\/v2\/categories?post=9504"},{"taxonomy":"post_tag","embeddable":true,"href":"https:\/\/diariodalagoa.pt\/es\/wp-json\/wp\/v2\/tags?post=9504"}],"curies":[{"name":"wp","href":"https:\/\/api.w.org\/{rel}","templated":true}]}}