{"id":9395,"date":"2014-09-23T16:36:55","date_gmt":"2014-09-23T17:36:55","guid":{"rendered":"http:\/\/diariodalagoa.pt\/?p=9395"},"modified":"2014-09-23T16:36:55","modified_gmt":"2014-09-23T17:36:55","slug":"luis-neto-viveiros-confiante-no-bom-aproveitamento-dos-novos-programas-para-a-agricultura","status":"publish","type":"post","link":"https:\/\/diariodalagoa.pt\/es\/luis-neto-viveiros-confiante-no-bom-aproveitamento-dos-novos-programas-para-a-agricultura\/","title":{"rendered":"Lu\u00eds Neto Viveiros confiante no bom aproveitamento dos novos programas para a Agricultura"},"content":{"rendered":"<p style=\"text-align: justify;\"><img decoding=\"async\" class=\"alignnone size-full wp-image-9397\" src=\"http:\/\/diariodalagoa.pt\/wp-content\/uploads\/2014\/09\/Luis-Neto-Viveiros-Agricultura-QCA-POSEI-1.jpg\" alt=\"Luis-Neto-Viveiros-Agricultura-QCA-POSEI (1)\" width=\"720\" height=\"380\" \/><\/p>\n<p style=\"text-align: justify;\"><span style=\"color: #000000;\">O Secret\u00e1rio Regional da Agricultura e Ambiente manifestou confian\u00e7a no bom aproveitamento dos novos programas para a agricultura e agroind\u00fastria propostos pela Regi\u00e3o \u00e0 Comiss\u00e3o Europeia, o PRORURAL+ e o POSEI, que se encontram em fase de negocia\u00e7\u00e3o.\u00a0<\/span><\/p>\n<p style=\"text-align: justify;\"><span style=\"color: #000000;\">Segundo Lu\u00eds Neto Viveiros, trata-se de programas \u201cmuito relevantes\u201d, acrescentando que s\u00e3o \u201cduas ferramentas nas quais o Governo deposita imensa expetativa\u201d em prol do investimento nas explora\u00e7\u00f5es, nas ind\u00fastrias e na produ\u00e7\u00e3o. <\/span><\/p>\n<p style=\"text-align: justify;\"><span style=\"color: #000000;\">Nesse sentido,\u00a0reafirmou a abrang\u00eancia de contributos que foram recolhidos no processo de ausculta\u00e7\u00e3o promovido pelo Governo dos A\u00e7ores para a elabora\u00e7\u00e3o das propostas. \u00a0<\/span><\/p>\n<p style=\"text-align: justify;\"><span style=\"color: #000000;\">Relativamente \u00e0 \u201cprepara\u00e7\u00e3o da Regi\u00e3o\u201d para o fim do regime de quotas leiteiras previsto para 2015 no espa\u00e7o comunit\u00e1rio, Lu\u00eds Neto Viveiros assegurou que essa prepara\u00e7\u00e3o \u201cj\u00e1 vem sendo feita ao longo de alguns anos\u201d e manifestou-se convicto de que a agricultura a\u00e7oriana re\u00fane condi\u00e7\u00f5es para \u201cvencer os desafios do futuro\u201d.\u00a0<\/span><\/p>\n<p style=\"text-align: justify;\"><span style=\"color: #000000;\">O investimento p\u00fablico e privado na moderniza\u00e7\u00e3o das explora\u00e7\u00f5es agr\u00edcolas\u00a0e da ind\u00fastria e a melhoria da competitividade \u201c\u00e9 vis\u00edvel\u201d, afirmou o Secret\u00e1rio Regional, referindo ainda a redu\u00e7\u00e3o do n\u00famero de explora\u00e7\u00f5es e do n\u00famero de vacas com aumento de produ\u00e7\u00e3o.<\/span><\/p>\n<p style=\"text-align: justify;\"><span style=\"color: #000000;\"><em>DL\/GaCS<\/em><\/span><\/p>","protected":false},"excerpt":{"rendered":"<p>O Secret\u00e1rio Regional da Agricultura e Ambiente manifestou confian\u00e7a no bom aproveitamento dos novos programas para a agricultura e agroind\u00fastria propostos pela Regi\u00e3o \u00e0 Comiss\u00e3o Europeia, o PRORURAL+ e o POSEI, que se encontram em fase de negocia\u00e7\u00e3o.\u00a0 Segundo Lu\u00eds Neto Viveiros, trata-se de programas \u201cmuito relevantes\u201d, acrescentando que s\u00e3o \u201cduas ferramentas nas quais o [&hellip;]<\/p>","protected":false},"author":2,"featured_media":121780,"comment_status":"open","ping_status":"open","sticky":false,"template":"","format":"standard","meta":[],"categories":[21],"tags":[],"acf":[],"yoast_head":"<!-- This site is optimized with the Yoast SEO plugin v20.10 - https:\/\/yoast.com\/wordpress\/plugins\/seo\/ -->\n<title>Lu\u00eds Neto Viveiros confiante no bom aproveitamento dos novos programas para a Agricultura - Di\u00e1rio da Lagoa<\/title>\n<meta name=\"robots\" content=\"index, follow, max-snippet:-1, max-image-preview:large, max-video-preview:-1\" \/>\n<link rel=\"canonical\" href=\"https:\/\/diariodalagoa.pt\/es\/luis-neto-viveiros-confiante-no-bom-aproveitamento-dos-novos-programas-para-a-agricultura\/\" \/>\n<meta property=\"og:locale\" content=\"es_ES\" \/>\n<meta property=\"og:type\" content=\"article\" \/>\n<meta property=\"og:title\" content=\"Lu\u00eds Neto Viveiros confiante no bom aproveitamento dos novos programas para a Agricultura - Di\u00e1rio da Lagoa\" \/>\n<meta property=\"og:description\" content=\"O Secret\u00e1rio Regional da Agricultura e Ambiente manifestou confian\u00e7a no bom aproveitamento dos novos programas para a agricultura e agroind\u00fastria propostos pela Regi\u00e3o \u00e0 Comiss\u00e3o Europeia, o PRORURAL+ e o POSEI, que se encontram em fase de negocia\u00e7\u00e3o.\u00a0 Segundo Lu\u00eds Neto Viveiros, trata-se de programas \u201cmuito relevantes\u201d, acrescentando que s\u00e3o \u201cduas ferramentas nas quais o [&hellip;]\" \/>\n<meta property=\"og:url\" content=\"https:\/\/diariodalagoa.pt\/es\/luis-neto-viveiros-confiante-no-bom-aproveitamento-dos-novos-programas-para-a-agricultura\/\" \/>\n<meta property=\"og:site_name\" content=\"Di\u00e1rio da Lagoa\" \/>\n<meta property=\"article:published_time\" content=\"2014-09-23T17:36:55+00:00\" \/>\n<meta property=\"og:image\" content=\"https:\/\/diariodalagoa.pt\/wp-content\/uploads\/2014\/09\/luis-neto-viveiros-agricultura-qca-posei.jpg\" \/>\n\t<meta property=\"og:image:width\" content=\"720\" \/>\n\t<meta property=\"og:image:height\" content=\"380\" \/>\n\t<meta property=\"og:image:type\" content=\"image\/jpeg\" \/>\n<meta name=\"author\" content=\"Di\u00e1rio da Lagoa\" \/>\n<meta name=\"twitter:card\" content=\"summary_large_image\" \/>\n<meta name=\"twitter:label1\" content=\"Escrito por\" \/>\n\t<meta name=\"twitter:data1\" content=\"Di\u00e1rio da Lagoa\" \/>\n\t<meta name=\"twitter:label2\" content=\"Tiempo de lectura\" \/>\n\t<meta name=\"twitter:data2\" content=\"1 minuto\" \/>\n<script type=\"application\/ld+json\" class=\"yoast-schema-graph\">{\"@context\":\"https:\/\/schema.org\",\"@graph\":[{\"@type\":\"WebPage\",\"@id\":\"https:\/\/diariodalagoa.pt\/luis-neto-viveiros-confiante-no-bom-aproveitamento-dos-novos-programas-para-a-agricultura\/\",\"url\":\"https:\/\/diariodalagoa.pt\/luis-neto-viveiros-confiante-no-bom-aproveitamento-dos-novos-programas-para-a-agricultura\/\",\"name\":\"Lu\u00eds Neto Viveiros confiante no bom aproveitamento dos novos programas para a Agricultura - Di\u00e1rio da Lagoa\",\"isPartOf\":{\"@id\":\"https:\/\/diariodalagoa.pt\/#website\"},\"datePublished\":\"2014-09-23T17:36:55+00:00\",\"dateModified\":\"2014-09-23T17:36:55+00:00\",\"author\":{\"@id\":\"https:\/\/diariodalagoa.pt\/#\/schema\/person\/1615a002370e8857b6f972834bc43ece\"},\"breadcrumb\":{\"@id\":\"https:\/\/diariodalagoa.pt\/luis-neto-viveiros-confiante-no-bom-aproveitamento-dos-novos-programas-para-a-agricultura\/#breadcrumb\"},\"inLanguage\":\"es\",\"potentialAction\":[{\"@type\":\"ReadAction\",\"target\":[\"https:\/\/diariodalagoa.pt\/luis-neto-viveiros-confiante-no-bom-aproveitamento-dos-novos-programas-para-a-agricultura\/\"]}]},{\"@type\":\"BreadcrumbList\",\"@id\":\"https:\/\/diariodalagoa.pt\/luis-neto-viveiros-confiante-no-bom-aproveitamento-dos-novos-programas-para-a-agricultura\/#breadcrumb\",\"itemListElement\":[{\"@type\":\"ListItem\",\"position\":1,\"name\":\"In\u00edcio\",\"item\":\"https:\/\/diariodalagoa.pt\/\"},{\"@type\":\"ListItem\",\"position\":2,\"name\":\"Lu\u00eds Neto Viveiros confiante no bom aproveitamento dos novos programas para a Agricultura\"}]},{\"@type\":\"WebSite\",\"@id\":\"https:\/\/diariodalagoa.pt\/#website\",\"url\":\"https:\/\/diariodalagoa.pt\/\",\"name\":\"Di\u00e1rio da Lagoa\",\"description\":\"Di\u00e1rio da Lagoa. As not\u00edcias que contam. A partir da Lagoa, nos A\u00e7ores, para o mundo.\",\"potentialAction\":[{\"@type\":\"SearchAction\",\"target\":{\"@type\":\"EntryPoint\",\"urlTemplate\":\"https:\/\/diariodalagoa.pt\/?s={search_term_string}\"},\"query-input\":\"required name=search_term_string\"}],\"inLanguage\":\"es\"},{\"@type\":\"Person\",\"@id\":\"https:\/\/diariodalagoa.pt\/#\/schema\/person\/1615a002370e8857b6f972834bc43ece\",\"name\":\"Di\u00e1rio da Lagoa\",\"image\":{\"@type\":\"ImageObject\",\"inLanguage\":\"es\",\"@id\":\"https:\/\/diariodalagoa.pt\/#\/schema\/person\/image\/\",\"url\":\"https:\/\/secure.gravatar.com\/avatar\/2cb5cef90a26f8fbd4d9d930608102c5?s=96&d=mm&r=g\",\"contentUrl\":\"https:\/\/secure.gravatar.com\/avatar\/2cb5cef90a26f8fbd4d9d930608102c5?s=96&d=mm&r=g\",\"caption\":\"Di\u00e1rio da Lagoa\"},\"url\":\"https:\/\/diariodalagoa.pt\/es\/author\/diariodalagoa\/\"}]}<\/script>\n<!-- \/ Yoast SEO plugin. -->","yoast_head_json":{"title":"Lu\u00eds Neto Viveiros confiante no bom aproveitamento dos novos programas para a Agricultura - Di\u00e1rio da Lagoa","robots":{"index":"index","follow":"follow","max-snippet":"max-snippet:-1","max-image-preview":"max-image-preview:large","max-video-preview":"max-video-preview:-1"},"canonical":"https:\/\/diariodalagoa.pt\/es\/luis-neto-viveiros-confiante-no-bom-aproveitamento-dos-novos-programas-para-a-agricultura\/","og_locale":"es_ES","og_type":"article","og_title":"Lu\u00eds Neto Viveiros confiante no bom aproveitamento dos novos programas para a Agricultura - Di\u00e1rio da Lagoa","og_description":"O Secret\u00e1rio Regional da Agricultura e Ambiente manifestou confian\u00e7a no bom aproveitamento dos novos programas para a agricultura e agroind\u00fastria propostos pela Regi\u00e3o \u00e0 Comiss\u00e3o Europeia, o PRORURAL+ e o POSEI, que se encontram em fase de negocia\u00e7\u00e3o.\u00a0 Segundo Lu\u00eds Neto Viveiros, trata-se de programas \u201cmuito relevantes\u201d, acrescentando que s\u00e3o \u201cduas ferramentas nas quais o [&hellip;]","og_url":"https:\/\/diariodalagoa.pt\/es\/luis-neto-viveiros-confiante-no-bom-aproveitamento-dos-novos-programas-para-a-agricultura\/","og_site_name":"Di\u00e1rio da Lagoa","article_published_time":"2014-09-23T17:36:55+00:00","og_image":[{"width":720,"height":380,"url":"https:\/\/diariodalagoa.pt\/wp-content\/uploads\/2014\/09\/luis-neto-viveiros-agricultura-qca-posei.jpg","type":"image\/jpeg"}],"author":"Di\u00e1rio da Lagoa","twitter_card":"summary_large_image","twitter_misc":{"Escrito por":"Di\u00e1rio da Lagoa","Tiempo de lectura":"1 minuto"},"schema":{"@context":"https:\/\/schema.org","@graph":[{"@type":"WebPage","@id":"https:\/\/diariodalagoa.pt\/luis-neto-viveiros-confiante-no-bom-aproveitamento-dos-novos-programas-para-a-agricultura\/","url":"https:\/\/diariodalagoa.pt\/luis-neto-viveiros-confiante-no-bom-aproveitamento-dos-novos-programas-para-a-agricultura\/","name":"Lu\u00eds Neto Viveiros confiante no bom aproveitamento dos novos programas para a Agricultura - Di\u00e1rio da Lagoa","isPartOf":{"@id":"https:\/\/diariodalagoa.pt\/#website"},"datePublished":"2014-09-23T17:36:55+00:00","dateModified":"2014-09-23T17:36:55+00:00","author":{"@id":"https:\/\/diariodalagoa.pt\/#\/schema\/person\/1615a002370e8857b6f972834bc43ece"},"breadcrumb":{"@id":"https:\/\/diariodalagoa.pt\/luis-neto-viveiros-confiante-no-bom-aproveitamento-dos-novos-programas-para-a-agricultura\/#breadcrumb"},"inLanguage":"es","potentialAction":[{"@type":"ReadAction","target":["https:\/\/diariodalagoa.pt\/luis-neto-viveiros-confiante-no-bom-aproveitamento-dos-novos-programas-para-a-agricultura\/"]}]},{"@type":"BreadcrumbList","@id":"https:\/\/diariodalagoa.pt\/luis-neto-viveiros-confiante-no-bom-aproveitamento-dos-novos-programas-para-a-agricultura\/#breadcrumb","itemListElement":[{"@type":"ListItem","position":1,"name":"In\u00edcio","item":"https:\/\/diariodalagoa.pt\/"},{"@type":"ListItem","position":2,"name":"Lu\u00eds Neto Viveiros confiante no bom aproveitamento dos novos programas para a Agricultura"}]},{"@type":"WebSite","@id":"https:\/\/diariodalagoa.pt\/#website","url":"https:\/\/diariodalagoa.pt\/","name":"Di\u00e1rio da Lagoa","description":"Di\u00e1rio da Lagoa. As not\u00edcias que contam. A partir da Lagoa, nos A\u00e7ores, para o mundo.","potentialAction":[{"@type":"SearchAction","target":{"@type":"EntryPoint","urlTemplate":"https:\/\/diariodalagoa.pt\/?s={search_term_string}"},"query-input":"required name=search_term_string"}],"inLanguage":"es"},{"@type":"Person","@id":"https:\/\/diariodalagoa.pt\/#\/schema\/person\/1615a002370e8857b6f972834bc43ece","name":"Di\u00e1rio da Lagoa","image":{"@type":"ImageObject","inLanguage":"es","@id":"https:\/\/diariodalagoa.pt\/#\/schema\/person\/image\/","url":"https:\/\/secure.gravatar.com\/avatar\/2cb5cef90a26f8fbd4d9d930608102c5?s=96&d=mm&r=g","contentUrl":"https:\/\/secure.gravatar.com\/avatar\/2cb5cef90a26f8fbd4d9d930608102c5?s=96&d=mm&r=g","caption":"Di\u00e1rio da Lagoa"},"url":"https:\/\/diariodalagoa.pt\/es\/author\/diariodalagoa\/"}]}},"_links":{"self":[{"href":"https:\/\/diariodalagoa.pt\/es\/wp-json\/wp\/v2\/posts\/9395"}],"collection":[{"href":"https:\/\/diariodalagoa.pt\/es\/wp-json\/wp\/v2\/posts"}],"about":[{"href":"https:\/\/diariodalagoa.pt\/es\/wp-json\/wp\/v2\/types\/post"}],"author":[{"embeddable":true,"href":"https:\/\/diariodalagoa.pt\/es\/wp-json\/wp\/v2\/users\/2"}],"replies":[{"embeddable":true,"href":"https:\/\/diariodalagoa.pt\/es\/wp-json\/wp\/v2\/comments?post=9395"}],"version-history":[{"count":0,"href":"https:\/\/diariodalagoa.pt\/es\/wp-json\/wp\/v2\/posts\/9395\/revisions"}],"wp:featuredmedia":[{"embeddable":true,"href":"https:\/\/diariodalagoa.pt\/es\/wp-json\/wp\/v2\/media\/121780"}],"wp:attachment":[{"href":"https:\/\/diariodalagoa.pt\/es\/wp-json\/wp\/v2\/media?parent=9395"}],"wp:term":[{"taxonomy":"category","embeddable":true,"href":"https:\/\/diariodalagoa.pt\/es\/wp-json\/wp\/v2\/categories?post=9395"},{"taxonomy":"post_tag","embeddable":true,"href":"https:\/\/diariodalagoa.pt\/es\/wp-json\/wp\/v2\/tags?post=9395"}],"curies":[{"name":"wp","href":"https:\/\/api.w.org\/{rel}","templated":true}]}}