{"id":9339,"date":"2014-09-22T17:24:07","date_gmt":"2014-09-22T18:24:07","guid":{"rendered":"http:\/\/diariodalagoa.pt\/?p=9339"},"modified":"2014-09-22T17:24:07","modified_gmt":"2014-09-22T18:24:07","slug":"organizacao-do-wine-in-azores-acredita-no-sucesso-da-edicao-deste-ano","status":"publish","type":"post","link":"https:\/\/diariodalagoa.pt\/es\/organizacao-do-wine-in-azores-acredita-no-sucesso-da-edicao-deste-ano\/","title":{"rendered":"Organiza\u00e7\u00e3o do Wine in Azores acredita no sucesso da edi\u00e7\u00e3o deste ano"},"content":{"rendered":"<p style=\"text-align: justify;\"><span style=\"color: rgb(0, 0, 0);\"><img decoding=\"async\" class=\"alignnone size-full wp-image-9340\" src=\"http:\/\/diariodalagoa.pt\/wp-content\/uploads\/2014\/09\/Wine-in-azores-14.jpg\" alt=\"Wine-in-azores-14\" width=\"720\" height=\"380\" \/><\/span><\/p>\n<p style=\"text-align: justify;\"><span style=\"color: rgb(0, 0, 0);\">A organiza\u00e7\u00e3o do Wine in Azores n\u00e3o tem d\u00favidas de que este ano ser\u00e1 batido o record de empresas participantes no certame a\u00e7oriano.<\/span><\/p>\n<p style=\"text-align: justify;\"><span style=\"color: rgb(0, 0, 0);\">O Wine in Azores \u00e9 um evento de promo\u00e7\u00e3o de anima\u00e7\u00e3o tur\u00edstica que ao longo dos anos tem recebido um substancial apoio do Governo Regional dos A\u00e7ores, mas cujo retorno \u00e9 inquestion\u00e1vel para o mais comum dos cidad\u00e3os, sendo mesmo poss\u00edvel afirmar que \u00e9 o evento cujo r\u00e1cio investimento\/retorno \u00e9 maior na nossa Regi\u00e3o.<\/span><\/p>\n<p style=\"text-align: justify;\"><span style=\"color: rgb(0, 0, 0);\">\u201cEm seis anos podemos ter o orgulho de nunca termos sido confrontados com algu\u00e9m com opini\u00e3o diferente seja de quadrante que seja\u201d afirma Joaquim Coutinho Costa, organizador do certame.<\/span><\/p>\n<p style=\"text-align: justify;\"><span style=\"color: rgb(0, 0, 0);\">O\u00a0respons\u00e1vel acrescenta mesmo que \u201ceste ano ser\u00e1 batido o record de empresas participantes no Wine in Azores\u201d, salientando que \u201cpara que este evento chegasse ao patamar a que chegou foi fundamental o trabalho desenvolvido pelos distribuidores de vinhos nos A\u00e7ores que nos t\u00eam acompanhado ao longo dos anos pois o seu sucesso no mercado fez com que fosse vi\u00e1vel a vinda dos produtores aos A\u00e7ores. No entanto, conv\u00e9m esclarecer que esta \u00e9 uma feira de produtores e n\u00e3o de distribuidores\u201d.<\/span><\/p>\n<p style=\"text-align: justify;\"><span style=\"color: rgb(0, 0, 0);\">Outro passo em frente na edi\u00e7\u00e3o de 2014 \u00e9 a presen\u00e7a de produtores estrangeiros no certame. \u201cEste ano temos a salientar mais um avan\u00e7o na internacionaliza\u00e7\u00e3o com a presen\u00e7a de dois produtores espanh\u00f3is um de vinhos e outro de produtos gourmet, bem como de uma empresa que \u00e9 a l\u00edder mundial na venda de bebidas\u201d refere satisfeito Joaquim Costa.<\/span><\/p>\n<p style=\"text-align: justify;\"><span style=\"color: rgb(0, 0, 0);\">O Wine in Azores \u00e9, sem d\u00favida alguma, o maior e melhor evento empresarial dos A\u00e7ores de sempre pois re\u00fane um vasto leque de empres\u00e1rios de topo a n\u00edvel A\u00e7ores e continente, os quais n\u00e3o t\u00eam \u00fanica e exclusivamente a sua atividade centrada nos vinhos mas abrangem sim in\u00fameras \u00e1reas desde a constru\u00e7\u00e3o civil, banca, finan\u00e7as, medicina, advocacia, etc.<\/span><\/p>\n<p style=\"text-align: justify;\"><span style=\"color: rgb(0, 0, 0);\">Joaquim Costa afirma que estes empres\u00e1rios \u201cestar\u00e3o nos nossos stands a dar a provar o fruto da sua paix\u00e3o, portanto seria conveniente que os nossos visitantes, como de costume, os compensassem com a educa\u00e7\u00e3o e simpatia que \u00e9 normal nos a\u00e7orianos. Os vinhos que est\u00e3o na feira s\u00e3o para degustar, sendo uma pura a\u00e7\u00e3o de promo\u00e7\u00e3o e forma\u00e7\u00e3o\u201d.<\/span><\/p>\n<p style=\"text-align: justify;\"><span style=\"color: rgb(0, 0, 0);\">Apesar destes empres\u00e1rios virem divulgar os seus produtos, a verdade \u00e9 que muitos estabelecem contactos com produtores a\u00e7orianos para exportar os seus produtos, pois dedicam-se a atividades de import\/export intercontinentais. Para al\u00e9m, deste setor muitos equacionam, ainda, vir a investir na produ\u00e7\u00e3o de vinhos dos A\u00e7ores bem como na \u00e1rea do turismo. Ali\u00e1s, o organizador refere mesmo que \u201cestamos em condi\u00e7\u00f5es de afirmar que isto j\u00e1 se verifica\u201d.<\/span><\/p>\n<p style=\"text-align: justify;\"><span style=\"color: rgb(0, 0, 0);\">Para quem se questiona do porqu\u00ea de empres\u00e1rios de ramos t\u00e3o diferenciados apostarem na produ\u00e7\u00e3o de vinhos a resposta \u00e9: esta atividade d\u00e1 destaque a n\u00edvel social e empresarial, permitindo aos empres\u00e1rios criar conhecimentos, amizades e contactos fundamentais no mundo, principalmente, dos neg\u00f3cios.<\/span><\/p>\n<p style=\"text-align: justify;\"><span style=\"color: rgb(0, 0, 0);\">Joaquim Costa explica que h\u00e1 dois casos distintos que abrangem os empres\u00e1rios presentes, \u201ctemos v\u00e1rios casos em que \u00e9 por pura paix\u00e3o, no entanto para outros \u00e9 uma quest\u00e3o de puro investimento\u201d.<\/span><\/p>\n<p style=\"text-align: justify;\"><span style=\"color: rgb(0, 0, 0);\"><em>DL\/Beyondazores<\/em><\/span><\/p>\n<p style=\"text-align: left;\">","protected":false},"excerpt":{"rendered":"<p>A organiza\u00e7\u00e3o do Wine in Azores n\u00e3o tem d\u00favidas de que este ano ser\u00e1 batido o record de empresas participantes no certame a\u00e7oriano. O Wine in Azores \u00e9 um evento de promo\u00e7\u00e3o de anima\u00e7\u00e3o tur\u00edstica que ao longo dos anos tem recebido um substancial apoio do Governo Regional dos A\u00e7ores, mas cujo retorno \u00e9 inquestion\u00e1vel [&hellip;]<\/p>","protected":false},"author":2,"featured_media":121783,"comment_status":"open","ping_status":"open","sticky":false,"template":"","format":"standard","meta":[],"categories":[21],"tags":[],"acf":[],"yoast_head":"<!-- This site is optimized with the Yoast SEO plugin v20.10 - https:\/\/yoast.com\/wordpress\/plugins\/seo\/ -->\n<title>Organiza\u00e7\u00e3o do Wine in Azores acredita no sucesso da edi\u00e7\u00e3o deste ano - Di\u00e1rio da Lagoa<\/title>\n<meta name=\"robots\" content=\"index, follow, max-snippet:-1, max-image-preview:large, max-video-preview:-1\" \/>\n<link rel=\"canonical\" href=\"https:\/\/diariodalagoa.pt\/es\/organizacao-do-wine-in-azores-acredita-no-sucesso-da-edicao-deste-ano\/\" \/>\n<meta property=\"og:locale\" content=\"es_ES\" \/>\n<meta property=\"og:type\" content=\"article\" \/>\n<meta property=\"og:title\" content=\"Organiza\u00e7\u00e3o do Wine in Azores acredita no sucesso da edi\u00e7\u00e3o deste ano - Di\u00e1rio da Lagoa\" \/>\n<meta property=\"og:description\" content=\"A organiza\u00e7\u00e3o do Wine in Azores n\u00e3o tem d\u00favidas de que este ano ser\u00e1 batido o record de empresas participantes no certame a\u00e7oriano. O Wine in Azores \u00e9 um evento de promo\u00e7\u00e3o de anima\u00e7\u00e3o tur\u00edstica que ao longo dos anos tem recebido um substancial apoio do Governo Regional dos A\u00e7ores, mas cujo retorno \u00e9 inquestion\u00e1vel [&hellip;]\" \/>\n<meta property=\"og:url\" content=\"https:\/\/diariodalagoa.pt\/es\/organizacao-do-wine-in-azores-acredita-no-sucesso-da-edicao-deste-ano\/\" \/>\n<meta property=\"og:site_name\" content=\"Di\u00e1rio da Lagoa\" \/>\n<meta property=\"article:published_time\" content=\"2014-09-22T18:24:07+00:00\" \/>\n<meta property=\"og:image\" content=\"https:\/\/diariodalagoa.pt\/wp-content\/uploads\/2014\/09\/wine-in-azores-14.jpg\" \/>\n\t<meta property=\"og:image:width\" content=\"720\" \/>\n\t<meta property=\"og:image:height\" content=\"380\" \/>\n\t<meta property=\"og:image:type\" content=\"image\/jpeg\" \/>\n<meta name=\"author\" content=\"Di\u00e1rio da Lagoa\" \/>\n<meta name=\"twitter:card\" content=\"summary_large_image\" \/>\n<meta name=\"twitter:label1\" content=\"Escrito por\" \/>\n\t<meta name=\"twitter:data1\" content=\"Di\u00e1rio da Lagoa\" \/>\n\t<meta name=\"twitter:label2\" content=\"Tiempo de lectura\" \/>\n\t<meta name=\"twitter:data2\" content=\"3 minutos\" \/>\n<script type=\"application\/ld+json\" class=\"yoast-schema-graph\">{\"@context\":\"https:\/\/schema.org\",\"@graph\":[{\"@type\":\"WebPage\",\"@id\":\"https:\/\/diariodalagoa.pt\/organizacao-do-wine-in-azores-acredita-no-sucesso-da-edicao-deste-ano\/\",\"url\":\"https:\/\/diariodalagoa.pt\/organizacao-do-wine-in-azores-acredita-no-sucesso-da-edicao-deste-ano\/\",\"name\":\"Organiza\u00e7\u00e3o do Wine in Azores acredita no sucesso da edi\u00e7\u00e3o deste ano - Di\u00e1rio da Lagoa\",\"isPartOf\":{\"@id\":\"https:\/\/diariodalagoa.pt\/#website\"},\"datePublished\":\"2014-09-22T18:24:07+00:00\",\"dateModified\":\"2014-09-22T18:24:07+00:00\",\"author\":{\"@id\":\"https:\/\/diariodalagoa.pt\/#\/schema\/person\/1615a002370e8857b6f972834bc43ece\"},\"breadcrumb\":{\"@id\":\"https:\/\/diariodalagoa.pt\/organizacao-do-wine-in-azores-acredita-no-sucesso-da-edicao-deste-ano\/#breadcrumb\"},\"inLanguage\":\"es\",\"potentialAction\":[{\"@type\":\"ReadAction\",\"target\":[\"https:\/\/diariodalagoa.pt\/organizacao-do-wine-in-azores-acredita-no-sucesso-da-edicao-deste-ano\/\"]}]},{\"@type\":\"BreadcrumbList\",\"@id\":\"https:\/\/diariodalagoa.pt\/organizacao-do-wine-in-azores-acredita-no-sucesso-da-edicao-deste-ano\/#breadcrumb\",\"itemListElement\":[{\"@type\":\"ListItem\",\"position\":1,\"name\":\"In\u00edcio\",\"item\":\"https:\/\/diariodalagoa.pt\/\"},{\"@type\":\"ListItem\",\"position\":2,\"name\":\"Organiza\u00e7\u00e3o do Wine in Azores acredita no sucesso da edi\u00e7\u00e3o deste ano\"}]},{\"@type\":\"WebSite\",\"@id\":\"https:\/\/diariodalagoa.pt\/#website\",\"url\":\"https:\/\/diariodalagoa.pt\/\",\"name\":\"Di\u00e1rio da Lagoa\",\"description\":\"Di\u00e1rio da Lagoa. As not\u00edcias que contam. A partir da Lagoa, nos A\u00e7ores, para o mundo.\",\"potentialAction\":[{\"@type\":\"SearchAction\",\"target\":{\"@type\":\"EntryPoint\",\"urlTemplate\":\"https:\/\/diariodalagoa.pt\/?s={search_term_string}\"},\"query-input\":\"required name=search_term_string\"}],\"inLanguage\":\"es\"},{\"@type\":\"Person\",\"@id\":\"https:\/\/diariodalagoa.pt\/#\/schema\/person\/1615a002370e8857b6f972834bc43ece\",\"name\":\"Di\u00e1rio da Lagoa\",\"image\":{\"@type\":\"ImageObject\",\"inLanguage\":\"es\",\"@id\":\"https:\/\/diariodalagoa.pt\/#\/schema\/person\/image\/\",\"url\":\"https:\/\/secure.gravatar.com\/avatar\/2cb5cef90a26f8fbd4d9d930608102c5?s=96&d=mm&r=g\",\"contentUrl\":\"https:\/\/secure.gravatar.com\/avatar\/2cb5cef90a26f8fbd4d9d930608102c5?s=96&d=mm&r=g\",\"caption\":\"Di\u00e1rio da Lagoa\"},\"url\":\"https:\/\/diariodalagoa.pt\/es\/author\/diariodalagoa\/\"}]}<\/script>\n<!-- \/ Yoast SEO plugin. -->","yoast_head_json":{"title":"Organiza\u00e7\u00e3o do Wine in Azores acredita no sucesso da edi\u00e7\u00e3o deste ano - Di\u00e1rio da Lagoa","robots":{"index":"index","follow":"follow","max-snippet":"max-snippet:-1","max-image-preview":"max-image-preview:large","max-video-preview":"max-video-preview:-1"},"canonical":"https:\/\/diariodalagoa.pt\/es\/organizacao-do-wine-in-azores-acredita-no-sucesso-da-edicao-deste-ano\/","og_locale":"es_ES","og_type":"article","og_title":"Organiza\u00e7\u00e3o do Wine in Azores acredita no sucesso da edi\u00e7\u00e3o deste ano - Di\u00e1rio da Lagoa","og_description":"A organiza\u00e7\u00e3o do Wine in Azores n\u00e3o tem d\u00favidas de que este ano ser\u00e1 batido o record de empresas participantes no certame a\u00e7oriano. O Wine in Azores \u00e9 um evento de promo\u00e7\u00e3o de anima\u00e7\u00e3o tur\u00edstica que ao longo dos anos tem recebido um substancial apoio do Governo Regional dos A\u00e7ores, mas cujo retorno \u00e9 inquestion\u00e1vel [&hellip;]","og_url":"https:\/\/diariodalagoa.pt\/es\/organizacao-do-wine-in-azores-acredita-no-sucesso-da-edicao-deste-ano\/","og_site_name":"Di\u00e1rio da Lagoa","article_published_time":"2014-09-22T18:24:07+00:00","og_image":[{"width":720,"height":380,"url":"https:\/\/diariodalagoa.pt\/wp-content\/uploads\/2014\/09\/wine-in-azores-14.jpg","type":"image\/jpeg"}],"author":"Di\u00e1rio da Lagoa","twitter_card":"summary_large_image","twitter_misc":{"Escrito por":"Di\u00e1rio da Lagoa","Tiempo de lectura":"3 minutos"},"schema":{"@context":"https:\/\/schema.org","@graph":[{"@type":"WebPage","@id":"https:\/\/diariodalagoa.pt\/organizacao-do-wine-in-azores-acredita-no-sucesso-da-edicao-deste-ano\/","url":"https:\/\/diariodalagoa.pt\/organizacao-do-wine-in-azores-acredita-no-sucesso-da-edicao-deste-ano\/","name":"Organiza\u00e7\u00e3o do Wine in Azores acredita no sucesso da edi\u00e7\u00e3o deste ano - Di\u00e1rio da Lagoa","isPartOf":{"@id":"https:\/\/diariodalagoa.pt\/#website"},"datePublished":"2014-09-22T18:24:07+00:00","dateModified":"2014-09-22T18:24:07+00:00","author":{"@id":"https:\/\/diariodalagoa.pt\/#\/schema\/person\/1615a002370e8857b6f972834bc43ece"},"breadcrumb":{"@id":"https:\/\/diariodalagoa.pt\/organizacao-do-wine-in-azores-acredita-no-sucesso-da-edicao-deste-ano\/#breadcrumb"},"inLanguage":"es","potentialAction":[{"@type":"ReadAction","target":["https:\/\/diariodalagoa.pt\/organizacao-do-wine-in-azores-acredita-no-sucesso-da-edicao-deste-ano\/"]}]},{"@type":"BreadcrumbList","@id":"https:\/\/diariodalagoa.pt\/organizacao-do-wine-in-azores-acredita-no-sucesso-da-edicao-deste-ano\/#breadcrumb","itemListElement":[{"@type":"ListItem","position":1,"name":"In\u00edcio","item":"https:\/\/diariodalagoa.pt\/"},{"@type":"ListItem","position":2,"name":"Organiza\u00e7\u00e3o do Wine in Azores acredita no sucesso da edi\u00e7\u00e3o deste ano"}]},{"@type":"WebSite","@id":"https:\/\/diariodalagoa.pt\/#website","url":"https:\/\/diariodalagoa.pt\/","name":"Di\u00e1rio da Lagoa","description":"Di\u00e1rio da Lagoa. As not\u00edcias que contam. A partir da Lagoa, nos A\u00e7ores, para o mundo.","potentialAction":[{"@type":"SearchAction","target":{"@type":"EntryPoint","urlTemplate":"https:\/\/diariodalagoa.pt\/?s={search_term_string}"},"query-input":"required name=search_term_string"}],"inLanguage":"es"},{"@type":"Person","@id":"https:\/\/diariodalagoa.pt\/#\/schema\/person\/1615a002370e8857b6f972834bc43ece","name":"Di\u00e1rio da Lagoa","image":{"@type":"ImageObject","inLanguage":"es","@id":"https:\/\/diariodalagoa.pt\/#\/schema\/person\/image\/","url":"https:\/\/secure.gravatar.com\/avatar\/2cb5cef90a26f8fbd4d9d930608102c5?s=96&d=mm&r=g","contentUrl":"https:\/\/secure.gravatar.com\/avatar\/2cb5cef90a26f8fbd4d9d930608102c5?s=96&d=mm&r=g","caption":"Di\u00e1rio da Lagoa"},"url":"https:\/\/diariodalagoa.pt\/es\/author\/diariodalagoa\/"}]}},"_links":{"self":[{"href":"https:\/\/diariodalagoa.pt\/es\/wp-json\/wp\/v2\/posts\/9339"}],"collection":[{"href":"https:\/\/diariodalagoa.pt\/es\/wp-json\/wp\/v2\/posts"}],"about":[{"href":"https:\/\/diariodalagoa.pt\/es\/wp-json\/wp\/v2\/types\/post"}],"author":[{"embeddable":true,"href":"https:\/\/diariodalagoa.pt\/es\/wp-json\/wp\/v2\/users\/2"}],"replies":[{"embeddable":true,"href":"https:\/\/diariodalagoa.pt\/es\/wp-json\/wp\/v2\/comments?post=9339"}],"version-history":[{"count":0,"href":"https:\/\/diariodalagoa.pt\/es\/wp-json\/wp\/v2\/posts\/9339\/revisions"}],"wp:featuredmedia":[{"embeddable":true,"href":"https:\/\/diariodalagoa.pt\/es\/wp-json\/wp\/v2\/media\/121783"}],"wp:attachment":[{"href":"https:\/\/diariodalagoa.pt\/es\/wp-json\/wp\/v2\/media?parent=9339"}],"wp:term":[{"taxonomy":"category","embeddable":true,"href":"https:\/\/diariodalagoa.pt\/es\/wp-json\/wp\/v2\/categories?post=9339"},{"taxonomy":"post_tag","embeddable":true,"href":"https:\/\/diariodalagoa.pt\/es\/wp-json\/wp\/v2\/tags?post=9339"}],"curies":[{"name":"wp","href":"https:\/\/api.w.org\/{rel}","templated":true}]}}