{"id":9289,"date":"2014-09-22T00:22:45","date_gmt":"2014-09-22T01:22:45","guid":{"rendered":"http:\/\/diariodalagoa.pt\/?p=9289"},"modified":"2014-09-22T00:22:45","modified_gmt":"2014-09-22T01:22:45","slug":"11-584-acorianos-desempregados-estao-inscritos-nos-centros-de-emprego","status":"publish","type":"post","link":"https:\/\/diariodalagoa.pt\/es\/11-584-acorianos-desempregados-estao-inscritos-nos-centros-de-emprego\/","title":{"rendered":"11.584 a\u00e7orianos desempregados est\u00e3o inscritos nos centros de emprego"},"content":{"rendered":"<p style=\"text-align: justify;\"><a href=\"https:\/\/www.iefp.pt\/documents\/10181\/535009\/Informa%C3%A7%C3%A3o+Mensal+agosto+2014.pdf\/1acc667e-dd94-4890-8ce1-6854e1210536\" target=\"_blank\" rel=\"noopener\"><img decoding=\"async\" class=\"alignnone size-full wp-image-9313\" src=\"http:\/\/diariodalagoa.pt\/wp-content\/uploads\/2014\/09\/Desemrpego-taxa-agosto2014.jpg\" alt=\"Desemrpego-taxa-agosto2014\" width=\"720\" height=\"380\" \/><\/a><\/p>\n<p style=\"text-align: justify;\"><span style=\"color: #000000;\">Dados recentes do Instituto do Emprego e Forma\u00e7\u00e3o Profissional (IEFP) indicam que existiam, em agosto, 11584 desempregados inscritos nos centros de emprego dos A\u00e7ores, sendo\u00a0menos 1,4 por cento que o n\u00famero de julho deste ano.\u00a0<\/span><\/p>\n<p style=\"text-align: justify;\"><span style=\"color: #000000;\">Estes s\u00e3o n\u00fameros que contrastam com a m\u00e9dia do Continente, sendo que enquanto o n\u00famero de desempregados baixou nos A\u00e7ores de julho para agosto, no Continente, houve uma subida (2,1%).<\/span><\/p>\n<p style=\"text-align: justify;\"><span style=\"color: #000000;\">Na leitura dos dados \u00e9 poss\u00edvel verificar que a varia\u00e7\u00e3o do n\u00famero de desempregados, nos A\u00e7ores, mant\u00e9m &#8211; se quase nula h\u00e1 um ano.<\/span><\/p>\n<p style=\"text-align: justify;\"><span style=\"color: #000000;\">Em julho 2014, estavam inscritos 11753 a\u00e7orianos, tendo sa\u00eddo dos centros de emprego 169 pessoas.<\/span><\/p>\n<p style=\"text-align: justify;\"><em><span style=\"color: #000000;\">DL<\/span><\/em><\/p>","protected":false},"excerpt":{"rendered":"<p>Dados recentes do Instituto do Emprego e Forma\u00e7\u00e3o Profissional (IEFP) indicam que existiam, em agosto, 11584 desempregados inscritos nos centros de emprego dos A\u00e7ores, sendo\u00a0menos 1,4 por cento que o n\u00famero de julho deste ano.\u00a0 Estes s\u00e3o n\u00fameros que contrastam com a m\u00e9dia do Continente, sendo que enquanto o n\u00famero de desempregados baixou nos A\u00e7ores [&hellip;]<\/p>","protected":false},"author":2,"featured_media":121786,"comment_status":"open","ping_status":"open","sticky":false,"template":"","format":"standard","meta":[],"categories":[21],"tags":[],"acf":[],"yoast_head":"<!-- This site is optimized with the Yoast SEO plugin v20.10 - https:\/\/yoast.com\/wordpress\/plugins\/seo\/ -->\n<title>11.584 a\u00e7orianos desempregados est\u00e3o inscritos nos centros de emprego - Di\u00e1rio da Lagoa<\/title>\n<meta name=\"robots\" content=\"index, follow, max-snippet:-1, max-image-preview:large, max-video-preview:-1\" \/>\n<link rel=\"canonical\" href=\"https:\/\/diariodalagoa.pt\/es\/11-584-acorianos-desempregados-estao-inscritos-nos-centros-de-emprego\/\" \/>\n<meta property=\"og:locale\" content=\"es_ES\" \/>\n<meta property=\"og:type\" content=\"article\" \/>\n<meta property=\"og:title\" content=\"11.584 a\u00e7orianos desempregados est\u00e3o inscritos nos centros de emprego - Di\u00e1rio da Lagoa\" \/>\n<meta property=\"og:description\" content=\"Dados recentes do Instituto do Emprego e Forma\u00e7\u00e3o Profissional (IEFP) indicam que existiam, em agosto, 11584 desempregados inscritos nos centros de emprego dos A\u00e7ores, sendo\u00a0menos 1,4 por cento que o n\u00famero de julho deste ano.\u00a0 Estes s\u00e3o n\u00fameros que contrastam com a m\u00e9dia do Continente, sendo que enquanto o n\u00famero de desempregados baixou nos A\u00e7ores [&hellip;]\" \/>\n<meta property=\"og:url\" content=\"https:\/\/diariodalagoa.pt\/es\/11-584-acorianos-desempregados-estao-inscritos-nos-centros-de-emprego\/\" \/>\n<meta property=\"og:site_name\" content=\"Di\u00e1rio da Lagoa\" \/>\n<meta property=\"article:published_time\" content=\"2014-09-22T01:22:45+00:00\" \/>\n<meta property=\"og:image\" content=\"https:\/\/diariodalagoa.pt\/wp-content\/uploads\/2014\/09\/desemrpego-taxa-agosto2014.jpg\" \/>\n\t<meta property=\"og:image:width\" content=\"720\" \/>\n\t<meta property=\"og:image:height\" content=\"380\" \/>\n\t<meta property=\"og:image:type\" content=\"image\/jpeg\" \/>\n<meta name=\"author\" content=\"Di\u00e1rio da Lagoa\" \/>\n<meta name=\"twitter:card\" content=\"summary_large_image\" \/>\n<meta name=\"twitter:label1\" content=\"Escrito por\" \/>\n\t<meta name=\"twitter:data1\" content=\"Di\u00e1rio da Lagoa\" \/>\n\t<meta name=\"twitter:label2\" content=\"Tiempo de lectura\" \/>\n\t<meta name=\"twitter:data2\" content=\"1 minuto\" \/>\n<script type=\"application\/ld+json\" class=\"yoast-schema-graph\">{\"@context\":\"https:\/\/schema.org\",\"@graph\":[{\"@type\":\"WebPage\",\"@id\":\"https:\/\/diariodalagoa.pt\/11-584-acorianos-desempregados-estao-inscritos-nos-centros-de-emprego\/\",\"url\":\"https:\/\/diariodalagoa.pt\/11-584-acorianos-desempregados-estao-inscritos-nos-centros-de-emprego\/\",\"name\":\"11.584 a\u00e7orianos desempregados est\u00e3o inscritos nos centros de emprego - Di\u00e1rio da Lagoa\",\"isPartOf\":{\"@id\":\"https:\/\/diariodalagoa.pt\/#website\"},\"datePublished\":\"2014-09-22T01:22:45+00:00\",\"dateModified\":\"2014-09-22T01:22:45+00:00\",\"author\":{\"@id\":\"https:\/\/diariodalagoa.pt\/#\/schema\/person\/1615a002370e8857b6f972834bc43ece\"},\"breadcrumb\":{\"@id\":\"https:\/\/diariodalagoa.pt\/11-584-acorianos-desempregados-estao-inscritos-nos-centros-de-emprego\/#breadcrumb\"},\"inLanguage\":\"es\",\"potentialAction\":[{\"@type\":\"ReadAction\",\"target\":[\"https:\/\/diariodalagoa.pt\/11-584-acorianos-desempregados-estao-inscritos-nos-centros-de-emprego\/\"]}]},{\"@type\":\"BreadcrumbList\",\"@id\":\"https:\/\/diariodalagoa.pt\/11-584-acorianos-desempregados-estao-inscritos-nos-centros-de-emprego\/#breadcrumb\",\"itemListElement\":[{\"@type\":\"ListItem\",\"position\":1,\"name\":\"In\u00edcio\",\"item\":\"https:\/\/diariodalagoa.pt\/\"},{\"@type\":\"ListItem\",\"position\":2,\"name\":\"11.584 a\u00e7orianos desempregados est\u00e3o inscritos nos centros de emprego\"}]},{\"@type\":\"WebSite\",\"@id\":\"https:\/\/diariodalagoa.pt\/#website\",\"url\":\"https:\/\/diariodalagoa.pt\/\",\"name\":\"Di\u00e1rio da Lagoa\",\"description\":\"Di\u00e1rio da Lagoa. As not\u00edcias que contam. A partir da Lagoa, nos A\u00e7ores, para o mundo.\",\"potentialAction\":[{\"@type\":\"SearchAction\",\"target\":{\"@type\":\"EntryPoint\",\"urlTemplate\":\"https:\/\/diariodalagoa.pt\/?s={search_term_string}\"},\"query-input\":\"required name=search_term_string\"}],\"inLanguage\":\"es\"},{\"@type\":\"Person\",\"@id\":\"https:\/\/diariodalagoa.pt\/#\/schema\/person\/1615a002370e8857b6f972834bc43ece\",\"name\":\"Di\u00e1rio da Lagoa\",\"image\":{\"@type\":\"ImageObject\",\"inLanguage\":\"es\",\"@id\":\"https:\/\/diariodalagoa.pt\/#\/schema\/person\/image\/\",\"url\":\"https:\/\/secure.gravatar.com\/avatar\/2cb5cef90a26f8fbd4d9d930608102c5?s=96&d=mm&r=g\",\"contentUrl\":\"https:\/\/secure.gravatar.com\/avatar\/2cb5cef90a26f8fbd4d9d930608102c5?s=96&d=mm&r=g\",\"caption\":\"Di\u00e1rio da Lagoa\"},\"url\":\"https:\/\/diariodalagoa.pt\/es\/author\/diariodalagoa\/\"}]}<\/script>\n<!-- \/ Yoast SEO plugin. -->","yoast_head_json":{"title":"11.584 a\u00e7orianos desempregados est\u00e3o inscritos nos centros de emprego - Di\u00e1rio da Lagoa","robots":{"index":"index","follow":"follow","max-snippet":"max-snippet:-1","max-image-preview":"max-image-preview:large","max-video-preview":"max-video-preview:-1"},"canonical":"https:\/\/diariodalagoa.pt\/es\/11-584-acorianos-desempregados-estao-inscritos-nos-centros-de-emprego\/","og_locale":"es_ES","og_type":"article","og_title":"11.584 a\u00e7orianos desempregados est\u00e3o inscritos nos centros de emprego - Di\u00e1rio da Lagoa","og_description":"Dados recentes do Instituto do Emprego e Forma\u00e7\u00e3o Profissional (IEFP) indicam que existiam, em agosto, 11584 desempregados inscritos nos centros de emprego dos A\u00e7ores, sendo\u00a0menos 1,4 por cento que o n\u00famero de julho deste ano.\u00a0 Estes s\u00e3o n\u00fameros que contrastam com a m\u00e9dia do Continente, sendo que enquanto o n\u00famero de desempregados baixou nos A\u00e7ores [&hellip;]","og_url":"https:\/\/diariodalagoa.pt\/es\/11-584-acorianos-desempregados-estao-inscritos-nos-centros-de-emprego\/","og_site_name":"Di\u00e1rio da Lagoa","article_published_time":"2014-09-22T01:22:45+00:00","og_image":[{"width":720,"height":380,"url":"https:\/\/diariodalagoa.pt\/wp-content\/uploads\/2014\/09\/desemrpego-taxa-agosto2014.jpg","type":"image\/jpeg"}],"author":"Di\u00e1rio da Lagoa","twitter_card":"summary_large_image","twitter_misc":{"Escrito por":"Di\u00e1rio da Lagoa","Tiempo de lectura":"1 minuto"},"schema":{"@context":"https:\/\/schema.org","@graph":[{"@type":"WebPage","@id":"https:\/\/diariodalagoa.pt\/11-584-acorianos-desempregados-estao-inscritos-nos-centros-de-emprego\/","url":"https:\/\/diariodalagoa.pt\/11-584-acorianos-desempregados-estao-inscritos-nos-centros-de-emprego\/","name":"11.584 a\u00e7orianos desempregados est\u00e3o inscritos nos centros de emprego - Di\u00e1rio da Lagoa","isPartOf":{"@id":"https:\/\/diariodalagoa.pt\/#website"},"datePublished":"2014-09-22T01:22:45+00:00","dateModified":"2014-09-22T01:22:45+00:00","author":{"@id":"https:\/\/diariodalagoa.pt\/#\/schema\/person\/1615a002370e8857b6f972834bc43ece"},"breadcrumb":{"@id":"https:\/\/diariodalagoa.pt\/11-584-acorianos-desempregados-estao-inscritos-nos-centros-de-emprego\/#breadcrumb"},"inLanguage":"es","potentialAction":[{"@type":"ReadAction","target":["https:\/\/diariodalagoa.pt\/11-584-acorianos-desempregados-estao-inscritos-nos-centros-de-emprego\/"]}]},{"@type":"BreadcrumbList","@id":"https:\/\/diariodalagoa.pt\/11-584-acorianos-desempregados-estao-inscritos-nos-centros-de-emprego\/#breadcrumb","itemListElement":[{"@type":"ListItem","position":1,"name":"In\u00edcio","item":"https:\/\/diariodalagoa.pt\/"},{"@type":"ListItem","position":2,"name":"11.584 a\u00e7orianos desempregados est\u00e3o inscritos nos centros de emprego"}]},{"@type":"WebSite","@id":"https:\/\/diariodalagoa.pt\/#website","url":"https:\/\/diariodalagoa.pt\/","name":"Di\u00e1rio da Lagoa","description":"Di\u00e1rio da Lagoa. As not\u00edcias que contam. A partir da Lagoa, nos A\u00e7ores, para o mundo.","potentialAction":[{"@type":"SearchAction","target":{"@type":"EntryPoint","urlTemplate":"https:\/\/diariodalagoa.pt\/?s={search_term_string}"},"query-input":"required name=search_term_string"}],"inLanguage":"es"},{"@type":"Person","@id":"https:\/\/diariodalagoa.pt\/#\/schema\/person\/1615a002370e8857b6f972834bc43ece","name":"Di\u00e1rio da Lagoa","image":{"@type":"ImageObject","inLanguage":"es","@id":"https:\/\/diariodalagoa.pt\/#\/schema\/person\/image\/","url":"https:\/\/secure.gravatar.com\/avatar\/2cb5cef90a26f8fbd4d9d930608102c5?s=96&d=mm&r=g","contentUrl":"https:\/\/secure.gravatar.com\/avatar\/2cb5cef90a26f8fbd4d9d930608102c5?s=96&d=mm&r=g","caption":"Di\u00e1rio da Lagoa"},"url":"https:\/\/diariodalagoa.pt\/es\/author\/diariodalagoa\/"}]}},"_links":{"self":[{"href":"https:\/\/diariodalagoa.pt\/es\/wp-json\/wp\/v2\/posts\/9289"}],"collection":[{"href":"https:\/\/diariodalagoa.pt\/es\/wp-json\/wp\/v2\/posts"}],"about":[{"href":"https:\/\/diariodalagoa.pt\/es\/wp-json\/wp\/v2\/types\/post"}],"author":[{"embeddable":true,"href":"https:\/\/diariodalagoa.pt\/es\/wp-json\/wp\/v2\/users\/2"}],"replies":[{"embeddable":true,"href":"https:\/\/diariodalagoa.pt\/es\/wp-json\/wp\/v2\/comments?post=9289"}],"version-history":[{"count":0,"href":"https:\/\/diariodalagoa.pt\/es\/wp-json\/wp\/v2\/posts\/9289\/revisions"}],"wp:featuredmedia":[{"embeddable":true,"href":"https:\/\/diariodalagoa.pt\/es\/wp-json\/wp\/v2\/media\/121786"}],"wp:attachment":[{"href":"https:\/\/diariodalagoa.pt\/es\/wp-json\/wp\/v2\/media?parent=9289"}],"wp:term":[{"taxonomy":"category","embeddable":true,"href":"https:\/\/diariodalagoa.pt\/es\/wp-json\/wp\/v2\/categories?post=9289"},{"taxonomy":"post_tag","embeddable":true,"href":"https:\/\/diariodalagoa.pt\/es\/wp-json\/wp\/v2\/tags?post=9289"}],"curies":[{"name":"wp","href":"https:\/\/api.w.org\/{rel}","templated":true}]}}