{"id":9156,"date":"2014-09-17T19:21:05","date_gmt":"2014-09-17T20:21:05","guid":{"rendered":"http:\/\/diariodalagoa.pt\/?p=9156"},"modified":"2014-09-17T19:21:05","modified_gmt":"2014-09-17T20:21:05","slug":"estabelecido-novo-periodo-de-carencia-para-o-plano-de-reembolso-de-incentivos","status":"publish","type":"post","link":"https:\/\/diariodalagoa.pt\/es\/estabelecido-novo-periodo-de-carencia-para-o-plano-de-reembolso-de-incentivos\/","title":{"rendered":"Estabelecido novo per\u00edodo de car\u00eancia para o plano de reembolso de incentivos"},"content":{"rendered":"<p style=\"text-align: justify;\"><img decoding=\"async\" class=\"alignnone size-full wp-image-9138\" src=\"http:\/\/diariodalagoa.pt\/wp-content\/uploads\/2014\/09\/Vasco-Cordeiro-obriga\u00e7\u00f5es-servi\u00e7o-a\u00e9reo-conselho-ilha-flores.jpg\" alt=\"Vasco-Cordeiro-obriga\u00e7\u00f5es-servi\u00e7o-a\u00e9reo-conselho-ilha-flores\" width=\"720\" height=\"380\" \/><\/p>\n<p style=\"text-align: justify;\"><span style=\"color: #000000;\">O Governo Regional decidiu conceder um incentivo financeiro, no \u00e2mbito do Subsistema de Apoio ao Desenvolvimento Local, do Sistema de Incentivos para o Desenvolvimento Regional dos A\u00e7ores (SIDER), a um projeto de investimento para a constru\u00e7\u00e3o de uma unidade fabril de enchimento de sumos e refrigerantes, na ilha de S. Miguel.\u00a0<\/span><\/p>\n<p style=\"text-align: justify;\"><span style=\"color: #000000;\">O investimento total deste projeto ascende a cerca de 4,9 milh\u00f5es de euros, sendo o incentivo a conceder de cerca de 941 mil euros sob a forma de subs\u00eddio n\u00e3o reembols\u00e1vel e cerca de 1,2 milh\u00f5es de euros como empr\u00e9stimo reembols\u00e1vel.\u00a0<\/span><\/p>\n<p style=\"text-align: justify;\"><span style=\"color: #000000;\">Reunido em Conselho de Governo, o executivo regional deliberou, por outro lado, estabelecer um novo per\u00edodo de car\u00eancia, at\u00e9 31 de dezembro de 2016, para o plano de reembolso dos incentivos relativos a investimentos em estabelecimentos hoteleiros e em unidades de turismo em espa\u00e7o rural concedidos ao abrigo do Sistema de Incentivos ao Turismo na Regi\u00e3o Aut\u00f3noma dos A\u00e7ores (SITRAA).\u00a0<\/span><\/p>\n<p style=\"text-align: justify;\"><span style=\"color: #000000;\">A medida, que abrange as presta\u00e7\u00f5es devidas a partir de 1 de dezembro de 2013, resulta da atual situa\u00e7\u00e3o econ\u00f3mica e financeira nacional e internacional, que continua a ter reflexos negativos na atividade tur\u00edstica regional.\u00a0<\/span><\/p>\n<p style=\"text-align: justify;\"><span style=\"color: #000000;\">O Governo Regional entende, por isso, ser necess\u00e1ria uma interven\u00e7\u00e3o para amenizar as dificuldades que ainda atingem a iniciativa privada e, simultaneamente, contribuir para a sustentabilidade das empresas e a manuten\u00e7\u00e3o dos postos de trabalho.<\/span><\/p>\n<p style=\"text-align: justify;\"><span style=\"color: #000000;\"><em>DL<\/em><\/span><\/p>","protected":false},"excerpt":{"rendered":"<p>O Governo Regional decidiu conceder um incentivo financeiro, no \u00e2mbito do Subsistema de Apoio ao Desenvolvimento Local, do Sistema de Incentivos para o Desenvolvimento Regional dos A\u00e7ores (SIDER), a um projeto de investimento para a constru\u00e7\u00e3o de uma unidade fabril de enchimento de sumos e refrigerantes, na ilha de S. Miguel.\u00a0 O investimento total deste [&hellip;]<\/p>","protected":false},"author":2,"featured_media":0,"comment_status":"open","ping_status":"open","sticky":false,"template":"","format":"standard","meta":[],"categories":[21],"tags":[],"acf":[],"yoast_head":"<!-- This site is optimized with the Yoast SEO plugin v20.10 - https:\/\/yoast.com\/wordpress\/plugins\/seo\/ -->\n<title>Estabelecido novo per\u00edodo de car\u00eancia para o plano de reembolso de incentivos - Di\u00e1rio da Lagoa<\/title>\n<meta name=\"robots\" content=\"index, follow, max-snippet:-1, max-image-preview:large, max-video-preview:-1\" \/>\n<link rel=\"canonical\" href=\"https:\/\/diariodalagoa.pt\/es\/estabelecido-novo-periodo-de-carencia-para-o-plano-de-reembolso-de-incentivos\/\" \/>\n<meta property=\"og:locale\" content=\"es_ES\" \/>\n<meta property=\"og:type\" content=\"article\" \/>\n<meta property=\"og:title\" content=\"Estabelecido novo per\u00edodo de car\u00eancia para o plano de reembolso de incentivos - Di\u00e1rio da Lagoa\" \/>\n<meta property=\"og:description\" content=\"O Governo Regional decidiu conceder um incentivo financeiro, no \u00e2mbito do Subsistema de Apoio ao Desenvolvimento Local, do Sistema de Incentivos para o Desenvolvimento Regional dos A\u00e7ores (SIDER), a um projeto de investimento para a constru\u00e7\u00e3o de uma unidade fabril de enchimento de sumos e refrigerantes, na ilha de S. Miguel.\u00a0 O investimento total deste [&hellip;]\" \/>\n<meta property=\"og:url\" content=\"https:\/\/diariodalagoa.pt\/es\/estabelecido-novo-periodo-de-carencia-para-o-plano-de-reembolso-de-incentivos\/\" \/>\n<meta property=\"og:site_name\" content=\"Di\u00e1rio da Lagoa\" \/>\n<meta property=\"article:published_time\" content=\"2014-09-17T20:21:05+00:00\" \/>\n<meta name=\"author\" content=\"Di\u00e1rio da Lagoa\" \/>\n<meta name=\"twitter:card\" content=\"summary_large_image\" \/>\n<meta name=\"twitter:label1\" content=\"Escrito por\" \/>\n\t<meta name=\"twitter:data1\" content=\"Di\u00e1rio da Lagoa\" \/>\n\t<meta name=\"twitter:label2\" content=\"Tiempo de lectura\" \/>\n\t<meta name=\"twitter:data2\" content=\"1 minuto\" \/>\n<script type=\"application\/ld+json\" class=\"yoast-schema-graph\">{\"@context\":\"https:\/\/schema.org\",\"@graph\":[{\"@type\":\"WebPage\",\"@id\":\"https:\/\/diariodalagoa.pt\/estabelecido-novo-periodo-de-carencia-para-o-plano-de-reembolso-de-incentivos\/\",\"url\":\"https:\/\/diariodalagoa.pt\/estabelecido-novo-periodo-de-carencia-para-o-plano-de-reembolso-de-incentivos\/\",\"name\":\"Estabelecido novo per\u00edodo de car\u00eancia para o plano de reembolso de incentivos - Di\u00e1rio da Lagoa\",\"isPartOf\":{\"@id\":\"https:\/\/diariodalagoa.pt\/#website\"},\"datePublished\":\"2014-09-17T20:21:05+00:00\",\"dateModified\":\"2014-09-17T20:21:05+00:00\",\"author\":{\"@id\":\"https:\/\/diariodalagoa.pt\/#\/schema\/person\/1615a002370e8857b6f972834bc43ece\"},\"breadcrumb\":{\"@id\":\"https:\/\/diariodalagoa.pt\/estabelecido-novo-periodo-de-carencia-para-o-plano-de-reembolso-de-incentivos\/#breadcrumb\"},\"inLanguage\":\"es\",\"potentialAction\":[{\"@type\":\"ReadAction\",\"target\":[\"https:\/\/diariodalagoa.pt\/estabelecido-novo-periodo-de-carencia-para-o-plano-de-reembolso-de-incentivos\/\"]}]},{\"@type\":\"BreadcrumbList\",\"@id\":\"https:\/\/diariodalagoa.pt\/estabelecido-novo-periodo-de-carencia-para-o-plano-de-reembolso-de-incentivos\/#breadcrumb\",\"itemListElement\":[{\"@type\":\"ListItem\",\"position\":1,\"name\":\"In\u00edcio\",\"item\":\"https:\/\/diariodalagoa.pt\/\"},{\"@type\":\"ListItem\",\"position\":2,\"name\":\"Estabelecido novo per\u00edodo de car\u00eancia para o plano de reembolso de incentivos\"}]},{\"@type\":\"WebSite\",\"@id\":\"https:\/\/diariodalagoa.pt\/#website\",\"url\":\"https:\/\/diariodalagoa.pt\/\",\"name\":\"Di\u00e1rio da Lagoa\",\"description\":\"Di\u00e1rio da Lagoa. As not\u00edcias que contam. A partir da Lagoa, nos A\u00e7ores, para o mundo.\",\"potentialAction\":[{\"@type\":\"SearchAction\",\"target\":{\"@type\":\"EntryPoint\",\"urlTemplate\":\"https:\/\/diariodalagoa.pt\/?s={search_term_string}\"},\"query-input\":\"required name=search_term_string\"}],\"inLanguage\":\"es\"},{\"@type\":\"Person\",\"@id\":\"https:\/\/diariodalagoa.pt\/#\/schema\/person\/1615a002370e8857b6f972834bc43ece\",\"name\":\"Di\u00e1rio da Lagoa\",\"image\":{\"@type\":\"ImageObject\",\"inLanguage\":\"es\",\"@id\":\"https:\/\/diariodalagoa.pt\/#\/schema\/person\/image\/\",\"url\":\"https:\/\/secure.gravatar.com\/avatar\/2cb5cef90a26f8fbd4d9d930608102c5?s=96&d=mm&r=g\",\"contentUrl\":\"https:\/\/secure.gravatar.com\/avatar\/2cb5cef90a26f8fbd4d9d930608102c5?s=96&d=mm&r=g\",\"caption\":\"Di\u00e1rio da Lagoa\"},\"url\":\"https:\/\/diariodalagoa.pt\/es\/author\/diariodalagoa\/\"}]}<\/script>\n<!-- \/ Yoast SEO plugin. -->","yoast_head_json":{"title":"Estabelecido novo per\u00edodo de car\u00eancia para o plano de reembolso de incentivos - Di\u00e1rio da Lagoa","robots":{"index":"index","follow":"follow","max-snippet":"max-snippet:-1","max-image-preview":"max-image-preview:large","max-video-preview":"max-video-preview:-1"},"canonical":"https:\/\/diariodalagoa.pt\/es\/estabelecido-novo-periodo-de-carencia-para-o-plano-de-reembolso-de-incentivos\/","og_locale":"es_ES","og_type":"article","og_title":"Estabelecido novo per\u00edodo de car\u00eancia para o plano de reembolso de incentivos - Di\u00e1rio da Lagoa","og_description":"O Governo Regional decidiu conceder um incentivo financeiro, no \u00e2mbito do Subsistema de Apoio ao Desenvolvimento Local, do Sistema de Incentivos para o Desenvolvimento Regional dos A\u00e7ores (SIDER), a um projeto de investimento para a constru\u00e7\u00e3o de uma unidade fabril de enchimento de sumos e refrigerantes, na ilha de S. Miguel.\u00a0 O investimento total deste [&hellip;]","og_url":"https:\/\/diariodalagoa.pt\/es\/estabelecido-novo-periodo-de-carencia-para-o-plano-de-reembolso-de-incentivos\/","og_site_name":"Di\u00e1rio da Lagoa","article_published_time":"2014-09-17T20:21:05+00:00","author":"Di\u00e1rio da Lagoa","twitter_card":"summary_large_image","twitter_misc":{"Escrito por":"Di\u00e1rio da Lagoa","Tiempo de lectura":"1 minuto"},"schema":{"@context":"https:\/\/schema.org","@graph":[{"@type":"WebPage","@id":"https:\/\/diariodalagoa.pt\/estabelecido-novo-periodo-de-carencia-para-o-plano-de-reembolso-de-incentivos\/","url":"https:\/\/diariodalagoa.pt\/estabelecido-novo-periodo-de-carencia-para-o-plano-de-reembolso-de-incentivos\/","name":"Estabelecido novo per\u00edodo de car\u00eancia para o plano de reembolso de incentivos - Di\u00e1rio da Lagoa","isPartOf":{"@id":"https:\/\/diariodalagoa.pt\/#website"},"datePublished":"2014-09-17T20:21:05+00:00","dateModified":"2014-09-17T20:21:05+00:00","author":{"@id":"https:\/\/diariodalagoa.pt\/#\/schema\/person\/1615a002370e8857b6f972834bc43ece"},"breadcrumb":{"@id":"https:\/\/diariodalagoa.pt\/estabelecido-novo-periodo-de-carencia-para-o-plano-de-reembolso-de-incentivos\/#breadcrumb"},"inLanguage":"es","potentialAction":[{"@type":"ReadAction","target":["https:\/\/diariodalagoa.pt\/estabelecido-novo-periodo-de-carencia-para-o-plano-de-reembolso-de-incentivos\/"]}]},{"@type":"BreadcrumbList","@id":"https:\/\/diariodalagoa.pt\/estabelecido-novo-periodo-de-carencia-para-o-plano-de-reembolso-de-incentivos\/#breadcrumb","itemListElement":[{"@type":"ListItem","position":1,"name":"In\u00edcio","item":"https:\/\/diariodalagoa.pt\/"},{"@type":"ListItem","position":2,"name":"Estabelecido novo per\u00edodo de car\u00eancia para o plano de reembolso de incentivos"}]},{"@type":"WebSite","@id":"https:\/\/diariodalagoa.pt\/#website","url":"https:\/\/diariodalagoa.pt\/","name":"Di\u00e1rio da Lagoa","description":"Di\u00e1rio da Lagoa. As not\u00edcias que contam. A partir da Lagoa, nos A\u00e7ores, para o mundo.","potentialAction":[{"@type":"SearchAction","target":{"@type":"EntryPoint","urlTemplate":"https:\/\/diariodalagoa.pt\/?s={search_term_string}"},"query-input":"required name=search_term_string"}],"inLanguage":"es"},{"@type":"Person","@id":"https:\/\/diariodalagoa.pt\/#\/schema\/person\/1615a002370e8857b6f972834bc43ece","name":"Di\u00e1rio da Lagoa","image":{"@type":"ImageObject","inLanguage":"es","@id":"https:\/\/diariodalagoa.pt\/#\/schema\/person\/image\/","url":"https:\/\/secure.gravatar.com\/avatar\/2cb5cef90a26f8fbd4d9d930608102c5?s=96&d=mm&r=g","contentUrl":"https:\/\/secure.gravatar.com\/avatar\/2cb5cef90a26f8fbd4d9d930608102c5?s=96&d=mm&r=g","caption":"Di\u00e1rio da Lagoa"},"url":"https:\/\/diariodalagoa.pt\/es\/author\/diariodalagoa\/"}]}},"_links":{"self":[{"href":"https:\/\/diariodalagoa.pt\/es\/wp-json\/wp\/v2\/posts\/9156"}],"collection":[{"href":"https:\/\/diariodalagoa.pt\/es\/wp-json\/wp\/v2\/posts"}],"about":[{"href":"https:\/\/diariodalagoa.pt\/es\/wp-json\/wp\/v2\/types\/post"}],"author":[{"embeddable":true,"href":"https:\/\/diariodalagoa.pt\/es\/wp-json\/wp\/v2\/users\/2"}],"replies":[{"embeddable":true,"href":"https:\/\/diariodalagoa.pt\/es\/wp-json\/wp\/v2\/comments?post=9156"}],"version-history":[{"count":0,"href":"https:\/\/diariodalagoa.pt\/es\/wp-json\/wp\/v2\/posts\/9156\/revisions"}],"wp:attachment":[{"href":"https:\/\/diariodalagoa.pt\/es\/wp-json\/wp\/v2\/media?parent=9156"}],"wp:term":[{"taxonomy":"category","embeddable":true,"href":"https:\/\/diariodalagoa.pt\/es\/wp-json\/wp\/v2\/categories?post=9156"},{"taxonomy":"post_tag","embeddable":true,"href":"https:\/\/diariodalagoa.pt\/es\/wp-json\/wp\/v2\/tags?post=9156"}],"curies":[{"name":"wp","href":"https:\/\/api.w.org\/{rel}","templated":true}]}}