{"id":9041,"date":"2014-09-13T22:08:14","date_gmt":"2014-09-13T23:08:14","guid":{"rendered":"http:\/\/diariodalagoa.pt\/?p=9041"},"modified":"2014-09-13T22:08:14","modified_gmt":"2014-09-13T23:08:14","slug":"sata-internacional-em-dia-nao","status":"publish","type":"post","link":"https:\/\/diariodalagoa.pt\/es\/sata-internacional-em-dia-nao\/","title":{"rendered":"SATA Internacional em dia n\u00e3o"},"content":{"rendered":"<p style=\"text-align: justify;\"><img decoding=\"async\" class=\"alignnone size-full wp-image-9042\" src=\"http:\/\/diariodalagoa.pt\/wp-content\/uploads\/2014\/09\/IMG_7029.jpg\" alt=\"IMG_7029\" width=\"720\" height=\"379\" \/><\/p>\n<p style=\"text-align: justify;\"><span style=\"color: #000000;\">A opera\u00e7\u00e3o da SATA INTERNACIONAL sofreu hoje,13 de setembro de 2014, um conjunto de irregularidades, com atrasos que chegaram \u00e0s 14 horas e aeronaves que tiveram que regressar devido a avarias.<\/span><\/p>\n<p style=\"text-align: justify;\"><span style=\"color: #000000;\">Segundo um comunicado do Grupo SATA, no voo\u00a0S4200<strong>,\u00a0<\/strong>com origem em Boston e destino a Lisboa, um dos passageiros, por suspeita de crise card\u00edaca, obrigou o avi\u00e3o a aterrar em Ponta Delgada por forma a poder ser prestada \u00e0 passageira a melhor e mais r\u00e1pida assist\u00eancia m\u00e9dica. O voo em dire\u00e7\u00e3o a Lisboa foi retomado pelas 08h45, tendo chegado ao destino com um atraso de cerca de 4h00.<\/span><\/p>\n<p style=\"text-align: justify;\"><span style=\"color: #000000;\">O voo\u00a0S4220, com origem em Boston, destino final em Lisboa e com escala em Ponta Delgada, por raz\u00f5es t\u00e9cnicas, \u00a0foi obrigado a regressar a Ponta Delgada, s\u00f3 sendo retomado com cerca de 14 horas de atraso, ap\u00f3s an\u00e1lise e interven\u00e7\u00e3o da manuten\u00e7\u00e3o. A sua chegada a Lisboa est\u00e1 prevista para cerca da meia-noite, hora local.<\/span><\/p>\n<p style=\"text-align: justify;\"><span style=\"color: #000000;\">Tamb\u00e9m o voo\u00a0S4323<strong>,<\/strong>\u00a0com origem em Ponta Delgada e destino a Toronto, registou, ap\u00f3s a descolagem (cerca de 15 minutos de voo) de Ponta Delgada, uma falha no sistema de pressuriza\u00e7\u00e3o da aeronave, perante a qual foram desencadeados os procedimentos operacionais previstos para este tipo de ocorr\u00eancia.\u00a0<\/span><\/p>\n<p style=\"text-align: justify;\"><span style=\"color: #000000;\">Uma vez que n\u00e3o estavam reunidas as condi\u00e7\u00f5es de seguran\u00e7a necess\u00e1rias para dar continuidade ao voo para Toronto, o avi\u00e3o regressou a Ponta Delgada de modo a salvaguardar a seguran\u00e7a dos passageiros. Contudo, pelo facto da aeronave se encontrar com excesso de combust\u00edvel, foi necess\u00e1rio permanecer em voo at\u00e9 reunir as condi\u00e7\u00f5es necess\u00e1rias para uma aterragem em seguran\u00e7a de pessoas e bens, tal como se veio a verificar, esclarece a SATA, adiantando que, este voo, ap\u00f3s troca de equipamento, j\u00e1 decorre com destino a Toronto.\u00a0<\/span><\/p>\n<p style=\"text-align: justify;\"><span style=\"color: #000000;\">Todas estas irregularidades, que afetaram cerca de 650 passageiros, ficaram todas ultrapassadas no decorrer do dia de hoje, o que j\u00e1 levou a \u00a0Administra\u00e7\u00e3o da Companhia lamentar profundamente o sucedido.\u00a0<\/span><\/p>\n<p style=\"text-align: justify;\"><span style=\"color: #000000;\"><em>DL\/SATA<\/em><\/span><\/p>","protected":false},"excerpt":{"rendered":"<p>A opera\u00e7\u00e3o da SATA INTERNACIONAL sofreu hoje,13 de setembro de 2014, um conjunto de irregularidades, com atrasos que chegaram \u00e0s 14 horas e aeronaves que tiveram que regressar devido a avarias. Segundo um comunicado do Grupo SATA, no voo\u00a0S4200,\u00a0com origem em Boston e destino a Lisboa, um dos passageiros, por suspeita de crise card\u00edaca, obrigou [&hellip;]<\/p>","protected":false},"author":2,"featured_media":121802,"comment_status":"open","ping_status":"open","sticky":false,"template":"","format":"standard","meta":[],"categories":[21],"tags":[],"acf":[],"yoast_head":"<!-- This site is optimized with the Yoast SEO plugin v20.10 - https:\/\/yoast.com\/wordpress\/plugins\/seo\/ -->\n<title>SATA Internacional em dia n\u00e3o - Di\u00e1rio da Lagoa<\/title>\n<meta name=\"robots\" content=\"index, follow, max-snippet:-1, max-image-preview:large, max-video-preview:-1\" \/>\n<link rel=\"canonical\" href=\"https:\/\/diariodalagoa.pt\/es\/sata-internacional-em-dia-nao\/\" \/>\n<meta property=\"og:locale\" content=\"es_ES\" \/>\n<meta property=\"og:type\" content=\"article\" \/>\n<meta property=\"og:title\" content=\"SATA Internacional em dia n\u00e3o - Di\u00e1rio da Lagoa\" \/>\n<meta property=\"og:description\" content=\"A opera\u00e7\u00e3o da SATA INTERNACIONAL sofreu hoje,13 de setembro de 2014, um conjunto de irregularidades, com atrasos que chegaram \u00e0s 14 horas e aeronaves que tiveram que regressar devido a avarias. Segundo um comunicado do Grupo SATA, no voo\u00a0S4200,\u00a0com origem em Boston e destino a Lisboa, um dos passageiros, por suspeita de crise card\u00edaca, obrigou [&hellip;]\" \/>\n<meta property=\"og:url\" content=\"https:\/\/diariodalagoa.pt\/es\/sata-internacional-em-dia-nao\/\" \/>\n<meta property=\"og:site_name\" content=\"Di\u00e1rio da Lagoa\" \/>\n<meta property=\"article:published_time\" content=\"2014-09-13T23:08:14+00:00\" \/>\n<meta property=\"og:image\" content=\"https:\/\/diariodalagoa.pt\/wp-content\/uploads\/2014\/09\/img-7029.jpg\" \/>\n\t<meta property=\"og:image:width\" content=\"720\" \/>\n\t<meta property=\"og:image:height\" content=\"379\" \/>\n\t<meta property=\"og:image:type\" content=\"image\/jpeg\" \/>\n<meta name=\"author\" content=\"Di\u00e1rio da Lagoa\" \/>\n<meta name=\"twitter:card\" content=\"summary_large_image\" \/>\n<meta name=\"twitter:label1\" content=\"Escrito por\" \/>\n\t<meta name=\"twitter:data1\" content=\"Di\u00e1rio da Lagoa\" \/>\n\t<meta name=\"twitter:label2\" content=\"Tiempo de lectura\" \/>\n\t<meta name=\"twitter:data2\" content=\"2 minutos\" \/>\n<script type=\"application\/ld+json\" class=\"yoast-schema-graph\">{\"@context\":\"https:\/\/schema.org\",\"@graph\":[{\"@type\":\"WebPage\",\"@id\":\"https:\/\/diariodalagoa.pt\/sata-internacional-em-dia-nao\/\",\"url\":\"https:\/\/diariodalagoa.pt\/sata-internacional-em-dia-nao\/\",\"name\":\"SATA Internacional em dia n\u00e3o - Di\u00e1rio da Lagoa\",\"isPartOf\":{\"@id\":\"https:\/\/diariodalagoa.pt\/#website\"},\"datePublished\":\"2014-09-13T23:08:14+00:00\",\"dateModified\":\"2014-09-13T23:08:14+00:00\",\"author\":{\"@id\":\"https:\/\/diariodalagoa.pt\/#\/schema\/person\/1615a002370e8857b6f972834bc43ece\"},\"breadcrumb\":{\"@id\":\"https:\/\/diariodalagoa.pt\/sata-internacional-em-dia-nao\/#breadcrumb\"},\"inLanguage\":\"es\",\"potentialAction\":[{\"@type\":\"ReadAction\",\"target\":[\"https:\/\/diariodalagoa.pt\/sata-internacional-em-dia-nao\/\"]}]},{\"@type\":\"BreadcrumbList\",\"@id\":\"https:\/\/diariodalagoa.pt\/sata-internacional-em-dia-nao\/#breadcrumb\",\"itemListElement\":[{\"@type\":\"ListItem\",\"position\":1,\"name\":\"In\u00edcio\",\"item\":\"https:\/\/diariodalagoa.pt\/\"},{\"@type\":\"ListItem\",\"position\":2,\"name\":\"SATA Internacional em dia n\u00e3o\"}]},{\"@type\":\"WebSite\",\"@id\":\"https:\/\/diariodalagoa.pt\/#website\",\"url\":\"https:\/\/diariodalagoa.pt\/\",\"name\":\"Di\u00e1rio da Lagoa\",\"description\":\"Di\u00e1rio da Lagoa. As not\u00edcias que contam. A partir da Lagoa, nos A\u00e7ores, para o mundo.\",\"potentialAction\":[{\"@type\":\"SearchAction\",\"target\":{\"@type\":\"EntryPoint\",\"urlTemplate\":\"https:\/\/diariodalagoa.pt\/?s={search_term_string}\"},\"query-input\":\"required name=search_term_string\"}],\"inLanguage\":\"es\"},{\"@type\":\"Person\",\"@id\":\"https:\/\/diariodalagoa.pt\/#\/schema\/person\/1615a002370e8857b6f972834bc43ece\",\"name\":\"Di\u00e1rio da Lagoa\",\"image\":{\"@type\":\"ImageObject\",\"inLanguage\":\"es\",\"@id\":\"https:\/\/diariodalagoa.pt\/#\/schema\/person\/image\/\",\"url\":\"https:\/\/secure.gravatar.com\/avatar\/2cb5cef90a26f8fbd4d9d930608102c5?s=96&d=mm&r=g\",\"contentUrl\":\"https:\/\/secure.gravatar.com\/avatar\/2cb5cef90a26f8fbd4d9d930608102c5?s=96&d=mm&r=g\",\"caption\":\"Di\u00e1rio da Lagoa\"},\"url\":\"https:\/\/diariodalagoa.pt\/es\/author\/diariodalagoa\/\"}]}<\/script>\n<!-- \/ Yoast SEO plugin. -->","yoast_head_json":{"title":"SATA Internacional em dia n\u00e3o - Di\u00e1rio da Lagoa","robots":{"index":"index","follow":"follow","max-snippet":"max-snippet:-1","max-image-preview":"max-image-preview:large","max-video-preview":"max-video-preview:-1"},"canonical":"https:\/\/diariodalagoa.pt\/es\/sata-internacional-em-dia-nao\/","og_locale":"es_ES","og_type":"article","og_title":"SATA Internacional em dia n\u00e3o - Di\u00e1rio da Lagoa","og_description":"A opera\u00e7\u00e3o da SATA INTERNACIONAL sofreu hoje,13 de setembro de 2014, um conjunto de irregularidades, com atrasos que chegaram \u00e0s 14 horas e aeronaves que tiveram que regressar devido a avarias. Segundo um comunicado do Grupo SATA, no voo\u00a0S4200,\u00a0com origem em Boston e destino a Lisboa, um dos passageiros, por suspeita de crise card\u00edaca, obrigou [&hellip;]","og_url":"https:\/\/diariodalagoa.pt\/es\/sata-internacional-em-dia-nao\/","og_site_name":"Di\u00e1rio da Lagoa","article_published_time":"2014-09-13T23:08:14+00:00","og_image":[{"width":720,"height":379,"url":"https:\/\/diariodalagoa.pt\/wp-content\/uploads\/2014\/09\/img-7029.jpg","type":"image\/jpeg"}],"author":"Di\u00e1rio da Lagoa","twitter_card":"summary_large_image","twitter_misc":{"Escrito por":"Di\u00e1rio da Lagoa","Tiempo de lectura":"2 minutos"},"schema":{"@context":"https:\/\/schema.org","@graph":[{"@type":"WebPage","@id":"https:\/\/diariodalagoa.pt\/sata-internacional-em-dia-nao\/","url":"https:\/\/diariodalagoa.pt\/sata-internacional-em-dia-nao\/","name":"SATA Internacional em dia n\u00e3o - Di\u00e1rio da Lagoa","isPartOf":{"@id":"https:\/\/diariodalagoa.pt\/#website"},"datePublished":"2014-09-13T23:08:14+00:00","dateModified":"2014-09-13T23:08:14+00:00","author":{"@id":"https:\/\/diariodalagoa.pt\/#\/schema\/person\/1615a002370e8857b6f972834bc43ece"},"breadcrumb":{"@id":"https:\/\/diariodalagoa.pt\/sata-internacional-em-dia-nao\/#breadcrumb"},"inLanguage":"es","potentialAction":[{"@type":"ReadAction","target":["https:\/\/diariodalagoa.pt\/sata-internacional-em-dia-nao\/"]}]},{"@type":"BreadcrumbList","@id":"https:\/\/diariodalagoa.pt\/sata-internacional-em-dia-nao\/#breadcrumb","itemListElement":[{"@type":"ListItem","position":1,"name":"In\u00edcio","item":"https:\/\/diariodalagoa.pt\/"},{"@type":"ListItem","position":2,"name":"SATA Internacional em dia n\u00e3o"}]},{"@type":"WebSite","@id":"https:\/\/diariodalagoa.pt\/#website","url":"https:\/\/diariodalagoa.pt\/","name":"Di\u00e1rio da Lagoa","description":"Di\u00e1rio da Lagoa. As not\u00edcias que contam. A partir da Lagoa, nos A\u00e7ores, para o mundo.","potentialAction":[{"@type":"SearchAction","target":{"@type":"EntryPoint","urlTemplate":"https:\/\/diariodalagoa.pt\/?s={search_term_string}"},"query-input":"required name=search_term_string"}],"inLanguage":"es"},{"@type":"Person","@id":"https:\/\/diariodalagoa.pt\/#\/schema\/person\/1615a002370e8857b6f972834bc43ece","name":"Di\u00e1rio da Lagoa","image":{"@type":"ImageObject","inLanguage":"es","@id":"https:\/\/diariodalagoa.pt\/#\/schema\/person\/image\/","url":"https:\/\/secure.gravatar.com\/avatar\/2cb5cef90a26f8fbd4d9d930608102c5?s=96&d=mm&r=g","contentUrl":"https:\/\/secure.gravatar.com\/avatar\/2cb5cef90a26f8fbd4d9d930608102c5?s=96&d=mm&r=g","caption":"Di\u00e1rio da Lagoa"},"url":"https:\/\/diariodalagoa.pt\/es\/author\/diariodalagoa\/"}]}},"_links":{"self":[{"href":"https:\/\/diariodalagoa.pt\/es\/wp-json\/wp\/v2\/posts\/9041"}],"collection":[{"href":"https:\/\/diariodalagoa.pt\/es\/wp-json\/wp\/v2\/posts"}],"about":[{"href":"https:\/\/diariodalagoa.pt\/es\/wp-json\/wp\/v2\/types\/post"}],"author":[{"embeddable":true,"href":"https:\/\/diariodalagoa.pt\/es\/wp-json\/wp\/v2\/users\/2"}],"replies":[{"embeddable":true,"href":"https:\/\/diariodalagoa.pt\/es\/wp-json\/wp\/v2\/comments?post=9041"}],"version-history":[{"count":0,"href":"https:\/\/diariodalagoa.pt\/es\/wp-json\/wp\/v2\/posts\/9041\/revisions"}],"wp:featuredmedia":[{"embeddable":true,"href":"https:\/\/diariodalagoa.pt\/es\/wp-json\/wp\/v2\/media\/121802"}],"wp:attachment":[{"href":"https:\/\/diariodalagoa.pt\/es\/wp-json\/wp\/v2\/media?parent=9041"}],"wp:term":[{"taxonomy":"category","embeddable":true,"href":"https:\/\/diariodalagoa.pt\/es\/wp-json\/wp\/v2\/categories?post=9041"},{"taxonomy":"post_tag","embeddable":true,"href":"https:\/\/diariodalagoa.pt\/es\/wp-json\/wp\/v2\/tags?post=9041"}],"curies":[{"name":"wp","href":"https:\/\/api.w.org\/{rel}","templated":true}]}}