{"id":8712,"date":"2014-09-05T15:13:10","date_gmt":"2014-09-05T16:13:10","guid":{"rendered":"http:\/\/diariodalagoa.pt\/?p=8712"},"modified":"2014-09-05T15:13:10","modified_gmt":"2014-09-05T16:13:10","slug":"seminario-sobre-geoparques-nos-acores-foi-divulgado-na-alemanha","status":"publish","type":"post","link":"https:\/\/diariodalagoa.pt\/es\/seminario-sobre-geoparques-nos-acores-foi-divulgado-na-alemanha\/","title":{"rendered":"Semin\u00e1rio sobre geoparques nos A\u00e7ores foi divulgado na Alemanha"},"content":{"rendered":"<p style=\"text-align: justify;\"><img decoding=\"async\" class=\"alignnone size-full wp-image-8713\" src=\"http:\/\/diariodalagoa.pt\/wp-content\/uploads\/2014\/09\/Geoparque.jpg\" alt=\"Geoparque\" width=\"720\" height=\"380\" \/><\/p>\n<p style=\"text-align: justify;\"><span style=\"color: #000000;\">O\u00a0semin\u00e1rio internacional \u201cGeoparques em regi\u00f5es vulc\u00e2nicas: estrat\u00e9gias de desenvolvimento sustent\u00e1vel\u201d, que ter\u00e1 lugar nas ilhas Terceira e Graciosa, de 29 de outubro a 1 de novembro, foi divulgado junto da Rede Europeia de Geoparques (REG) num encontro que decorreu esta semana\u00a0em Wernigerode, na Alemanha.\u00a0<\/span><\/p>\n<p style=\"text-align: justify;\"><span style=\"color: #000000;\">Os A\u00e7ores v\u00e3o acolher, no \u00e2mbito desta reuni\u00e3o internacional,\u00a0membros da Rede Europeia e Global de Geparques, al\u00e9m de especialistas de renome internacional na \u00e1rea do Geoturismo, como\u00a0o norte-americano Jonathan Tourtellot,\u00a0editor da revista National Geographic Travel, e\u00a0Patricia Erfurt-Cooper, da Universidade James Cook, na Austr\u00e1lia.\u00a0<\/span><\/p>\n<p style=\"text-align: justify;\"><span style=\"color: #000000;\">Este semin\u00e1rio internacional foi divulgado na reuni\u00e3o da REG\u00a0pelo Diretor Regional do Turismo, Jo\u00e3o Bettencourt, e pelo Coordenador Cient\u00edfico do Geoparque A\u00e7ores, Jo\u00e3o Carlos Nunes.\u00a0<\/span><\/p>\n<p style=\"text-align: justify;\"><span style=\"color: #000000;\">Neste encontro realizado na Alemanha, o Geoparque A\u00e7ores apresentou os trabalhos do F\u00f3rum Portugu\u00eas de Geoparques em 2014, que incluiu iniciativas como a edi\u00e7\u00e3o de um livro e o interc\u00e2mbio de informa\u00e7\u00f5es sobre preven\u00e7\u00e3o e emerg\u00eancia sismovulc\u00e2nica.\u00a0<\/span><\/p>\n<p style=\"text-align: justify;\"><span style=\"color: #000000;\">Desde o in\u00edcio de 2013 que o Geoparque A\u00e7ores \u00e9 o 53.\u00ba territ\u00f3rio da Rede Europeia de Geoparques, tendo sido integrado pela relev\u00e2ncia do patrim\u00f3nio geol\u00f3gico regional, o seu valor cient\u00edfico, c\u00e9nico e educacional e tamb\u00e9m a exist\u00eancia de uma rica biodiversidade, al\u00e9m de um assinal\u00e1vel patrim\u00f3nio cultural.\u00a0<\/span><\/p>\n<p style=\"text-align: justify;\"><span style=\"color: #000000;\">A integra\u00e7\u00e3o dos A\u00e7ores na REG, al\u00e9m de afirmar a Regi\u00e3o na Europa e no Mundo, dinamiza a economia local ao permitir a cria\u00e7\u00e3o de empresas ligadas a v\u00e1rias vertentes do turismo de natureza, tendo ainda as iniciativas do Geoparque A\u00e7ores, em colabora\u00e7\u00e3o com os seus parceiros, contribu\u00eddo para a promo\u00e7\u00e3o e valoriza\u00e7\u00e3o do patrim\u00f3nio geol\u00f3gico e geoturismo nos A\u00e7ores.\u00a0<\/span><\/p>\n<p style=\"text-align: justify;\"><span style=\"color: #000000;\">A\u00a0produ\u00e7\u00e3o do &#8216;Biscoito Bomba&#8217;, preparado\u00a0por empres\u00e1rios da ilha do Pico, diversas iniciativas no \u00e2mbito do programa Ci\u00eancia Viva \u2013 Geologia no Ver\u00e3o, em parceria com a AZORINA e a Dire\u00e7\u00e3o Regional do Ambiente, e o lan\u00e7amento do Passaporte Geoparque A\u00e7ores, em parceria com o Turismo dos A\u00e7ores, s\u00e3o alguns exemplos dessas atividades.\u00a0<\/span><\/p>\n<p style=\"text-align: justify;\"><span style=\"color: #000000;\">A divulga\u00e7\u00e3o do Geoparque A\u00e7ores \u00e9 assegurada, entre outros meios, pela p\u00e1gina na Internet, no endere\u00e7o eletr\u00f3nico\u00a0<a href=\"http:\/\/www.azoresgeopark.com\/\"><span style=\"color: #000000;\">www.azoresgeopark.com<\/span><\/a>, onde os interessados encontram a lista das atividades realizadas e a newsletter mensal.<\/span><\/p>\n<p style=\"text-align: justify;\"><span style=\"color: #000000;\"><em>DL\/GaCS<\/em><\/span><\/p>","protected":false},"excerpt":{"rendered":"<p>O\u00a0semin\u00e1rio internacional \u201cGeoparques em regi\u00f5es vulc\u00e2nicas: estrat\u00e9gias de desenvolvimento sustent\u00e1vel\u201d, que ter\u00e1 lugar nas ilhas Terceira e Graciosa, de 29 de outubro a 1 de novembro, foi divulgado junto da Rede Europeia de Geoparques (REG) num encontro que decorreu esta semana\u00a0em Wernigerode, na Alemanha.\u00a0 Os A\u00e7ores v\u00e3o acolher, no \u00e2mbito desta reuni\u00e3o internacional,\u00a0membros da Rede [&hellip;]<\/p>","protected":false},"author":2,"featured_media":121825,"comment_status":"open","ping_status":"open","sticky":false,"template":"","format":"standard","meta":[],"categories":[21],"tags":[],"acf":[],"yoast_head":"<!-- This site is optimized with the Yoast SEO plugin v20.10 - https:\/\/yoast.com\/wordpress\/plugins\/seo\/ -->\n<title>Semin\u00e1rio sobre geoparques nos A\u00e7ores foi divulgado na Alemanha - Di\u00e1rio da Lagoa<\/title>\n<meta name=\"robots\" content=\"index, follow, max-snippet:-1, max-image-preview:large, max-video-preview:-1\" \/>\n<link rel=\"canonical\" href=\"https:\/\/diariodalagoa.pt\/es\/seminario-sobre-geoparques-nos-acores-foi-divulgado-na-alemanha\/\" \/>\n<meta property=\"og:locale\" content=\"es_ES\" \/>\n<meta property=\"og:type\" content=\"article\" \/>\n<meta property=\"og:title\" content=\"Semin\u00e1rio sobre geoparques nos A\u00e7ores foi divulgado na Alemanha - Di\u00e1rio da Lagoa\" \/>\n<meta property=\"og:description\" content=\"O\u00a0semin\u00e1rio internacional \u201cGeoparques em regi\u00f5es vulc\u00e2nicas: estrat\u00e9gias de desenvolvimento sustent\u00e1vel\u201d, que ter\u00e1 lugar nas ilhas Terceira e Graciosa, de 29 de outubro a 1 de novembro, foi divulgado junto da Rede Europeia de Geoparques (REG) num encontro que decorreu esta semana\u00a0em Wernigerode, na Alemanha.\u00a0 Os A\u00e7ores v\u00e3o acolher, no \u00e2mbito desta reuni\u00e3o internacional,\u00a0membros da Rede [&hellip;]\" \/>\n<meta property=\"og:url\" content=\"https:\/\/diariodalagoa.pt\/es\/seminario-sobre-geoparques-nos-acores-foi-divulgado-na-alemanha\/\" \/>\n<meta property=\"og:site_name\" content=\"Di\u00e1rio da Lagoa\" \/>\n<meta property=\"article:published_time\" content=\"2014-09-05T16:13:10+00:00\" \/>\n<meta property=\"og:image\" content=\"https:\/\/diariodalagoa.pt\/wp-content\/uploads\/2014\/09\/geoparque.jpg\" \/>\n\t<meta property=\"og:image:width\" content=\"720\" \/>\n\t<meta property=\"og:image:height\" content=\"380\" \/>\n\t<meta property=\"og:image:type\" content=\"image\/jpeg\" \/>\n<meta name=\"author\" content=\"Di\u00e1rio da Lagoa\" \/>\n<meta name=\"twitter:card\" content=\"summary_large_image\" \/>\n<meta name=\"twitter:label1\" content=\"Escrito por\" \/>\n\t<meta name=\"twitter:data1\" content=\"Di\u00e1rio da Lagoa\" \/>\n\t<meta name=\"twitter:label2\" content=\"Tiempo de lectura\" \/>\n\t<meta name=\"twitter:data2\" content=\"2 minutos\" \/>\n<script type=\"application\/ld+json\" class=\"yoast-schema-graph\">{\"@context\":\"https:\/\/schema.org\",\"@graph\":[{\"@type\":\"WebPage\",\"@id\":\"https:\/\/diariodalagoa.pt\/seminario-sobre-geoparques-nos-acores-foi-divulgado-na-alemanha\/\",\"url\":\"https:\/\/diariodalagoa.pt\/seminario-sobre-geoparques-nos-acores-foi-divulgado-na-alemanha\/\",\"name\":\"Semin\u00e1rio sobre geoparques nos A\u00e7ores foi divulgado na Alemanha - Di\u00e1rio da Lagoa\",\"isPartOf\":{\"@id\":\"https:\/\/diariodalagoa.pt\/#website\"},\"datePublished\":\"2014-09-05T16:13:10+00:00\",\"dateModified\":\"2014-09-05T16:13:10+00:00\",\"author\":{\"@id\":\"https:\/\/diariodalagoa.pt\/#\/schema\/person\/1615a002370e8857b6f972834bc43ece\"},\"breadcrumb\":{\"@id\":\"https:\/\/diariodalagoa.pt\/seminario-sobre-geoparques-nos-acores-foi-divulgado-na-alemanha\/#breadcrumb\"},\"inLanguage\":\"es\",\"potentialAction\":[{\"@type\":\"ReadAction\",\"target\":[\"https:\/\/diariodalagoa.pt\/seminario-sobre-geoparques-nos-acores-foi-divulgado-na-alemanha\/\"]}]},{\"@type\":\"BreadcrumbList\",\"@id\":\"https:\/\/diariodalagoa.pt\/seminario-sobre-geoparques-nos-acores-foi-divulgado-na-alemanha\/#breadcrumb\",\"itemListElement\":[{\"@type\":\"ListItem\",\"position\":1,\"name\":\"In\u00edcio\",\"item\":\"https:\/\/diariodalagoa.pt\/\"},{\"@type\":\"ListItem\",\"position\":2,\"name\":\"Semin\u00e1rio sobre geoparques nos A\u00e7ores foi divulgado na Alemanha\"}]},{\"@type\":\"WebSite\",\"@id\":\"https:\/\/diariodalagoa.pt\/#website\",\"url\":\"https:\/\/diariodalagoa.pt\/\",\"name\":\"Di\u00e1rio da Lagoa\",\"description\":\"Di\u00e1rio da Lagoa. As not\u00edcias que contam. A partir da Lagoa, nos A\u00e7ores, para o mundo.\",\"potentialAction\":[{\"@type\":\"SearchAction\",\"target\":{\"@type\":\"EntryPoint\",\"urlTemplate\":\"https:\/\/diariodalagoa.pt\/?s={search_term_string}\"},\"query-input\":\"required name=search_term_string\"}],\"inLanguage\":\"es\"},{\"@type\":\"Person\",\"@id\":\"https:\/\/diariodalagoa.pt\/#\/schema\/person\/1615a002370e8857b6f972834bc43ece\",\"name\":\"Di\u00e1rio da Lagoa\",\"image\":{\"@type\":\"ImageObject\",\"inLanguage\":\"es\",\"@id\":\"https:\/\/diariodalagoa.pt\/#\/schema\/person\/image\/\",\"url\":\"https:\/\/secure.gravatar.com\/avatar\/2cb5cef90a26f8fbd4d9d930608102c5?s=96&d=mm&r=g\",\"contentUrl\":\"https:\/\/secure.gravatar.com\/avatar\/2cb5cef90a26f8fbd4d9d930608102c5?s=96&d=mm&r=g\",\"caption\":\"Di\u00e1rio da Lagoa\"},\"url\":\"https:\/\/diariodalagoa.pt\/es\/author\/diariodalagoa\/\"}]}<\/script>\n<!-- \/ Yoast SEO plugin. -->","yoast_head_json":{"title":"Semin\u00e1rio sobre geoparques nos A\u00e7ores foi divulgado na Alemanha - Di\u00e1rio da Lagoa","robots":{"index":"index","follow":"follow","max-snippet":"max-snippet:-1","max-image-preview":"max-image-preview:large","max-video-preview":"max-video-preview:-1"},"canonical":"https:\/\/diariodalagoa.pt\/es\/seminario-sobre-geoparques-nos-acores-foi-divulgado-na-alemanha\/","og_locale":"es_ES","og_type":"article","og_title":"Semin\u00e1rio sobre geoparques nos A\u00e7ores foi divulgado na Alemanha - Di\u00e1rio da Lagoa","og_description":"O\u00a0semin\u00e1rio internacional \u201cGeoparques em regi\u00f5es vulc\u00e2nicas: estrat\u00e9gias de desenvolvimento sustent\u00e1vel\u201d, que ter\u00e1 lugar nas ilhas Terceira e Graciosa, de 29 de outubro a 1 de novembro, foi divulgado junto da Rede Europeia de Geoparques (REG) num encontro que decorreu esta semana\u00a0em Wernigerode, na Alemanha.\u00a0 Os A\u00e7ores v\u00e3o acolher, no \u00e2mbito desta reuni\u00e3o internacional,\u00a0membros da Rede [&hellip;]","og_url":"https:\/\/diariodalagoa.pt\/es\/seminario-sobre-geoparques-nos-acores-foi-divulgado-na-alemanha\/","og_site_name":"Di\u00e1rio da Lagoa","article_published_time":"2014-09-05T16:13:10+00:00","og_image":[{"width":720,"height":380,"url":"https:\/\/diariodalagoa.pt\/wp-content\/uploads\/2014\/09\/geoparque.jpg","type":"image\/jpeg"}],"author":"Di\u00e1rio da Lagoa","twitter_card":"summary_large_image","twitter_misc":{"Escrito por":"Di\u00e1rio da Lagoa","Tiempo de lectura":"2 minutos"},"schema":{"@context":"https:\/\/schema.org","@graph":[{"@type":"WebPage","@id":"https:\/\/diariodalagoa.pt\/seminario-sobre-geoparques-nos-acores-foi-divulgado-na-alemanha\/","url":"https:\/\/diariodalagoa.pt\/seminario-sobre-geoparques-nos-acores-foi-divulgado-na-alemanha\/","name":"Semin\u00e1rio sobre geoparques nos A\u00e7ores foi divulgado na Alemanha - Di\u00e1rio da Lagoa","isPartOf":{"@id":"https:\/\/diariodalagoa.pt\/#website"},"datePublished":"2014-09-05T16:13:10+00:00","dateModified":"2014-09-05T16:13:10+00:00","author":{"@id":"https:\/\/diariodalagoa.pt\/#\/schema\/person\/1615a002370e8857b6f972834bc43ece"},"breadcrumb":{"@id":"https:\/\/diariodalagoa.pt\/seminario-sobre-geoparques-nos-acores-foi-divulgado-na-alemanha\/#breadcrumb"},"inLanguage":"es","potentialAction":[{"@type":"ReadAction","target":["https:\/\/diariodalagoa.pt\/seminario-sobre-geoparques-nos-acores-foi-divulgado-na-alemanha\/"]}]},{"@type":"BreadcrumbList","@id":"https:\/\/diariodalagoa.pt\/seminario-sobre-geoparques-nos-acores-foi-divulgado-na-alemanha\/#breadcrumb","itemListElement":[{"@type":"ListItem","position":1,"name":"In\u00edcio","item":"https:\/\/diariodalagoa.pt\/"},{"@type":"ListItem","position":2,"name":"Semin\u00e1rio sobre geoparques nos A\u00e7ores foi divulgado na Alemanha"}]},{"@type":"WebSite","@id":"https:\/\/diariodalagoa.pt\/#website","url":"https:\/\/diariodalagoa.pt\/","name":"Di\u00e1rio da Lagoa","description":"Di\u00e1rio da Lagoa. As not\u00edcias que contam. A partir da Lagoa, nos A\u00e7ores, para o mundo.","potentialAction":[{"@type":"SearchAction","target":{"@type":"EntryPoint","urlTemplate":"https:\/\/diariodalagoa.pt\/?s={search_term_string}"},"query-input":"required name=search_term_string"}],"inLanguage":"es"},{"@type":"Person","@id":"https:\/\/diariodalagoa.pt\/#\/schema\/person\/1615a002370e8857b6f972834bc43ece","name":"Di\u00e1rio da Lagoa","image":{"@type":"ImageObject","inLanguage":"es","@id":"https:\/\/diariodalagoa.pt\/#\/schema\/person\/image\/","url":"https:\/\/secure.gravatar.com\/avatar\/2cb5cef90a26f8fbd4d9d930608102c5?s=96&d=mm&r=g","contentUrl":"https:\/\/secure.gravatar.com\/avatar\/2cb5cef90a26f8fbd4d9d930608102c5?s=96&d=mm&r=g","caption":"Di\u00e1rio da Lagoa"},"url":"https:\/\/diariodalagoa.pt\/es\/author\/diariodalagoa\/"}]}},"_links":{"self":[{"href":"https:\/\/diariodalagoa.pt\/es\/wp-json\/wp\/v2\/posts\/8712"}],"collection":[{"href":"https:\/\/diariodalagoa.pt\/es\/wp-json\/wp\/v2\/posts"}],"about":[{"href":"https:\/\/diariodalagoa.pt\/es\/wp-json\/wp\/v2\/types\/post"}],"author":[{"embeddable":true,"href":"https:\/\/diariodalagoa.pt\/es\/wp-json\/wp\/v2\/users\/2"}],"replies":[{"embeddable":true,"href":"https:\/\/diariodalagoa.pt\/es\/wp-json\/wp\/v2\/comments?post=8712"}],"version-history":[{"count":0,"href":"https:\/\/diariodalagoa.pt\/es\/wp-json\/wp\/v2\/posts\/8712\/revisions"}],"wp:featuredmedia":[{"embeddable":true,"href":"https:\/\/diariodalagoa.pt\/es\/wp-json\/wp\/v2\/media\/121825"}],"wp:attachment":[{"href":"https:\/\/diariodalagoa.pt\/es\/wp-json\/wp\/v2\/media?parent=8712"}],"wp:term":[{"taxonomy":"category","embeddable":true,"href":"https:\/\/diariodalagoa.pt\/es\/wp-json\/wp\/v2\/categories?post=8712"},{"taxonomy":"post_tag","embeddable":true,"href":"https:\/\/diariodalagoa.pt\/es\/wp-json\/wp\/v2\/tags?post=8712"}],"curies":[{"name":"wp","href":"https:\/\/api.w.org\/{rel}","templated":true}]}}