{"id":8603,"date":"2014-09-03T15:25:56","date_gmt":"2014-09-03T16:25:56","guid":{"rendered":"http:\/\/diariodalagoa.pt\/?p=8603"},"modified":"2014-09-03T15:25:56","modified_gmt":"2014-09-03T16:25:56","slug":"luis-neto-viveiros-assegura-que-o-sercla-da-toda-a-garantia-de-isencao-e-de-credibilidade-na-classificacao-do-leite-cru","status":"publish","type":"post","link":"https:\/\/diariodalagoa.pt\/es\/luis-neto-viveiros-assegura-que-o-sercla-da-toda-a-garantia-de-isencao-e-de-credibilidade-na-classificacao-do-leite-cru\/","title":{"rendered":"Lu\u00eds Neto Viveiros assegura que o SERCLA &#8220;d\u00e1 toda a garantia de isen\u00e7\u00e3o e de credibilidade&#8221; na classifica\u00e7\u00e3o do leite cru"},"content":{"rendered":"<p style=\"text-align: justify;\"><img decoding=\"async\" class=\"alignnone size-full wp-image-8606\" src=\"http:\/\/diariodalagoa.pt\/wp-content\/uploads\/2014\/09\/Luis-Neto-Viveiros-governo-A\u00e7ores.jpg\" alt=\"Luis-Neto-Viveiros-governo-A\u00e7ores\" width=\"720\" height=\"380\" \/><\/p>\n<p style=\"text-align: justify;\"><span style=\"color: #000000;\">O Secret\u00e1rio Regional da Agricultura e Ambiente afirmou que o funcionamento do Servi\u00e7o de Classifica\u00e7\u00e3o do Leite (SERCLA,\u00a0na depend\u00eancia do IAMA), \u201cd\u00e1 toda a garantia de isen\u00e7\u00e3o e de credibilidade\u201d, salientando que a aplica\u00e7\u00e3o da Diretiva Comunit\u00e1ria e da Portaria que regulam a classifica\u00e7\u00e3o de leite cru n\u00e3o obriga \u00e0 certifica\u00e7\u00e3o ou acredita\u00e7\u00e3o dos laborat\u00f3rios. \u00a0<\/span><\/p>\n<p style=\"text-align: justify;\"><span style=\"color: #000000;\">A total fiabilidade dos resultados do SERCLA \u00e9 assegurada atrav\u00e9s da compara\u00e7\u00e3o de resultados entre laborat\u00f3rios, um procedimento de controlo dos resultados anal\u00edticos que foi decidido na Comiss\u00e3o T\u00e9cnica de Acompanhamento da Classifica\u00e7\u00e3o do Leite \u00e0 Produ\u00e7\u00e3o, em que t\u00eam assento representantes dos produtores e das ind\u00fastrias de latic\u00ednios.\u00a0<\/span><\/p>\n<p style=\"text-align: justify;\"><span style=\"color: #000000;\">O Secret\u00e1rio Regional precisou que, \u201cpor uma quest\u00e3o de credibilidade de todo o sistema e de defesa dos interesses, tanto dos produtores como das pr\u00f3prias ind\u00fastrias\u201d,\u00a0o SERCLA envia mensalmente amostras \u2018cegas\u2019 para os laborat\u00f3rios de ind\u00fastrias de latic\u00ednios que se associaram, para efeitos de controlo.\u00a0<\/span><\/p>\n<p style=\"text-align: justify;\"><span style=\"color: #000000;\">Lu\u00eds Neto Viveiros frisou que \u201cdepois, s\u00e3o confrontados os resultados obtidos pelas diferentes ind\u00fastrias e pelo pr\u00f3prio SERCLA\u201d, revelando que, desde a implementa\u00e7\u00e3o deste procedimento, \u201cnunca houve diverg\u00eancias significativas\u201d, verificando-se \u201crigor\u201d e a aceita\u00e7\u00e3o por todas as partes \u201cde que este sistema \u00e9 cred\u00edvel\u201d.\u00a0<\/span><\/p>\n<p style=\"text-align: justify;\"><span style=\"color: #000000;\"><em>DL\/GaCS<\/em><\/span><\/p>","protected":false},"excerpt":{"rendered":"<p>O Secret\u00e1rio Regional da Agricultura e Ambiente afirmou que o funcionamento do Servi\u00e7o de Classifica\u00e7\u00e3o do Leite (SERCLA,\u00a0na depend\u00eancia do IAMA), \u201cd\u00e1 toda a garantia de isen\u00e7\u00e3o e de credibilidade\u201d, salientando que a aplica\u00e7\u00e3o da Diretiva Comunit\u00e1ria e da Portaria que regulam a classifica\u00e7\u00e3o de leite cru n\u00e3o obriga \u00e0 certifica\u00e7\u00e3o ou acredita\u00e7\u00e3o dos laborat\u00f3rios. [&hellip;]<\/p>","protected":false},"author":2,"featured_media":0,"comment_status":"open","ping_status":"open","sticky":false,"template":"","format":"standard","meta":[],"categories":[21],"tags":[],"acf":[],"yoast_head":"<!-- This site is optimized with the Yoast SEO plugin v20.10 - https:\/\/yoast.com\/wordpress\/plugins\/seo\/ -->\n<title>Lu\u00eds Neto Viveiros assegura que o SERCLA &quot;d\u00e1 toda a garantia de isen\u00e7\u00e3o e de credibilidade&quot; na classifica\u00e7\u00e3o do leite cru - Di\u00e1rio da Lagoa<\/title>\n<meta name=\"robots\" content=\"index, follow, max-snippet:-1, max-image-preview:large, max-video-preview:-1\" \/>\n<link rel=\"canonical\" href=\"https:\/\/diariodalagoa.pt\/es\/luis-neto-viveiros-assegura-que-o-sercla-da-toda-a-garantia-de-isencao-e-de-credibilidade-na-classificacao-do-leite-cru\/\" \/>\n<meta property=\"og:locale\" content=\"es_ES\" \/>\n<meta property=\"og:type\" content=\"article\" \/>\n<meta property=\"og:title\" content=\"Lu\u00eds Neto Viveiros assegura que o SERCLA &quot;d\u00e1 toda a garantia de isen\u00e7\u00e3o e de credibilidade&quot; na classifica\u00e7\u00e3o do leite cru - Di\u00e1rio da Lagoa\" \/>\n<meta property=\"og:description\" content=\"O Secret\u00e1rio Regional da Agricultura e Ambiente afirmou que o funcionamento do Servi\u00e7o de Classifica\u00e7\u00e3o do Leite (SERCLA,\u00a0na depend\u00eancia do IAMA), \u201cd\u00e1 toda a garantia de isen\u00e7\u00e3o e de credibilidade\u201d, salientando que a aplica\u00e7\u00e3o da Diretiva Comunit\u00e1ria e da Portaria que regulam a classifica\u00e7\u00e3o de leite cru n\u00e3o obriga \u00e0 certifica\u00e7\u00e3o ou acredita\u00e7\u00e3o dos laborat\u00f3rios. [&hellip;]\" \/>\n<meta property=\"og:url\" content=\"https:\/\/diariodalagoa.pt\/es\/luis-neto-viveiros-assegura-que-o-sercla-da-toda-a-garantia-de-isencao-e-de-credibilidade-na-classificacao-do-leite-cru\/\" \/>\n<meta property=\"og:site_name\" content=\"Di\u00e1rio da Lagoa\" \/>\n<meta property=\"article:published_time\" content=\"2014-09-03T16:25:56+00:00\" \/>\n<meta name=\"author\" content=\"Di\u00e1rio da Lagoa\" \/>\n<meta name=\"twitter:card\" content=\"summary_large_image\" \/>\n<meta name=\"twitter:label1\" content=\"Escrito por\" \/>\n\t<meta name=\"twitter:data1\" content=\"Di\u00e1rio da Lagoa\" \/>\n\t<meta name=\"twitter:label2\" content=\"Tiempo de lectura\" \/>\n\t<meta name=\"twitter:data2\" content=\"1 minuto\" \/>\n<script type=\"application\/ld+json\" class=\"yoast-schema-graph\">{\"@context\":\"https:\/\/schema.org\",\"@graph\":[{\"@type\":\"WebPage\",\"@id\":\"https:\/\/diariodalagoa.pt\/luis-neto-viveiros-assegura-que-o-sercla-da-toda-a-garantia-de-isencao-e-de-credibilidade-na-classificacao-do-leite-cru\/\",\"url\":\"https:\/\/diariodalagoa.pt\/luis-neto-viveiros-assegura-que-o-sercla-da-toda-a-garantia-de-isencao-e-de-credibilidade-na-classificacao-do-leite-cru\/\",\"name\":\"Lu\u00eds Neto Viveiros assegura que o SERCLA \\\"d\u00e1 toda a garantia de isen\u00e7\u00e3o e de credibilidade\\\" na classifica\u00e7\u00e3o do leite cru - Di\u00e1rio da Lagoa\",\"isPartOf\":{\"@id\":\"https:\/\/diariodalagoa.pt\/#website\"},\"datePublished\":\"2014-09-03T16:25:56+00:00\",\"dateModified\":\"2014-09-03T16:25:56+00:00\",\"author\":{\"@id\":\"https:\/\/diariodalagoa.pt\/#\/schema\/person\/1615a002370e8857b6f972834bc43ece\"},\"breadcrumb\":{\"@id\":\"https:\/\/diariodalagoa.pt\/luis-neto-viveiros-assegura-que-o-sercla-da-toda-a-garantia-de-isencao-e-de-credibilidade-na-classificacao-do-leite-cru\/#breadcrumb\"},\"inLanguage\":\"es\",\"potentialAction\":[{\"@type\":\"ReadAction\",\"target\":[\"https:\/\/diariodalagoa.pt\/luis-neto-viveiros-assegura-que-o-sercla-da-toda-a-garantia-de-isencao-e-de-credibilidade-na-classificacao-do-leite-cru\/\"]}]},{\"@type\":\"BreadcrumbList\",\"@id\":\"https:\/\/diariodalagoa.pt\/luis-neto-viveiros-assegura-que-o-sercla-da-toda-a-garantia-de-isencao-e-de-credibilidade-na-classificacao-do-leite-cru\/#breadcrumb\",\"itemListElement\":[{\"@type\":\"ListItem\",\"position\":1,\"name\":\"In\u00edcio\",\"item\":\"https:\/\/diariodalagoa.pt\/\"},{\"@type\":\"ListItem\",\"position\":2,\"name\":\"Lu\u00eds Neto Viveiros assegura que o SERCLA &#8220;d\u00e1 toda a garantia de isen\u00e7\u00e3o e de credibilidade&#8221; na classifica\u00e7\u00e3o do leite cru\"}]},{\"@type\":\"WebSite\",\"@id\":\"https:\/\/diariodalagoa.pt\/#website\",\"url\":\"https:\/\/diariodalagoa.pt\/\",\"name\":\"Di\u00e1rio da Lagoa\",\"description\":\"Di\u00e1rio da Lagoa. As not\u00edcias que contam. A partir da Lagoa, nos A\u00e7ores, para o mundo.\",\"potentialAction\":[{\"@type\":\"SearchAction\",\"target\":{\"@type\":\"EntryPoint\",\"urlTemplate\":\"https:\/\/diariodalagoa.pt\/?s={search_term_string}\"},\"query-input\":\"required name=search_term_string\"}],\"inLanguage\":\"es\"},{\"@type\":\"Person\",\"@id\":\"https:\/\/diariodalagoa.pt\/#\/schema\/person\/1615a002370e8857b6f972834bc43ece\",\"name\":\"Di\u00e1rio da Lagoa\",\"image\":{\"@type\":\"ImageObject\",\"inLanguage\":\"es\",\"@id\":\"https:\/\/diariodalagoa.pt\/#\/schema\/person\/image\/\",\"url\":\"https:\/\/secure.gravatar.com\/avatar\/2cb5cef90a26f8fbd4d9d930608102c5?s=96&d=mm&r=g\",\"contentUrl\":\"https:\/\/secure.gravatar.com\/avatar\/2cb5cef90a26f8fbd4d9d930608102c5?s=96&d=mm&r=g\",\"caption\":\"Di\u00e1rio da Lagoa\"},\"url\":\"https:\/\/diariodalagoa.pt\/es\/author\/diariodalagoa\/\"}]}<\/script>\n<!-- \/ Yoast SEO plugin. -->","yoast_head_json":{"title":"Lu\u00eds Neto Viveiros assegura que o SERCLA \"d\u00e1 toda a garantia de isen\u00e7\u00e3o e de credibilidade\" na classifica\u00e7\u00e3o do leite cru - Di\u00e1rio da Lagoa","robots":{"index":"index","follow":"follow","max-snippet":"max-snippet:-1","max-image-preview":"max-image-preview:large","max-video-preview":"max-video-preview:-1"},"canonical":"https:\/\/diariodalagoa.pt\/es\/luis-neto-viveiros-assegura-que-o-sercla-da-toda-a-garantia-de-isencao-e-de-credibilidade-na-classificacao-do-leite-cru\/","og_locale":"es_ES","og_type":"article","og_title":"Lu\u00eds Neto Viveiros assegura que o SERCLA \"d\u00e1 toda a garantia de isen\u00e7\u00e3o e de credibilidade\" na classifica\u00e7\u00e3o do leite cru - Di\u00e1rio da Lagoa","og_description":"O Secret\u00e1rio Regional da Agricultura e Ambiente afirmou que o funcionamento do Servi\u00e7o de Classifica\u00e7\u00e3o do Leite (SERCLA,\u00a0na depend\u00eancia do IAMA), \u201cd\u00e1 toda a garantia de isen\u00e7\u00e3o e de credibilidade\u201d, salientando que a aplica\u00e7\u00e3o da Diretiva Comunit\u00e1ria e da Portaria que regulam a classifica\u00e7\u00e3o de leite cru n\u00e3o obriga \u00e0 certifica\u00e7\u00e3o ou acredita\u00e7\u00e3o dos laborat\u00f3rios. [&hellip;]","og_url":"https:\/\/diariodalagoa.pt\/es\/luis-neto-viveiros-assegura-que-o-sercla-da-toda-a-garantia-de-isencao-e-de-credibilidade-na-classificacao-do-leite-cru\/","og_site_name":"Di\u00e1rio da Lagoa","article_published_time":"2014-09-03T16:25:56+00:00","author":"Di\u00e1rio da Lagoa","twitter_card":"summary_large_image","twitter_misc":{"Escrito por":"Di\u00e1rio da Lagoa","Tiempo de lectura":"1 minuto"},"schema":{"@context":"https:\/\/schema.org","@graph":[{"@type":"WebPage","@id":"https:\/\/diariodalagoa.pt\/luis-neto-viveiros-assegura-que-o-sercla-da-toda-a-garantia-de-isencao-e-de-credibilidade-na-classificacao-do-leite-cru\/","url":"https:\/\/diariodalagoa.pt\/luis-neto-viveiros-assegura-que-o-sercla-da-toda-a-garantia-de-isencao-e-de-credibilidade-na-classificacao-do-leite-cru\/","name":"Lu\u00eds Neto Viveiros assegura que o SERCLA \"d\u00e1 toda a garantia de isen\u00e7\u00e3o e de credibilidade\" na classifica\u00e7\u00e3o do leite cru - Di\u00e1rio da Lagoa","isPartOf":{"@id":"https:\/\/diariodalagoa.pt\/#website"},"datePublished":"2014-09-03T16:25:56+00:00","dateModified":"2014-09-03T16:25:56+00:00","author":{"@id":"https:\/\/diariodalagoa.pt\/#\/schema\/person\/1615a002370e8857b6f972834bc43ece"},"breadcrumb":{"@id":"https:\/\/diariodalagoa.pt\/luis-neto-viveiros-assegura-que-o-sercla-da-toda-a-garantia-de-isencao-e-de-credibilidade-na-classificacao-do-leite-cru\/#breadcrumb"},"inLanguage":"es","potentialAction":[{"@type":"ReadAction","target":["https:\/\/diariodalagoa.pt\/luis-neto-viveiros-assegura-que-o-sercla-da-toda-a-garantia-de-isencao-e-de-credibilidade-na-classificacao-do-leite-cru\/"]}]},{"@type":"BreadcrumbList","@id":"https:\/\/diariodalagoa.pt\/luis-neto-viveiros-assegura-que-o-sercla-da-toda-a-garantia-de-isencao-e-de-credibilidade-na-classificacao-do-leite-cru\/#breadcrumb","itemListElement":[{"@type":"ListItem","position":1,"name":"In\u00edcio","item":"https:\/\/diariodalagoa.pt\/"},{"@type":"ListItem","position":2,"name":"Lu\u00eds Neto Viveiros assegura que o SERCLA &#8220;d\u00e1 toda a garantia de isen\u00e7\u00e3o e de credibilidade&#8221; na classifica\u00e7\u00e3o do leite cru"}]},{"@type":"WebSite","@id":"https:\/\/diariodalagoa.pt\/#website","url":"https:\/\/diariodalagoa.pt\/","name":"Di\u00e1rio da Lagoa","description":"Di\u00e1rio da Lagoa. As not\u00edcias que contam. A partir da Lagoa, nos A\u00e7ores, para o mundo.","potentialAction":[{"@type":"SearchAction","target":{"@type":"EntryPoint","urlTemplate":"https:\/\/diariodalagoa.pt\/?s={search_term_string}"},"query-input":"required name=search_term_string"}],"inLanguage":"es"},{"@type":"Person","@id":"https:\/\/diariodalagoa.pt\/#\/schema\/person\/1615a002370e8857b6f972834bc43ece","name":"Di\u00e1rio da Lagoa","image":{"@type":"ImageObject","inLanguage":"es","@id":"https:\/\/diariodalagoa.pt\/#\/schema\/person\/image\/","url":"https:\/\/secure.gravatar.com\/avatar\/2cb5cef90a26f8fbd4d9d930608102c5?s=96&d=mm&r=g","contentUrl":"https:\/\/secure.gravatar.com\/avatar\/2cb5cef90a26f8fbd4d9d930608102c5?s=96&d=mm&r=g","caption":"Di\u00e1rio da Lagoa"},"url":"https:\/\/diariodalagoa.pt\/es\/author\/diariodalagoa\/"}]}},"_links":{"self":[{"href":"https:\/\/diariodalagoa.pt\/es\/wp-json\/wp\/v2\/posts\/8603"}],"collection":[{"href":"https:\/\/diariodalagoa.pt\/es\/wp-json\/wp\/v2\/posts"}],"about":[{"href":"https:\/\/diariodalagoa.pt\/es\/wp-json\/wp\/v2\/types\/post"}],"author":[{"embeddable":true,"href":"https:\/\/diariodalagoa.pt\/es\/wp-json\/wp\/v2\/users\/2"}],"replies":[{"embeddable":true,"href":"https:\/\/diariodalagoa.pt\/es\/wp-json\/wp\/v2\/comments?post=8603"}],"version-history":[{"count":0,"href":"https:\/\/diariodalagoa.pt\/es\/wp-json\/wp\/v2\/posts\/8603\/revisions"}],"wp:attachment":[{"href":"https:\/\/diariodalagoa.pt\/es\/wp-json\/wp\/v2\/media?parent=8603"}],"wp:term":[{"taxonomy":"category","embeddable":true,"href":"https:\/\/diariodalagoa.pt\/es\/wp-json\/wp\/v2\/categories?post=8603"},{"taxonomy":"post_tag","embeddable":true,"href":"https:\/\/diariodalagoa.pt\/es\/wp-json\/wp\/v2\/tags?post=8603"}],"curies":[{"name":"wp","href":"https:\/\/api.w.org\/{rel}","templated":true}]}}