{"id":84649,"date":"2020-07-08T13:56:56","date_gmt":"2020-07-08T13:56:56","guid":{"rendered":"https:\/\/diariodalagoa.pt\/?p=84649"},"modified":"2025-09-27T21:47:06","modified_gmt":"2025-09-27T21:47:06","slug":"a-pedagogia-do-joao-pedro-dagua-de-pau","status":"publish","type":"post","link":"https:\/\/diariodalagoa.pt\/es\/a-pedagogia-do-joao-pedro-dagua-de-pau\/","title":{"rendered":"A pedagogia do Jo\u00e3o Pedro d&#8217;\u00c1gua de Pa\u00fa"},"content":{"rendered":"<div class=\"wp-block-image is-style-rounded\"><figure class=\"aligncenter is-resized\"><img decoding=\"async\" src=\"https:\/\/diariodalagoa.pt\/wp-content\/uploads\/2020\/04\/RoberTo-MedeirOs-_DR.jpg\" alt=\"\" class=\"wp-image-83287\" width=\"143\" height=\"143\"\/><figcaption><strong>RoberTo MedeirOs<\/strong><\/figcaption><\/figure><\/div>\n\n\n<p>Quem n\u00e3o conhece, em \u00c1gua de Pau, o JO\u00c3O PEDRO? \u00c9 deveras uma figura t\u00edpica que nunca se esquece, nem o seu percurso de vida, nem as suas perip\u00e9cias. Todas as terras t\u00eam a sua hist\u00f3ria.<br>Todas as terras t\u00eam as suas figuras t\u00edpicas. O povo memoriza as suas manias, os seus defeitos, as suas caracter\u00edsticas e at\u00e9 as suas virtudes, pois tamb\u00e9m as t\u00eam. O Jo\u00e3o Pedro tem isso tudo, como todos n\u00f3s tamb\u00e9m temos.<br>Atualmente o Jo\u00e3o Pedro vive da reciclagem de tudo e de nada, de coisas que n\u00e3o lembra ao diabo, mas h\u00e1 quem diz que ele faz dinheiro de tudo o que &#8211; para casa leva!<br>Se \u00e9 verdade, n\u00e3o sei. S\u00f3 sei \u00e9 que os vizinhos, n\u00e3o gostam, porque muitas das vezes a casa ou o quintal, parece mais uma lixeira do que um Centro de Recolha de Metais ou Vidros, nem t\u00e3o pouco de Valoriza\u00e7\u00e3o Org\u00e2nica por Compostagem, pois de tempos a tempos, tem de ser alguns volunt\u00e1rios ou a C\u00e2mara Municipal de Lagoa que tem de ir l\u00e1 exigir ou limpar tudo.<br>Mas o Jo\u00e3o Pedro vai vivendo. N\u00e3o se trata de critic\u00e1-lo, nem de criticar nenhuma institui\u00e7\u00e3o que devesse apoi\u00e1-lo, pois v\u00e1rias j\u00e1 o tentaram. Ele n\u00e3o deixava nem com as mesmas queria conversa. Felizmente, h\u00e1 poucos anos Jo\u00e3o Pedro aceitou ajuda alimentar.<\/p>\n\n\n<div class=\"wp-block-image\"><figure class=\"aligncenter size-large\"><img decoding=\"async\" src=\"https:\/\/diariodalagoa.pt\/wp-content\/uploads\/2020\/07\/JoaoPedro_1_RM.jpg\" alt=\"\" class=\"wp-image-84651\"\/><figcaption><strong>A sucata \u00e9 o modo de vida do Jo\u00e3o Pedro<\/strong> Foto: Roberto Medeiros<\/figcaption><\/figure><\/div>\n\n\n<p>Passemos \u00e0 frente e entremos no t\u00fanel do passado e recordemos o nosso amigo Jo\u00e3o Pedro ainda jovem, no per\u00edodo da \u00abTropa\u00bb.<br>Nessa altura, na d\u00e9cada de 1970, o meu amigo do Liceu de Ponta Delgada, Jos\u00e9 Manuel Braga, furriel do Regimento de Infantaria de Ponta Delgada (RIPD), com a unidade de artilharia sediada em Bel\u00e9m \u201cBateria\u201d, lembrou-se de realizar, com o seu pelot\u00e3o, uma corrida de prepara\u00e7\u00e3o f\u00edsica at\u00e9 ao Termo da Lagoa, in\u00edcio de \u00c1gua de Pau.<br>Bem o Jo\u00e3o Pedro, que era soldado e fazia parte do mesmo pelot\u00e3o, arranca endiabrado, deu corda nas botas e deixa o grupo, ultrapassa o seu oficial e desaparece de vista. Furioso, pensa o furriel que depois se iriam reencontrar no Termo da Lagoa e depois o soldado \u00abfugidio do grupo\u00bb levaria a respetiva reprimenda.<br>Bem, quando l\u00e1 chegou o grupo, Jo\u00e3o Pedro n\u00e3o estava. Onde estaria?&#8230;Para n\u00e3o fazer a hist\u00f3ria mais comprida, pois o nosso amigo, n\u00e3o se ficou pelo \u201ctermo\u201d da Lagoa (!!!), foi sempre direto para casa, para \u00c1gua de Pau.<br>Sem perceber bem, algu\u00e9m informou o Furriel, que o mais certo era ele ter ido \u00abp&#8217;ra casa\u00bb. O furriel nem queria acreditar. Ent\u00e3o, e, depois de alguns esclarecimentos de alguns soldados da mesma terra do Jo\u00e3o Pedro ao Furriel, aconselharam-no a mandar o mesmo para casa, de vez, claro!<br>Ele nunca acertava: em marcar passo, virar \u00e0 esquerda ou \u00e0 direita,&#8230; nunca dava certo!!&#8230; nem sei como levaram tanto tempo a perceber isso?! Se fosse hoje o Jo\u00e3o Pedro nem ia \u00e0 tropa\u2026 pois \u00e9, j\u00e1 n\u00e3o h\u00e1 guerra no Ultramar!<br>Bem, mas o que se sabe e todos se recordam na sua terra, \u00e9 que, o Jo\u00e3o Pedro quando era \u00abrapaz\u00bb participava nalgumas corridas de atletismo do concelho e algumas vezes levava a ta\u00e7a para casa!<br>Tinha muita resist\u00eancia e estava habituado a fazer longas caminhadas di\u00e1rias entre \u00c1gua de Pau e Lagoa. S\u00f3 n\u00e3o percebia, era como vencia as provas&#8230;mesmo de botas de cano!&#8230; n\u00e3o h\u00e1 explica\u00e7\u00e3o, para isso!<\/p>\n\n\n<div class=\"wp-block-image\"><figure class=\"aligncenter size-large is-resized\"><img decoding=\"async\" src=\"https:\/\/diariodalagoa.pt\/wp-content\/uploads\/2020\/07\/JoaoPedro_3_RM_Original.jpg\" alt=\"\" class=\"wp-image-84650\" width=\"473\" height=\"590\"\/><figcaption><strong>A sua atividade \u00e9 reconhecida nos Cortejos Etnogr\u00e1ficos de N\u00aa S\u00aa Anjos<\/strong> Foto: Roberto Medeiros<\/figcaption><\/figure><\/div>\n\n\n<p>De vez em quando, algu\u00e9m vai a casa do Jo\u00e3o Pedro e faz uma \u00ablimpeza geral\u00bb, nem todos est\u00e3o autorizados a fazerem isso. S\u00f3 quem ele quer. Na rua fala com todos e todas falam com ele&#8230;tem uma conversa \u00abmuito pr\u00f3pria\u00bb &#8230;n\u00e3o h\u00e1 outro igual&#8230;\u00e9 como em todas as terras&#8230;se n\u00e3o t\u00eam um Jo\u00e3o Pedro t\u00eam o Z\u00e9 Maria dos Galos, <br>etc&#8230;mas a todos eles tenho res<br>peito&#8230; porque afinal, somos todos irm\u00e3os uns dos outros&#8230; todos iguais, todos diferentes.<br>Jo\u00e3o Pedro, ele tem esta vida h\u00e1 j\u00e1 muitos anos. Ele recolhe materiais que podem ser reciclados para vender. Ele tem algu\u00e9m que vem a casa dele recolher estas coisas todas e paga-lhe. Como expliquei antes ele \u00e9 que prefere essa vida. J\u00e1 tentaram ajud\u00e1-lo para mudar de vida mas ele gosta de viver assim e temos de respeitar.<br>Mas hist\u00f3rias do Jo\u00e3o Pedro n\u00e3o faltam&#8230;e engra\u00e7ad\u00edssimas, mas ficam para outra ocasi\u00e3o.<br>O Jo\u00e3o Pedro quando exerce a sua atividade faz pedagogia. Nas escolas os professores ensinam aos alunos como devem fazer reciclagem &#8211; trata-se de uma aula te\u00f3rica. Quando os alunos saem da escola <br>v\u00eam o Jo\u00e3o Pedro, a reciclar &#8211; trata-se de uma aula pr\u00e1tica!! E ele faz isso, sempre com um sorriso de todo o tamanho&#8230; ora vejam l\u00e1 na foto, mais uma vez!!<\/p>\n\n\n<div class=\"wp-block-image\"><figure class=\"aligncenter size-large\"><img decoding=\"async\" src=\"https:\/\/diariodalagoa.pt\/wp-content\/uploads\/2020\/07\/JoaoPedro_2_RM.jpg\" alt=\"\" class=\"wp-image-84652\"\/><figcaption><strong>A comunidade prefere o Jo\u00e3o Pedro na entrega da sua sucata<\/strong> Foto: Roberto Medeiros<\/figcaption><\/figure><\/div>\n\n\n<p>\u00c1la-i-\u00e1la!&#8230; diz na passagem, o Jo\u00e3o Pedro, cumprimentando e acenando todos os que vai encontrando no caminho enquanto vai empurrando o seu \u00abcarrinho-de-b\u00e9b\u00e9\u201d cheio de sucata recolhida pelas ruas da Vila de \u00c1gua de Pau, no concelho de Lagoa \u2013 A\u00e7ores.<br>Das redes sociais e no Facebook destaco um dos coment\u00e1rios mais interessante a ele dirigido por Jos\u00e9 Carlos Carrilho: \u201cCertamente que o Jo\u00e3o Pedro, neste momento, nem sonha os amigos que est\u00e3o a falar bem dele! Ele merece: Fa\u00e7am o favor de o cumprimentar por mim.\u201d<\/p>\n<p style=\"text-align: right;\"><em>(Cr\u00f3nica publicada na edi\u00e7\u00e3o impressa de julho de 2020)<\/em><\/p>\n\n\n<p><\/p>","protected":false},"excerpt":{"rendered":"<p>Quem n\u00e3o conhece, em \u00c1gua de Pau, o JO\u00c3O PEDRO? \u00c9 deveras uma figura t\u00edpica que nunca se esquece, nem o seu percurso de vida, nem as suas perip\u00e9cias. Todas as terras t\u00eam a sua hist\u00f3ria.Todas as terras t\u00eam as suas figuras t\u00edpicas. O povo memoriza as suas manias, os seus defeitos, as suas caracter\u00edsticas [&hellip;]<\/p>","protected":false},"author":2,"featured_media":110060,"comment_status":"open","ping_status":"closed","sticky":false,"template":"","format":"standard","meta":[],"categories":[11],"tags":[],"acf":[],"yoast_head":"<!-- This site is optimized with the Yoast SEO plugin v20.10 - https:\/\/yoast.com\/wordpress\/plugins\/seo\/ -->\n<title>A pedagogia do Jo\u00e3o Pedro d&#039;\u00c1gua de Pa\u00fa - Di\u00e1rio da Lagoa<\/title>\n<meta name=\"robots\" content=\"index, follow, max-snippet:-1, max-image-preview:large, max-video-preview:-1\" \/>\n<link rel=\"canonical\" href=\"https:\/\/diariodalagoa.pt\/es\/a-pedagogia-do-joao-pedro-dagua-de-pau\/\" \/>\n<meta property=\"og:locale\" content=\"es_ES\" \/>\n<meta property=\"og:type\" content=\"article\" \/>\n<meta property=\"og:title\" content=\"A pedagogia do Jo\u00e3o Pedro d&#039;\u00c1gua de Pa\u00fa - Di\u00e1rio da Lagoa\" \/>\n<meta property=\"og:description\" content=\"Quem n\u00e3o conhece, em \u00c1gua de Pau, o JO\u00c3O PEDRO? \u00c9 deveras uma figura t\u00edpica que nunca se esquece, nem o seu percurso de vida, nem as suas perip\u00e9cias. Todas as terras t\u00eam a sua hist\u00f3ria.Todas as terras t\u00eam as suas figuras t\u00edpicas. O povo memoriza as suas manias, os seus defeitos, as suas caracter\u00edsticas [&hellip;]\" \/>\n<meta property=\"og:url\" content=\"https:\/\/diariodalagoa.pt\/es\/a-pedagogia-do-joao-pedro-dagua-de-pau\/\" \/>\n<meta property=\"og:site_name\" content=\"Di\u00e1rio da Lagoa\" \/>\n<meta property=\"article:published_time\" content=\"2020-07-08T13:56:56+00:00\" \/>\n<meta property=\"article:modified_time\" content=\"2025-09-27T21:47:06+00:00\" \/>\n<meta property=\"og:image\" content=\"https:\/\/diariodalagoa.pt\/wp-content\/uploads\/2020\/07\/roberto-medeiros-dr.jpg\" \/>\n\t<meta property=\"og:image:width\" content=\"774\" \/>\n\t<meta property=\"og:image:height\" content=\"774\" \/>\n\t<meta property=\"og:image:type\" content=\"image\/jpeg\" \/>\n<meta name=\"author\" content=\"Di\u00e1rio da Lagoa\" \/>\n<meta name=\"twitter:card\" content=\"summary_large_image\" \/>\n<meta name=\"twitter:label1\" content=\"Escrito por\" \/>\n\t<meta name=\"twitter:data1\" content=\"Di\u00e1rio da Lagoa\" \/>\n\t<meta name=\"twitter:label2\" content=\"Tiempo de lectura\" \/>\n\t<meta name=\"twitter:data2\" content=\"5 minutos\" \/>\n<script type=\"application\/ld+json\" class=\"yoast-schema-graph\">{\"@context\":\"https:\/\/schema.org\",\"@graph\":[{\"@type\":\"WebPage\",\"@id\":\"https:\/\/diariodalagoa.pt\/a-pedagogia-do-joao-pedro-dagua-de-pau\/\",\"url\":\"https:\/\/diariodalagoa.pt\/a-pedagogia-do-joao-pedro-dagua-de-pau\/\",\"name\":\"A pedagogia do Jo\u00e3o Pedro d'\u00c1gua de Pa\u00fa - Di\u00e1rio da Lagoa\",\"isPartOf\":{\"@id\":\"https:\/\/diariodalagoa.pt\/#website\"},\"datePublished\":\"2020-07-08T13:56:56+00:00\",\"dateModified\":\"2025-09-27T21:47:06+00:00\",\"author\":{\"@id\":\"https:\/\/diariodalagoa.pt\/#\/schema\/person\/1615a002370e8857b6f972834bc43ece\"},\"breadcrumb\":{\"@id\":\"https:\/\/diariodalagoa.pt\/a-pedagogia-do-joao-pedro-dagua-de-pau\/#breadcrumb\"},\"inLanguage\":\"es\",\"potentialAction\":[{\"@type\":\"ReadAction\",\"target\":[\"https:\/\/diariodalagoa.pt\/a-pedagogia-do-joao-pedro-dagua-de-pau\/\"]}]},{\"@type\":\"BreadcrumbList\",\"@id\":\"https:\/\/diariodalagoa.pt\/a-pedagogia-do-joao-pedro-dagua-de-pau\/#breadcrumb\",\"itemListElement\":[{\"@type\":\"ListItem\",\"position\":1,\"name\":\"In\u00edcio\",\"item\":\"https:\/\/diariodalagoa.pt\/\"},{\"@type\":\"ListItem\",\"position\":2,\"name\":\"A pedagogia do Jo\u00e3o Pedro d&#8217;\u00c1gua de Pa\u00fa\"}]},{\"@type\":\"WebSite\",\"@id\":\"https:\/\/diariodalagoa.pt\/#website\",\"url\":\"https:\/\/diariodalagoa.pt\/\",\"name\":\"Di\u00e1rio da Lagoa\",\"description\":\"Di\u00e1rio da Lagoa. As not\u00edcias que contam. A partir da Lagoa, nos A\u00e7ores, para o mundo.\",\"potentialAction\":[{\"@type\":\"SearchAction\",\"target\":{\"@type\":\"EntryPoint\",\"urlTemplate\":\"https:\/\/diariodalagoa.pt\/?s={search_term_string}\"},\"query-input\":\"required name=search_term_string\"}],\"inLanguage\":\"es\"},{\"@type\":\"Person\",\"@id\":\"https:\/\/diariodalagoa.pt\/#\/schema\/person\/1615a002370e8857b6f972834bc43ece\",\"name\":\"Di\u00e1rio da Lagoa\",\"image\":{\"@type\":\"ImageObject\",\"inLanguage\":\"es\",\"@id\":\"https:\/\/diariodalagoa.pt\/#\/schema\/person\/image\/\",\"url\":\"https:\/\/secure.gravatar.com\/avatar\/2cb5cef90a26f8fbd4d9d930608102c5?s=96&d=mm&r=g\",\"contentUrl\":\"https:\/\/secure.gravatar.com\/avatar\/2cb5cef90a26f8fbd4d9d930608102c5?s=96&d=mm&r=g\",\"caption\":\"Di\u00e1rio da Lagoa\"},\"url\":\"https:\/\/diariodalagoa.pt\/es\/author\/diariodalagoa\/\"}]}<\/script>\n<!-- \/ Yoast SEO plugin. -->","yoast_head_json":{"title":"A pedagogia do Jo\u00e3o Pedro d'\u00c1gua de Pa\u00fa - Di\u00e1rio da Lagoa","robots":{"index":"index","follow":"follow","max-snippet":"max-snippet:-1","max-image-preview":"max-image-preview:large","max-video-preview":"max-video-preview:-1"},"canonical":"https:\/\/diariodalagoa.pt\/es\/a-pedagogia-do-joao-pedro-dagua-de-pau\/","og_locale":"es_ES","og_type":"article","og_title":"A pedagogia do Jo\u00e3o Pedro d'\u00c1gua de Pa\u00fa - Di\u00e1rio da Lagoa","og_description":"Quem n\u00e3o conhece, em \u00c1gua de Pau, o JO\u00c3O PEDRO? \u00c9 deveras uma figura t\u00edpica que nunca se esquece, nem o seu percurso de vida, nem as suas perip\u00e9cias. Todas as terras t\u00eam a sua hist\u00f3ria.Todas as terras t\u00eam as suas figuras t\u00edpicas. O povo memoriza as suas manias, os seus defeitos, as suas caracter\u00edsticas [&hellip;]","og_url":"https:\/\/diariodalagoa.pt\/es\/a-pedagogia-do-joao-pedro-dagua-de-pau\/","og_site_name":"Di\u00e1rio da Lagoa","article_published_time":"2020-07-08T13:56:56+00:00","article_modified_time":"2025-09-27T21:47:06+00:00","og_image":[{"width":774,"height":774,"url":"https:\/\/diariodalagoa.pt\/wp-content\/uploads\/2020\/07\/roberto-medeiros-dr.jpg","type":"image\/jpeg"}],"author":"Di\u00e1rio da Lagoa","twitter_card":"summary_large_image","twitter_misc":{"Escrito por":"Di\u00e1rio da Lagoa","Tiempo de lectura":"5 minutos"},"schema":{"@context":"https:\/\/schema.org","@graph":[{"@type":"WebPage","@id":"https:\/\/diariodalagoa.pt\/a-pedagogia-do-joao-pedro-dagua-de-pau\/","url":"https:\/\/diariodalagoa.pt\/a-pedagogia-do-joao-pedro-dagua-de-pau\/","name":"A pedagogia do Jo\u00e3o Pedro d'\u00c1gua de Pa\u00fa - Di\u00e1rio da Lagoa","isPartOf":{"@id":"https:\/\/diariodalagoa.pt\/#website"},"datePublished":"2020-07-08T13:56:56+00:00","dateModified":"2025-09-27T21:47:06+00:00","author":{"@id":"https:\/\/diariodalagoa.pt\/#\/schema\/person\/1615a002370e8857b6f972834bc43ece"},"breadcrumb":{"@id":"https:\/\/diariodalagoa.pt\/a-pedagogia-do-joao-pedro-dagua-de-pau\/#breadcrumb"},"inLanguage":"es","potentialAction":[{"@type":"ReadAction","target":["https:\/\/diariodalagoa.pt\/a-pedagogia-do-joao-pedro-dagua-de-pau\/"]}]},{"@type":"BreadcrumbList","@id":"https:\/\/diariodalagoa.pt\/a-pedagogia-do-joao-pedro-dagua-de-pau\/#breadcrumb","itemListElement":[{"@type":"ListItem","position":1,"name":"In\u00edcio","item":"https:\/\/diariodalagoa.pt\/"},{"@type":"ListItem","position":2,"name":"A pedagogia do Jo\u00e3o Pedro d&#8217;\u00c1gua de Pa\u00fa"}]},{"@type":"WebSite","@id":"https:\/\/diariodalagoa.pt\/#website","url":"https:\/\/diariodalagoa.pt\/","name":"Di\u00e1rio da Lagoa","description":"Di\u00e1rio da Lagoa. As not\u00edcias que contam. A partir da Lagoa, nos A\u00e7ores, para o mundo.","potentialAction":[{"@type":"SearchAction","target":{"@type":"EntryPoint","urlTemplate":"https:\/\/diariodalagoa.pt\/?s={search_term_string}"},"query-input":"required name=search_term_string"}],"inLanguage":"es"},{"@type":"Person","@id":"https:\/\/diariodalagoa.pt\/#\/schema\/person\/1615a002370e8857b6f972834bc43ece","name":"Di\u00e1rio da Lagoa","image":{"@type":"ImageObject","inLanguage":"es","@id":"https:\/\/diariodalagoa.pt\/#\/schema\/person\/image\/","url":"https:\/\/secure.gravatar.com\/avatar\/2cb5cef90a26f8fbd4d9d930608102c5?s=96&d=mm&r=g","contentUrl":"https:\/\/secure.gravatar.com\/avatar\/2cb5cef90a26f8fbd4d9d930608102c5?s=96&d=mm&r=g","caption":"Di\u00e1rio da Lagoa"},"url":"https:\/\/diariodalagoa.pt\/es\/author\/diariodalagoa\/"}]}},"_links":{"self":[{"href":"https:\/\/diariodalagoa.pt\/es\/wp-json\/wp\/v2\/posts\/84649"}],"collection":[{"href":"https:\/\/diariodalagoa.pt\/es\/wp-json\/wp\/v2\/posts"}],"about":[{"href":"https:\/\/diariodalagoa.pt\/es\/wp-json\/wp\/v2\/types\/post"}],"author":[{"embeddable":true,"href":"https:\/\/diariodalagoa.pt\/es\/wp-json\/wp\/v2\/users\/2"}],"replies":[{"embeddable":true,"href":"https:\/\/diariodalagoa.pt\/es\/wp-json\/wp\/v2\/comments?post=84649"}],"version-history":[{"count":1,"href":"https:\/\/diariodalagoa.pt\/es\/wp-json\/wp\/v2\/posts\/84649\/revisions"}],"predecessor-version":[{"id":126330,"href":"https:\/\/diariodalagoa.pt\/es\/wp-json\/wp\/v2\/posts\/84649\/revisions\/126330"}],"wp:featuredmedia":[{"embeddable":true,"href":"https:\/\/diariodalagoa.pt\/es\/wp-json\/wp\/v2\/media\/110060"}],"wp:attachment":[{"href":"https:\/\/diariodalagoa.pt\/es\/wp-json\/wp\/v2\/media?parent=84649"}],"wp:term":[{"taxonomy":"category","embeddable":true,"href":"https:\/\/diariodalagoa.pt\/es\/wp-json\/wp\/v2\/categories?post=84649"},{"taxonomy":"post_tag","embeddable":true,"href":"https:\/\/diariodalagoa.pt\/es\/wp-json\/wp\/v2\/tags?post=84649"}],"curies":[{"name":"wp","href":"https:\/\/api.w.org\/{rel}","templated":true}]}}