{"id":8131,"date":"2014-08-22T13:18:45","date_gmt":"2014-08-22T14:18:45","guid":{"rendered":"http:\/\/diariodalagoa.pt\/?p=8131"},"modified":"2014-08-22T13:18:45","modified_gmt":"2014-08-22T14:18:45","slug":"vitor-fraga-destaca-beneficios-da-promocao-concertada-de-eventos-que-se-realizam-nos-acores","status":"publish","type":"post","link":"https:\/\/diariodalagoa.pt\/es\/vitor-fraga-destaca-beneficios-da-promocao-concertada-de-eventos-que-se-realizam-nos-acores\/","title":{"rendered":"V\u00edtor Fraga destaca benef\u00edcios da promo\u00e7\u00e3o concertada de eventos que se realizam nos A\u00e7ores"},"content":{"rendered":"<p style=\"text-align: justify;\"><img decoding=\"async\" class=\"alignnone size-full wp-image-8133\" src=\"http:\/\/diariodalagoa.pt\/wp-content\/uploads\/2014\/08\/mar\u00e9-de-agosto-20101.jpg\" alt=\"mar\u00e9-de-agosto-2010\" width=\"720\" height=\"380\" \/><\/p>\n<p style=\"text-align: justify;\"><span style=\"color: #000000;\">O Secret\u00e1rio Regional do Turismo e Transportes destacou, em Santa Maria, a import\u00e2ncia da promo\u00e7\u00e3o concertada de eventos para a capta\u00e7\u00e3o de fluxos tur\u00edsticos para a Regi\u00e3o, salientando que esta aposta, assumida h\u00e1 cerca de um ano, j\u00e1 tem apresentado resultados.\u00a0<\/span><\/p>\n<p style=\"text-align: justify;\"><span style=\"color: #000000;\">V\u00edtor Fraga, que falava quinta-feira \u00e0 noite na abertura do 30.\u00ba Festival Mar\u00e9 de Agosto, revelou que, fruto desta estrat\u00e9gia, aumentou em 23% o n\u00famero de passageiros transportados este ano para Santa Maria, pela SATA e pela Atl\u00e2nticoline, por ocasi\u00e3o da realiza\u00e7\u00e3o deste festival.\u00a0<\/span><\/p>\n<p style=\"text-align: justify;\"><span style=\"color: #000000;\">O Secret\u00e1rio Regional recordou ter anunciado, na abertura do Festival Mar\u00e9 de Agosto de 2013, que o Turismo dos A\u00e7ores iria promover de uma forma concertada junto dos\u00a0mercados emissores os principais eventos que se realizam na Regi\u00e3o, apontando este festival\u00a0como um exemplo dessa estrat\u00e9gia.\u00a0<\/span><\/p>\n<p style=\"text-align: justify;\"><span style=\"color: #000000;\">Na sua interven\u00e7\u00e3o, V\u00edtor Fraga salientou ainda a import\u00e2ncia do novo modelo que vai reger as acessibilidades para a Regi\u00e3o, resultante da altera\u00e7\u00e3o das obriga\u00e7\u00f5es de servi\u00e7o p\u00fablico no transporte a\u00e9reo, que se assume como um importante elemento para a capta\u00e7\u00e3o de fluxos tur\u00edsticos.\u00a0<\/span><\/p>\n<p style=\"text-align: justify;\"><span style=\"color: #000000;\">\u201cA partir do pr\u00f3ximo ver\u00e3o IATA teremos uma nova realidade\u201d, afirmou o Secret\u00e1rio Regional, alertando, no entanto, que os novos desafios que se colocam devem ser encarados \u201ccomo uma oportunidade para incrementar o fluxo tur\u00edstico\u201d em todas as nove ilhas dos A\u00e7ores.\u00a0<\/span><\/p>\n<p style=\"text-align: justify;\"><span style=\"color: #000000;\">\u00a0O Secret\u00e1rio Regional referiu que cabe \u00e0s entidades, p\u00fablicas, mas tamb\u00e9m \u00e0s privadas, utilizar as novas tecnologias, que permitem atingir novos segmentos de mercado, frisando que \u201cpassamos agora a ter condi\u00e7\u00f5es para captar esses fluxos, que contribuem de forma determinante para reduzir os efeitos da sazonalidade\u201d.<\/span><\/p>\n<p style=\"text-align: justify;\"><span style=\"color: #000000;\">Nesse sentido, destacou o potencial tur\u00edstico de Santa Maria, que viu aumentar, entre janeiro e junho deste ano, o n\u00famero de passageiros em 56%, e ver\u00e1 as suas liga\u00e7\u00f5es semanais a Lisboa duplicadas com o novo modelo de transporte a\u00e9reo.<\/span><\/p>\n<p style=\"text-align: justify;\"><span style=\"color: #000000;\"><em>DL\/GaCS<\/em><\/span><\/p>","protected":false},"excerpt":{"rendered":"<p>O Secret\u00e1rio Regional do Turismo e Transportes destacou, em Santa Maria, a import\u00e2ncia da promo\u00e7\u00e3o concertada de eventos para a capta\u00e7\u00e3o de fluxos tur\u00edsticos para a Regi\u00e3o, salientando que esta aposta, assumida h\u00e1 cerca de um ano, j\u00e1 tem apresentado resultados.\u00a0 V\u00edtor Fraga, que falava quinta-feira \u00e0 noite na abertura do 30.\u00ba Festival Mar\u00e9 de [&hellip;]<\/p>","protected":false},"author":2,"featured_media":0,"comment_status":"open","ping_status":"open","sticky":false,"template":"","format":"standard","meta":[],"categories":[21],"tags":[],"acf":[],"yoast_head":"<!-- This site is optimized with the Yoast SEO plugin v20.10 - https:\/\/yoast.com\/wordpress\/plugins\/seo\/ -->\n<title>V\u00edtor Fraga destaca benef\u00edcios da promo\u00e7\u00e3o concertada de eventos que se realizam nos A\u00e7ores - Di\u00e1rio da Lagoa<\/title>\n<meta name=\"robots\" content=\"index, follow, max-snippet:-1, max-image-preview:large, max-video-preview:-1\" \/>\n<link rel=\"canonical\" href=\"https:\/\/diariodalagoa.pt\/es\/vitor-fraga-destaca-beneficios-da-promocao-concertada-de-eventos-que-se-realizam-nos-acores\/\" \/>\n<meta property=\"og:locale\" content=\"es_ES\" \/>\n<meta property=\"og:type\" content=\"article\" \/>\n<meta property=\"og:title\" content=\"V\u00edtor Fraga destaca benef\u00edcios da promo\u00e7\u00e3o concertada de eventos que se realizam nos A\u00e7ores - Di\u00e1rio da Lagoa\" \/>\n<meta property=\"og:description\" content=\"O Secret\u00e1rio Regional do Turismo e Transportes destacou, em Santa Maria, a import\u00e2ncia da promo\u00e7\u00e3o concertada de eventos para a capta\u00e7\u00e3o de fluxos tur\u00edsticos para a Regi\u00e3o, salientando que esta aposta, assumida h\u00e1 cerca de um ano, j\u00e1 tem apresentado resultados.\u00a0 V\u00edtor Fraga, que falava quinta-feira \u00e0 noite na abertura do 30.\u00ba Festival Mar\u00e9 de [&hellip;]\" \/>\n<meta property=\"og:url\" content=\"https:\/\/diariodalagoa.pt\/es\/vitor-fraga-destaca-beneficios-da-promocao-concertada-de-eventos-que-se-realizam-nos-acores\/\" \/>\n<meta property=\"og:site_name\" content=\"Di\u00e1rio da Lagoa\" \/>\n<meta property=\"article:published_time\" content=\"2014-08-22T14:18:45+00:00\" \/>\n<meta name=\"author\" content=\"Di\u00e1rio da Lagoa\" \/>\n<meta name=\"twitter:card\" content=\"summary_large_image\" \/>\n<meta name=\"twitter:label1\" content=\"Escrito por\" \/>\n\t<meta name=\"twitter:data1\" content=\"Di\u00e1rio da Lagoa\" \/>\n\t<meta name=\"twitter:label2\" content=\"Tiempo de lectura\" \/>\n\t<meta name=\"twitter:data2\" content=\"2 minutos\" \/>\n<script type=\"application\/ld+json\" class=\"yoast-schema-graph\">{\"@context\":\"https:\/\/schema.org\",\"@graph\":[{\"@type\":\"WebPage\",\"@id\":\"https:\/\/diariodalagoa.pt\/vitor-fraga-destaca-beneficios-da-promocao-concertada-de-eventos-que-se-realizam-nos-acores\/\",\"url\":\"https:\/\/diariodalagoa.pt\/vitor-fraga-destaca-beneficios-da-promocao-concertada-de-eventos-que-se-realizam-nos-acores\/\",\"name\":\"V\u00edtor Fraga destaca benef\u00edcios da promo\u00e7\u00e3o concertada de eventos que se realizam nos A\u00e7ores - Di\u00e1rio da Lagoa\",\"isPartOf\":{\"@id\":\"https:\/\/diariodalagoa.pt\/#website\"},\"datePublished\":\"2014-08-22T14:18:45+00:00\",\"dateModified\":\"2014-08-22T14:18:45+00:00\",\"author\":{\"@id\":\"https:\/\/diariodalagoa.pt\/#\/schema\/person\/1615a002370e8857b6f972834bc43ece\"},\"breadcrumb\":{\"@id\":\"https:\/\/diariodalagoa.pt\/vitor-fraga-destaca-beneficios-da-promocao-concertada-de-eventos-que-se-realizam-nos-acores\/#breadcrumb\"},\"inLanguage\":\"es\",\"potentialAction\":[{\"@type\":\"ReadAction\",\"target\":[\"https:\/\/diariodalagoa.pt\/vitor-fraga-destaca-beneficios-da-promocao-concertada-de-eventos-que-se-realizam-nos-acores\/\"]}]},{\"@type\":\"BreadcrumbList\",\"@id\":\"https:\/\/diariodalagoa.pt\/vitor-fraga-destaca-beneficios-da-promocao-concertada-de-eventos-que-se-realizam-nos-acores\/#breadcrumb\",\"itemListElement\":[{\"@type\":\"ListItem\",\"position\":1,\"name\":\"In\u00edcio\",\"item\":\"https:\/\/diariodalagoa.pt\/\"},{\"@type\":\"ListItem\",\"position\":2,\"name\":\"V\u00edtor Fraga destaca benef\u00edcios da promo\u00e7\u00e3o concertada de eventos que se realizam nos A\u00e7ores\"}]},{\"@type\":\"WebSite\",\"@id\":\"https:\/\/diariodalagoa.pt\/#website\",\"url\":\"https:\/\/diariodalagoa.pt\/\",\"name\":\"Di\u00e1rio da Lagoa\",\"description\":\"Di\u00e1rio da Lagoa. As not\u00edcias que contam. A partir da Lagoa, nos A\u00e7ores, para o mundo.\",\"potentialAction\":[{\"@type\":\"SearchAction\",\"target\":{\"@type\":\"EntryPoint\",\"urlTemplate\":\"https:\/\/diariodalagoa.pt\/?s={search_term_string}\"},\"query-input\":\"required name=search_term_string\"}],\"inLanguage\":\"es\"},{\"@type\":\"Person\",\"@id\":\"https:\/\/diariodalagoa.pt\/#\/schema\/person\/1615a002370e8857b6f972834bc43ece\",\"name\":\"Di\u00e1rio da Lagoa\",\"image\":{\"@type\":\"ImageObject\",\"inLanguage\":\"es\",\"@id\":\"https:\/\/diariodalagoa.pt\/#\/schema\/person\/image\/\",\"url\":\"https:\/\/secure.gravatar.com\/avatar\/2cb5cef90a26f8fbd4d9d930608102c5?s=96&d=mm&r=g\",\"contentUrl\":\"https:\/\/secure.gravatar.com\/avatar\/2cb5cef90a26f8fbd4d9d930608102c5?s=96&d=mm&r=g\",\"caption\":\"Di\u00e1rio da Lagoa\"},\"url\":\"https:\/\/diariodalagoa.pt\/es\/author\/diariodalagoa\/\"}]}<\/script>\n<!-- \/ Yoast SEO plugin. -->","yoast_head_json":{"title":"V\u00edtor Fraga destaca benef\u00edcios da promo\u00e7\u00e3o concertada de eventos que se realizam nos A\u00e7ores - Di\u00e1rio da Lagoa","robots":{"index":"index","follow":"follow","max-snippet":"max-snippet:-1","max-image-preview":"max-image-preview:large","max-video-preview":"max-video-preview:-1"},"canonical":"https:\/\/diariodalagoa.pt\/es\/vitor-fraga-destaca-beneficios-da-promocao-concertada-de-eventos-que-se-realizam-nos-acores\/","og_locale":"es_ES","og_type":"article","og_title":"V\u00edtor Fraga destaca benef\u00edcios da promo\u00e7\u00e3o concertada de eventos que se realizam nos A\u00e7ores - Di\u00e1rio da Lagoa","og_description":"O Secret\u00e1rio Regional do Turismo e Transportes destacou, em Santa Maria, a import\u00e2ncia da promo\u00e7\u00e3o concertada de eventos para a capta\u00e7\u00e3o de fluxos tur\u00edsticos para a Regi\u00e3o, salientando que esta aposta, assumida h\u00e1 cerca de um ano, j\u00e1 tem apresentado resultados.\u00a0 V\u00edtor Fraga, que falava quinta-feira \u00e0 noite na abertura do 30.\u00ba Festival Mar\u00e9 de [&hellip;]","og_url":"https:\/\/diariodalagoa.pt\/es\/vitor-fraga-destaca-beneficios-da-promocao-concertada-de-eventos-que-se-realizam-nos-acores\/","og_site_name":"Di\u00e1rio da Lagoa","article_published_time":"2014-08-22T14:18:45+00:00","author":"Di\u00e1rio da Lagoa","twitter_card":"summary_large_image","twitter_misc":{"Escrito por":"Di\u00e1rio da Lagoa","Tiempo de lectura":"2 minutos"},"schema":{"@context":"https:\/\/schema.org","@graph":[{"@type":"WebPage","@id":"https:\/\/diariodalagoa.pt\/vitor-fraga-destaca-beneficios-da-promocao-concertada-de-eventos-que-se-realizam-nos-acores\/","url":"https:\/\/diariodalagoa.pt\/vitor-fraga-destaca-beneficios-da-promocao-concertada-de-eventos-que-se-realizam-nos-acores\/","name":"V\u00edtor Fraga destaca benef\u00edcios da promo\u00e7\u00e3o concertada de eventos que se realizam nos A\u00e7ores - Di\u00e1rio da Lagoa","isPartOf":{"@id":"https:\/\/diariodalagoa.pt\/#website"},"datePublished":"2014-08-22T14:18:45+00:00","dateModified":"2014-08-22T14:18:45+00:00","author":{"@id":"https:\/\/diariodalagoa.pt\/#\/schema\/person\/1615a002370e8857b6f972834bc43ece"},"breadcrumb":{"@id":"https:\/\/diariodalagoa.pt\/vitor-fraga-destaca-beneficios-da-promocao-concertada-de-eventos-que-se-realizam-nos-acores\/#breadcrumb"},"inLanguage":"es","potentialAction":[{"@type":"ReadAction","target":["https:\/\/diariodalagoa.pt\/vitor-fraga-destaca-beneficios-da-promocao-concertada-de-eventos-que-se-realizam-nos-acores\/"]}]},{"@type":"BreadcrumbList","@id":"https:\/\/diariodalagoa.pt\/vitor-fraga-destaca-beneficios-da-promocao-concertada-de-eventos-que-se-realizam-nos-acores\/#breadcrumb","itemListElement":[{"@type":"ListItem","position":1,"name":"In\u00edcio","item":"https:\/\/diariodalagoa.pt\/"},{"@type":"ListItem","position":2,"name":"V\u00edtor Fraga destaca benef\u00edcios da promo\u00e7\u00e3o concertada de eventos que se realizam nos A\u00e7ores"}]},{"@type":"WebSite","@id":"https:\/\/diariodalagoa.pt\/#website","url":"https:\/\/diariodalagoa.pt\/","name":"Di\u00e1rio da Lagoa","description":"Di\u00e1rio da Lagoa. As not\u00edcias que contam. A partir da Lagoa, nos A\u00e7ores, para o mundo.","potentialAction":[{"@type":"SearchAction","target":{"@type":"EntryPoint","urlTemplate":"https:\/\/diariodalagoa.pt\/?s={search_term_string}"},"query-input":"required name=search_term_string"}],"inLanguage":"es"},{"@type":"Person","@id":"https:\/\/diariodalagoa.pt\/#\/schema\/person\/1615a002370e8857b6f972834bc43ece","name":"Di\u00e1rio da Lagoa","image":{"@type":"ImageObject","inLanguage":"es","@id":"https:\/\/diariodalagoa.pt\/#\/schema\/person\/image\/","url":"https:\/\/secure.gravatar.com\/avatar\/2cb5cef90a26f8fbd4d9d930608102c5?s=96&d=mm&r=g","contentUrl":"https:\/\/secure.gravatar.com\/avatar\/2cb5cef90a26f8fbd4d9d930608102c5?s=96&d=mm&r=g","caption":"Di\u00e1rio da Lagoa"},"url":"https:\/\/diariodalagoa.pt\/es\/author\/diariodalagoa\/"}]}},"_links":{"self":[{"href":"https:\/\/diariodalagoa.pt\/es\/wp-json\/wp\/v2\/posts\/8131"}],"collection":[{"href":"https:\/\/diariodalagoa.pt\/es\/wp-json\/wp\/v2\/posts"}],"about":[{"href":"https:\/\/diariodalagoa.pt\/es\/wp-json\/wp\/v2\/types\/post"}],"author":[{"embeddable":true,"href":"https:\/\/diariodalagoa.pt\/es\/wp-json\/wp\/v2\/users\/2"}],"replies":[{"embeddable":true,"href":"https:\/\/diariodalagoa.pt\/es\/wp-json\/wp\/v2\/comments?post=8131"}],"version-history":[{"count":0,"href":"https:\/\/diariodalagoa.pt\/es\/wp-json\/wp\/v2\/posts\/8131\/revisions"}],"wp:attachment":[{"href":"https:\/\/diariodalagoa.pt\/es\/wp-json\/wp\/v2\/media?parent=8131"}],"wp:term":[{"taxonomy":"category","embeddable":true,"href":"https:\/\/diariodalagoa.pt\/es\/wp-json\/wp\/v2\/categories?post=8131"},{"taxonomy":"post_tag","embeddable":true,"href":"https:\/\/diariodalagoa.pt\/es\/wp-json\/wp\/v2\/tags?post=8131"}],"curies":[{"name":"wp","href":"https:\/\/api.w.org\/{rel}","templated":true}]}}