{"id":8115,"date":"2014-08-21T17:03:01","date_gmt":"2014-08-21T18:03:01","guid":{"rendered":"http:\/\/diariodalagoa.pt\/?p=8115"},"modified":"2014-08-21T17:03:01","modified_gmt":"2014-08-21T18:03:01","slug":"planta-rara-redescoberta-na-ilha-do-corvo","status":"publish","type":"post","link":"https:\/\/diariodalagoa.pt\/es\/planta-rara-redescoberta-na-ilha-do-corvo\/","title":{"rendered":"Planta rara redescoberta na ilha do Corvo"},"content":{"rendered":"<p style=\"text-align: justify;\"><img decoding=\"async\" class=\"alignnone size-full wp-image-8116\" src=\"http:\/\/diariodalagoa.pt\/wp-content\/uploads\/2014\/08\/myosotisazorica_hanno_schafer2_\u00a9-Hanno-Sch\u00e4fer-Myosotis-azorica.jpg\" alt=\"myosotisazorica_hanno_schafer2_\u00a9 Hanno Sch\u00e4fer, Myosotis azorica\" width=\"720\" height=\"380\" \/><\/p>\n<p style=\"text-align: justify;\"><br style=\"color: #222222;\" \/><span style=\"color: #000000;\">No in\u00edcio do m\u00eas de agosto, decorreram trabalhos de prospe\u00e7\u00e3o \u00e0s fal\u00e9sias costeiras da Ilha do Corvo, arquip\u00e9lago dos A\u00e7ores, realizados pelos t\u00e9cnicos da Sociedade Portuguesa para o Estudo das Aves (SPEA), Carlos Silva e T\u00e2nia Pipa e pelo\u00a0 investigador da Universidade T\u00e9cnica de Munique (Alemanha), Prof. Dr. Hanno Schaefer. O resultado levou \u00e0 redescoberta de uma das plantas end\u00e9micas mais raras dos A\u00e7ores e do Mundo \u2013 a \u201cN\u00e3o-me-esque\u00e7as\u201d (<span style=\"font-style: italic;\">Myosotis azorica<\/span>).<\/span><br style=\"color: #222222;\" \/><br style=\"color: #222222;\" \/><span style=\"color: #000000;\">Esta planta foi descrita pelo brit\u00e2nico H. C. Watson, em 1842, sendo a sua distribui\u00e7\u00e3o mais recente restrita \u00e0s ilhas das Flores e do Corvo. No entanto, esta pequena planta, com uma flor de um intenso azul-marinho foi vista pela \u00faltima vez\u00a0 na ilha das Flores em 2001, pelo investigador Hanno Schaefer, e na ilha do Corvo em 2012 foram detetadas apenas 5 plantas numa fal\u00e9sia que posteriormente ficou destru\u00edda por um movimento de terras, suspeitando-se que a esp\u00e9cie poderia estar perdida ou extinta.\u00a0<\/span><br style=\"color: #222222;\" \/><br style=\"color: #222222;\" \/><span style=\"color: #000000;\">De 2009 a 2012, houve v\u00e1rias tentativas infrut\u00edferas para a localiza\u00e7\u00e3o de plantas desta esp\u00e9cie no \u00e2mbito do projeto LIFE \u201cIlhas Santu\u00e1rio para as Aves Marinhas\u201d *.\u00a0<\/span><br style=\"color: #222222;\" \/><span style=\"color: #000000;\">Segundo o t\u00e9cnico da SPEA, Carlos Silva, \u201cembora a maioria da vegeta\u00e7\u00e3o end\u00e9mica da ilha do Corvo tenha sido cortada ao longo dos s\u00e9culos pela necessidade de sobreviv\u00eancia dos habitantes, h\u00e1 ainda vest\u00edgios de endemismos que necessitam de ser recuperados para evitar a sua extin\u00e7\u00e3o, dos quais se destacam a N\u00e3o-me-esque\u00e7as e a Veronica dabney, que valorizam muito mais a ilha como Reserva da Biosfera da Unesco\u201d.<\/span><br style=\"color: #222222;\" \/><br style=\"color: #222222;\" \/><span style=\"color: #000000;\">Ainda de acordo com este t\u00e9cnico \u201cos esfor\u00e7os destes quatro dias de expedi\u00e7\u00e3o levaram \u00e0 redescoberta da \u201cN\u00e3o-me-esque\u00e7as\u201d, com uma popula\u00e7\u00e3o estimada em 50 plantas com flor e com produ\u00e7\u00e3o de sementes, dando-nos a esperan\u00e7a que este tesouro \u00fanico sobreviver\u00e1 nas pr\u00f3ximas gera\u00e7\u00f5es\u201d.<\/span><br style=\"color: #222222;\" \/><br style=\"color: #222222;\" \/><span style=\"color: #000000;\">Segundo o investigador Hanno Schafeer, \u201cA grande amea\u00e7a para a sua sobreviv\u00eancia, e para outras plantas e aves costeiras, \u00e9 a elevada press\u00e3o de pastoreio das 245 cabras e ovelhas selvagens que habitam as encostas do Corvo e onde se localizam as maiores fal\u00e9sias do Atl\u00e2ntico Norte. A \u201cN\u00e3o-me-esque\u00e7as\u201d s\u00f3 est\u00e1 fora do alcance destes herb\u00edvoros nas fal\u00e9sias mais declivosas e inacess\u00edveis, que infelizmente s\u00e3o muito inst\u00e1veis e colapsam, podendo levar ao desaparecimento desta rara planta.<\/span><br style=\"color: #222222;\" \/><br style=\"color: #222222;\" \/><span style=\"color: #000000;\">A SPEA, em colabora\u00e7\u00e3o com o Parque Natural de Ilha do Corvo e a Universidade T\u00e9cnica de Munique est\u00e3o a unir esfor\u00e7os para definir o plano de a\u00e7\u00e3o para a esp\u00e9cie\u00a0<span style=\"font-style: italic;\">Myosotis azorica<\/span>\u00a0e esperam conseguir aumentar, por produ\u00e7\u00e3o em viveiro, o n\u00famero de indiv\u00edduos desta esp\u00e9cie extremamente amea\u00e7ada, para que num futuro pr\u00f3ximo, todos os visitantes e habitantes do Corvo possam desfrutar da beleza desta planta e para que se fa\u00e7a jus ao seu nome e este n\u00e3o fique no esquecimento. Apesar de a n\u00edvel mundial esta esp\u00e9cie estar listada com o estatuto de Vulner\u00e1vel a situa\u00e7\u00e3o da esp\u00e9cie \u00e9 bastante preocupante.<\/span><\/p>\n<p style=\"text-align: justify;\"><span style=\"color: #000000;\"><em>DL\/SPEA<\/em><\/span><\/p>","protected":false},"excerpt":{"rendered":"<p>No in\u00edcio do m\u00eas de agosto, decorreram trabalhos de prospe\u00e7\u00e3o \u00e0s fal\u00e9sias costeiras da Ilha do Corvo, arquip\u00e9lago dos A\u00e7ores, realizados pelos t\u00e9cnicos da Sociedade Portuguesa para o Estudo das Aves (SPEA), Carlos Silva e T\u00e2nia Pipa e pelo\u00a0 investigador da Universidade T\u00e9cnica de Munique (Alemanha), Prof. Dr. Hanno Schaefer. O resultado levou \u00e0 redescoberta [&hellip;]<\/p>","protected":false},"author":2,"featured_media":0,"comment_status":"open","ping_status":"open","sticky":false,"template":"","format":"standard","meta":[],"categories":[21],"tags":[],"acf":[],"yoast_head":"<!-- This site is optimized with the Yoast SEO plugin v20.10 - https:\/\/yoast.com\/wordpress\/plugins\/seo\/ -->\n<title>Planta rara redescoberta na ilha do Corvo - Di\u00e1rio da Lagoa<\/title>\n<meta name=\"robots\" content=\"index, follow, max-snippet:-1, max-image-preview:large, max-video-preview:-1\" \/>\n<link rel=\"canonical\" href=\"https:\/\/diariodalagoa.pt\/es\/planta-rara-redescoberta-na-ilha-do-corvo\/\" \/>\n<meta property=\"og:locale\" content=\"es_ES\" \/>\n<meta property=\"og:type\" content=\"article\" \/>\n<meta property=\"og:title\" content=\"Planta rara redescoberta na ilha do Corvo - Di\u00e1rio da Lagoa\" \/>\n<meta property=\"og:description\" content=\"No in\u00edcio do m\u00eas de agosto, decorreram trabalhos de prospe\u00e7\u00e3o \u00e0s fal\u00e9sias costeiras da Ilha do Corvo, arquip\u00e9lago dos A\u00e7ores, realizados pelos t\u00e9cnicos da Sociedade Portuguesa para o Estudo das Aves (SPEA), Carlos Silva e T\u00e2nia Pipa e pelo\u00a0 investigador da Universidade T\u00e9cnica de Munique (Alemanha), Prof. Dr. Hanno Schaefer. O resultado levou \u00e0 redescoberta [&hellip;]\" \/>\n<meta property=\"og:url\" content=\"https:\/\/diariodalagoa.pt\/es\/planta-rara-redescoberta-na-ilha-do-corvo\/\" \/>\n<meta property=\"og:site_name\" content=\"Di\u00e1rio da Lagoa\" \/>\n<meta property=\"article:published_time\" content=\"2014-08-21T18:03:01+00:00\" \/>\n<meta name=\"author\" content=\"Di\u00e1rio da Lagoa\" \/>\n<meta name=\"twitter:card\" content=\"summary_large_image\" \/>\n<meta name=\"twitter:label1\" content=\"Escrito por\" \/>\n\t<meta name=\"twitter:data1\" content=\"Di\u00e1rio da Lagoa\" \/>\n\t<meta name=\"twitter:label2\" content=\"Tiempo de lectura\" \/>\n\t<meta name=\"twitter:data2\" content=\"3 minutos\" \/>\n<script type=\"application\/ld+json\" class=\"yoast-schema-graph\">{\"@context\":\"https:\/\/schema.org\",\"@graph\":[{\"@type\":\"WebPage\",\"@id\":\"https:\/\/diariodalagoa.pt\/planta-rara-redescoberta-na-ilha-do-corvo\/\",\"url\":\"https:\/\/diariodalagoa.pt\/planta-rara-redescoberta-na-ilha-do-corvo\/\",\"name\":\"Planta rara redescoberta na ilha do Corvo - Di\u00e1rio da Lagoa\",\"isPartOf\":{\"@id\":\"https:\/\/diariodalagoa.pt\/#website\"},\"datePublished\":\"2014-08-21T18:03:01+00:00\",\"dateModified\":\"2014-08-21T18:03:01+00:00\",\"author\":{\"@id\":\"https:\/\/diariodalagoa.pt\/#\/schema\/person\/1615a002370e8857b6f972834bc43ece\"},\"breadcrumb\":{\"@id\":\"https:\/\/diariodalagoa.pt\/planta-rara-redescoberta-na-ilha-do-corvo\/#breadcrumb\"},\"inLanguage\":\"es\",\"potentialAction\":[{\"@type\":\"ReadAction\",\"target\":[\"https:\/\/diariodalagoa.pt\/planta-rara-redescoberta-na-ilha-do-corvo\/\"]}]},{\"@type\":\"BreadcrumbList\",\"@id\":\"https:\/\/diariodalagoa.pt\/planta-rara-redescoberta-na-ilha-do-corvo\/#breadcrumb\",\"itemListElement\":[{\"@type\":\"ListItem\",\"position\":1,\"name\":\"In\u00edcio\",\"item\":\"https:\/\/diariodalagoa.pt\/\"},{\"@type\":\"ListItem\",\"position\":2,\"name\":\"Planta rara redescoberta na ilha do Corvo\"}]},{\"@type\":\"WebSite\",\"@id\":\"https:\/\/diariodalagoa.pt\/#website\",\"url\":\"https:\/\/diariodalagoa.pt\/\",\"name\":\"Di\u00e1rio da Lagoa\",\"description\":\"Di\u00e1rio da Lagoa. As not\u00edcias que contam. A partir da Lagoa, nos A\u00e7ores, para o mundo.\",\"potentialAction\":[{\"@type\":\"SearchAction\",\"target\":{\"@type\":\"EntryPoint\",\"urlTemplate\":\"https:\/\/diariodalagoa.pt\/?s={search_term_string}\"},\"query-input\":\"required name=search_term_string\"}],\"inLanguage\":\"es\"},{\"@type\":\"Person\",\"@id\":\"https:\/\/diariodalagoa.pt\/#\/schema\/person\/1615a002370e8857b6f972834bc43ece\",\"name\":\"Di\u00e1rio da Lagoa\",\"image\":{\"@type\":\"ImageObject\",\"inLanguage\":\"es\",\"@id\":\"https:\/\/diariodalagoa.pt\/#\/schema\/person\/image\/\",\"url\":\"https:\/\/secure.gravatar.com\/avatar\/2cb5cef90a26f8fbd4d9d930608102c5?s=96&d=mm&r=g\",\"contentUrl\":\"https:\/\/secure.gravatar.com\/avatar\/2cb5cef90a26f8fbd4d9d930608102c5?s=96&d=mm&r=g\",\"caption\":\"Di\u00e1rio da Lagoa\"},\"url\":\"https:\/\/diariodalagoa.pt\/es\/author\/diariodalagoa\/\"}]}<\/script>\n<!-- \/ Yoast SEO plugin. -->","yoast_head_json":{"title":"Planta rara redescoberta na ilha do Corvo - Di\u00e1rio da Lagoa","robots":{"index":"index","follow":"follow","max-snippet":"max-snippet:-1","max-image-preview":"max-image-preview:large","max-video-preview":"max-video-preview:-1"},"canonical":"https:\/\/diariodalagoa.pt\/es\/planta-rara-redescoberta-na-ilha-do-corvo\/","og_locale":"es_ES","og_type":"article","og_title":"Planta rara redescoberta na ilha do Corvo - Di\u00e1rio da Lagoa","og_description":"No in\u00edcio do m\u00eas de agosto, decorreram trabalhos de prospe\u00e7\u00e3o \u00e0s fal\u00e9sias costeiras da Ilha do Corvo, arquip\u00e9lago dos A\u00e7ores, realizados pelos t\u00e9cnicos da Sociedade Portuguesa para o Estudo das Aves (SPEA), Carlos Silva e T\u00e2nia Pipa e pelo\u00a0 investigador da Universidade T\u00e9cnica de Munique (Alemanha), Prof. Dr. Hanno Schaefer. O resultado levou \u00e0 redescoberta [&hellip;]","og_url":"https:\/\/diariodalagoa.pt\/es\/planta-rara-redescoberta-na-ilha-do-corvo\/","og_site_name":"Di\u00e1rio da Lagoa","article_published_time":"2014-08-21T18:03:01+00:00","author":"Di\u00e1rio da Lagoa","twitter_card":"summary_large_image","twitter_misc":{"Escrito por":"Di\u00e1rio da Lagoa","Tiempo de lectura":"3 minutos"},"schema":{"@context":"https:\/\/schema.org","@graph":[{"@type":"WebPage","@id":"https:\/\/diariodalagoa.pt\/planta-rara-redescoberta-na-ilha-do-corvo\/","url":"https:\/\/diariodalagoa.pt\/planta-rara-redescoberta-na-ilha-do-corvo\/","name":"Planta rara redescoberta na ilha do Corvo - Di\u00e1rio da Lagoa","isPartOf":{"@id":"https:\/\/diariodalagoa.pt\/#website"},"datePublished":"2014-08-21T18:03:01+00:00","dateModified":"2014-08-21T18:03:01+00:00","author":{"@id":"https:\/\/diariodalagoa.pt\/#\/schema\/person\/1615a002370e8857b6f972834bc43ece"},"breadcrumb":{"@id":"https:\/\/diariodalagoa.pt\/planta-rara-redescoberta-na-ilha-do-corvo\/#breadcrumb"},"inLanguage":"es","potentialAction":[{"@type":"ReadAction","target":["https:\/\/diariodalagoa.pt\/planta-rara-redescoberta-na-ilha-do-corvo\/"]}]},{"@type":"BreadcrumbList","@id":"https:\/\/diariodalagoa.pt\/planta-rara-redescoberta-na-ilha-do-corvo\/#breadcrumb","itemListElement":[{"@type":"ListItem","position":1,"name":"In\u00edcio","item":"https:\/\/diariodalagoa.pt\/"},{"@type":"ListItem","position":2,"name":"Planta rara redescoberta na ilha do Corvo"}]},{"@type":"WebSite","@id":"https:\/\/diariodalagoa.pt\/#website","url":"https:\/\/diariodalagoa.pt\/","name":"Di\u00e1rio da Lagoa","description":"Di\u00e1rio da Lagoa. As not\u00edcias que contam. A partir da Lagoa, nos A\u00e7ores, para o mundo.","potentialAction":[{"@type":"SearchAction","target":{"@type":"EntryPoint","urlTemplate":"https:\/\/diariodalagoa.pt\/?s={search_term_string}"},"query-input":"required name=search_term_string"}],"inLanguage":"es"},{"@type":"Person","@id":"https:\/\/diariodalagoa.pt\/#\/schema\/person\/1615a002370e8857b6f972834bc43ece","name":"Di\u00e1rio da Lagoa","image":{"@type":"ImageObject","inLanguage":"es","@id":"https:\/\/diariodalagoa.pt\/#\/schema\/person\/image\/","url":"https:\/\/secure.gravatar.com\/avatar\/2cb5cef90a26f8fbd4d9d930608102c5?s=96&d=mm&r=g","contentUrl":"https:\/\/secure.gravatar.com\/avatar\/2cb5cef90a26f8fbd4d9d930608102c5?s=96&d=mm&r=g","caption":"Di\u00e1rio da Lagoa"},"url":"https:\/\/diariodalagoa.pt\/es\/author\/diariodalagoa\/"}]}},"_links":{"self":[{"href":"https:\/\/diariodalagoa.pt\/es\/wp-json\/wp\/v2\/posts\/8115"}],"collection":[{"href":"https:\/\/diariodalagoa.pt\/es\/wp-json\/wp\/v2\/posts"}],"about":[{"href":"https:\/\/diariodalagoa.pt\/es\/wp-json\/wp\/v2\/types\/post"}],"author":[{"embeddable":true,"href":"https:\/\/diariodalagoa.pt\/es\/wp-json\/wp\/v2\/users\/2"}],"replies":[{"embeddable":true,"href":"https:\/\/diariodalagoa.pt\/es\/wp-json\/wp\/v2\/comments?post=8115"}],"version-history":[{"count":0,"href":"https:\/\/diariodalagoa.pt\/es\/wp-json\/wp\/v2\/posts\/8115\/revisions"}],"wp:attachment":[{"href":"https:\/\/diariodalagoa.pt\/es\/wp-json\/wp\/v2\/media?parent=8115"}],"wp:term":[{"taxonomy":"category","embeddable":true,"href":"https:\/\/diariodalagoa.pt\/es\/wp-json\/wp\/v2\/categories?post=8115"},{"taxonomy":"post_tag","embeddable":true,"href":"https:\/\/diariodalagoa.pt\/es\/wp-json\/wp\/v2\/tags?post=8115"}],"curies":[{"name":"wp","href":"https:\/\/api.w.org\/{rel}","templated":true}]}}