{"id":8021,"date":"2014-08-19T17:06:47","date_gmt":"2014-08-19T18:06:47","guid":{"rendered":"http:\/\/diariodalagoa.pt\/?p=8021"},"modified":"2014-08-19T17:06:47","modified_gmt":"2014-08-19T18:06:47","slug":"governo-dos-acores-reforca-apoio-a-requalificacao-de-licenciados-desempregados","status":"publish","type":"post","link":"https:\/\/diariodalagoa.pt\/es\/governo-dos-acores-reforca-apoio-a-requalificacao-de-licenciados-desempregados\/","title":{"rendered":"Governo dos A\u00e7ores refor\u00e7a apoio \u00e0 requalifica\u00e7\u00e3o de licenciados desempregados"},"content":{"rendered":"<p style=\"text-align: justify;\"><img decoding=\"async\" class=\"alignnone wp-image-90\" src=\"http:\/\/diariodalagoa.pt\/wp-content\/uploads\/2014\/02\/PalacioConceicao_fev13@RA-6.jpg\" alt=\"PalacioConceicao_fev13@RA (6)\" width=\"720\" height=\"346\" \/><\/p>\n<p style=\"text-align: justify;\"><span style=\"color: #000000;\">O Governo dos A\u00e7ores assume, pelo segundo ano consecutivo, o apoio \u00e0s pessoas que se encontram desempregadas no sentido de redirecionarem a sua forma\u00e7\u00e3o superior de base para outra \u00e1rea de forma\u00e7\u00e3o e, com isso, aumentarem as hip\u00f3teses de integra\u00e7\u00e3o do mercado de trabalho.\u00a0<\/span><\/p>\n<p style=\"text-align: justify;\"><span style=\"color: #000000;\">O apoio governamental, enquadrado pelo programa Requalificar, \u00e9 concedido atrav\u00e9s do pagamento integral das propinas de mestrados em \u00e1reas consideradas de maior empregabilidade entre a oferta formativa da Universidade dos A\u00e7ores, com a qual o Governo Regional firmou um acordo para o efeito.\u00a0<\/span><\/p>\n<p style=\"text-align: justify;\"><span style=\"color: #000000;\">O Requalificar n\u00e3o tem car\u00e1ter obrigat\u00f3rio e a decis\u00e3o de candidatura ao programa \u00e9 da responsabilidade dos desempregados, cabendo \u00e0 Universidade dos A\u00e7ores o processo de sele\u00e7\u00e3o dos candidatos aos v\u00e1rios cursos a apoiar e \u00e0 Dire\u00e7\u00e3o Regional do Emprego e Forma\u00e7\u00e3o Profissional assegurar o pagamento das respetivas propinas.\u00a0<\/span><\/p>\n<p style=\"text-align: justify;\"><span style=\"color: #000000;\">Uma\u00a0portaria da Vice-Presid\u00eancia do Governo hoje publicada\u00a0no Jornal Oficial identifica as \u00e1reas de forma\u00e7\u00e3o consideradas de baixa empregabilidade, quer pelo n\u00famero de pessoas inscritas nas Ag\u00eancias de Emprego da Regi\u00e3o, quer pelo tempo em que essas pessoas permanecem inscritas em determinada \u00e1rea.\u00a0<\/span><\/p>\n<p style=\"text-align: justify;\"><span style=\"color: #000000;\">O programa abre a possibilidade de mestrados a licenciados desempregados em \u00e1reas como Ambiente, Sa\u00fade e Seguran\u00e7a, Ci\u00eancias Econ\u00f3micas e Empresariais, Gest\u00e3o do Turismo Internacional e Tradu\u00e7\u00e3o e Assessoria Lingu\u00edstica, no polo universit\u00e1rio de S. Miguel; Engenharia Agron\u00f3mica, Engenharia Zoot\u00e9cnica e Tecnologia e Seguran\u00e7a Alimentar, no polo da Terceira; e Estudos Integrados dos Oceanos, no polo do Faial.\u00a0<\/span><\/p>\n<p style=\"text-align: justify;\"><span style=\"color: #000000;\">V\u00e3o estar tamb\u00e9m dispon\u00edveis p\u00f3s-gradua\u00e7\u00f5es em An\u00e1lise de Dados e Gest\u00e3o de Informa\u00e7\u00e3o e em Seguran\u00e7a Alimentar e Sa\u00fade P\u00fablica, no polo universit\u00e1rio de S. Miguel.\u00a0<\/span><\/p>\n<p style=\"text-align: justify;\"><span style=\"color: #000000;\">Este ano, pela primeira vez, ser\u00e1 apoiado um Curso de Especializa\u00e7\u00e3o Tecnol\u00f3gica em Agropecu\u00e1ria, que decorrer\u00e1 no polo de Angra do Hero\u00edsmo da Universidade dos A\u00e7ores.<\/span><\/p>\n<p style=\"text-align: justify;\"><span style=\"color: #000000;\"><em>DL\/GaCS<\/em><\/span><\/p>","protected":false},"excerpt":{"rendered":"<p>O Governo dos A\u00e7ores assume, pelo segundo ano consecutivo, o apoio \u00e0s pessoas que se encontram desempregadas no sentido de redirecionarem a sua forma\u00e7\u00e3o superior de base para outra \u00e1rea de forma\u00e7\u00e3o e, com isso, aumentarem as hip\u00f3teses de integra\u00e7\u00e3o do mercado de trabalho.\u00a0 O apoio governamental, enquadrado pelo programa Requalificar, \u00e9 concedido atrav\u00e9s do [&hellip;]<\/p>","protected":false},"author":2,"featured_media":121856,"comment_status":"open","ping_status":"open","sticky":false,"template":"","format":"standard","meta":[],"categories":[21],"tags":[],"acf":[],"yoast_head":"<!-- This site is optimized with the Yoast SEO plugin v20.10 - https:\/\/yoast.com\/wordpress\/plugins\/seo\/ -->\n<title>Governo dos A\u00e7ores refor\u00e7a apoio \u00e0 requalifica\u00e7\u00e3o de licenciados desempregados - Di\u00e1rio da Lagoa<\/title>\n<meta name=\"robots\" content=\"index, follow, max-snippet:-1, max-image-preview:large, max-video-preview:-1\" \/>\n<link rel=\"canonical\" href=\"https:\/\/diariodalagoa.pt\/es\/governo-dos-acores-reforca-apoio-a-requalificacao-de-licenciados-desempregados\/\" \/>\n<meta property=\"og:locale\" content=\"es_ES\" \/>\n<meta property=\"og:type\" content=\"article\" \/>\n<meta property=\"og:title\" content=\"Governo dos A\u00e7ores refor\u00e7a apoio \u00e0 requalifica\u00e7\u00e3o de licenciados desempregados - Di\u00e1rio da Lagoa\" \/>\n<meta property=\"og:description\" content=\"O Governo dos A\u00e7ores assume, pelo segundo ano consecutivo, o apoio \u00e0s pessoas que se encontram desempregadas no sentido de redirecionarem a sua forma\u00e7\u00e3o superior de base para outra \u00e1rea de forma\u00e7\u00e3o e, com isso, aumentarem as hip\u00f3teses de integra\u00e7\u00e3o do mercado de trabalho.\u00a0 O apoio governamental, enquadrado pelo programa Requalificar, \u00e9 concedido atrav\u00e9s do [&hellip;]\" \/>\n<meta property=\"og:url\" content=\"https:\/\/diariodalagoa.pt\/es\/governo-dos-acores-reforca-apoio-a-requalificacao-de-licenciados-desempregados\/\" \/>\n<meta property=\"og:site_name\" content=\"Di\u00e1rio da Lagoa\" \/>\n<meta property=\"article:published_time\" content=\"2014-08-19T18:06:47+00:00\" \/>\n<meta property=\"og:image\" content=\"https:\/\/diariodalagoa.pt\/wp-content\/uploads\/2014\/08\/palacioconceicao-fev13ra-6.jpg\" \/>\n\t<meta property=\"og:image:width\" content=\"620\" \/>\n\t<meta property=\"og:image:height\" content=\"298\" \/>\n\t<meta property=\"og:image:type\" content=\"image\/jpeg\" \/>\n<meta name=\"author\" content=\"Di\u00e1rio da Lagoa\" \/>\n<meta name=\"twitter:card\" content=\"summary_large_image\" \/>\n<meta name=\"twitter:label1\" content=\"Escrito por\" \/>\n\t<meta name=\"twitter:data1\" content=\"Di\u00e1rio da Lagoa\" \/>\n\t<meta name=\"twitter:label2\" content=\"Tiempo de lectura\" \/>\n\t<meta name=\"twitter:data2\" content=\"2 minutos\" \/>\n<script type=\"application\/ld+json\" class=\"yoast-schema-graph\">{\"@context\":\"https:\/\/schema.org\",\"@graph\":[{\"@type\":\"WebPage\",\"@id\":\"https:\/\/diariodalagoa.pt\/governo-dos-acores-reforca-apoio-a-requalificacao-de-licenciados-desempregados\/\",\"url\":\"https:\/\/diariodalagoa.pt\/governo-dos-acores-reforca-apoio-a-requalificacao-de-licenciados-desempregados\/\",\"name\":\"Governo dos A\u00e7ores refor\u00e7a apoio \u00e0 requalifica\u00e7\u00e3o de licenciados desempregados - Di\u00e1rio da Lagoa\",\"isPartOf\":{\"@id\":\"https:\/\/diariodalagoa.pt\/#website\"},\"datePublished\":\"2014-08-19T18:06:47+00:00\",\"dateModified\":\"2014-08-19T18:06:47+00:00\",\"author\":{\"@id\":\"https:\/\/diariodalagoa.pt\/#\/schema\/person\/1615a002370e8857b6f972834bc43ece\"},\"breadcrumb\":{\"@id\":\"https:\/\/diariodalagoa.pt\/governo-dos-acores-reforca-apoio-a-requalificacao-de-licenciados-desempregados\/#breadcrumb\"},\"inLanguage\":\"es\",\"potentialAction\":[{\"@type\":\"ReadAction\",\"target\":[\"https:\/\/diariodalagoa.pt\/governo-dos-acores-reforca-apoio-a-requalificacao-de-licenciados-desempregados\/\"]}]},{\"@type\":\"BreadcrumbList\",\"@id\":\"https:\/\/diariodalagoa.pt\/governo-dos-acores-reforca-apoio-a-requalificacao-de-licenciados-desempregados\/#breadcrumb\",\"itemListElement\":[{\"@type\":\"ListItem\",\"position\":1,\"name\":\"In\u00edcio\",\"item\":\"https:\/\/diariodalagoa.pt\/\"},{\"@type\":\"ListItem\",\"position\":2,\"name\":\"Governo dos A\u00e7ores refor\u00e7a apoio \u00e0 requalifica\u00e7\u00e3o de licenciados desempregados\"}]},{\"@type\":\"WebSite\",\"@id\":\"https:\/\/diariodalagoa.pt\/#website\",\"url\":\"https:\/\/diariodalagoa.pt\/\",\"name\":\"Di\u00e1rio da Lagoa\",\"description\":\"Di\u00e1rio da Lagoa. As not\u00edcias que contam. A partir da Lagoa, nos A\u00e7ores, para o mundo.\",\"potentialAction\":[{\"@type\":\"SearchAction\",\"target\":{\"@type\":\"EntryPoint\",\"urlTemplate\":\"https:\/\/diariodalagoa.pt\/?s={search_term_string}\"},\"query-input\":\"required name=search_term_string\"}],\"inLanguage\":\"es\"},{\"@type\":\"Person\",\"@id\":\"https:\/\/diariodalagoa.pt\/#\/schema\/person\/1615a002370e8857b6f972834bc43ece\",\"name\":\"Di\u00e1rio da Lagoa\",\"image\":{\"@type\":\"ImageObject\",\"inLanguage\":\"es\",\"@id\":\"https:\/\/diariodalagoa.pt\/#\/schema\/person\/image\/\",\"url\":\"https:\/\/secure.gravatar.com\/avatar\/2cb5cef90a26f8fbd4d9d930608102c5?s=96&d=mm&r=g\",\"contentUrl\":\"https:\/\/secure.gravatar.com\/avatar\/2cb5cef90a26f8fbd4d9d930608102c5?s=96&d=mm&r=g\",\"caption\":\"Di\u00e1rio da Lagoa\"},\"url\":\"https:\/\/diariodalagoa.pt\/es\/author\/diariodalagoa\/\"}]}<\/script>\n<!-- \/ Yoast SEO plugin. -->","yoast_head_json":{"title":"Governo dos A\u00e7ores refor\u00e7a apoio \u00e0 requalifica\u00e7\u00e3o de licenciados desempregados - Di\u00e1rio da Lagoa","robots":{"index":"index","follow":"follow","max-snippet":"max-snippet:-1","max-image-preview":"max-image-preview:large","max-video-preview":"max-video-preview:-1"},"canonical":"https:\/\/diariodalagoa.pt\/es\/governo-dos-acores-reforca-apoio-a-requalificacao-de-licenciados-desempregados\/","og_locale":"es_ES","og_type":"article","og_title":"Governo dos A\u00e7ores refor\u00e7a apoio \u00e0 requalifica\u00e7\u00e3o de licenciados desempregados - Di\u00e1rio da Lagoa","og_description":"O Governo dos A\u00e7ores assume, pelo segundo ano consecutivo, o apoio \u00e0s pessoas que se encontram desempregadas no sentido de redirecionarem a sua forma\u00e7\u00e3o superior de base para outra \u00e1rea de forma\u00e7\u00e3o e, com isso, aumentarem as hip\u00f3teses de integra\u00e7\u00e3o do mercado de trabalho.\u00a0 O apoio governamental, enquadrado pelo programa Requalificar, \u00e9 concedido atrav\u00e9s do [&hellip;]","og_url":"https:\/\/diariodalagoa.pt\/es\/governo-dos-acores-reforca-apoio-a-requalificacao-de-licenciados-desempregados\/","og_site_name":"Di\u00e1rio da Lagoa","article_published_time":"2014-08-19T18:06:47+00:00","og_image":[{"width":620,"height":298,"url":"https:\/\/diariodalagoa.pt\/wp-content\/uploads\/2014\/08\/palacioconceicao-fev13ra-6.jpg","type":"image\/jpeg"}],"author":"Di\u00e1rio da Lagoa","twitter_card":"summary_large_image","twitter_misc":{"Escrito por":"Di\u00e1rio da Lagoa","Tiempo de lectura":"2 minutos"},"schema":{"@context":"https:\/\/schema.org","@graph":[{"@type":"WebPage","@id":"https:\/\/diariodalagoa.pt\/governo-dos-acores-reforca-apoio-a-requalificacao-de-licenciados-desempregados\/","url":"https:\/\/diariodalagoa.pt\/governo-dos-acores-reforca-apoio-a-requalificacao-de-licenciados-desempregados\/","name":"Governo dos A\u00e7ores refor\u00e7a apoio \u00e0 requalifica\u00e7\u00e3o de licenciados desempregados - Di\u00e1rio da Lagoa","isPartOf":{"@id":"https:\/\/diariodalagoa.pt\/#website"},"datePublished":"2014-08-19T18:06:47+00:00","dateModified":"2014-08-19T18:06:47+00:00","author":{"@id":"https:\/\/diariodalagoa.pt\/#\/schema\/person\/1615a002370e8857b6f972834bc43ece"},"breadcrumb":{"@id":"https:\/\/diariodalagoa.pt\/governo-dos-acores-reforca-apoio-a-requalificacao-de-licenciados-desempregados\/#breadcrumb"},"inLanguage":"es","potentialAction":[{"@type":"ReadAction","target":["https:\/\/diariodalagoa.pt\/governo-dos-acores-reforca-apoio-a-requalificacao-de-licenciados-desempregados\/"]}]},{"@type":"BreadcrumbList","@id":"https:\/\/diariodalagoa.pt\/governo-dos-acores-reforca-apoio-a-requalificacao-de-licenciados-desempregados\/#breadcrumb","itemListElement":[{"@type":"ListItem","position":1,"name":"In\u00edcio","item":"https:\/\/diariodalagoa.pt\/"},{"@type":"ListItem","position":2,"name":"Governo dos A\u00e7ores refor\u00e7a apoio \u00e0 requalifica\u00e7\u00e3o de licenciados desempregados"}]},{"@type":"WebSite","@id":"https:\/\/diariodalagoa.pt\/#website","url":"https:\/\/diariodalagoa.pt\/","name":"Di\u00e1rio da Lagoa","description":"Di\u00e1rio da Lagoa. As not\u00edcias que contam. A partir da Lagoa, nos A\u00e7ores, para o mundo.","potentialAction":[{"@type":"SearchAction","target":{"@type":"EntryPoint","urlTemplate":"https:\/\/diariodalagoa.pt\/?s={search_term_string}"},"query-input":"required name=search_term_string"}],"inLanguage":"es"},{"@type":"Person","@id":"https:\/\/diariodalagoa.pt\/#\/schema\/person\/1615a002370e8857b6f972834bc43ece","name":"Di\u00e1rio da Lagoa","image":{"@type":"ImageObject","inLanguage":"es","@id":"https:\/\/diariodalagoa.pt\/#\/schema\/person\/image\/","url":"https:\/\/secure.gravatar.com\/avatar\/2cb5cef90a26f8fbd4d9d930608102c5?s=96&d=mm&r=g","contentUrl":"https:\/\/secure.gravatar.com\/avatar\/2cb5cef90a26f8fbd4d9d930608102c5?s=96&d=mm&r=g","caption":"Di\u00e1rio da Lagoa"},"url":"https:\/\/diariodalagoa.pt\/es\/author\/diariodalagoa\/"}]}},"_links":{"self":[{"href":"https:\/\/diariodalagoa.pt\/es\/wp-json\/wp\/v2\/posts\/8021"}],"collection":[{"href":"https:\/\/diariodalagoa.pt\/es\/wp-json\/wp\/v2\/posts"}],"about":[{"href":"https:\/\/diariodalagoa.pt\/es\/wp-json\/wp\/v2\/types\/post"}],"author":[{"embeddable":true,"href":"https:\/\/diariodalagoa.pt\/es\/wp-json\/wp\/v2\/users\/2"}],"replies":[{"embeddable":true,"href":"https:\/\/diariodalagoa.pt\/es\/wp-json\/wp\/v2\/comments?post=8021"}],"version-history":[{"count":0,"href":"https:\/\/diariodalagoa.pt\/es\/wp-json\/wp\/v2\/posts\/8021\/revisions"}],"wp:featuredmedia":[{"embeddable":true,"href":"https:\/\/diariodalagoa.pt\/es\/wp-json\/wp\/v2\/media\/121856"}],"wp:attachment":[{"href":"https:\/\/diariodalagoa.pt\/es\/wp-json\/wp\/v2\/media?parent=8021"}],"wp:term":[{"taxonomy":"category","embeddable":true,"href":"https:\/\/diariodalagoa.pt\/es\/wp-json\/wp\/v2\/categories?post=8021"},{"taxonomy":"post_tag","embeddable":true,"href":"https:\/\/diariodalagoa.pt\/es\/wp-json\/wp\/v2\/tags?post=8021"}],"curies":[{"name":"wp","href":"https:\/\/api.w.org\/{rel}","templated":true}]}}