{"id":7865,"date":"2014-08-15T10:59:35","date_gmt":"2014-08-15T11:59:35","guid":{"rendered":"http:\/\/diariodalagoa.pt\/?p=7865"},"modified":"2014-08-15T10:59:35","modified_gmt":"2014-08-15T11:59:35","slug":"marinha-evacua-pescador-e-tripulante-de-embarcacao-e-de-navio-de-contentores","status":"publish","type":"post","link":"https:\/\/diariodalagoa.pt\/es\/marinha-evacua-pescador-e-tripulante-de-embarcacao-e-de-navio-de-contentores\/","title":{"rendered":"Marinha evacua pescador e tripulante de embarca\u00e7\u00e3o e de navio de contentores"},"content":{"rendered":"<p style=\"text-align: justify;\"><span style=\"color: rgb(0, 0, 0);\"><img decoding=\"async\" class=\"alignnone wp-image-7866 size-full\" src=\"http:\/\/diariodalagoa.pt\/wp-content\/uploads\/2014\/08\/Evacuacao_medica_BOUDICCA.jpg\" alt=\"Evacuacao_medica_BOUDICCA\" width=\"720\" height=\"380\" \/><\/span><\/p>\n<p style=\"text-align: justify;\"><span style=\"color: rgb(0, 0, 0);\">O Centro de Coordena\u00e7\u00e3o de Busca e Salvamento Mar\u00edtimo de Ponta Delgada (MRCC Delgada), em articula\u00e7\u00e3o com a For\u00e7a A\u00e9rea Portuguesa (FAP), coordenou durante a tarde e noite de ontem, 14 de agosto, a opera\u00e7\u00e3o de evacua\u00e7\u00e3o m\u00e9dica de um pescador, de nacionalidade portuguesa e 52 anos, que apresentava dor abdominal aguda no quadrante lateral esquerdo, da embarca\u00e7\u00e3o de pavilh\u00e3o nacional \u201c\u00cdris do Mar\u201d, que se encontrava em faina de pesca, a navegar a cerca de 275 quil\u00f3metros (150 milhas n\u00e1uticas) a sudoeste da ilha das Flores &#8211; A\u00e7ores.<\/span><\/p>\n<p style=\"text-align: justify;\"><span style=\"color: rgb(0, 0, 0);\">Segundo o comunicado da Marinha, o pedido de aux\u00edlio foi recebido pelo MRCC Delgada pelas 18h20, horas locais, tendo, de imediato, contactado o Centro de Orienta\u00e7\u00e3o de Doentes Urgentes (CODUMAR) do INEM, que identificou a necessidade de evacua\u00e7\u00e3o urgente do tripulante.<\/span><\/p>\n<p style=\"text-align: justify;\"><span style=\"color: rgb(0, 0, 0);\">O MRCC Delgada assumiu a coordena\u00e7\u00e3o das opera\u00e7\u00f5es, tendo solicitado ao Centro de Busca e Salvamento A\u00e9reo das Lajes (RCC Lajes) o empenhamento de meios a\u00e9reos da For\u00e7a A\u00e9rea para a realiza\u00e7\u00e3o da evacua\u00e7\u00e3o.<\/span><\/p>\n<p style=\"text-align: justify;\"><span style=\"color: rgb(0, 0, 0);\"> \u00c0s 21h35, um helic\u00f3ptero EH-101 Merlin descolou da Base A\u00e9rea das Lajes, com uma equipa m\u00e9dica a bordo, e voou ao encontro da embarca\u00e7\u00e3o de pesca. A fim de acompanhar e apoiar as comunica\u00e7\u00f5es entre a embarca\u00e7\u00e3o, o helic\u00f3ptero e os Centros de Busca e Salvamento envolvidos, foi tamb\u00e9m empenhada uma aeronave C-295M, destacada na Base A\u00e9rea das Lajes, de onde descolou \u00e0s 22h15, tendo aterrado \u00e0 01h35.<\/span><\/p>\n<p style=\"text-align: justify;\"><span style=\"color: rgb(0, 0, 0);\"> A opera\u00e7\u00e3o de evacua\u00e7\u00e3o foi executada com sucesso pelas 00h05 do dia 15, tendo o helic\u00f3ptero aterrado \u00e0 01h40 no aeroporto da Horta, de onde o tripulante foi transportado em estado est\u00e1vel para o Hospital daquela cidade por uma ambul\u00e2ncia do Servi\u00e7o Regional de Prote\u00e7\u00e3o Civil e Bombeiros dos A\u00e7ores (SRPCBA). \u00c0s 03h00 o helic\u00f3ptero descolou da Horta, tendo aterrado nas Lajes \u00e0s 03h55.<\/span><\/p>\n<p style=\"text-align: justify;\"><span style=\"color: rgb(0, 0, 0);\">Por outro lado, o MRCC Delgada, em articula\u00e7\u00e3o com a FAP, coordenou durante a tarde de ontem, 14 de agosto, a opera\u00e7\u00e3o de evacua\u00e7\u00e3o m\u00e9dica de um tripulante, de nacionalidade russa e 49 anos de idade, que apresentava queimaduras nos membros inferiores e superiores causados por \u00e1gua a ferver, do navio mercante de pavilh\u00e3o alem\u00e3o \u201cHajin San Diego\u201d, que navegava a cerca de 175 quil\u00f3metros (94 milhas n\u00e1uticas) a norte da Terceira &#8211; A\u00e7ores.<\/span><\/p>\n<p style=\"text-align: justify;\"><span style=\"color: rgb(0, 0, 0);\">O pedido de aux\u00edlio foi pelas 16h53, horas locais, tendo, de imediato, contactado o Centro de Orienta\u00e7\u00e3o de Doentes Urgentes (CODUMAR) do INEM, que identificou a necessidade de evacua\u00e7\u00e3o urgente do tripulante ferido.<\/span><\/p>\n<p style=\"text-align: justify;\"><span style=\"color: rgb(0, 0, 0);\">O helic\u00f3ptero da For\u00e7a A\u00e9rea\u00a0 Portuguesa EH-101 Merlin, descolou-se da Base A\u00e9rea das Lajes \u00e0s 18h30, com uma equipa m\u00e9dica a bordo, ao encontro do navio mercante.<\/span><\/p>\n<p style=\"text-align: justify;\"><span style=\"color: rgb(0, 0, 0);\">A opera\u00e7\u00e3o de evacua\u00e7\u00e3o foi executada com sucesso pelas 19h15, tendo o helic\u00f3ptero aterrado \u00e0s 19h45 na Base das Lajes, de onde o tripulante evacuado foi transportado em estado est\u00e1vel para o Hospital Santo Esp\u00edrito de Angra do Hero\u00edsmo por uma ambul\u00e2ncia do\u00a0Servi\u00e7o Regional de Prote\u00e7\u00e3o Civil e Bombeiros dos A\u00e7ores (SRPCBA).<\/span><\/p>\n<p style=\"text-align: justify;\"><em><span style=\"color: #000000;\">DL\/ MRCC Delgada<\/span><\/em><\/p>","protected":false},"excerpt":{"rendered":"<p>O Centro de Coordena\u00e7\u00e3o de Busca e Salvamento Mar\u00edtimo de Ponta Delgada (MRCC Delgada), em articula\u00e7\u00e3o com a For\u00e7a A\u00e9rea Portuguesa (FAP), coordenou durante a tarde e noite de ontem, 14 de agosto, a opera\u00e7\u00e3o de evacua\u00e7\u00e3o m\u00e9dica de um pescador, de nacionalidade portuguesa e 52 anos, que apresentava dor abdominal aguda no quadrante lateral [&hellip;]<\/p>","protected":false},"author":2,"featured_media":121867,"comment_status":"open","ping_status":"open","sticky":false,"template":"","format":"standard","meta":[],"categories":[21],"tags":[],"acf":[],"yoast_head":"<!-- This site is optimized with the Yoast SEO plugin v20.10 - https:\/\/yoast.com\/wordpress\/plugins\/seo\/ -->\n<title>Marinha evacua pescador e tripulante de embarca\u00e7\u00e3o e de navio de contentores - Di\u00e1rio da Lagoa<\/title>\n<meta name=\"robots\" content=\"index, follow, max-snippet:-1, max-image-preview:large, max-video-preview:-1\" \/>\n<link rel=\"canonical\" href=\"https:\/\/diariodalagoa.pt\/es\/marinha-evacua-pescador-e-tripulante-de-embarcacao-e-de-navio-de-contentores\/\" \/>\n<meta property=\"og:locale\" content=\"es_ES\" \/>\n<meta property=\"og:type\" content=\"article\" \/>\n<meta property=\"og:title\" content=\"Marinha evacua pescador e tripulante de embarca\u00e7\u00e3o e de navio de contentores - Di\u00e1rio da Lagoa\" \/>\n<meta property=\"og:description\" content=\"O Centro de Coordena\u00e7\u00e3o de Busca e Salvamento Mar\u00edtimo de Ponta Delgada (MRCC Delgada), em articula\u00e7\u00e3o com a For\u00e7a A\u00e9rea Portuguesa (FAP), coordenou durante a tarde e noite de ontem, 14 de agosto, a opera\u00e7\u00e3o de evacua\u00e7\u00e3o m\u00e9dica de um pescador, de nacionalidade portuguesa e 52 anos, que apresentava dor abdominal aguda no quadrante lateral [&hellip;]\" \/>\n<meta property=\"og:url\" content=\"https:\/\/diariodalagoa.pt\/es\/marinha-evacua-pescador-e-tripulante-de-embarcacao-e-de-navio-de-contentores\/\" \/>\n<meta property=\"og:site_name\" content=\"Di\u00e1rio da Lagoa\" \/>\n<meta property=\"article:published_time\" content=\"2014-08-15T11:59:35+00:00\" \/>\n<meta property=\"og:image\" content=\"https:\/\/diariodalagoa.pt\/wp-content\/uploads\/2014\/08\/evacuacao-medica-boudicca.jpg\" \/>\n\t<meta property=\"og:image:width\" content=\"720\" \/>\n\t<meta property=\"og:image:height\" content=\"380\" \/>\n\t<meta property=\"og:image:type\" content=\"image\/jpeg\" \/>\n<meta name=\"author\" content=\"Di\u00e1rio da Lagoa\" \/>\n<meta name=\"twitter:card\" content=\"summary_large_image\" \/>\n<meta name=\"twitter:label1\" content=\"Escrito por\" \/>\n\t<meta name=\"twitter:data1\" content=\"Di\u00e1rio da Lagoa\" \/>\n\t<meta name=\"twitter:label2\" content=\"Tiempo de lectura\" \/>\n\t<meta name=\"twitter:data2\" content=\"3 minutos\" \/>\n<script type=\"application\/ld+json\" class=\"yoast-schema-graph\">{\"@context\":\"https:\/\/schema.org\",\"@graph\":[{\"@type\":\"WebPage\",\"@id\":\"https:\/\/diariodalagoa.pt\/marinha-evacua-pescador-e-tripulante-de-embarcacao-e-de-navio-de-contentores\/\",\"url\":\"https:\/\/diariodalagoa.pt\/marinha-evacua-pescador-e-tripulante-de-embarcacao-e-de-navio-de-contentores\/\",\"name\":\"Marinha evacua pescador e tripulante de embarca\u00e7\u00e3o e de navio de contentores - Di\u00e1rio da Lagoa\",\"isPartOf\":{\"@id\":\"https:\/\/diariodalagoa.pt\/#website\"},\"datePublished\":\"2014-08-15T11:59:35+00:00\",\"dateModified\":\"2014-08-15T11:59:35+00:00\",\"author\":{\"@id\":\"https:\/\/diariodalagoa.pt\/#\/schema\/person\/1615a002370e8857b6f972834bc43ece\"},\"breadcrumb\":{\"@id\":\"https:\/\/diariodalagoa.pt\/marinha-evacua-pescador-e-tripulante-de-embarcacao-e-de-navio-de-contentores\/#breadcrumb\"},\"inLanguage\":\"es\",\"potentialAction\":[{\"@type\":\"ReadAction\",\"target\":[\"https:\/\/diariodalagoa.pt\/marinha-evacua-pescador-e-tripulante-de-embarcacao-e-de-navio-de-contentores\/\"]}]},{\"@type\":\"BreadcrumbList\",\"@id\":\"https:\/\/diariodalagoa.pt\/marinha-evacua-pescador-e-tripulante-de-embarcacao-e-de-navio-de-contentores\/#breadcrumb\",\"itemListElement\":[{\"@type\":\"ListItem\",\"position\":1,\"name\":\"In\u00edcio\",\"item\":\"https:\/\/diariodalagoa.pt\/\"},{\"@type\":\"ListItem\",\"position\":2,\"name\":\"Marinha evacua pescador e tripulante de embarca\u00e7\u00e3o e de navio de contentores\"}]},{\"@type\":\"WebSite\",\"@id\":\"https:\/\/diariodalagoa.pt\/#website\",\"url\":\"https:\/\/diariodalagoa.pt\/\",\"name\":\"Di\u00e1rio da Lagoa\",\"description\":\"Di\u00e1rio da Lagoa. As not\u00edcias que contam. A partir da Lagoa, nos A\u00e7ores, para o mundo.\",\"potentialAction\":[{\"@type\":\"SearchAction\",\"target\":{\"@type\":\"EntryPoint\",\"urlTemplate\":\"https:\/\/diariodalagoa.pt\/?s={search_term_string}\"},\"query-input\":\"required name=search_term_string\"}],\"inLanguage\":\"es\"},{\"@type\":\"Person\",\"@id\":\"https:\/\/diariodalagoa.pt\/#\/schema\/person\/1615a002370e8857b6f972834bc43ece\",\"name\":\"Di\u00e1rio da Lagoa\",\"image\":{\"@type\":\"ImageObject\",\"inLanguage\":\"es\",\"@id\":\"https:\/\/diariodalagoa.pt\/#\/schema\/person\/image\/\",\"url\":\"https:\/\/secure.gravatar.com\/avatar\/2cb5cef90a26f8fbd4d9d930608102c5?s=96&d=mm&r=g\",\"contentUrl\":\"https:\/\/secure.gravatar.com\/avatar\/2cb5cef90a26f8fbd4d9d930608102c5?s=96&d=mm&r=g\",\"caption\":\"Di\u00e1rio da Lagoa\"},\"url\":\"https:\/\/diariodalagoa.pt\/es\/author\/diariodalagoa\/\"}]}<\/script>\n<!-- \/ Yoast SEO plugin. -->","yoast_head_json":{"title":"Marinha evacua pescador e tripulante de embarca\u00e7\u00e3o e de navio de contentores - Di\u00e1rio da Lagoa","robots":{"index":"index","follow":"follow","max-snippet":"max-snippet:-1","max-image-preview":"max-image-preview:large","max-video-preview":"max-video-preview:-1"},"canonical":"https:\/\/diariodalagoa.pt\/es\/marinha-evacua-pescador-e-tripulante-de-embarcacao-e-de-navio-de-contentores\/","og_locale":"es_ES","og_type":"article","og_title":"Marinha evacua pescador e tripulante de embarca\u00e7\u00e3o e de navio de contentores - Di\u00e1rio da Lagoa","og_description":"O Centro de Coordena\u00e7\u00e3o de Busca e Salvamento Mar\u00edtimo de Ponta Delgada (MRCC Delgada), em articula\u00e7\u00e3o com a For\u00e7a A\u00e9rea Portuguesa (FAP), coordenou durante a tarde e noite de ontem, 14 de agosto, a opera\u00e7\u00e3o de evacua\u00e7\u00e3o m\u00e9dica de um pescador, de nacionalidade portuguesa e 52 anos, que apresentava dor abdominal aguda no quadrante lateral [&hellip;]","og_url":"https:\/\/diariodalagoa.pt\/es\/marinha-evacua-pescador-e-tripulante-de-embarcacao-e-de-navio-de-contentores\/","og_site_name":"Di\u00e1rio da Lagoa","article_published_time":"2014-08-15T11:59:35+00:00","og_image":[{"width":720,"height":380,"url":"https:\/\/diariodalagoa.pt\/wp-content\/uploads\/2014\/08\/evacuacao-medica-boudicca.jpg","type":"image\/jpeg"}],"author":"Di\u00e1rio da Lagoa","twitter_card":"summary_large_image","twitter_misc":{"Escrito por":"Di\u00e1rio da Lagoa","Tiempo de lectura":"3 minutos"},"schema":{"@context":"https:\/\/schema.org","@graph":[{"@type":"WebPage","@id":"https:\/\/diariodalagoa.pt\/marinha-evacua-pescador-e-tripulante-de-embarcacao-e-de-navio-de-contentores\/","url":"https:\/\/diariodalagoa.pt\/marinha-evacua-pescador-e-tripulante-de-embarcacao-e-de-navio-de-contentores\/","name":"Marinha evacua pescador e tripulante de embarca\u00e7\u00e3o e de navio de contentores - Di\u00e1rio da Lagoa","isPartOf":{"@id":"https:\/\/diariodalagoa.pt\/#website"},"datePublished":"2014-08-15T11:59:35+00:00","dateModified":"2014-08-15T11:59:35+00:00","author":{"@id":"https:\/\/diariodalagoa.pt\/#\/schema\/person\/1615a002370e8857b6f972834bc43ece"},"breadcrumb":{"@id":"https:\/\/diariodalagoa.pt\/marinha-evacua-pescador-e-tripulante-de-embarcacao-e-de-navio-de-contentores\/#breadcrumb"},"inLanguage":"es","potentialAction":[{"@type":"ReadAction","target":["https:\/\/diariodalagoa.pt\/marinha-evacua-pescador-e-tripulante-de-embarcacao-e-de-navio-de-contentores\/"]}]},{"@type":"BreadcrumbList","@id":"https:\/\/diariodalagoa.pt\/marinha-evacua-pescador-e-tripulante-de-embarcacao-e-de-navio-de-contentores\/#breadcrumb","itemListElement":[{"@type":"ListItem","position":1,"name":"In\u00edcio","item":"https:\/\/diariodalagoa.pt\/"},{"@type":"ListItem","position":2,"name":"Marinha evacua pescador e tripulante de embarca\u00e7\u00e3o e de navio de contentores"}]},{"@type":"WebSite","@id":"https:\/\/diariodalagoa.pt\/#website","url":"https:\/\/diariodalagoa.pt\/","name":"Di\u00e1rio da Lagoa","description":"Di\u00e1rio da Lagoa. As not\u00edcias que contam. A partir da Lagoa, nos A\u00e7ores, para o mundo.","potentialAction":[{"@type":"SearchAction","target":{"@type":"EntryPoint","urlTemplate":"https:\/\/diariodalagoa.pt\/?s={search_term_string}"},"query-input":"required name=search_term_string"}],"inLanguage":"es"},{"@type":"Person","@id":"https:\/\/diariodalagoa.pt\/#\/schema\/person\/1615a002370e8857b6f972834bc43ece","name":"Di\u00e1rio da Lagoa","image":{"@type":"ImageObject","inLanguage":"es","@id":"https:\/\/diariodalagoa.pt\/#\/schema\/person\/image\/","url":"https:\/\/secure.gravatar.com\/avatar\/2cb5cef90a26f8fbd4d9d930608102c5?s=96&d=mm&r=g","contentUrl":"https:\/\/secure.gravatar.com\/avatar\/2cb5cef90a26f8fbd4d9d930608102c5?s=96&d=mm&r=g","caption":"Di\u00e1rio da Lagoa"},"url":"https:\/\/diariodalagoa.pt\/es\/author\/diariodalagoa\/"}]}},"_links":{"self":[{"href":"https:\/\/diariodalagoa.pt\/es\/wp-json\/wp\/v2\/posts\/7865"}],"collection":[{"href":"https:\/\/diariodalagoa.pt\/es\/wp-json\/wp\/v2\/posts"}],"about":[{"href":"https:\/\/diariodalagoa.pt\/es\/wp-json\/wp\/v2\/types\/post"}],"author":[{"embeddable":true,"href":"https:\/\/diariodalagoa.pt\/es\/wp-json\/wp\/v2\/users\/2"}],"replies":[{"embeddable":true,"href":"https:\/\/diariodalagoa.pt\/es\/wp-json\/wp\/v2\/comments?post=7865"}],"version-history":[{"count":0,"href":"https:\/\/diariodalagoa.pt\/es\/wp-json\/wp\/v2\/posts\/7865\/revisions"}],"wp:featuredmedia":[{"embeddable":true,"href":"https:\/\/diariodalagoa.pt\/es\/wp-json\/wp\/v2\/media\/121867"}],"wp:attachment":[{"href":"https:\/\/diariodalagoa.pt\/es\/wp-json\/wp\/v2\/media?parent=7865"}],"wp:term":[{"taxonomy":"category","embeddable":true,"href":"https:\/\/diariodalagoa.pt\/es\/wp-json\/wp\/v2\/categories?post=7865"},{"taxonomy":"post_tag","embeddable":true,"href":"https:\/\/diariodalagoa.pt\/es\/wp-json\/wp\/v2\/tags?post=7865"}],"curies":[{"name":"wp","href":"https:\/\/api.w.org\/{rel}","templated":true}]}}