{"id":7828,"date":"2014-08-14T14:12:23","date_gmt":"2014-08-14T15:12:23","guid":{"rendered":"http:\/\/diariodalagoa.pt\/?p=7828"},"modified":"2014-08-14T14:12:23","modified_gmt":"2014-08-14T15:12:23","slug":"governo-dos-acores-concluiu-estrategia-de-investigacao-e-inovacao-para-a-especializacao-inteligente-ris3","status":"publish","type":"post","link":"https:\/\/diariodalagoa.pt\/es\/governo-dos-acores-concluiu-estrategia-de-investigacao-e-inovacao-para-a-especializacao-inteligente-ris3\/","title":{"rendered":"Governo dos A\u00e7ores concluiu Estrat\u00e9gia de Investiga\u00e7\u00e3o e Inova\u00e7\u00e3o para a Especializa\u00e7\u00e3o Inteligente (RIS3)"},"content":{"rendered":"<p style=\"text-align: justify;\"><a href=\"http:\/\/www.azores.gov.pt\/Portal\/pt\/entidades\/srmct\/textoImagem\/RIS_3_Acores.html%20\" target=\"_blank\" rel=\"noopener\"><img decoding=\"async\" class=\"alignnone size-full wp-image-6832\" src=\"http:\/\/diariodalagoa.pt\/wp-content\/uploads\/2014\/07\/RIS3-A\u00e7ores-governoi-consulta-publica.jpg\" alt=\"RIS3-A\u00e7ores-governoi-consulta-publica\" width=\"720\" height=\"378\" \/><\/a><\/p>\n<p style=\"text-align: justify;\"><span style=\"color: rgb(0, 0, 0);\">O Governo dos A\u00e7ores concluiu o processo de elabora\u00e7\u00e3o da Estrat\u00e9gia de Investiga\u00e7\u00e3o e Inova\u00e7\u00e3o para a Especializa\u00e7\u00e3o Inteligente (RIS3),\u00a0que ser\u00e1 implementada na Regi\u00e3o no per\u00edodo 2014-2020.<\/span><\/p>\n<p><span style=\"color: rgb(0, 0, 0);\">O documento final da RIS3 est\u00e1 dispon\u00edvel no endere\u00e7o eletr\u00f3nico\u00a0<span style=\"color: rgb(0, 0, 0);\"><a href=\"http:\/\/www.azores.gov.pt\/Portal\/pt\/entidades\/srmct\/textoImagem\/RIS_3_Acores.html\">http:\/\/www.azores.gov.pt\/Portal\/pt\/entidades\/srmct\/textoImagem\/RIS_3_Acores.html<\/a><\/span><\/span><\/p>\n<p style=\"text-align: justify;\"><span style=\"color: rgb(0, 0, 0);\">Este processo teve in\u00edcio em 2013 e contou, numa primeira fase, com os contributos de entidades regionais p\u00fablicas e privadas, que participaram em reuni\u00f5es tem\u00e1ticas e workshops realizados no \u00e2mbito das tr\u00eas \u00e1reas priorit\u00e1rias, nomeadamente &#8216;Agricultura, Pecu\u00e1ria e Agroind\u00fastria\u2019, \u2018Pescas e Mar\u2019 e\u00a0\u2018Turismo\u201d.<\/span><\/p>\n<p style=\"text-align: justify;\"><span style=\"color: rgb(0, 0, 0);\">Em julho, a proposta da RIS3 para os A\u00e7ores foi submetida a consulta p\u00fablica, tendo o relat\u00f3rio final integrado os pareceres de diversas entidades regionais, como a Universidade dos A\u00e7ores, empresas e particulares.<\/span><\/p>\n<p style=\"text-align: justify;\"><span style=\"color: rgb(0, 0, 0);\">No final de julho, ap\u00f3s o processo de ausculta\u00e7\u00e3o p\u00fablica, a Regi\u00e3o enviou o seu relat\u00f3rio final da RIS3 para ser integrado na Estrat\u00e9gia RIS3 nacional, que ser\u00e1 submetida \u00e0 Comiss\u00e3o Europeia como pr\u00e9-requisito para o pa\u00eds aceder aos fundos estruturais no per\u00edodo 2014-2020.<\/span><\/p>\n<p style=\"text-align: justify;\"><span style=\"color: rgb(0, 0, 0);\"><em>DL\/Gacs<\/em><\/span><\/p>","protected":false},"excerpt":{"rendered":"<p>O Governo dos A\u00e7ores concluiu o processo de elabora\u00e7\u00e3o da Estrat\u00e9gia de Investiga\u00e7\u00e3o e Inova\u00e7\u00e3o para a Especializa\u00e7\u00e3o Inteligente (RIS3),\u00a0que ser\u00e1 implementada na Regi\u00e3o no per\u00edodo 2014-2020. O documento final da RIS3 est\u00e1 dispon\u00edvel no endere\u00e7o eletr\u00f3nico\u00a0http:\/\/www.azores.gov.pt\/Portal\/pt\/entidades\/srmct\/textoImagem\/RIS_3_Acores.html Este processo teve in\u00edcio em 2013 e contou, numa primeira fase, com os contributos de entidades regionais p\u00fablicas [&hellip;]<\/p>","protected":false},"author":2,"featured_media":0,"comment_status":"open","ping_status":"open","sticky":false,"template":"","format":"standard","meta":[],"categories":[21],"tags":[],"acf":[],"yoast_head":"<!-- This site is optimized with the Yoast SEO plugin v20.10 - https:\/\/yoast.com\/wordpress\/plugins\/seo\/ -->\n<title>Governo dos A\u00e7ores concluiu Estrat\u00e9gia de Investiga\u00e7\u00e3o e Inova\u00e7\u00e3o para a Especializa\u00e7\u00e3o Inteligente (RIS3) - Di\u00e1rio da Lagoa<\/title>\n<meta name=\"robots\" content=\"index, follow, max-snippet:-1, max-image-preview:large, max-video-preview:-1\" \/>\n<link rel=\"canonical\" href=\"https:\/\/diariodalagoa.pt\/es\/governo-dos-acores-concluiu-estrategia-de-investigacao-e-inovacao-para-a-especializacao-inteligente-ris3\/\" \/>\n<meta property=\"og:locale\" content=\"es_ES\" \/>\n<meta property=\"og:type\" content=\"article\" \/>\n<meta property=\"og:title\" content=\"Governo dos A\u00e7ores concluiu Estrat\u00e9gia de Investiga\u00e7\u00e3o e Inova\u00e7\u00e3o para a Especializa\u00e7\u00e3o Inteligente (RIS3) - Di\u00e1rio da Lagoa\" \/>\n<meta property=\"og:description\" content=\"O Governo dos A\u00e7ores concluiu o processo de elabora\u00e7\u00e3o da Estrat\u00e9gia de Investiga\u00e7\u00e3o e Inova\u00e7\u00e3o para a Especializa\u00e7\u00e3o Inteligente (RIS3),\u00a0que ser\u00e1 implementada na Regi\u00e3o no per\u00edodo 2014-2020. O documento final da RIS3 est\u00e1 dispon\u00edvel no endere\u00e7o eletr\u00f3nico\u00a0http:\/\/www.azores.gov.pt\/Portal\/pt\/entidades\/srmct\/textoImagem\/RIS_3_Acores.html Este processo teve in\u00edcio em 2013 e contou, numa primeira fase, com os contributos de entidades regionais p\u00fablicas [&hellip;]\" \/>\n<meta property=\"og:url\" content=\"https:\/\/diariodalagoa.pt\/es\/governo-dos-acores-concluiu-estrategia-de-investigacao-e-inovacao-para-a-especializacao-inteligente-ris3\/\" \/>\n<meta property=\"og:site_name\" content=\"Di\u00e1rio da Lagoa\" \/>\n<meta property=\"article:published_time\" content=\"2014-08-14T15:12:23+00:00\" \/>\n<meta name=\"author\" content=\"Di\u00e1rio da Lagoa\" \/>\n<meta name=\"twitter:card\" content=\"summary_large_image\" \/>\n<meta name=\"twitter:label1\" content=\"Escrito por\" \/>\n\t<meta name=\"twitter:data1\" content=\"Di\u00e1rio da Lagoa\" \/>\n\t<meta name=\"twitter:label2\" content=\"Tiempo de lectura\" \/>\n\t<meta name=\"twitter:data2\" content=\"1 minuto\" \/>\n<script type=\"application\/ld+json\" class=\"yoast-schema-graph\">{\"@context\":\"https:\/\/schema.org\",\"@graph\":[{\"@type\":\"WebPage\",\"@id\":\"https:\/\/diariodalagoa.pt\/governo-dos-acores-concluiu-estrategia-de-investigacao-e-inovacao-para-a-especializacao-inteligente-ris3\/\",\"url\":\"https:\/\/diariodalagoa.pt\/governo-dos-acores-concluiu-estrategia-de-investigacao-e-inovacao-para-a-especializacao-inteligente-ris3\/\",\"name\":\"Governo dos A\u00e7ores concluiu Estrat\u00e9gia de Investiga\u00e7\u00e3o e Inova\u00e7\u00e3o para a Especializa\u00e7\u00e3o Inteligente (RIS3) - Di\u00e1rio da Lagoa\",\"isPartOf\":{\"@id\":\"https:\/\/diariodalagoa.pt\/#website\"},\"datePublished\":\"2014-08-14T15:12:23+00:00\",\"dateModified\":\"2014-08-14T15:12:23+00:00\",\"author\":{\"@id\":\"https:\/\/diariodalagoa.pt\/#\/schema\/person\/1615a002370e8857b6f972834bc43ece\"},\"breadcrumb\":{\"@id\":\"https:\/\/diariodalagoa.pt\/governo-dos-acores-concluiu-estrategia-de-investigacao-e-inovacao-para-a-especializacao-inteligente-ris3\/#breadcrumb\"},\"inLanguage\":\"es\",\"potentialAction\":[{\"@type\":\"ReadAction\",\"target\":[\"https:\/\/diariodalagoa.pt\/governo-dos-acores-concluiu-estrategia-de-investigacao-e-inovacao-para-a-especializacao-inteligente-ris3\/\"]}]},{\"@type\":\"BreadcrumbList\",\"@id\":\"https:\/\/diariodalagoa.pt\/governo-dos-acores-concluiu-estrategia-de-investigacao-e-inovacao-para-a-especializacao-inteligente-ris3\/#breadcrumb\",\"itemListElement\":[{\"@type\":\"ListItem\",\"position\":1,\"name\":\"In\u00edcio\",\"item\":\"https:\/\/diariodalagoa.pt\/\"},{\"@type\":\"ListItem\",\"position\":2,\"name\":\"Governo dos A\u00e7ores concluiu Estrat\u00e9gia de Investiga\u00e7\u00e3o e Inova\u00e7\u00e3o para a Especializa\u00e7\u00e3o Inteligente (RIS3)\"}]},{\"@type\":\"WebSite\",\"@id\":\"https:\/\/diariodalagoa.pt\/#website\",\"url\":\"https:\/\/diariodalagoa.pt\/\",\"name\":\"Di\u00e1rio da Lagoa\",\"description\":\"Di\u00e1rio da Lagoa. As not\u00edcias que contam. A partir da Lagoa, nos A\u00e7ores, para o mundo.\",\"potentialAction\":[{\"@type\":\"SearchAction\",\"target\":{\"@type\":\"EntryPoint\",\"urlTemplate\":\"https:\/\/diariodalagoa.pt\/?s={search_term_string}\"},\"query-input\":\"required name=search_term_string\"}],\"inLanguage\":\"es\"},{\"@type\":\"Person\",\"@id\":\"https:\/\/diariodalagoa.pt\/#\/schema\/person\/1615a002370e8857b6f972834bc43ece\",\"name\":\"Di\u00e1rio da Lagoa\",\"image\":{\"@type\":\"ImageObject\",\"inLanguage\":\"es\",\"@id\":\"https:\/\/diariodalagoa.pt\/#\/schema\/person\/image\/\",\"url\":\"https:\/\/secure.gravatar.com\/avatar\/2cb5cef90a26f8fbd4d9d930608102c5?s=96&d=mm&r=g\",\"contentUrl\":\"https:\/\/secure.gravatar.com\/avatar\/2cb5cef90a26f8fbd4d9d930608102c5?s=96&d=mm&r=g\",\"caption\":\"Di\u00e1rio da Lagoa\"},\"url\":\"https:\/\/diariodalagoa.pt\/es\/author\/diariodalagoa\/\"}]}<\/script>\n<!-- \/ Yoast SEO plugin. -->","yoast_head_json":{"title":"Governo dos A\u00e7ores concluiu Estrat\u00e9gia de Investiga\u00e7\u00e3o e Inova\u00e7\u00e3o para a Especializa\u00e7\u00e3o Inteligente (RIS3) - Di\u00e1rio da Lagoa","robots":{"index":"index","follow":"follow","max-snippet":"max-snippet:-1","max-image-preview":"max-image-preview:large","max-video-preview":"max-video-preview:-1"},"canonical":"https:\/\/diariodalagoa.pt\/es\/governo-dos-acores-concluiu-estrategia-de-investigacao-e-inovacao-para-a-especializacao-inteligente-ris3\/","og_locale":"es_ES","og_type":"article","og_title":"Governo dos A\u00e7ores concluiu Estrat\u00e9gia de Investiga\u00e7\u00e3o e Inova\u00e7\u00e3o para a Especializa\u00e7\u00e3o Inteligente (RIS3) - Di\u00e1rio da Lagoa","og_description":"O Governo dos A\u00e7ores concluiu o processo de elabora\u00e7\u00e3o da Estrat\u00e9gia de Investiga\u00e7\u00e3o e Inova\u00e7\u00e3o para a Especializa\u00e7\u00e3o Inteligente (RIS3),\u00a0que ser\u00e1 implementada na Regi\u00e3o no per\u00edodo 2014-2020. O documento final da RIS3 est\u00e1 dispon\u00edvel no endere\u00e7o eletr\u00f3nico\u00a0http:\/\/www.azores.gov.pt\/Portal\/pt\/entidades\/srmct\/textoImagem\/RIS_3_Acores.html Este processo teve in\u00edcio em 2013 e contou, numa primeira fase, com os contributos de entidades regionais p\u00fablicas [&hellip;]","og_url":"https:\/\/diariodalagoa.pt\/es\/governo-dos-acores-concluiu-estrategia-de-investigacao-e-inovacao-para-a-especializacao-inteligente-ris3\/","og_site_name":"Di\u00e1rio da Lagoa","article_published_time":"2014-08-14T15:12:23+00:00","author":"Di\u00e1rio da Lagoa","twitter_card":"summary_large_image","twitter_misc":{"Escrito por":"Di\u00e1rio da Lagoa","Tiempo de lectura":"1 minuto"},"schema":{"@context":"https:\/\/schema.org","@graph":[{"@type":"WebPage","@id":"https:\/\/diariodalagoa.pt\/governo-dos-acores-concluiu-estrategia-de-investigacao-e-inovacao-para-a-especializacao-inteligente-ris3\/","url":"https:\/\/diariodalagoa.pt\/governo-dos-acores-concluiu-estrategia-de-investigacao-e-inovacao-para-a-especializacao-inteligente-ris3\/","name":"Governo dos A\u00e7ores concluiu Estrat\u00e9gia de Investiga\u00e7\u00e3o e Inova\u00e7\u00e3o para a Especializa\u00e7\u00e3o Inteligente (RIS3) - Di\u00e1rio da Lagoa","isPartOf":{"@id":"https:\/\/diariodalagoa.pt\/#website"},"datePublished":"2014-08-14T15:12:23+00:00","dateModified":"2014-08-14T15:12:23+00:00","author":{"@id":"https:\/\/diariodalagoa.pt\/#\/schema\/person\/1615a002370e8857b6f972834bc43ece"},"breadcrumb":{"@id":"https:\/\/diariodalagoa.pt\/governo-dos-acores-concluiu-estrategia-de-investigacao-e-inovacao-para-a-especializacao-inteligente-ris3\/#breadcrumb"},"inLanguage":"es","potentialAction":[{"@type":"ReadAction","target":["https:\/\/diariodalagoa.pt\/governo-dos-acores-concluiu-estrategia-de-investigacao-e-inovacao-para-a-especializacao-inteligente-ris3\/"]}]},{"@type":"BreadcrumbList","@id":"https:\/\/diariodalagoa.pt\/governo-dos-acores-concluiu-estrategia-de-investigacao-e-inovacao-para-a-especializacao-inteligente-ris3\/#breadcrumb","itemListElement":[{"@type":"ListItem","position":1,"name":"In\u00edcio","item":"https:\/\/diariodalagoa.pt\/"},{"@type":"ListItem","position":2,"name":"Governo dos A\u00e7ores concluiu Estrat\u00e9gia de Investiga\u00e7\u00e3o e Inova\u00e7\u00e3o para a Especializa\u00e7\u00e3o Inteligente (RIS3)"}]},{"@type":"WebSite","@id":"https:\/\/diariodalagoa.pt\/#website","url":"https:\/\/diariodalagoa.pt\/","name":"Di\u00e1rio da Lagoa","description":"Di\u00e1rio da Lagoa. As not\u00edcias que contam. A partir da Lagoa, nos A\u00e7ores, para o mundo.","potentialAction":[{"@type":"SearchAction","target":{"@type":"EntryPoint","urlTemplate":"https:\/\/diariodalagoa.pt\/?s={search_term_string}"},"query-input":"required name=search_term_string"}],"inLanguage":"es"},{"@type":"Person","@id":"https:\/\/diariodalagoa.pt\/#\/schema\/person\/1615a002370e8857b6f972834bc43ece","name":"Di\u00e1rio da Lagoa","image":{"@type":"ImageObject","inLanguage":"es","@id":"https:\/\/diariodalagoa.pt\/#\/schema\/person\/image\/","url":"https:\/\/secure.gravatar.com\/avatar\/2cb5cef90a26f8fbd4d9d930608102c5?s=96&d=mm&r=g","contentUrl":"https:\/\/secure.gravatar.com\/avatar\/2cb5cef90a26f8fbd4d9d930608102c5?s=96&d=mm&r=g","caption":"Di\u00e1rio da Lagoa"},"url":"https:\/\/diariodalagoa.pt\/es\/author\/diariodalagoa\/"}]}},"_links":{"self":[{"href":"https:\/\/diariodalagoa.pt\/es\/wp-json\/wp\/v2\/posts\/7828"}],"collection":[{"href":"https:\/\/diariodalagoa.pt\/es\/wp-json\/wp\/v2\/posts"}],"about":[{"href":"https:\/\/diariodalagoa.pt\/es\/wp-json\/wp\/v2\/types\/post"}],"author":[{"embeddable":true,"href":"https:\/\/diariodalagoa.pt\/es\/wp-json\/wp\/v2\/users\/2"}],"replies":[{"embeddable":true,"href":"https:\/\/diariodalagoa.pt\/es\/wp-json\/wp\/v2\/comments?post=7828"}],"version-history":[{"count":0,"href":"https:\/\/diariodalagoa.pt\/es\/wp-json\/wp\/v2\/posts\/7828\/revisions"}],"wp:attachment":[{"href":"https:\/\/diariodalagoa.pt\/es\/wp-json\/wp\/v2\/media?parent=7828"}],"wp:term":[{"taxonomy":"category","embeddable":true,"href":"https:\/\/diariodalagoa.pt\/es\/wp-json\/wp\/v2\/categories?post=7828"},{"taxonomy":"post_tag","embeddable":true,"href":"https:\/\/diariodalagoa.pt\/es\/wp-json\/wp\/v2\/tags?post=7828"}],"curies":[{"name":"wp","href":"https:\/\/api.w.org\/{rel}","templated":true}]}}