{"id":77918,"date":"2019-09-07T12:05:31","date_gmt":"2019-09-07T12:05:31","guid":{"rendered":"https:\/\/diariodalagoa.pt\/?p=77918"},"modified":"2025-09-28T00:37:47","modified_gmt":"2025-09-28T00:37:47","slug":"rebuscos-respigos-de-agua-de-pau-02","status":"publish","type":"post","link":"https:\/\/diariodalagoa.pt\/es\/rebuscos-respigos-de-agua-de-pau-02\/","title":{"rendered":"Rebuscos &#038; Respigos de \u00c1gua de Pau &#8211; 02"},"content":{"rendered":"<figure class=\"wp-block-image\"><img decoding=\"async\" src=\"https:\/\/diariodalagoa.pt\/wp-content\/uploads\/2019\/09\/1963-Santiago-Futebol-Clube_set19_Diario-da-Lagoa_A\u00e7ores.jpg\" alt=\"\" class=\"wp-image-78124\"\/><\/figure>\n\n\n<h3><span style=\"color: #000000;\">L\u00c1 QU\u2019T&#8217;AMANHAS! &#8211; Hist\u00f3rias da minha Inf\u00e2ncia em \u00c1gua de Pau<\/span><\/h3>\n<p><span style=\"color: #000000;\">Ainda eu andava de cal\u00e7a curta e j\u00e1 corria as ruas da minha terra com os meus amigos. Um dia fomos, eu e o Antero \u201c\u00e0-bola\u201d, l\u00e1 p\u2019r\u00e1s bandas do Paul, na nossa \u00c1gua de Pau. Assim c\u2019m\u00e1ssim a gente n\u00e3o pagava para entrar. Agente \u00e9rim, t\u00e3 pequininos que nim d\u2019\u00e1-vim p\u2019la-gente no port\u00e3o do campo de jogos. O jogo ainda n&#8217;\u00e1via co\u2019me\u00e7ado !<\/span><\/p>\n<p><span style=\"color: #000000;\">A tia Rosalina Subica estava a entrar com as suas canastras com favas, amendoins, rab\u2019\u00e7ados e tramo\u00e7o e eu e o Antero, ajudamos a senhora a descer as escadas segurando as canastras de vime, bem cheias \u201cde-caqu\u2019ulo\u201d ! Tavam pesadas c\u2019m\u00e1 merda!<\/span><\/p>\n<p><span style=\"color: #000000;\">O Carlins Bir\u00f4ma, vinha com a gente, mas desinfiou-se assim que viu trabalho na frente ! Tam\u00e9m n\u00e3o lhe deix\u00e1rim entr\u00e1 no campo de jogos. Mas, ele fou-derroda p\u2019la canadinha do c\u2019mit\u00e9rio e c\u2019uando t\u00e1vim todos qu\u2019olho numa finta do Vidinha, j\u00e1 o jogo decorria, o Bir\u00f4ma, saltou para dentro do campo.<\/span><\/p>\n<p><span style=\"color: #000000;\">A gente, fou-se-sent\u00e1 atr\u00e1s da baliza do Lu\u00eds Francisco, o guarda-redes do Santiago, para ver as suas defesas. Ele dava cada margulho p\u00e1quele ch\u00e3o, que era de tremer ! Mas ele ag&#8217;uentava tude! Nim um golo ele levava! <\/span><span style=\"color: #000000;\">D\u2019ziam at\u00e9 que s\u2019ele bebesse um copo de vinho de cheiro da Caloura, antes de come\u00e7\u00e1 o jogo\u2026ainda defendia melh\u00f3 !<\/span><\/p>\n<p><span style=\"color: #000000;\">O jogo era entre o Santiago d\u2019\u00c1gua de Pau e os Amarelos de S. Roque. Dava sempre em pancadaria! Nunca acabava bem! Eles tinham cada bruto labrego, mas a gente n\u00e3o tinha medo deles. Era o Amaral ou o J\u00falio quem lhes tratava da sa\u00fade.<\/span><\/p>\n<p><span style=\"color: #000000;\">O J\u00falio jogava \u00e0 defesa e assim que o Mestre Jos\u00e9 Leste, o dono* da bola, gritasse:<\/span><\/p>\n<p><span style=\"color: #000000;\">&#8211; \u201cJ\u00fa\u00fallliio, passa a bola, mas n\u00e3o passa o homem ! Ouviste? &#8211; D\u00e1\u00e1\u00e1-lhe !!!\u201d<\/span><\/p>\n<p><span style=\"color: #000000;\">A gente tremia de emo\u00e7\u00e3o com estas cousas. Ouviam-se gritos por todo o campo e o Pol\u00edcia, o senhor Jos\u00e9 Lu\u00eds Louro, espumava de g\u00e9nio, olhando de l\u00e9s-a-l\u00e9s para quem se ia atirar primeiro.<\/span><\/p>\n<p><span style=\"color: #000000;\">Ent\u00e3o, de repente, ouviu-se:<\/span><br>\n<span style=\"color: #000000;\">&#8212; \u201cP\u2019l\u00e1\u00e1\u00e1h !!\u201d<\/span><\/p>\n<p><span style=\"color: #000000;\">L\u00e1 se tinha quebrado uma das veda\u00e7\u00f5es mal-feitas de varas de criptom\u00e9ria que rodeavam o campo de jogos. Algu\u00e9m excitara-se demais e levara uma vara consigo \u00e0 frente, enervado com uma grande canelada que o J\u00falio dera num dos Amarelos. Um dos Amarelos dirigia-se para a baliza e poderia fazer golo-certo, j\u00e1 se sabe! N\u00e3o chegara a entrar na grande-\u00e1rea, porque o J\u00falio fizera o que o seu presidente, Jos\u00e9 Leste, lhe pedira. Pregou-lhe nas canelas!!<\/span><\/p>\n<p><span style=\"color: #000000;\">&#8211;\u201c\u00c9 p\u00eanalte!\u201d \u2013 gritou o avan\u00e7ado dos Amarelos de S. Roque, levantando-se com a canela direira cheia de sanque.<\/span><\/p>\n<p><span style=\"color: #000000;\">&#8211;\u201cTu qu\u00e9s pinalte \u00e9 nos focins !\u201d \u2013 recorda o Eduardo Capito, outro defesa do Santiago.<\/span><\/p>\n<p><span style=\"color: #000000;\">Nisso, o pol\u00edcia dirige-se em passadas largas para o monte de homens a assistir ao jogo, onde tinha sido destru\u00edda a veda\u00e7\u00e3o do campo.<\/span><\/p>\n<p><span style=\"color: #000000;\">&#8212; \u201c L\u00c1 QU\u2019TAMANHAS ! O Pol\u00edcia vem a\u00ed!\u201d &#8212; disse um deles ao que tinha partido a veda\u00e7\u00e3o! Mal sabia este tamb\u00e9m o que lhe esperava!<\/span><\/p>\n<p><span style=\"color: #000000;\">Ac\u00e7\u00e3o imediata; o Louro, fulo de raiva, chegando junto do monte de gente, desaba o c\u00e1-cetete em todos, sem d\u00f3 nem piedade, e, s\u00f3 depois pergunta:<\/span><br>\n<span style=\"color: #000000;\">&#8212; \u201cQuem foi que partiu a veda\u00e7\u00e3o? Quem foi, quem foi ?!?! \u201c- gritou-lhes.<\/span><br>\n<span style=\"color: #000000;\">Ouviu-se v\u00e1rias vozes em sintonia:<\/span><\/p>\n<p><span style=\"color: #000000;\">&#8211; \u201cN\u00e3o-fui-eu, n\u00e3o-fui-eu senhor guarda!\u201d .<\/span><\/p>\n<p><span style=\"color: #000000;\">&#8212; \u201cIsse n\u00e3o m\u2019interessa! Quero saber..quim fou?\u201d \u2013 gritou!<\/span><\/p>\n<p><span style=\"color: #000000;\">&#8211;\u201cL\u00e1-v\u00e1-i-ele! L\u00e1-v\u00e1-i-ele ! \u2026s\u2019nh\u00f4 guarda!\u201d &#8211; Apontava o Bir\u00f4ma em direc\u00e7\u00e3o ao muro esborralhado da quinta da tia \u201cIngelina do Jos\u00e9 In\u00e1\u00e7o da Pra\u00e7a\u201d, por onde o Bir\u00f4ma tinha entrado tamb\u00e9m para o campo de jogos, sem pagar.<\/span><\/p>\n<p><span style=\"color: #000000;\">O pol\u00edcia ainda experimentou um sinal de arranque \u2026mas desistiu da persegui\u00e7\u00e3o. O rapaz era muito ligeiro para o conseguir apanh\u00e1-lo e virando-se para os outros disse-lhes:<\/span><\/p>\n<p><span style=\"color: #000000;\">&#8211;\u201cAmanhem l\u00e1 isso outra vez ou eu arrebento com vass\u00eas-todos, tamos intendidos? \u201c<\/span><\/p>\n<p><span style=\"color: #000000;\">&#8212; \u201cSim-s\u2019nh\u00f4 s\u00f4 guarda ! Agente v\u00e1 amanh\u00e1 isso!\u201d \u2013 Responderam todos, numa cantilena, cheios de medo. E assim foi.<\/span><\/p>\n<p><span style=\"color: #000000;\">Enquanto isso, o Vidinha tinha marcado um golo a passe de g\u00e9nio de Veber Mateus para o Almeidinha que, em corrida pela linha lateral direita assistira Te\u00f3filo Vidinha que em habilidade e mesmo de fora da \u00e1rea, fez um gol\u00e3o de se tirar o chap\u00e9u! Santiago \u00e0 frente do marcador\u2026.!<\/span><\/p>\n<p><span style=\"color: #000000;\">O resto do jogo, j\u00e1 n\u00e3o interessa, mas ainda me recordo que a gente, eu e o Antero fomos comprar amendoins \u00e0 tia Rosalina Subica e no caminho o Antero chamou-me a aten\u00e7\u00e3o para uma rapariga bonita que estava em cima de um palanquim \u00abpequinino\u00bb sobre-elevado, com uma faixa que vinha do lado esquerdo do pesco\u00e7o \u00e0 sua anca direita, destacando-se de toda a gente.<\/span><\/p>\n<p><span style=\"color: #000000;\">&#8212; \u201cEla \u00e9 a Rainha do Santiago\u201d, disse-me o Antero. \u201cNo ano passado era a irm\u00e3 do Bir\u00f4ma, a Lurdes Bengala\u201d, continuou.<\/span><\/p>\n<p><span style=\"color: #000000;\">&#8212; \u201cAquela n\u00e3o costuma ir para a tua casa?\u201d, perguntei eu ao Antero.<\/span><\/p>\n<p><span style=\"color: #000000;\">&#8211;\u201cSim, \u00e9 a Joana Esquita, vai para l\u00e1 ler \u00abcaprichos\u00bb que imprestam \u00e0 minha m\u00e3e!\u201d, completa o Antero.<\/span><\/p>\n<p><span style=\"color: #000000;\">Acabou-se o jogo e ainda melhor com uma vit\u00f3ria do Santiago, apesar de tanto desacato, porrada e brigas de abrir-ch\u00e3o, que acabaram com o pol\u00edcia Jos\u00e9 Lu\u00eds Louro a \u00abmarg\u2019lhar\u00bb a cabe\u00e7a dentro do tanque da \u00e1gua a um adepto dos Amarelos de S. Roque.<\/span><\/p>\n<p><span style=\"color: #000000;\">Aquele policia n\u00e3o era para brincadeira ninuma! Car\u00e9dim-Cruz ! Santo nome de Jasus !<\/span><\/p>\n<p><span style=\"color: #000000;\">A gente partiu para outra, eu e o meu amigo Antero\u2026<\/span><br>\n<span style=\"color: #000000;\">\u201dEh vamos \u00e1s \u00abm\u00f3cnas\u00bb no teu quintal do Pico? \u201c \u2013 \u201cVamos a elas!\u201d \u2013 Respondi eu\u2026. E l\u00e1 fomos!<\/span><\/p>\n<p><span style=\"color: #000000;\">J\u00c1 FOI H\u00c1 ALGUNS 50 ANOS&#8230;NA VILA DE \u00c1GUA DE PAU !<\/span><\/p>\n<p style=\"text-align: right;\"><span style=\"color: #000000;\"><em>Por: RoberTo MedeirOs<\/em><\/span><br>\n<span style=\"color: #000000;\"><em>(Artigo publicado na edi\u00e7\u00e3o impressa de setembro de 2019)<\/em><\/span><\/p>","protected":false},"excerpt":{"rendered":"<p>L\u00c1 QU\u2019T&#8217;AMANHAS! &#8211; Hist\u00f3rias da minha Inf\u00e2ncia em \u00c1gua de Pau Ainda eu andava de cal\u00e7a curta e j\u00e1 corria as ruas da minha terra com os meus amigos. Um dia fomos, eu e o Antero \u201c\u00e0-bola\u201d, l\u00e1 p\u2019r\u00e1s bandas do Paul, na nossa \u00c1gua de Pau. Assim c\u2019m\u00e1ssim a gente n\u00e3o pagava para entrar. [&hellip;]<\/p>","protected":false},"author":2,"featured_media":110108,"comment_status":"open","ping_status":"open","sticky":false,"template":"","format":"standard","meta":[],"categories":[11],"tags":[],"acf":[],"yoast_head":"<!-- This site is optimized with the Yoast SEO plugin v20.10 - https:\/\/yoast.com\/wordpress\/plugins\/seo\/ -->\n<title>Rebuscos &amp; Respigos de \u00c1gua de Pau - 02 - Di\u00e1rio da Lagoa<\/title>\n<meta name=\"robots\" content=\"index, follow, max-snippet:-1, max-image-preview:large, max-video-preview:-1\" \/>\n<link rel=\"canonical\" href=\"https:\/\/diariodalagoa.pt\/es\/rebuscos-respigos-de-agua-de-pau-02\/\" \/>\n<meta property=\"og:locale\" content=\"es_ES\" \/>\n<meta property=\"og:type\" content=\"article\" \/>\n<meta property=\"og:title\" content=\"Rebuscos &amp; Respigos de \u00c1gua de Pau - 02 - Di\u00e1rio da Lagoa\" \/>\n<meta property=\"og:description\" content=\"L\u00c1 QU\u2019T&#8217;AMANHAS! &#8211; Hist\u00f3rias da minha Inf\u00e2ncia em \u00c1gua de Pau Ainda eu andava de cal\u00e7a curta e j\u00e1 corria as ruas da minha terra com os meus amigos. Um dia fomos, eu e o Antero \u201c\u00e0-bola\u201d, l\u00e1 p\u2019r\u00e1s bandas do Paul, na nossa \u00c1gua de Pau. Assim c\u2019m\u00e1ssim a gente n\u00e3o pagava para entrar. [&hellip;]\" \/>\n<meta property=\"og:url\" content=\"https:\/\/diariodalagoa.pt\/es\/rebuscos-respigos-de-agua-de-pau-02\/\" \/>\n<meta property=\"og:site_name\" content=\"Di\u00e1rio da Lagoa\" \/>\n<meta property=\"article:published_time\" content=\"2019-09-07T12:05:31+00:00\" \/>\n<meta property=\"article:modified_time\" content=\"2025-09-28T00:37:47+00:00\" \/>\n<meta property=\"og:image\" content=\"https:\/\/diariodalagoa.pt\/wp-content\/uploads\/2019\/09\/1963-santiago-futebol-clube-set19-diario-da-lagoa-acores.jpg\" \/>\n\t<meta property=\"og:image:width\" content=\"960\" \/>\n\t<meta property=\"og:image:height\" content=\"619\" \/>\n\t<meta property=\"og:image:type\" content=\"image\/jpeg\" \/>\n<meta name=\"author\" content=\"Di\u00e1rio da Lagoa\" \/>\n<meta name=\"twitter:card\" content=\"summary_large_image\" \/>\n<meta name=\"twitter:label1\" content=\"Escrito por\" \/>\n\t<meta name=\"twitter:data1\" content=\"Di\u00e1rio da Lagoa\" \/>\n\t<meta name=\"twitter:label2\" content=\"Tiempo de lectura\" \/>\n\t<meta name=\"twitter:data2\" content=\"5 minutos\" \/>\n<script type=\"application\/ld+json\" class=\"yoast-schema-graph\">{\"@context\":\"https:\/\/schema.org\",\"@graph\":[{\"@type\":\"WebPage\",\"@id\":\"https:\/\/diariodalagoa.pt\/rebuscos-respigos-de-agua-de-pau-02\/\",\"url\":\"https:\/\/diariodalagoa.pt\/rebuscos-respigos-de-agua-de-pau-02\/\",\"name\":\"Rebuscos & Respigos de \u00c1gua de Pau - 02 - Di\u00e1rio da Lagoa\",\"isPartOf\":{\"@id\":\"https:\/\/diariodalagoa.pt\/#website\"},\"datePublished\":\"2019-09-07T12:05:31+00:00\",\"dateModified\":\"2025-09-28T00:37:47+00:00\",\"author\":{\"@id\":\"https:\/\/diariodalagoa.pt\/#\/schema\/person\/1615a002370e8857b6f972834bc43ece\"},\"breadcrumb\":{\"@id\":\"https:\/\/diariodalagoa.pt\/rebuscos-respigos-de-agua-de-pau-02\/#breadcrumb\"},\"inLanguage\":\"es\",\"potentialAction\":[{\"@type\":\"ReadAction\",\"target\":[\"https:\/\/diariodalagoa.pt\/rebuscos-respigos-de-agua-de-pau-02\/\"]}]},{\"@type\":\"BreadcrumbList\",\"@id\":\"https:\/\/diariodalagoa.pt\/rebuscos-respigos-de-agua-de-pau-02\/#breadcrumb\",\"itemListElement\":[{\"@type\":\"ListItem\",\"position\":1,\"name\":\"In\u00edcio\",\"item\":\"https:\/\/diariodalagoa.pt\/\"},{\"@type\":\"ListItem\",\"position\":2,\"name\":\"Rebuscos &#038; Respigos de \u00c1gua de Pau &#8211; 02\"}]},{\"@type\":\"WebSite\",\"@id\":\"https:\/\/diariodalagoa.pt\/#website\",\"url\":\"https:\/\/diariodalagoa.pt\/\",\"name\":\"Di\u00e1rio da Lagoa\",\"description\":\"Di\u00e1rio da Lagoa. As not\u00edcias que contam. A partir da Lagoa, nos A\u00e7ores, para o mundo.\",\"potentialAction\":[{\"@type\":\"SearchAction\",\"target\":{\"@type\":\"EntryPoint\",\"urlTemplate\":\"https:\/\/diariodalagoa.pt\/?s={search_term_string}\"},\"query-input\":\"required name=search_term_string\"}],\"inLanguage\":\"es\"},{\"@type\":\"Person\",\"@id\":\"https:\/\/diariodalagoa.pt\/#\/schema\/person\/1615a002370e8857b6f972834bc43ece\",\"name\":\"Di\u00e1rio da Lagoa\",\"image\":{\"@type\":\"ImageObject\",\"inLanguage\":\"es\",\"@id\":\"https:\/\/diariodalagoa.pt\/#\/schema\/person\/image\/\",\"url\":\"https:\/\/secure.gravatar.com\/avatar\/2cb5cef90a26f8fbd4d9d930608102c5?s=96&d=mm&r=g\",\"contentUrl\":\"https:\/\/secure.gravatar.com\/avatar\/2cb5cef90a26f8fbd4d9d930608102c5?s=96&d=mm&r=g\",\"caption\":\"Di\u00e1rio da Lagoa\"},\"url\":\"https:\/\/diariodalagoa.pt\/es\/author\/diariodalagoa\/\"}]}<\/script>\n<!-- \/ Yoast SEO plugin. -->","yoast_head_json":{"title":"Rebuscos & Respigos de \u00c1gua de Pau - 02 - Di\u00e1rio da Lagoa","robots":{"index":"index","follow":"follow","max-snippet":"max-snippet:-1","max-image-preview":"max-image-preview:large","max-video-preview":"max-video-preview:-1"},"canonical":"https:\/\/diariodalagoa.pt\/es\/rebuscos-respigos-de-agua-de-pau-02\/","og_locale":"es_ES","og_type":"article","og_title":"Rebuscos & Respigos de \u00c1gua de Pau - 02 - Di\u00e1rio da Lagoa","og_description":"L\u00c1 QU\u2019T&#8217;AMANHAS! &#8211; Hist\u00f3rias da minha Inf\u00e2ncia em \u00c1gua de Pau Ainda eu andava de cal\u00e7a curta e j\u00e1 corria as ruas da minha terra com os meus amigos. Um dia fomos, eu e o Antero \u201c\u00e0-bola\u201d, l\u00e1 p\u2019r\u00e1s bandas do Paul, na nossa \u00c1gua de Pau. Assim c\u2019m\u00e1ssim a gente n\u00e3o pagava para entrar. [&hellip;]","og_url":"https:\/\/diariodalagoa.pt\/es\/rebuscos-respigos-de-agua-de-pau-02\/","og_site_name":"Di\u00e1rio da Lagoa","article_published_time":"2019-09-07T12:05:31+00:00","article_modified_time":"2025-09-28T00:37:47+00:00","og_image":[{"width":960,"height":619,"url":"https:\/\/diariodalagoa.pt\/wp-content\/uploads\/2019\/09\/1963-santiago-futebol-clube-set19-diario-da-lagoa-acores.jpg","type":"image\/jpeg"}],"author":"Di\u00e1rio da Lagoa","twitter_card":"summary_large_image","twitter_misc":{"Escrito por":"Di\u00e1rio da Lagoa","Tiempo de lectura":"5 minutos"},"schema":{"@context":"https:\/\/schema.org","@graph":[{"@type":"WebPage","@id":"https:\/\/diariodalagoa.pt\/rebuscos-respigos-de-agua-de-pau-02\/","url":"https:\/\/diariodalagoa.pt\/rebuscos-respigos-de-agua-de-pau-02\/","name":"Rebuscos & Respigos de \u00c1gua de Pau - 02 - Di\u00e1rio da Lagoa","isPartOf":{"@id":"https:\/\/diariodalagoa.pt\/#website"},"datePublished":"2019-09-07T12:05:31+00:00","dateModified":"2025-09-28T00:37:47+00:00","author":{"@id":"https:\/\/diariodalagoa.pt\/#\/schema\/person\/1615a002370e8857b6f972834bc43ece"},"breadcrumb":{"@id":"https:\/\/diariodalagoa.pt\/rebuscos-respigos-de-agua-de-pau-02\/#breadcrumb"},"inLanguage":"es","potentialAction":[{"@type":"ReadAction","target":["https:\/\/diariodalagoa.pt\/rebuscos-respigos-de-agua-de-pau-02\/"]}]},{"@type":"BreadcrumbList","@id":"https:\/\/diariodalagoa.pt\/rebuscos-respigos-de-agua-de-pau-02\/#breadcrumb","itemListElement":[{"@type":"ListItem","position":1,"name":"In\u00edcio","item":"https:\/\/diariodalagoa.pt\/"},{"@type":"ListItem","position":2,"name":"Rebuscos &#038; Respigos de \u00c1gua de Pau &#8211; 02"}]},{"@type":"WebSite","@id":"https:\/\/diariodalagoa.pt\/#website","url":"https:\/\/diariodalagoa.pt\/","name":"Di\u00e1rio da Lagoa","description":"Di\u00e1rio da Lagoa. As not\u00edcias que contam. A partir da Lagoa, nos A\u00e7ores, para o mundo.","potentialAction":[{"@type":"SearchAction","target":{"@type":"EntryPoint","urlTemplate":"https:\/\/diariodalagoa.pt\/?s={search_term_string}"},"query-input":"required name=search_term_string"}],"inLanguage":"es"},{"@type":"Person","@id":"https:\/\/diariodalagoa.pt\/#\/schema\/person\/1615a002370e8857b6f972834bc43ece","name":"Di\u00e1rio da Lagoa","image":{"@type":"ImageObject","inLanguage":"es","@id":"https:\/\/diariodalagoa.pt\/#\/schema\/person\/image\/","url":"https:\/\/secure.gravatar.com\/avatar\/2cb5cef90a26f8fbd4d9d930608102c5?s=96&d=mm&r=g","contentUrl":"https:\/\/secure.gravatar.com\/avatar\/2cb5cef90a26f8fbd4d9d930608102c5?s=96&d=mm&r=g","caption":"Di\u00e1rio da Lagoa"},"url":"https:\/\/diariodalagoa.pt\/es\/author\/diariodalagoa\/"}]}},"_links":{"self":[{"href":"https:\/\/diariodalagoa.pt\/es\/wp-json\/wp\/v2\/posts\/77918"}],"collection":[{"href":"https:\/\/diariodalagoa.pt\/es\/wp-json\/wp\/v2\/posts"}],"about":[{"href":"https:\/\/diariodalagoa.pt\/es\/wp-json\/wp\/v2\/types\/post"}],"author":[{"embeddable":true,"href":"https:\/\/diariodalagoa.pt\/es\/wp-json\/wp\/v2\/users\/2"}],"replies":[{"embeddable":true,"href":"https:\/\/diariodalagoa.pt\/es\/wp-json\/wp\/v2\/comments?post=77918"}],"version-history":[{"count":1,"href":"https:\/\/diariodalagoa.pt\/es\/wp-json\/wp\/v2\/posts\/77918\/revisions"}],"predecessor-version":[{"id":126338,"href":"https:\/\/diariodalagoa.pt\/es\/wp-json\/wp\/v2\/posts\/77918\/revisions\/126338"}],"wp:featuredmedia":[{"embeddable":true,"href":"https:\/\/diariodalagoa.pt\/es\/wp-json\/wp\/v2\/media\/110108"}],"wp:attachment":[{"href":"https:\/\/diariodalagoa.pt\/es\/wp-json\/wp\/v2\/media?parent=77918"}],"wp:term":[{"taxonomy":"category","embeddable":true,"href":"https:\/\/diariodalagoa.pt\/es\/wp-json\/wp\/v2\/categories?post=77918"},{"taxonomy":"post_tag","embeddable":true,"href":"https:\/\/diariodalagoa.pt\/es\/wp-json\/wp\/v2\/tags?post=77918"}],"curies":[{"name":"wp","href":"https:\/\/api.w.org\/{rel}","templated":true}]}}