{"id":7732,"date":"2014-08-12T00:43:59","date_gmt":"2014-08-12T01:43:59","guid":{"rendered":"http:\/\/diariodalagoa.pt\/?p=7732"},"modified":"2014-08-12T00:43:59","modified_gmt":"2014-08-12T01:43:59","slug":"observacao-de-chuvas-de-meteoros-a-12-de-agosto-no-oasa","status":"publish","type":"post","link":"https:\/\/diariodalagoa.pt\/es\/observacao-de-chuvas-de-meteoros-a-12-de-agosto-no-oasa\/","title":{"rendered":"Observa\u00e7\u00e3o de chuvas de meteoros a 12 de agosto no OASA"},"content":{"rendered":"<p style=\"color: #666666; text-align: justify;\"><img decoding=\"async\" class=\"alignnone size-full wp-image-7733\" src=\"http:\/\/diariodalagoa.pt\/wp-content\/uploads\/2014\/08\/Chuva-meteoros.jpg\" alt=\"Chuva-meteoros\" width=\"720\" height=\"380\" \/><\/p>\n<p style=\"color: #666666; text-align: justify;\"><span style=\"color: #000000;\">A 12 agosto o Observat\u00f3rio Astron\u00f3mico de Santana estar\u00e1 aberto, a partir das 21h00, para a observa\u00e7\u00e3o da chuva de meteoros das Perseidas.<\/span><\/p>\n<p style=\"color: #666666; text-align: justify;\"><span style=\"color: #000000;\">As Perseidas s\u00e3o das chuvas de meteoros mais populares, apesar de nem sempre serem as mais fortes, como acontecer\u00e1 este ano, j\u00e1 que a Lua se encontrar\u00e1 muito brilhante, impedindo o visionamento dos meteoros mais pequenos. No entanto, durante o seu pico, poder\u00e3o ser observadas cerca de 60 \u201cestrelas cadentes\u201d por hora. Esta &#8220;chuva de estrelas&#8221; decorre entre os dias 17 de julho e 24 de agosto, podendo ser vistos alguns meteoros durante todo este per\u00edodo.<\/span><\/p>\n<p style=\"color: #666666; text-align: justify;\"><span style=\"color: #000000;\">As \u201cchuvas de meteoros\u201d n\u00e3o necessitam de material espec\u00edfico para serem observadas, podendo qualquer pessoa, com alguma paci\u00eancia, observar \u00e0 vista desarmada. De qualquer forma, o OASA estar\u00e1 de portas abertas para todos os que queiram partilhar connosco uma noite pintada com uma &#8220;chuva de estrelas&#8221;. Teremos alguns telesc\u00f3pios apontados para a radiante e todas as condi\u00e7\u00f5es para que todos possam estar confortavelmente &#8220;encostados&#8221; a observar esta &#8220;chuva de estrelas&#8221;.<\/span><\/p>\n<p style=\"color: #666666; text-align: justify;\"><span style=\"color: #000000;\">O pico \u00e9 esperado acontecer entre as 19h UT de 12 de Agosto e as 08h UT do dia 13, sendo mais prov\u00e1vel o m\u00e1ximo acontecer entre as 00h00 e as 03h00 UT de 13 de Agosto, se bem que os modelos da<a style=\"color: #3a3a3a;\" href=\"http:\/\/o%20pico%20%C3%A9%20esperado%20acontecer%20entre%20as%2019h%20ut%20de%2012%20de%20agosto%20e%20as%2008h%20ut%20do%20dia%2013%2C%20sendo%20mais%20prov%C3%A1vel%20o%20m%C3%A1ximo%20acontecer%20entre%20as%2000h00%20e%20as%2003h00%20ut%20de%2013%20de%20agosto%2C%20se%20bem%20que%20os%20modelos%20da%20international%20meteor%20organization%20sugerem%20que%20o%20m%C3%A1ximo%20acontecer%C3%A1%20na%20segunda%20parte%20do%20dia%2012.\/\" target=\"_blank\" rel=\"noopener\"><span style=\"color: #000000;\">International Meteor Organization<\/span><\/a>\u00a0sugerem que o m\u00e1ximo acontecer\u00e1 na segunda parte do dia 12.<\/span><\/p>\n<p style=\"color: #666666; text-align: justify;\"><span style=\"color: #000000;\">As Perseidas s\u00e3o uma &#8220;chuva de estrelas&#8221; resultante da passagem do cometa Swift-Tuttle. S\u00e3o assim denominadas devido \u00e0 sua radiante estar localizada na constela\u00e7\u00e3o de Perseus.<\/span><\/p>\n<p style=\"color: #666666; text-align: justify;\"><span style=\"color: #000000;\">N\u00e3o h\u00e1 necessidade de observa\u00e7\u00e3o com algum instrumento astron\u00f4mico. Se voc\u00ea se interessar em assistir esse espet\u00e1culo da natureza, fique de olhos atentos na dire\u00e7\u00e3o que escrevi acima e prepare-se para ver cerca de 60 meteoritos. A m\u00e1xima da chuva \u00e9 na madrugada do dia 12 de agosto \u00e0s\u00a003:00\u00a0Horas. S\u00e3o de brilho intenso, com cor clara ou branca e r\u00e1pidas.<\/span><br style=\"color: #000000;\" \/><br \/>\n<span style=\"color: #000000;\">Acompanhe a transmiss\u00e3o ao vivo a partir da meia noite do dia 12\/08\/2014<\/span><\/p>\n<p style=\"color: #666666; text-align: justify;\"><span style=\"color: #000000;\"><em>DL\/OASA<\/em><\/span><\/p>\n<p><iframe src=\"\/\/www.youtube.com\/embed\/If-RHkYlOU8\" width=\"560\" height=\"315\" frameborder=\"0\" allowfullscreen=\"allowfullscreen\"><\/iframe><\/p>\n<p>&nbsp;<\/p>","protected":false},"excerpt":{"rendered":"<p>A 12 agosto o Observat\u00f3rio Astron\u00f3mico de Santana estar\u00e1 aberto, a partir das 21h00, para a observa\u00e7\u00e3o da chuva de meteoros das Perseidas. As Perseidas s\u00e3o das chuvas de meteoros mais populares, apesar de nem sempre serem as mais fortes, como acontecer\u00e1 este ano, j\u00e1 que a Lua se encontrar\u00e1 muito brilhante, impedindo o visionamento [&hellip;]<\/p>","protected":false},"author":2,"featured_media":121874,"comment_status":"open","ping_status":"open","sticky":false,"template":"","format":"standard","meta":[],"categories":[21],"tags":[],"acf":[],"yoast_head":"<!-- This site is optimized with the Yoast SEO plugin v20.10 - https:\/\/yoast.com\/wordpress\/plugins\/seo\/ -->\n<title>Observa\u00e7\u00e3o de chuvas de meteoros a 12 de agosto no OASA - Di\u00e1rio da Lagoa<\/title>\n<meta name=\"robots\" content=\"index, follow, max-snippet:-1, max-image-preview:large, max-video-preview:-1\" \/>\n<link rel=\"canonical\" href=\"https:\/\/diariodalagoa.pt\/es\/observacao-de-chuvas-de-meteoros-a-12-de-agosto-no-oasa\/\" \/>\n<meta property=\"og:locale\" content=\"es_ES\" \/>\n<meta property=\"og:type\" content=\"article\" \/>\n<meta property=\"og:title\" content=\"Observa\u00e7\u00e3o de chuvas de meteoros a 12 de agosto no OASA - Di\u00e1rio da Lagoa\" \/>\n<meta property=\"og:description\" content=\"A 12 agosto o Observat\u00f3rio Astron\u00f3mico de Santana estar\u00e1 aberto, a partir das 21h00, para a observa\u00e7\u00e3o da chuva de meteoros das Perseidas. As Perseidas s\u00e3o das chuvas de meteoros mais populares, apesar de nem sempre serem as mais fortes, como acontecer\u00e1 este ano, j\u00e1 que a Lua se encontrar\u00e1 muito brilhante, impedindo o visionamento [&hellip;]\" \/>\n<meta property=\"og:url\" content=\"https:\/\/diariodalagoa.pt\/es\/observacao-de-chuvas-de-meteoros-a-12-de-agosto-no-oasa\/\" \/>\n<meta property=\"og:site_name\" content=\"Di\u00e1rio da Lagoa\" \/>\n<meta property=\"article:published_time\" content=\"2014-08-12T01:43:59+00:00\" \/>\n<meta property=\"og:image\" content=\"https:\/\/diariodalagoa.pt\/wp-content\/uploads\/2014\/08\/chuva-meteoros.jpg\" \/>\n\t<meta property=\"og:image:width\" content=\"720\" \/>\n\t<meta property=\"og:image:height\" content=\"380\" \/>\n\t<meta property=\"og:image:type\" content=\"image\/jpeg\" \/>\n<meta name=\"author\" content=\"Di\u00e1rio da Lagoa\" \/>\n<meta name=\"twitter:card\" content=\"summary_large_image\" \/>\n<meta name=\"twitter:label1\" content=\"Escrito por\" \/>\n\t<meta name=\"twitter:data1\" content=\"Di\u00e1rio da Lagoa\" \/>\n\t<meta name=\"twitter:label2\" content=\"Tiempo de lectura\" \/>\n\t<meta name=\"twitter:data2\" content=\"2 minutos\" \/>\n<script type=\"application\/ld+json\" class=\"yoast-schema-graph\">{\"@context\":\"https:\/\/schema.org\",\"@graph\":[{\"@type\":\"WebPage\",\"@id\":\"https:\/\/diariodalagoa.pt\/observacao-de-chuvas-de-meteoros-a-12-de-agosto-no-oasa\/\",\"url\":\"https:\/\/diariodalagoa.pt\/observacao-de-chuvas-de-meteoros-a-12-de-agosto-no-oasa\/\",\"name\":\"Observa\u00e7\u00e3o de chuvas de meteoros a 12 de agosto no OASA - Di\u00e1rio da Lagoa\",\"isPartOf\":{\"@id\":\"https:\/\/diariodalagoa.pt\/#website\"},\"datePublished\":\"2014-08-12T01:43:59+00:00\",\"dateModified\":\"2014-08-12T01:43:59+00:00\",\"author\":{\"@id\":\"https:\/\/diariodalagoa.pt\/#\/schema\/person\/1615a002370e8857b6f972834bc43ece\"},\"breadcrumb\":{\"@id\":\"https:\/\/diariodalagoa.pt\/observacao-de-chuvas-de-meteoros-a-12-de-agosto-no-oasa\/#breadcrumb\"},\"inLanguage\":\"es\",\"potentialAction\":[{\"@type\":\"ReadAction\",\"target\":[\"https:\/\/diariodalagoa.pt\/observacao-de-chuvas-de-meteoros-a-12-de-agosto-no-oasa\/\"]}]},{\"@type\":\"BreadcrumbList\",\"@id\":\"https:\/\/diariodalagoa.pt\/observacao-de-chuvas-de-meteoros-a-12-de-agosto-no-oasa\/#breadcrumb\",\"itemListElement\":[{\"@type\":\"ListItem\",\"position\":1,\"name\":\"In\u00edcio\",\"item\":\"https:\/\/diariodalagoa.pt\/\"},{\"@type\":\"ListItem\",\"position\":2,\"name\":\"Observa\u00e7\u00e3o de chuvas de meteoros a 12 de agosto no OASA\"}]},{\"@type\":\"WebSite\",\"@id\":\"https:\/\/diariodalagoa.pt\/#website\",\"url\":\"https:\/\/diariodalagoa.pt\/\",\"name\":\"Di\u00e1rio da Lagoa\",\"description\":\"Di\u00e1rio da Lagoa. As not\u00edcias que contam. A partir da Lagoa, nos A\u00e7ores, para o mundo.\",\"potentialAction\":[{\"@type\":\"SearchAction\",\"target\":{\"@type\":\"EntryPoint\",\"urlTemplate\":\"https:\/\/diariodalagoa.pt\/?s={search_term_string}\"},\"query-input\":\"required name=search_term_string\"}],\"inLanguage\":\"es\"},{\"@type\":\"Person\",\"@id\":\"https:\/\/diariodalagoa.pt\/#\/schema\/person\/1615a002370e8857b6f972834bc43ece\",\"name\":\"Di\u00e1rio da Lagoa\",\"image\":{\"@type\":\"ImageObject\",\"inLanguage\":\"es\",\"@id\":\"https:\/\/diariodalagoa.pt\/#\/schema\/person\/image\/\",\"url\":\"https:\/\/secure.gravatar.com\/avatar\/2cb5cef90a26f8fbd4d9d930608102c5?s=96&d=mm&r=g\",\"contentUrl\":\"https:\/\/secure.gravatar.com\/avatar\/2cb5cef90a26f8fbd4d9d930608102c5?s=96&d=mm&r=g\",\"caption\":\"Di\u00e1rio da Lagoa\"},\"url\":\"https:\/\/diariodalagoa.pt\/es\/author\/diariodalagoa\/\"}]}<\/script>\n<!-- \/ Yoast SEO plugin. -->","yoast_head_json":{"title":"Observa\u00e7\u00e3o de chuvas de meteoros a 12 de agosto no OASA - Di\u00e1rio da Lagoa","robots":{"index":"index","follow":"follow","max-snippet":"max-snippet:-1","max-image-preview":"max-image-preview:large","max-video-preview":"max-video-preview:-1"},"canonical":"https:\/\/diariodalagoa.pt\/es\/observacao-de-chuvas-de-meteoros-a-12-de-agosto-no-oasa\/","og_locale":"es_ES","og_type":"article","og_title":"Observa\u00e7\u00e3o de chuvas de meteoros a 12 de agosto no OASA - Di\u00e1rio da Lagoa","og_description":"A 12 agosto o Observat\u00f3rio Astron\u00f3mico de Santana estar\u00e1 aberto, a partir das 21h00, para a observa\u00e7\u00e3o da chuva de meteoros das Perseidas. As Perseidas s\u00e3o das chuvas de meteoros mais populares, apesar de nem sempre serem as mais fortes, como acontecer\u00e1 este ano, j\u00e1 que a Lua se encontrar\u00e1 muito brilhante, impedindo o visionamento [&hellip;]","og_url":"https:\/\/diariodalagoa.pt\/es\/observacao-de-chuvas-de-meteoros-a-12-de-agosto-no-oasa\/","og_site_name":"Di\u00e1rio da Lagoa","article_published_time":"2014-08-12T01:43:59+00:00","og_image":[{"width":720,"height":380,"url":"https:\/\/diariodalagoa.pt\/wp-content\/uploads\/2014\/08\/chuva-meteoros.jpg","type":"image\/jpeg"}],"author":"Di\u00e1rio da Lagoa","twitter_card":"summary_large_image","twitter_misc":{"Escrito por":"Di\u00e1rio da Lagoa","Tiempo de lectura":"2 minutos"},"schema":{"@context":"https:\/\/schema.org","@graph":[{"@type":"WebPage","@id":"https:\/\/diariodalagoa.pt\/observacao-de-chuvas-de-meteoros-a-12-de-agosto-no-oasa\/","url":"https:\/\/diariodalagoa.pt\/observacao-de-chuvas-de-meteoros-a-12-de-agosto-no-oasa\/","name":"Observa\u00e7\u00e3o de chuvas de meteoros a 12 de agosto no OASA - Di\u00e1rio da Lagoa","isPartOf":{"@id":"https:\/\/diariodalagoa.pt\/#website"},"datePublished":"2014-08-12T01:43:59+00:00","dateModified":"2014-08-12T01:43:59+00:00","author":{"@id":"https:\/\/diariodalagoa.pt\/#\/schema\/person\/1615a002370e8857b6f972834bc43ece"},"breadcrumb":{"@id":"https:\/\/diariodalagoa.pt\/observacao-de-chuvas-de-meteoros-a-12-de-agosto-no-oasa\/#breadcrumb"},"inLanguage":"es","potentialAction":[{"@type":"ReadAction","target":["https:\/\/diariodalagoa.pt\/observacao-de-chuvas-de-meteoros-a-12-de-agosto-no-oasa\/"]}]},{"@type":"BreadcrumbList","@id":"https:\/\/diariodalagoa.pt\/observacao-de-chuvas-de-meteoros-a-12-de-agosto-no-oasa\/#breadcrumb","itemListElement":[{"@type":"ListItem","position":1,"name":"In\u00edcio","item":"https:\/\/diariodalagoa.pt\/"},{"@type":"ListItem","position":2,"name":"Observa\u00e7\u00e3o de chuvas de meteoros a 12 de agosto no OASA"}]},{"@type":"WebSite","@id":"https:\/\/diariodalagoa.pt\/#website","url":"https:\/\/diariodalagoa.pt\/","name":"Di\u00e1rio da Lagoa","description":"Di\u00e1rio da Lagoa. As not\u00edcias que contam. A partir da Lagoa, nos A\u00e7ores, para o mundo.","potentialAction":[{"@type":"SearchAction","target":{"@type":"EntryPoint","urlTemplate":"https:\/\/diariodalagoa.pt\/?s={search_term_string}"},"query-input":"required name=search_term_string"}],"inLanguage":"es"},{"@type":"Person","@id":"https:\/\/diariodalagoa.pt\/#\/schema\/person\/1615a002370e8857b6f972834bc43ece","name":"Di\u00e1rio da Lagoa","image":{"@type":"ImageObject","inLanguage":"es","@id":"https:\/\/diariodalagoa.pt\/#\/schema\/person\/image\/","url":"https:\/\/secure.gravatar.com\/avatar\/2cb5cef90a26f8fbd4d9d930608102c5?s=96&d=mm&r=g","contentUrl":"https:\/\/secure.gravatar.com\/avatar\/2cb5cef90a26f8fbd4d9d930608102c5?s=96&d=mm&r=g","caption":"Di\u00e1rio da Lagoa"},"url":"https:\/\/diariodalagoa.pt\/es\/author\/diariodalagoa\/"}]}},"_links":{"self":[{"href":"https:\/\/diariodalagoa.pt\/es\/wp-json\/wp\/v2\/posts\/7732"}],"collection":[{"href":"https:\/\/diariodalagoa.pt\/es\/wp-json\/wp\/v2\/posts"}],"about":[{"href":"https:\/\/diariodalagoa.pt\/es\/wp-json\/wp\/v2\/types\/post"}],"author":[{"embeddable":true,"href":"https:\/\/diariodalagoa.pt\/es\/wp-json\/wp\/v2\/users\/2"}],"replies":[{"embeddable":true,"href":"https:\/\/diariodalagoa.pt\/es\/wp-json\/wp\/v2\/comments?post=7732"}],"version-history":[{"count":0,"href":"https:\/\/diariodalagoa.pt\/es\/wp-json\/wp\/v2\/posts\/7732\/revisions"}],"wp:featuredmedia":[{"embeddable":true,"href":"https:\/\/diariodalagoa.pt\/es\/wp-json\/wp\/v2\/media\/121874"}],"wp:attachment":[{"href":"https:\/\/diariodalagoa.pt\/es\/wp-json\/wp\/v2\/media?parent=7732"}],"wp:term":[{"taxonomy":"category","embeddable":true,"href":"https:\/\/diariodalagoa.pt\/es\/wp-json\/wp\/v2\/categories?post=7732"},{"taxonomy":"post_tag","embeddable":true,"href":"https:\/\/diariodalagoa.pt\/es\/wp-json\/wp\/v2\/tags?post=7732"}],"curies":[{"name":"wp","href":"https:\/\/api.w.org\/{rel}","templated":true}]}}