{"id":7657,"date":"2014-08-07T13:21:19","date_gmt":"2014-08-07T14:21:19","guid":{"rendered":"http:\/\/diariodalagoa.pt\/?p=7657"},"modified":"2014-08-07T13:21:19","modified_gmt":"2014-08-07T14:21:19","slug":"governo-regional-aguarda-resposta-da-republica-sobre-futuro-da-rtp-acores","status":"publish","type":"post","link":"https:\/\/diariodalagoa.pt\/es\/governo-regional-aguarda-resposta-da-republica-sobre-futuro-da-rtp-acores\/","title":{"rendered":"Governo Regional aguarda resposta da Rep\u00fablica sobre futuro da RTP A\u00e7ores"},"content":{"rendered":"<p style=\"text-align: justify;\"><img decoding=\"async\" class=\"alignnone size-full wp-image-7658\" src=\"http:\/\/diariodalagoa.pt\/wp-content\/uploads\/2014\/08\/Isabel-Rodrigues-governo-rtp-.jpg\" alt=\"Isabel-Rodrigues-governo-rtp-\" width=\"720\" height=\"380\" \/><\/p>\n<p style=\"text-align: justify;\"><span style=\"color: #000000;\">A Secret\u00e1ria Regional Adjunta da Presid\u00eancia para os Assuntos Parlamentares disse, em Ponta Delgada, que o Governo dos A\u00e7ores aguarda que o Governo da Rep\u00fablica responda \u00e0 contraproposta apresentada na sequ\u00eancia da solu\u00e7\u00e3o apontada pelo ministro Poiares Maduro para a RTP A\u00e7ores. \u00a0<\/span><\/p>\n<p style=\"text-align: justify;\"><span style=\"color: #000000;\">A Secret\u00e1ria Regional lembrou que o Governo dos A\u00e7ores enviou uma contraproposta a 24 de junho, altura em que fez saber que, embora a proposta apresentada pelo Ministro Adjunto e do Desenvolvimento Regional manifestasse \u201cuma abertura para a procura de uma solu\u00e7\u00e3o\u201d, n\u00e3o respondia \u201cao conjunto de quest\u00f5es que se colocavam\u201d.<\/span><\/p>\n<p style=\"text-align: justify;\"><span style=\"color: #000000;\">Isabel Rodrigues falava aos jornalistas no final de uma audi\u00eancia com a Dire\u00e7\u00e3o do Centro Regional dos A\u00e7ores da RTP, que considerou ter sido uma conversa \u201cmuito \u00fatil, produtiva e profunda sobre quest\u00f5es que a todos preocupam e que t\u00eam a ver com o futuro da RTP A\u00e7ores\u201d.<\/span><\/p>\n<p style=\"text-align: justify;\"><span style=\"color: #000000;\">Relativamente \u00e0 nomea\u00e7\u00e3o do a\u00e7oriano \u00c1lvaro D\u00e2maso para integrar o Conselho Geral de Independentes da RTP, a Secret\u00e1ria Regional referiu que se trata de uma personalidade com \u201cprofundo conhecimento daquilo que s\u00e3o os A\u00e7ores\u201d e \u201cdaquela que \u00e9 a realidade e os desafios do Centro Regional da RTP A\u00e7ores\u201d.<\/span><\/p>\n<p style=\"text-align: justify;\"><span style=\"color: #000000;\"><em>DL\/GaCS<\/em><\/span><\/p>","protected":false},"excerpt":{"rendered":"<p>A Secret\u00e1ria Regional Adjunta da Presid\u00eancia para os Assuntos Parlamentares disse, em Ponta Delgada, que o Governo dos A\u00e7ores aguarda que o Governo da Rep\u00fablica responda \u00e0 contraproposta apresentada na sequ\u00eancia da solu\u00e7\u00e3o apontada pelo ministro Poiares Maduro para a RTP A\u00e7ores. \u00a0 A Secret\u00e1ria Regional lembrou que o Governo dos A\u00e7ores enviou uma contraproposta [&hellip;]<\/p>","protected":false},"author":2,"featured_media":121879,"comment_status":"open","ping_status":"open","sticky":false,"template":"","format":"standard","meta":[],"categories":[21],"tags":[],"acf":[],"yoast_head":"<!-- This site is optimized with the Yoast SEO plugin v20.10 - https:\/\/yoast.com\/wordpress\/plugins\/seo\/ -->\n<title>Governo Regional aguarda resposta da Rep\u00fablica sobre futuro da RTP A\u00e7ores - Di\u00e1rio da Lagoa<\/title>\n<meta name=\"robots\" content=\"index, follow, max-snippet:-1, max-image-preview:large, max-video-preview:-1\" \/>\n<link rel=\"canonical\" href=\"https:\/\/diariodalagoa.pt\/es\/governo-regional-aguarda-resposta-da-republica-sobre-futuro-da-rtp-acores\/\" \/>\n<meta property=\"og:locale\" content=\"es_ES\" \/>\n<meta property=\"og:type\" content=\"article\" \/>\n<meta property=\"og:title\" content=\"Governo Regional aguarda resposta da Rep\u00fablica sobre futuro da RTP A\u00e7ores - Di\u00e1rio da Lagoa\" \/>\n<meta property=\"og:description\" content=\"A Secret\u00e1ria Regional Adjunta da Presid\u00eancia para os Assuntos Parlamentares disse, em Ponta Delgada, que o Governo dos A\u00e7ores aguarda que o Governo da Rep\u00fablica responda \u00e0 contraproposta apresentada na sequ\u00eancia da solu\u00e7\u00e3o apontada pelo ministro Poiares Maduro para a RTP A\u00e7ores. \u00a0 A Secret\u00e1ria Regional lembrou que o Governo dos A\u00e7ores enviou uma contraproposta [&hellip;]\" \/>\n<meta property=\"og:url\" content=\"https:\/\/diariodalagoa.pt\/es\/governo-regional-aguarda-resposta-da-republica-sobre-futuro-da-rtp-acores\/\" \/>\n<meta property=\"og:site_name\" content=\"Di\u00e1rio da Lagoa\" \/>\n<meta property=\"article:published_time\" content=\"2014-08-07T14:21:19+00:00\" \/>\n<meta property=\"og:image\" content=\"https:\/\/diariodalagoa.pt\/wp-content\/uploads\/2014\/08\/isabel-rodrigues-governo-rtp.jpg\" \/>\n\t<meta property=\"og:image:width\" content=\"720\" \/>\n\t<meta property=\"og:image:height\" content=\"380\" \/>\n\t<meta property=\"og:image:type\" content=\"image\/jpeg\" \/>\n<meta name=\"author\" content=\"Di\u00e1rio da Lagoa\" \/>\n<meta name=\"twitter:card\" content=\"summary_large_image\" \/>\n<meta name=\"twitter:label1\" content=\"Escrito por\" \/>\n\t<meta name=\"twitter:data1\" content=\"Di\u00e1rio da Lagoa\" \/>\n\t<meta name=\"twitter:label2\" content=\"Tiempo de lectura\" \/>\n\t<meta name=\"twitter:data2\" content=\"1 minuto\" \/>\n<script type=\"application\/ld+json\" class=\"yoast-schema-graph\">{\"@context\":\"https:\/\/schema.org\",\"@graph\":[{\"@type\":\"WebPage\",\"@id\":\"https:\/\/diariodalagoa.pt\/governo-regional-aguarda-resposta-da-republica-sobre-futuro-da-rtp-acores\/\",\"url\":\"https:\/\/diariodalagoa.pt\/governo-regional-aguarda-resposta-da-republica-sobre-futuro-da-rtp-acores\/\",\"name\":\"Governo Regional aguarda resposta da Rep\u00fablica sobre futuro da RTP A\u00e7ores - Di\u00e1rio da Lagoa\",\"isPartOf\":{\"@id\":\"https:\/\/diariodalagoa.pt\/#website\"},\"datePublished\":\"2014-08-07T14:21:19+00:00\",\"dateModified\":\"2014-08-07T14:21:19+00:00\",\"author\":{\"@id\":\"https:\/\/diariodalagoa.pt\/#\/schema\/person\/1615a002370e8857b6f972834bc43ece\"},\"breadcrumb\":{\"@id\":\"https:\/\/diariodalagoa.pt\/governo-regional-aguarda-resposta-da-republica-sobre-futuro-da-rtp-acores\/#breadcrumb\"},\"inLanguage\":\"es\",\"potentialAction\":[{\"@type\":\"ReadAction\",\"target\":[\"https:\/\/diariodalagoa.pt\/governo-regional-aguarda-resposta-da-republica-sobre-futuro-da-rtp-acores\/\"]}]},{\"@type\":\"BreadcrumbList\",\"@id\":\"https:\/\/diariodalagoa.pt\/governo-regional-aguarda-resposta-da-republica-sobre-futuro-da-rtp-acores\/#breadcrumb\",\"itemListElement\":[{\"@type\":\"ListItem\",\"position\":1,\"name\":\"In\u00edcio\",\"item\":\"https:\/\/diariodalagoa.pt\/\"},{\"@type\":\"ListItem\",\"position\":2,\"name\":\"Governo Regional aguarda resposta da Rep\u00fablica sobre futuro da RTP A\u00e7ores\"}]},{\"@type\":\"WebSite\",\"@id\":\"https:\/\/diariodalagoa.pt\/#website\",\"url\":\"https:\/\/diariodalagoa.pt\/\",\"name\":\"Di\u00e1rio da Lagoa\",\"description\":\"Di\u00e1rio da Lagoa. As not\u00edcias que contam. A partir da Lagoa, nos A\u00e7ores, para o mundo.\",\"potentialAction\":[{\"@type\":\"SearchAction\",\"target\":{\"@type\":\"EntryPoint\",\"urlTemplate\":\"https:\/\/diariodalagoa.pt\/?s={search_term_string}\"},\"query-input\":\"required name=search_term_string\"}],\"inLanguage\":\"es\"},{\"@type\":\"Person\",\"@id\":\"https:\/\/diariodalagoa.pt\/#\/schema\/person\/1615a002370e8857b6f972834bc43ece\",\"name\":\"Di\u00e1rio da Lagoa\",\"image\":{\"@type\":\"ImageObject\",\"inLanguage\":\"es\",\"@id\":\"https:\/\/diariodalagoa.pt\/#\/schema\/person\/image\/\",\"url\":\"https:\/\/secure.gravatar.com\/avatar\/2cb5cef90a26f8fbd4d9d930608102c5?s=96&d=mm&r=g\",\"contentUrl\":\"https:\/\/secure.gravatar.com\/avatar\/2cb5cef90a26f8fbd4d9d930608102c5?s=96&d=mm&r=g\",\"caption\":\"Di\u00e1rio da Lagoa\"},\"url\":\"https:\/\/diariodalagoa.pt\/es\/author\/diariodalagoa\/\"}]}<\/script>\n<!-- \/ Yoast SEO plugin. -->","yoast_head_json":{"title":"Governo Regional aguarda resposta da Rep\u00fablica sobre futuro da RTP A\u00e7ores - Di\u00e1rio da Lagoa","robots":{"index":"index","follow":"follow","max-snippet":"max-snippet:-1","max-image-preview":"max-image-preview:large","max-video-preview":"max-video-preview:-1"},"canonical":"https:\/\/diariodalagoa.pt\/es\/governo-regional-aguarda-resposta-da-republica-sobre-futuro-da-rtp-acores\/","og_locale":"es_ES","og_type":"article","og_title":"Governo Regional aguarda resposta da Rep\u00fablica sobre futuro da RTP A\u00e7ores - Di\u00e1rio da Lagoa","og_description":"A Secret\u00e1ria Regional Adjunta da Presid\u00eancia para os Assuntos Parlamentares disse, em Ponta Delgada, que o Governo dos A\u00e7ores aguarda que o Governo da Rep\u00fablica responda \u00e0 contraproposta apresentada na sequ\u00eancia da solu\u00e7\u00e3o apontada pelo ministro Poiares Maduro para a RTP A\u00e7ores. \u00a0 A Secret\u00e1ria Regional lembrou que o Governo dos A\u00e7ores enviou uma contraproposta [&hellip;]","og_url":"https:\/\/diariodalagoa.pt\/es\/governo-regional-aguarda-resposta-da-republica-sobre-futuro-da-rtp-acores\/","og_site_name":"Di\u00e1rio da Lagoa","article_published_time":"2014-08-07T14:21:19+00:00","og_image":[{"width":720,"height":380,"url":"https:\/\/diariodalagoa.pt\/wp-content\/uploads\/2014\/08\/isabel-rodrigues-governo-rtp.jpg","type":"image\/jpeg"}],"author":"Di\u00e1rio da Lagoa","twitter_card":"summary_large_image","twitter_misc":{"Escrito por":"Di\u00e1rio da Lagoa","Tiempo de lectura":"1 minuto"},"schema":{"@context":"https:\/\/schema.org","@graph":[{"@type":"WebPage","@id":"https:\/\/diariodalagoa.pt\/governo-regional-aguarda-resposta-da-republica-sobre-futuro-da-rtp-acores\/","url":"https:\/\/diariodalagoa.pt\/governo-regional-aguarda-resposta-da-republica-sobre-futuro-da-rtp-acores\/","name":"Governo Regional aguarda resposta da Rep\u00fablica sobre futuro da RTP A\u00e7ores - Di\u00e1rio da Lagoa","isPartOf":{"@id":"https:\/\/diariodalagoa.pt\/#website"},"datePublished":"2014-08-07T14:21:19+00:00","dateModified":"2014-08-07T14:21:19+00:00","author":{"@id":"https:\/\/diariodalagoa.pt\/#\/schema\/person\/1615a002370e8857b6f972834bc43ece"},"breadcrumb":{"@id":"https:\/\/diariodalagoa.pt\/governo-regional-aguarda-resposta-da-republica-sobre-futuro-da-rtp-acores\/#breadcrumb"},"inLanguage":"es","potentialAction":[{"@type":"ReadAction","target":["https:\/\/diariodalagoa.pt\/governo-regional-aguarda-resposta-da-republica-sobre-futuro-da-rtp-acores\/"]}]},{"@type":"BreadcrumbList","@id":"https:\/\/diariodalagoa.pt\/governo-regional-aguarda-resposta-da-republica-sobre-futuro-da-rtp-acores\/#breadcrumb","itemListElement":[{"@type":"ListItem","position":1,"name":"In\u00edcio","item":"https:\/\/diariodalagoa.pt\/"},{"@type":"ListItem","position":2,"name":"Governo Regional aguarda resposta da Rep\u00fablica sobre futuro da RTP A\u00e7ores"}]},{"@type":"WebSite","@id":"https:\/\/diariodalagoa.pt\/#website","url":"https:\/\/diariodalagoa.pt\/","name":"Di\u00e1rio da Lagoa","description":"Di\u00e1rio da Lagoa. As not\u00edcias que contam. A partir da Lagoa, nos A\u00e7ores, para o mundo.","potentialAction":[{"@type":"SearchAction","target":{"@type":"EntryPoint","urlTemplate":"https:\/\/diariodalagoa.pt\/?s={search_term_string}"},"query-input":"required name=search_term_string"}],"inLanguage":"es"},{"@type":"Person","@id":"https:\/\/diariodalagoa.pt\/#\/schema\/person\/1615a002370e8857b6f972834bc43ece","name":"Di\u00e1rio da Lagoa","image":{"@type":"ImageObject","inLanguage":"es","@id":"https:\/\/diariodalagoa.pt\/#\/schema\/person\/image\/","url":"https:\/\/secure.gravatar.com\/avatar\/2cb5cef90a26f8fbd4d9d930608102c5?s=96&d=mm&r=g","contentUrl":"https:\/\/secure.gravatar.com\/avatar\/2cb5cef90a26f8fbd4d9d930608102c5?s=96&d=mm&r=g","caption":"Di\u00e1rio da Lagoa"},"url":"https:\/\/diariodalagoa.pt\/es\/author\/diariodalagoa\/"}]}},"_links":{"self":[{"href":"https:\/\/diariodalagoa.pt\/es\/wp-json\/wp\/v2\/posts\/7657"}],"collection":[{"href":"https:\/\/diariodalagoa.pt\/es\/wp-json\/wp\/v2\/posts"}],"about":[{"href":"https:\/\/diariodalagoa.pt\/es\/wp-json\/wp\/v2\/types\/post"}],"author":[{"embeddable":true,"href":"https:\/\/diariodalagoa.pt\/es\/wp-json\/wp\/v2\/users\/2"}],"replies":[{"embeddable":true,"href":"https:\/\/diariodalagoa.pt\/es\/wp-json\/wp\/v2\/comments?post=7657"}],"version-history":[{"count":0,"href":"https:\/\/diariodalagoa.pt\/es\/wp-json\/wp\/v2\/posts\/7657\/revisions"}],"wp:featuredmedia":[{"embeddable":true,"href":"https:\/\/diariodalagoa.pt\/es\/wp-json\/wp\/v2\/media\/121879"}],"wp:attachment":[{"href":"https:\/\/diariodalagoa.pt\/es\/wp-json\/wp\/v2\/media?parent=7657"}],"wp:term":[{"taxonomy":"category","embeddable":true,"href":"https:\/\/diariodalagoa.pt\/es\/wp-json\/wp\/v2\/categories?post=7657"},{"taxonomy":"post_tag","embeddable":true,"href":"https:\/\/diariodalagoa.pt\/es\/wp-json\/wp\/v2\/tags?post=7657"}],"curies":[{"name":"wp","href":"https:\/\/api.w.org\/{rel}","templated":true}]}}