{"id":7578,"date":"2014-08-05T22:59:49","date_gmt":"2014-08-05T22:59:49","guid":{"rendered":"http:\/\/diariodalagoa.pt\/?p=7578"},"modified":"2014-08-05T22:59:49","modified_gmt":"2014-08-05T22:59:49","slug":"duas-direcoes-regionais-dois-diretores","status":"publish","type":"post","link":"https:\/\/diariodalagoa.pt\/es\/duas-direcoes-regionais-dois-diretores\/","title":{"rendered":"Duas dire\u00e7\u00f5es regionais, dois diretores\u00a0"},"content":{"rendered":"<p style=\"text-align: left;\"><span style=\"color: #000000;\">Antes de mais, agradecer esta oportunidade. Certamente, e assim espero, este \u00e9 um jornal com pernas para andar. A Lagoa merece um concelho em franco desenvolvimento. Assim espero que este jornal nunca tenha um final feliz, que \u00e9 como quem diz: nunca tenha um final.<\/span><\/p>\n<p style=\"text-align: left;\"><span style=\"color: #000000;\">Caro leitor, estamos sensivelmente a meio do ano e h\u00e1, quanto a mim, pessoas que pelo seu trabalho umas vezes mais notado, outras menos notado, merecem a nossa maior refer\u00eancia e a nossa maior aten\u00e7\u00e3o.<\/span><\/p>\n<p style=\"text-align: left;\"><span style=\"color: #000000;\">A Dire\u00e7\u00e3o Regional de Apoio ao Investimento e \u00e0 Competitividade tem como diretor e como principal respons\u00e1vel, o Dr. Ricardo Maciel Sousa Medeiros. Uma pessoa que muitas vezes passa despercebida aos olhos dos jornais e das pessoas, mas que faz um trabalho not\u00e1vel, um trabalho de assist\u00eancia \u00e0s empresas das nossas nove ilhas dos A\u00e7ores.<\/span><\/p>\n<p style=\"text-align: left;\"><span style=\"color: #000000;\">Esta dire\u00e7\u00e3o regional tendo, por vezes, um trabalho de verdadeira formiga e inserida na Vice-Presid\u00eancia do Governo dos A\u00e7ores, \u00e9 uma verdadeira parceira na cria\u00e7\u00e3o de mais riqueza e emprego, e por isso, melhora a qualidade de vida dos a\u00e7orianos. \u201cAs \u00e1reas da gest\u00e3o de sistemas de incentivos, da promo\u00e7\u00e3o do empreendedorismo e do apoio \u00e0 atividade empresarial dos sectores do com\u00e9rcio e da ind\u00fastria\u201d, s\u00e3o como pode ler-se no site deste departamento governamental pontos de atua\u00e7\u00e3o.<\/span><\/p>\n<p style=\"text-align: left;\"><span style=\"color: #000000;\">Quero real\u00e7ar que o Dr. Ricardo Medeiros sempre de porta aberta para ouvir e falar com todos os empres\u00e1rios desta regi\u00e3o, tem sido um verdadeiro apoio (enquanto respons\u00e1vel por esta dire\u00e7\u00e3o regional) transformando muitas empresas em empresas de sucesso, dando-lhes sustentabilidade e apoio para que possam, depois por si, seguir o seu caminho. \u00c9 essa a tarefa desta dire\u00e7\u00e3o regional, nunca descurando a cria\u00e7\u00e3o de emprego e cria\u00e7\u00e3o de novas empresas, apoiando tamb\u00e9m as que j\u00e1 existem. As empresas s\u00e3o por si o motor desta regi\u00e3o. E o diretor regional Ricardo Medeiros, sendo uma pessoa que conhece os reais problemas das empresas, tem estado ao lado delas, tem-nas ajudado a vencer os desafios neste tempo de adversidade e de crise externa.<\/span><\/p>\n<p style=\"text-align: left;\"><span style=\"color: #000000;\">A terminar esta refer\u00eancia \u00e9 justo falar na Agenda A\u00e7oriana para a Cria\u00e7\u00e3o de Emprego e Competitividade Empresarial, um documento estrat\u00e9gico do Governo dos A\u00e7ores, que apresenta j\u00e1 uma taxa de execu\u00e7\u00e3o de, aproximadamente, 70%, onde o emprego criado n\u00e3o foi esquecido. Um documento sempre presente e orientador em todo o governo.<\/span><\/p>\n<p style=\"text-align: left;\"><span style=\"color: #000000;\">Um grande diretor. Um grande a\u00e7oriano.<\/span><\/p>\n<p style=\"text-align: left;\"><span style=\"color: #000000;\">Outro diretor regional, outra m\u00e1quina governativa chama-se Eng. Bruno Pacheco. Todos o conhecem pela sua frontalidade, pela sua capacidade de trabalho, pela sua simpatia e pelas provas dadas por onde tem passado. Todos nos lembramos da passagem pela pasta da Juventude, onde o \u201cBruno\u201d (era e \u00e9 assim que os jovens o conhecem) estava sempre de telemovel ligado, estava e est\u00e1 sempre de porta aberta.<\/span><\/p>\n<p style=\"text-align: left;\"><span style=\"color: #000000;\">Agora a dirigir a Dire\u00e7\u00e3o Regional das Obras P\u00fablicas, Tecnologia e Comunica\u00e7\u00f5es, inserida na Secretaria Regional do Turismo e Transportes, este diretor tem imprimido no seu dia a dia a sua capacidade de di\u00e1logo e coopera\u00e7\u00e3o entre toda a sociedade a\u00e7oriana (e todas as organiza\u00e7\u00f5es), pois s\u00f3 assim os A\u00e7ores avan\u00e7am.<\/span><\/p>\n<p style=\"text-align: left;\"><span style=\"color: #000000;\">Um homem ponderado, um homem organizado, um diretor que conhece os concelhos dos A\u00e7ores como ningu\u00e9m e que sabe as \u201cobras p\u00fablicas\u201d que s\u00e3o precisas em cada lugar destes A\u00e7ores. A defini\u00e7\u00e3o ponderada de quais os investimentos previstos pelo executivo regional ao n\u00edvel dos equipamentos e obras p\u00fablicas, sem nunca se esquecer do desenvolvimento harm\u00f3nico das nove ilhas est\u00e3o na a\u00e7\u00e3o e no trabalho di\u00e1rio de Bruno Pacheco. Este diretor regional e deixe-me dizer-lhe, caro leitor, quando h\u00e1 \u201cproblema p\u00fablico\u201d, ele l\u00e1 est\u00e1 junto das pessoas. Um grande diretor! Um grande a\u00e7oriano.<\/span><\/p>\n<p style=\"text-align: left;\"><span style=\"color: #000000;\">A terminar, caro leitor, aqui n\u00e3o se trata de defender o partido x, y, ou z ou pessoas do partido z,y ou x, aqui trata-se de referenciar pessoas que pelo seu trabalho, o seu estilo e a sua a\u00e7\u00e3o merecem ser reconhecidos pela sociedade a\u00e7oreana. Eu reconhe\u00e7o.<\/span><\/p>\n<p style=\"text-align: right;\"><span style=\"color: #000000;\">R\u00f3mulo Medeiros \u00c1vila<\/span><\/p>","protected":false},"excerpt":{"rendered":"<p>Antes de mais, agradecer esta oportunidade. Certamente, e assim espero, este \u00e9 um jornal com pernas para andar. A Lagoa merece um concelho em franco desenvolvimento. Assim espero que este jornal nunca tenha um final feliz, que \u00e9 como quem diz: nunca tenha um final. Caro leitor, estamos sensivelmente a meio do ano e h\u00e1, [&hellip;]<\/p>","protected":false},"author":2,"featured_media":0,"comment_status":"open","ping_status":"open","sticky":false,"template":"","format":"standard","meta":[],"categories":[11],"tags":[],"acf":[],"yoast_head":"<!-- This site is optimized with the Yoast SEO plugin v20.10 - https:\/\/yoast.com\/wordpress\/plugins\/seo\/ -->\n<title>Duas dire\u00e7\u00f5es regionais, dois diretores\u00a0 - Di\u00e1rio da Lagoa<\/title>\n<meta name=\"robots\" content=\"index, follow, max-snippet:-1, max-image-preview:large, max-video-preview:-1\" \/>\n<link rel=\"canonical\" href=\"https:\/\/diariodalagoa.pt\/es\/duas-direcoes-regionais-dois-diretores\/\" \/>\n<meta property=\"og:locale\" content=\"es_ES\" \/>\n<meta property=\"og:type\" content=\"article\" \/>\n<meta property=\"og:title\" content=\"Duas dire\u00e7\u00f5es regionais, dois diretores\u00a0 - Di\u00e1rio da Lagoa\" \/>\n<meta property=\"og:description\" content=\"Antes de mais, agradecer esta oportunidade. Certamente, e assim espero, este \u00e9 um jornal com pernas para andar. A Lagoa merece um concelho em franco desenvolvimento. Assim espero que este jornal nunca tenha um final feliz, que \u00e9 como quem diz: nunca tenha um final. Caro leitor, estamos sensivelmente a meio do ano e h\u00e1, [&hellip;]\" \/>\n<meta property=\"og:url\" content=\"https:\/\/diariodalagoa.pt\/es\/duas-direcoes-regionais-dois-diretores\/\" \/>\n<meta property=\"og:site_name\" content=\"Di\u00e1rio da Lagoa\" \/>\n<meta property=\"article:published_time\" content=\"2014-08-05T22:59:49+00:00\" \/>\n<meta name=\"author\" content=\"Di\u00e1rio da Lagoa\" \/>\n<meta name=\"twitter:card\" content=\"summary_large_image\" \/>\n<meta name=\"twitter:label1\" content=\"Escrito por\" \/>\n\t<meta name=\"twitter:data1\" content=\"Di\u00e1rio da Lagoa\" \/>\n\t<meta name=\"twitter:label2\" content=\"Tiempo de lectura\" \/>\n\t<meta name=\"twitter:data2\" content=\"4 minutos\" \/>\n<script type=\"application\/ld+json\" class=\"yoast-schema-graph\">{\"@context\":\"https:\/\/schema.org\",\"@graph\":[{\"@type\":\"WebPage\",\"@id\":\"https:\/\/diariodalagoa.pt\/duas-direcoes-regionais-dois-diretores\/\",\"url\":\"https:\/\/diariodalagoa.pt\/duas-direcoes-regionais-dois-diretores\/\",\"name\":\"Duas dire\u00e7\u00f5es regionais, dois diretores\u00a0 - Di\u00e1rio da Lagoa\",\"isPartOf\":{\"@id\":\"https:\/\/diariodalagoa.pt\/#website\"},\"datePublished\":\"2014-08-05T22:59:49+00:00\",\"dateModified\":\"2014-08-05T22:59:49+00:00\",\"author\":{\"@id\":\"https:\/\/diariodalagoa.pt\/#\/schema\/person\/1615a002370e8857b6f972834bc43ece\"},\"breadcrumb\":{\"@id\":\"https:\/\/diariodalagoa.pt\/duas-direcoes-regionais-dois-diretores\/#breadcrumb\"},\"inLanguage\":\"es\",\"potentialAction\":[{\"@type\":\"ReadAction\",\"target\":[\"https:\/\/diariodalagoa.pt\/duas-direcoes-regionais-dois-diretores\/\"]}]},{\"@type\":\"BreadcrumbList\",\"@id\":\"https:\/\/diariodalagoa.pt\/duas-direcoes-regionais-dois-diretores\/#breadcrumb\",\"itemListElement\":[{\"@type\":\"ListItem\",\"position\":1,\"name\":\"In\u00edcio\",\"item\":\"https:\/\/diariodalagoa.pt\/\"},{\"@type\":\"ListItem\",\"position\":2,\"name\":\"Duas dire\u00e7\u00f5es regionais, dois diretores\u00a0\"}]},{\"@type\":\"WebSite\",\"@id\":\"https:\/\/diariodalagoa.pt\/#website\",\"url\":\"https:\/\/diariodalagoa.pt\/\",\"name\":\"Di\u00e1rio da Lagoa\",\"description\":\"Di\u00e1rio da Lagoa. As not\u00edcias que contam. A partir da Lagoa, nos A\u00e7ores, para o mundo.\",\"potentialAction\":[{\"@type\":\"SearchAction\",\"target\":{\"@type\":\"EntryPoint\",\"urlTemplate\":\"https:\/\/diariodalagoa.pt\/?s={search_term_string}\"},\"query-input\":\"required name=search_term_string\"}],\"inLanguage\":\"es\"},{\"@type\":\"Person\",\"@id\":\"https:\/\/diariodalagoa.pt\/#\/schema\/person\/1615a002370e8857b6f972834bc43ece\",\"name\":\"Di\u00e1rio da Lagoa\",\"image\":{\"@type\":\"ImageObject\",\"inLanguage\":\"es\",\"@id\":\"https:\/\/diariodalagoa.pt\/#\/schema\/person\/image\/\",\"url\":\"https:\/\/secure.gravatar.com\/avatar\/2cb5cef90a26f8fbd4d9d930608102c5?s=96&d=mm&r=g\",\"contentUrl\":\"https:\/\/secure.gravatar.com\/avatar\/2cb5cef90a26f8fbd4d9d930608102c5?s=96&d=mm&r=g\",\"caption\":\"Di\u00e1rio da Lagoa\"},\"url\":\"https:\/\/diariodalagoa.pt\/es\/author\/diariodalagoa\/\"}]}<\/script>\n<!-- \/ Yoast SEO plugin. -->","yoast_head_json":{"title":"Duas dire\u00e7\u00f5es regionais, dois diretores\u00a0 - Di\u00e1rio da Lagoa","robots":{"index":"index","follow":"follow","max-snippet":"max-snippet:-1","max-image-preview":"max-image-preview:large","max-video-preview":"max-video-preview:-1"},"canonical":"https:\/\/diariodalagoa.pt\/es\/duas-direcoes-regionais-dois-diretores\/","og_locale":"es_ES","og_type":"article","og_title":"Duas dire\u00e7\u00f5es regionais, dois diretores\u00a0 - Di\u00e1rio da Lagoa","og_description":"Antes de mais, agradecer esta oportunidade. Certamente, e assim espero, este \u00e9 um jornal com pernas para andar. A Lagoa merece um concelho em franco desenvolvimento. Assim espero que este jornal nunca tenha um final feliz, que \u00e9 como quem diz: nunca tenha um final. Caro leitor, estamos sensivelmente a meio do ano e h\u00e1, [&hellip;]","og_url":"https:\/\/diariodalagoa.pt\/es\/duas-direcoes-regionais-dois-diretores\/","og_site_name":"Di\u00e1rio da Lagoa","article_published_time":"2014-08-05T22:59:49+00:00","author":"Di\u00e1rio da Lagoa","twitter_card":"summary_large_image","twitter_misc":{"Escrito por":"Di\u00e1rio da Lagoa","Tiempo de lectura":"4 minutos"},"schema":{"@context":"https:\/\/schema.org","@graph":[{"@type":"WebPage","@id":"https:\/\/diariodalagoa.pt\/duas-direcoes-regionais-dois-diretores\/","url":"https:\/\/diariodalagoa.pt\/duas-direcoes-regionais-dois-diretores\/","name":"Duas dire\u00e7\u00f5es regionais, dois diretores\u00a0 - Di\u00e1rio da Lagoa","isPartOf":{"@id":"https:\/\/diariodalagoa.pt\/#website"},"datePublished":"2014-08-05T22:59:49+00:00","dateModified":"2014-08-05T22:59:49+00:00","author":{"@id":"https:\/\/diariodalagoa.pt\/#\/schema\/person\/1615a002370e8857b6f972834bc43ece"},"breadcrumb":{"@id":"https:\/\/diariodalagoa.pt\/duas-direcoes-regionais-dois-diretores\/#breadcrumb"},"inLanguage":"es","potentialAction":[{"@type":"ReadAction","target":["https:\/\/diariodalagoa.pt\/duas-direcoes-regionais-dois-diretores\/"]}]},{"@type":"BreadcrumbList","@id":"https:\/\/diariodalagoa.pt\/duas-direcoes-regionais-dois-diretores\/#breadcrumb","itemListElement":[{"@type":"ListItem","position":1,"name":"In\u00edcio","item":"https:\/\/diariodalagoa.pt\/"},{"@type":"ListItem","position":2,"name":"Duas dire\u00e7\u00f5es regionais, dois diretores\u00a0"}]},{"@type":"WebSite","@id":"https:\/\/diariodalagoa.pt\/#website","url":"https:\/\/diariodalagoa.pt\/","name":"Di\u00e1rio da Lagoa","description":"Di\u00e1rio da Lagoa. As not\u00edcias que contam. A partir da Lagoa, nos A\u00e7ores, para o mundo.","potentialAction":[{"@type":"SearchAction","target":{"@type":"EntryPoint","urlTemplate":"https:\/\/diariodalagoa.pt\/?s={search_term_string}"},"query-input":"required name=search_term_string"}],"inLanguage":"es"},{"@type":"Person","@id":"https:\/\/diariodalagoa.pt\/#\/schema\/person\/1615a002370e8857b6f972834bc43ece","name":"Di\u00e1rio da Lagoa","image":{"@type":"ImageObject","inLanguage":"es","@id":"https:\/\/diariodalagoa.pt\/#\/schema\/person\/image\/","url":"https:\/\/secure.gravatar.com\/avatar\/2cb5cef90a26f8fbd4d9d930608102c5?s=96&d=mm&r=g","contentUrl":"https:\/\/secure.gravatar.com\/avatar\/2cb5cef90a26f8fbd4d9d930608102c5?s=96&d=mm&r=g","caption":"Di\u00e1rio da Lagoa"},"url":"https:\/\/diariodalagoa.pt\/es\/author\/diariodalagoa\/"}]}},"_links":{"self":[{"href":"https:\/\/diariodalagoa.pt\/es\/wp-json\/wp\/v2\/posts\/7578"}],"collection":[{"href":"https:\/\/diariodalagoa.pt\/es\/wp-json\/wp\/v2\/posts"}],"about":[{"href":"https:\/\/diariodalagoa.pt\/es\/wp-json\/wp\/v2\/types\/post"}],"author":[{"embeddable":true,"href":"https:\/\/diariodalagoa.pt\/es\/wp-json\/wp\/v2\/users\/2"}],"replies":[{"embeddable":true,"href":"https:\/\/diariodalagoa.pt\/es\/wp-json\/wp\/v2\/comments?post=7578"}],"version-history":[{"count":0,"href":"https:\/\/diariodalagoa.pt\/es\/wp-json\/wp\/v2\/posts\/7578\/revisions"}],"wp:attachment":[{"href":"https:\/\/diariodalagoa.pt\/es\/wp-json\/wp\/v2\/media?parent=7578"}],"wp:term":[{"taxonomy":"category","embeddable":true,"href":"https:\/\/diariodalagoa.pt\/es\/wp-json\/wp\/v2\/categories?post=7578"},{"taxonomy":"post_tag","embeddable":true,"href":"https:\/\/diariodalagoa.pt\/es\/wp-json\/wp\/v2\/tags?post=7578"}],"curies":[{"name":"wp","href":"https:\/\/api.w.org\/{rel}","templated":true}]}}