{"id":7540,"date":"2014-08-04T16:54:28","date_gmt":"2014-08-04T16:54:28","guid":{"rendered":"http:\/\/diariodalagoa.pt\/?p=7540"},"modified":"2014-08-04T16:54:28","modified_gmt":"2014-08-04T16:54:28","slug":"transporte-de-doentes-solicitado-pelas-unidades-de-ilha-nao-tem-encargos-para-os-utentes-esclarece-secretario-regional-da-saude","status":"publish","type":"post","link":"https:\/\/diariodalagoa.pt\/es\/transporte-de-doentes-solicitado-pelas-unidades-de-ilha-nao-tem-encargos-para-os-utentes-esclarece-secretario-regional-da-saude\/","title":{"rendered":"Transporte de doentes solicitado pelas Unidades de Ilha n\u00e3o tem encargos para os utentes"},"content":{"rendered":"<p style=\"text-align: justify;\"><img decoding=\"async\" class=\"alignnone size-full wp-image-7537\" src=\"http:\/\/diariodalagoa.pt\/wp-content\/uploads\/2014\/08\/Luis-Cabral-saude-governo-a\u00e7ores-plano-saude-.jpg\" alt=\"OLYMPUS DIGITAL CAMERA\" width=\"720\" height=\"380\" \/><\/p>\n<p style=\"text-align: justify;\"><span style=\"color: #000000;\">O Secret\u00e1rio Regional da Sa\u00fade esclareceu que o pagamento do transporte de doentes n\u00e3o urgentes \u00e9 da responsabilidade da Unidade de Sa\u00fade que o requisita, \u201cn\u00e3o havendo qualquer encargo para os cidad\u00e3os\u201d.<\/span><\/p>\n<p style=\"text-align: justify;\"><span style=\"color: #000000;\">Lu\u00eds Cabral, em declara\u00e7\u00f5es prestadas \u00e0 margem da apresenta\u00e7\u00e3o do Plano Regional de Sa\u00fade, frisou que\u00a0\u201cnem os transportes acionados pelo 112, nem os pedidos feitos pelas Unidades de Sa\u00fade para utentes que necessitam de uma consulta ou de um exame t\u00eam qualquer custo para as pessoas\u201d.<\/span><\/p>\n<p style=\"text-align: justify;\"><span style=\"color: #000000;\">Apenas situa\u00e7\u00f5es pontuais, em que um cidad\u00e3o pretenda deslocar-se, por sua iniciativa, para um qualquer s\u00edtio, solicitando ele pr\u00f3prio o servi\u00e7o \u00e0 Associa\u00e7\u00e3o de Bombeiros, s\u00f3 nesse caso, fica respons\u00e1vel pelo seu pagamento.<\/span><\/p>\n<p style=\"text-align: justify;\"><span style=\"color: #000000;\"><em>DL\/Gacs<\/em><\/span><\/p>","protected":false},"excerpt":{"rendered":"<p>O Secret\u00e1rio Regional da Sa\u00fade esclareceu que o pagamento do transporte de doentes n\u00e3o urgentes \u00e9 da responsabilidade da Unidade de Sa\u00fade que o requisita, \u201cn\u00e3o havendo qualquer encargo para os cidad\u00e3os\u201d. Lu\u00eds Cabral, em declara\u00e7\u00f5es prestadas \u00e0 margem da apresenta\u00e7\u00e3o do Plano Regional de Sa\u00fade, frisou que\u00a0\u201cnem os transportes acionados pelo 112, nem os [&hellip;]<\/p>","protected":false},"author":2,"featured_media":0,"comment_status":"open","ping_status":"open","sticky":false,"template":"","format":"standard","meta":[],"categories":[21],"tags":[],"acf":[],"yoast_head":"<!-- This site is optimized with the Yoast SEO plugin v20.10 - https:\/\/yoast.com\/wordpress\/plugins\/seo\/ -->\n<title>Transporte de doentes solicitado pelas Unidades de Ilha n\u00e3o tem encargos para os utentes - Di\u00e1rio da Lagoa<\/title>\n<meta name=\"robots\" content=\"index, follow, max-snippet:-1, max-image-preview:large, max-video-preview:-1\" \/>\n<link rel=\"canonical\" href=\"https:\/\/diariodalagoa.pt\/es\/transporte-de-doentes-solicitado-pelas-unidades-de-ilha-nao-tem-encargos-para-os-utentes-esclarece-secretario-regional-da-saude\/\" \/>\n<meta property=\"og:locale\" content=\"es_ES\" \/>\n<meta property=\"og:type\" content=\"article\" \/>\n<meta property=\"og:title\" content=\"Transporte de doentes solicitado pelas Unidades de Ilha n\u00e3o tem encargos para os utentes - Di\u00e1rio da Lagoa\" \/>\n<meta property=\"og:description\" content=\"O Secret\u00e1rio Regional da Sa\u00fade esclareceu que o pagamento do transporte de doentes n\u00e3o urgentes \u00e9 da responsabilidade da Unidade de Sa\u00fade que o requisita, \u201cn\u00e3o havendo qualquer encargo para os cidad\u00e3os\u201d. Lu\u00eds Cabral, em declara\u00e7\u00f5es prestadas \u00e0 margem da apresenta\u00e7\u00e3o do Plano Regional de Sa\u00fade, frisou que\u00a0\u201cnem os transportes acionados pelo 112, nem os [&hellip;]\" \/>\n<meta property=\"og:url\" content=\"https:\/\/diariodalagoa.pt\/es\/transporte-de-doentes-solicitado-pelas-unidades-de-ilha-nao-tem-encargos-para-os-utentes-esclarece-secretario-regional-da-saude\/\" \/>\n<meta property=\"og:site_name\" content=\"Di\u00e1rio da Lagoa\" \/>\n<meta property=\"article:published_time\" content=\"2014-08-04T16:54:28+00:00\" \/>\n<meta name=\"author\" content=\"Di\u00e1rio da Lagoa\" \/>\n<meta name=\"twitter:card\" content=\"summary_large_image\" \/>\n<meta name=\"twitter:label1\" content=\"Escrito por\" \/>\n\t<meta name=\"twitter:data1\" content=\"Di\u00e1rio da Lagoa\" \/>\n\t<meta name=\"twitter:label2\" content=\"Tiempo de lectura\" \/>\n\t<meta name=\"twitter:data2\" content=\"1 minuto\" \/>\n<script type=\"application\/ld+json\" class=\"yoast-schema-graph\">{\"@context\":\"https:\/\/schema.org\",\"@graph\":[{\"@type\":\"WebPage\",\"@id\":\"https:\/\/diariodalagoa.pt\/transporte-de-doentes-solicitado-pelas-unidades-de-ilha-nao-tem-encargos-para-os-utentes-esclarece-secretario-regional-da-saude\/\",\"url\":\"https:\/\/diariodalagoa.pt\/transporte-de-doentes-solicitado-pelas-unidades-de-ilha-nao-tem-encargos-para-os-utentes-esclarece-secretario-regional-da-saude\/\",\"name\":\"Transporte de doentes solicitado pelas Unidades de Ilha n\u00e3o tem encargos para os utentes - Di\u00e1rio da Lagoa\",\"isPartOf\":{\"@id\":\"https:\/\/diariodalagoa.pt\/#website\"},\"datePublished\":\"2014-08-04T16:54:28+00:00\",\"dateModified\":\"2014-08-04T16:54:28+00:00\",\"author\":{\"@id\":\"https:\/\/diariodalagoa.pt\/#\/schema\/person\/1615a002370e8857b6f972834bc43ece\"},\"breadcrumb\":{\"@id\":\"https:\/\/diariodalagoa.pt\/transporte-de-doentes-solicitado-pelas-unidades-de-ilha-nao-tem-encargos-para-os-utentes-esclarece-secretario-regional-da-saude\/#breadcrumb\"},\"inLanguage\":\"es\",\"potentialAction\":[{\"@type\":\"ReadAction\",\"target\":[\"https:\/\/diariodalagoa.pt\/transporte-de-doentes-solicitado-pelas-unidades-de-ilha-nao-tem-encargos-para-os-utentes-esclarece-secretario-regional-da-saude\/\"]}]},{\"@type\":\"BreadcrumbList\",\"@id\":\"https:\/\/diariodalagoa.pt\/transporte-de-doentes-solicitado-pelas-unidades-de-ilha-nao-tem-encargos-para-os-utentes-esclarece-secretario-regional-da-saude\/#breadcrumb\",\"itemListElement\":[{\"@type\":\"ListItem\",\"position\":1,\"name\":\"In\u00edcio\",\"item\":\"https:\/\/diariodalagoa.pt\/\"},{\"@type\":\"ListItem\",\"position\":2,\"name\":\"Transporte de doentes solicitado pelas Unidades de Ilha n\u00e3o tem encargos para os utentes\"}]},{\"@type\":\"WebSite\",\"@id\":\"https:\/\/diariodalagoa.pt\/#website\",\"url\":\"https:\/\/diariodalagoa.pt\/\",\"name\":\"Di\u00e1rio da Lagoa\",\"description\":\"Di\u00e1rio da Lagoa. As not\u00edcias que contam. A partir da Lagoa, nos A\u00e7ores, para o mundo.\",\"potentialAction\":[{\"@type\":\"SearchAction\",\"target\":{\"@type\":\"EntryPoint\",\"urlTemplate\":\"https:\/\/diariodalagoa.pt\/?s={search_term_string}\"},\"query-input\":\"required name=search_term_string\"}],\"inLanguage\":\"es\"},{\"@type\":\"Person\",\"@id\":\"https:\/\/diariodalagoa.pt\/#\/schema\/person\/1615a002370e8857b6f972834bc43ece\",\"name\":\"Di\u00e1rio da Lagoa\",\"image\":{\"@type\":\"ImageObject\",\"inLanguage\":\"es\",\"@id\":\"https:\/\/diariodalagoa.pt\/#\/schema\/person\/image\/\",\"url\":\"https:\/\/secure.gravatar.com\/avatar\/2cb5cef90a26f8fbd4d9d930608102c5?s=96&d=mm&r=g\",\"contentUrl\":\"https:\/\/secure.gravatar.com\/avatar\/2cb5cef90a26f8fbd4d9d930608102c5?s=96&d=mm&r=g\",\"caption\":\"Di\u00e1rio da Lagoa\"},\"url\":\"https:\/\/diariodalagoa.pt\/es\/author\/diariodalagoa\/\"}]}<\/script>\n<!-- \/ Yoast SEO plugin. -->","yoast_head_json":{"title":"Transporte de doentes solicitado pelas Unidades de Ilha n\u00e3o tem encargos para os utentes - Di\u00e1rio da Lagoa","robots":{"index":"index","follow":"follow","max-snippet":"max-snippet:-1","max-image-preview":"max-image-preview:large","max-video-preview":"max-video-preview:-1"},"canonical":"https:\/\/diariodalagoa.pt\/es\/transporte-de-doentes-solicitado-pelas-unidades-de-ilha-nao-tem-encargos-para-os-utentes-esclarece-secretario-regional-da-saude\/","og_locale":"es_ES","og_type":"article","og_title":"Transporte de doentes solicitado pelas Unidades de Ilha n\u00e3o tem encargos para os utentes - Di\u00e1rio da Lagoa","og_description":"O Secret\u00e1rio Regional da Sa\u00fade esclareceu que o pagamento do transporte de doentes n\u00e3o urgentes \u00e9 da responsabilidade da Unidade de Sa\u00fade que o requisita, \u201cn\u00e3o havendo qualquer encargo para os cidad\u00e3os\u201d. Lu\u00eds Cabral, em declara\u00e7\u00f5es prestadas \u00e0 margem da apresenta\u00e7\u00e3o do Plano Regional de Sa\u00fade, frisou que\u00a0\u201cnem os transportes acionados pelo 112, nem os [&hellip;]","og_url":"https:\/\/diariodalagoa.pt\/es\/transporte-de-doentes-solicitado-pelas-unidades-de-ilha-nao-tem-encargos-para-os-utentes-esclarece-secretario-regional-da-saude\/","og_site_name":"Di\u00e1rio da Lagoa","article_published_time":"2014-08-04T16:54:28+00:00","author":"Di\u00e1rio da Lagoa","twitter_card":"summary_large_image","twitter_misc":{"Escrito por":"Di\u00e1rio da Lagoa","Tiempo de lectura":"1 minuto"},"schema":{"@context":"https:\/\/schema.org","@graph":[{"@type":"WebPage","@id":"https:\/\/diariodalagoa.pt\/transporte-de-doentes-solicitado-pelas-unidades-de-ilha-nao-tem-encargos-para-os-utentes-esclarece-secretario-regional-da-saude\/","url":"https:\/\/diariodalagoa.pt\/transporte-de-doentes-solicitado-pelas-unidades-de-ilha-nao-tem-encargos-para-os-utentes-esclarece-secretario-regional-da-saude\/","name":"Transporte de doentes solicitado pelas Unidades de Ilha n\u00e3o tem encargos para os utentes - Di\u00e1rio da Lagoa","isPartOf":{"@id":"https:\/\/diariodalagoa.pt\/#website"},"datePublished":"2014-08-04T16:54:28+00:00","dateModified":"2014-08-04T16:54:28+00:00","author":{"@id":"https:\/\/diariodalagoa.pt\/#\/schema\/person\/1615a002370e8857b6f972834bc43ece"},"breadcrumb":{"@id":"https:\/\/diariodalagoa.pt\/transporte-de-doentes-solicitado-pelas-unidades-de-ilha-nao-tem-encargos-para-os-utentes-esclarece-secretario-regional-da-saude\/#breadcrumb"},"inLanguage":"es","potentialAction":[{"@type":"ReadAction","target":["https:\/\/diariodalagoa.pt\/transporte-de-doentes-solicitado-pelas-unidades-de-ilha-nao-tem-encargos-para-os-utentes-esclarece-secretario-regional-da-saude\/"]}]},{"@type":"BreadcrumbList","@id":"https:\/\/diariodalagoa.pt\/transporte-de-doentes-solicitado-pelas-unidades-de-ilha-nao-tem-encargos-para-os-utentes-esclarece-secretario-regional-da-saude\/#breadcrumb","itemListElement":[{"@type":"ListItem","position":1,"name":"In\u00edcio","item":"https:\/\/diariodalagoa.pt\/"},{"@type":"ListItem","position":2,"name":"Transporte de doentes solicitado pelas Unidades de Ilha n\u00e3o tem encargos para os utentes"}]},{"@type":"WebSite","@id":"https:\/\/diariodalagoa.pt\/#website","url":"https:\/\/diariodalagoa.pt\/","name":"Di\u00e1rio da Lagoa","description":"Di\u00e1rio da Lagoa. As not\u00edcias que contam. A partir da Lagoa, nos A\u00e7ores, para o mundo.","potentialAction":[{"@type":"SearchAction","target":{"@type":"EntryPoint","urlTemplate":"https:\/\/diariodalagoa.pt\/?s={search_term_string}"},"query-input":"required name=search_term_string"}],"inLanguage":"es"},{"@type":"Person","@id":"https:\/\/diariodalagoa.pt\/#\/schema\/person\/1615a002370e8857b6f972834bc43ece","name":"Di\u00e1rio da Lagoa","image":{"@type":"ImageObject","inLanguage":"es","@id":"https:\/\/diariodalagoa.pt\/#\/schema\/person\/image\/","url":"https:\/\/secure.gravatar.com\/avatar\/2cb5cef90a26f8fbd4d9d930608102c5?s=96&d=mm&r=g","contentUrl":"https:\/\/secure.gravatar.com\/avatar\/2cb5cef90a26f8fbd4d9d930608102c5?s=96&d=mm&r=g","caption":"Di\u00e1rio da Lagoa"},"url":"https:\/\/diariodalagoa.pt\/es\/author\/diariodalagoa\/"}]}},"_links":{"self":[{"href":"https:\/\/diariodalagoa.pt\/es\/wp-json\/wp\/v2\/posts\/7540"}],"collection":[{"href":"https:\/\/diariodalagoa.pt\/es\/wp-json\/wp\/v2\/posts"}],"about":[{"href":"https:\/\/diariodalagoa.pt\/es\/wp-json\/wp\/v2\/types\/post"}],"author":[{"embeddable":true,"href":"https:\/\/diariodalagoa.pt\/es\/wp-json\/wp\/v2\/users\/2"}],"replies":[{"embeddable":true,"href":"https:\/\/diariodalagoa.pt\/es\/wp-json\/wp\/v2\/comments?post=7540"}],"version-history":[{"count":0,"href":"https:\/\/diariodalagoa.pt\/es\/wp-json\/wp\/v2\/posts\/7540\/revisions"}],"wp:attachment":[{"href":"https:\/\/diariodalagoa.pt\/es\/wp-json\/wp\/v2\/media?parent=7540"}],"wp:term":[{"taxonomy":"category","embeddable":true,"href":"https:\/\/diariodalagoa.pt\/es\/wp-json\/wp\/v2\/categories?post=7540"},{"taxonomy":"post_tag","embeddable":true,"href":"https:\/\/diariodalagoa.pt\/es\/wp-json\/wp\/v2\/tags?post=7540"}],"curies":[{"name":"wp","href":"https:\/\/api.w.org\/{rel}","templated":true}]}}