{"id":74750,"date":"2019-05-10T09:07:16","date_gmt":"2019-05-10T10:07:16","guid":{"rendered":"https:\/\/diariodalagoa.pt\/?p=74750"},"modified":"2019-05-10T09:07:16","modified_gmt":"2019-05-10T10:07:16","slug":"governo-concede-tolerancia-de-ponto-em-sao-miguel-e-na-graciosa-2","status":"publish","type":"post","link":"https:\/\/diariodalagoa.pt\/es\/governo-concede-tolerancia-de-ponto-em-sao-miguel-e-na-graciosa-2\/","title":{"rendered":"Governo concede toler\u00e2ncia de ponto em S\u00e3o Miguel e na Graciosa"},"content":{"rendered":"<figure class=\"wp-block-image\"><img decoding=\"async\" src=\"https:\/\/diariodalagoa.pt\/wp-content\/uploads\/2018\/05\/Missa-Campal-Senhor-Santo-Cristo-Milagres-2018.jpg\" alt=\"\" class=\"wp-image-60876\"\/><\/figure>\n\n\n<p style=\"font-weight: 400;\"><span style=\"color: #000000;\">O Presidente do Governo dos A\u00e7ores concedeu toler\u00e2ncia de ponto aos trabalhadores da Administra\u00e7\u00e3o P\u00fablica Regional dos servi\u00e7os sedeados na ilha de S\u00e3o Miguel no dia 27 deste m\u00eas, segunda-feira das festas do Senhor Santo Cristo.<\/span><\/p>\n<p style=\"font-weight: 400;\"><span style=\"color: #000000;\">O despacho assinado por Vasco Cordeiro justifica esta decis\u00e3o, como habitualmente, com o \u201cprofundo significado para a popula\u00e7\u00e3o da ilha de S\u00e3o Miguel das festividades em honra do Senhor Santo Cristo dos Milagres\u201d, que decorrem em Ponta Delgada.<\/span><\/p>\n<p style=\"font-weight: 400;\"><span style=\"color: #000000;\">Um outro despacho do Presidente do Governo concede toler\u00e2ncia de ponto, no dia 24 deste m\u00eas, aos trabalhadores da Administra\u00e7\u00e3o P\u00fablica Regional na Graciosa, considerando tamb\u00e9m o profundo significado religioso de que se reveste, para a popula\u00e7\u00e3o da ilha, a Prociss\u00e3o de Penit\u00eancia e A\u00e7\u00e3o de Gra\u00e7as de Nossa Senhora da Guadalupe ao Monte de Nossa Senhora d\u2019Ajuda, que se realiza desde 1717.<\/span><\/p>\n<p><span style=\"color: #000000;\"><em>DL\/Gacs<\/em><\/span><\/p>","protected":false},"excerpt":{"rendered":"<p>O Presidente do Governo dos A\u00e7ores concedeu toler\u00e2ncia de ponto aos trabalhadores da Administra\u00e7\u00e3o P\u00fablica Regional dos servi\u00e7os sedeados na ilha de S\u00e3o Miguel no dia 27 deste m\u00eas, segunda-feira das festas do Senhor Santo Cristo. O despacho assinado por Vasco Cordeiro justifica esta decis\u00e3o, como habitualmente, com o \u201cprofundo significado para a popula\u00e7\u00e3o da [&hellip;]<\/p>","protected":false},"author":2,"featured_media":117612,"comment_status":"open","ping_status":"open","sticky":false,"template":"","format":"standard","meta":[],"categories":[21],"tags":[],"acf":[],"yoast_head":"<!-- This site is optimized with the Yoast SEO plugin v20.10 - https:\/\/yoast.com\/wordpress\/plugins\/seo\/ -->\n<title>Governo concede toler\u00e2ncia de ponto em S\u00e3o Miguel e na Graciosa - Di\u00e1rio da Lagoa<\/title>\n<meta name=\"robots\" content=\"index, follow, max-snippet:-1, max-image-preview:large, max-video-preview:-1\" \/>\n<link rel=\"canonical\" href=\"https:\/\/diariodalagoa.pt\/es\/governo-concede-tolerancia-de-ponto-em-sao-miguel-e-na-graciosa-2\/\" \/>\n<meta property=\"og:locale\" content=\"es_ES\" \/>\n<meta property=\"og:type\" content=\"article\" \/>\n<meta property=\"og:title\" content=\"Governo concede toler\u00e2ncia de ponto em S\u00e3o Miguel e na Graciosa - Di\u00e1rio da Lagoa\" \/>\n<meta property=\"og:description\" content=\"O Presidente do Governo dos A\u00e7ores concedeu toler\u00e2ncia de ponto aos trabalhadores da Administra\u00e7\u00e3o P\u00fablica Regional dos servi\u00e7os sedeados na ilha de S\u00e3o Miguel no dia 27 deste m\u00eas, segunda-feira das festas do Senhor Santo Cristo. O despacho assinado por Vasco Cordeiro justifica esta decis\u00e3o, como habitualmente, com o \u201cprofundo significado para a popula\u00e7\u00e3o da [&hellip;]\" \/>\n<meta property=\"og:url\" content=\"https:\/\/diariodalagoa.pt\/es\/governo-concede-tolerancia-de-ponto-em-sao-miguel-e-na-graciosa-2\/\" \/>\n<meta property=\"og:site_name\" content=\"Di\u00e1rio da Lagoa\" \/>\n<meta property=\"article:published_time\" content=\"2019-05-10T10:07:16+00:00\" \/>\n<meta property=\"og:image\" content=\"https:\/\/diariodalagoa.pt\/wp-content\/uploads\/2019\/05\/missa-campal-senhor-santo-cristo-milagres-2018.jpg\" \/>\n\t<meta property=\"og:image:width\" content=\"960\" \/>\n\t<meta property=\"og:image:height\" content=\"484\" \/>\n\t<meta property=\"og:image:type\" content=\"image\/jpeg\" \/>\n<meta name=\"author\" content=\"Di\u00e1rio da Lagoa\" \/>\n<meta name=\"twitter:card\" content=\"summary_large_image\" \/>\n<meta name=\"twitter:label1\" content=\"Escrito por\" \/>\n\t<meta name=\"twitter:data1\" content=\"Di\u00e1rio da Lagoa\" \/>\n\t<meta name=\"twitter:label2\" content=\"Tiempo de lectura\" \/>\n\t<meta name=\"twitter:data2\" content=\"1 minuto\" \/>\n<script type=\"application\/ld+json\" class=\"yoast-schema-graph\">{\"@context\":\"https:\/\/schema.org\",\"@graph\":[{\"@type\":\"WebPage\",\"@id\":\"https:\/\/diariodalagoa.pt\/governo-concede-tolerancia-de-ponto-em-sao-miguel-e-na-graciosa-2\/\",\"url\":\"https:\/\/diariodalagoa.pt\/governo-concede-tolerancia-de-ponto-em-sao-miguel-e-na-graciosa-2\/\",\"name\":\"Governo concede toler\u00e2ncia de ponto em S\u00e3o Miguel e na Graciosa - Di\u00e1rio da Lagoa\",\"isPartOf\":{\"@id\":\"https:\/\/diariodalagoa.pt\/#website\"},\"datePublished\":\"2019-05-10T10:07:16+00:00\",\"dateModified\":\"2019-05-10T10:07:16+00:00\",\"author\":{\"@id\":\"https:\/\/diariodalagoa.pt\/#\/schema\/person\/1615a002370e8857b6f972834bc43ece\"},\"breadcrumb\":{\"@id\":\"https:\/\/diariodalagoa.pt\/governo-concede-tolerancia-de-ponto-em-sao-miguel-e-na-graciosa-2\/#breadcrumb\"},\"inLanguage\":\"es\",\"potentialAction\":[{\"@type\":\"ReadAction\",\"target\":[\"https:\/\/diariodalagoa.pt\/governo-concede-tolerancia-de-ponto-em-sao-miguel-e-na-graciosa-2\/\"]}]},{\"@type\":\"BreadcrumbList\",\"@id\":\"https:\/\/diariodalagoa.pt\/governo-concede-tolerancia-de-ponto-em-sao-miguel-e-na-graciosa-2\/#breadcrumb\",\"itemListElement\":[{\"@type\":\"ListItem\",\"position\":1,\"name\":\"In\u00edcio\",\"item\":\"https:\/\/diariodalagoa.pt\/\"},{\"@type\":\"ListItem\",\"position\":2,\"name\":\"Governo concede toler\u00e2ncia de ponto em S\u00e3o Miguel e na Graciosa\"}]},{\"@type\":\"WebSite\",\"@id\":\"https:\/\/diariodalagoa.pt\/#website\",\"url\":\"https:\/\/diariodalagoa.pt\/\",\"name\":\"Di\u00e1rio da Lagoa\",\"description\":\"Di\u00e1rio da Lagoa. As not\u00edcias que contam. A partir da Lagoa, nos A\u00e7ores, para o mundo.\",\"potentialAction\":[{\"@type\":\"SearchAction\",\"target\":{\"@type\":\"EntryPoint\",\"urlTemplate\":\"https:\/\/diariodalagoa.pt\/?s={search_term_string}\"},\"query-input\":\"required name=search_term_string\"}],\"inLanguage\":\"es\"},{\"@type\":\"Person\",\"@id\":\"https:\/\/diariodalagoa.pt\/#\/schema\/person\/1615a002370e8857b6f972834bc43ece\",\"name\":\"Di\u00e1rio da Lagoa\",\"image\":{\"@type\":\"ImageObject\",\"inLanguage\":\"es\",\"@id\":\"https:\/\/diariodalagoa.pt\/#\/schema\/person\/image\/\",\"url\":\"https:\/\/secure.gravatar.com\/avatar\/2cb5cef90a26f8fbd4d9d930608102c5?s=96&d=mm&r=g\",\"contentUrl\":\"https:\/\/secure.gravatar.com\/avatar\/2cb5cef90a26f8fbd4d9d930608102c5?s=96&d=mm&r=g\",\"caption\":\"Di\u00e1rio da Lagoa\"},\"url\":\"https:\/\/diariodalagoa.pt\/es\/author\/diariodalagoa\/\"}]}<\/script>\n<!-- \/ Yoast SEO plugin. -->","yoast_head_json":{"title":"Governo concede toler\u00e2ncia de ponto em S\u00e3o Miguel e na Graciosa - Di\u00e1rio da Lagoa","robots":{"index":"index","follow":"follow","max-snippet":"max-snippet:-1","max-image-preview":"max-image-preview:large","max-video-preview":"max-video-preview:-1"},"canonical":"https:\/\/diariodalagoa.pt\/es\/governo-concede-tolerancia-de-ponto-em-sao-miguel-e-na-graciosa-2\/","og_locale":"es_ES","og_type":"article","og_title":"Governo concede toler\u00e2ncia de ponto em S\u00e3o Miguel e na Graciosa - Di\u00e1rio da Lagoa","og_description":"O Presidente do Governo dos A\u00e7ores concedeu toler\u00e2ncia de ponto aos trabalhadores da Administra\u00e7\u00e3o P\u00fablica Regional dos servi\u00e7os sedeados na ilha de S\u00e3o Miguel no dia 27 deste m\u00eas, segunda-feira das festas do Senhor Santo Cristo. O despacho assinado por Vasco Cordeiro justifica esta decis\u00e3o, como habitualmente, com o \u201cprofundo significado para a popula\u00e7\u00e3o da [&hellip;]","og_url":"https:\/\/diariodalagoa.pt\/es\/governo-concede-tolerancia-de-ponto-em-sao-miguel-e-na-graciosa-2\/","og_site_name":"Di\u00e1rio da Lagoa","article_published_time":"2019-05-10T10:07:16+00:00","og_image":[{"width":960,"height":484,"url":"https:\/\/diariodalagoa.pt\/wp-content\/uploads\/2019\/05\/missa-campal-senhor-santo-cristo-milagres-2018.jpg","type":"image\/jpeg"}],"author":"Di\u00e1rio da Lagoa","twitter_card":"summary_large_image","twitter_misc":{"Escrito por":"Di\u00e1rio da Lagoa","Tiempo de lectura":"1 minuto"},"schema":{"@context":"https:\/\/schema.org","@graph":[{"@type":"WebPage","@id":"https:\/\/diariodalagoa.pt\/governo-concede-tolerancia-de-ponto-em-sao-miguel-e-na-graciosa-2\/","url":"https:\/\/diariodalagoa.pt\/governo-concede-tolerancia-de-ponto-em-sao-miguel-e-na-graciosa-2\/","name":"Governo concede toler\u00e2ncia de ponto em S\u00e3o Miguel e na Graciosa - Di\u00e1rio da Lagoa","isPartOf":{"@id":"https:\/\/diariodalagoa.pt\/#website"},"datePublished":"2019-05-10T10:07:16+00:00","dateModified":"2019-05-10T10:07:16+00:00","author":{"@id":"https:\/\/diariodalagoa.pt\/#\/schema\/person\/1615a002370e8857b6f972834bc43ece"},"breadcrumb":{"@id":"https:\/\/diariodalagoa.pt\/governo-concede-tolerancia-de-ponto-em-sao-miguel-e-na-graciosa-2\/#breadcrumb"},"inLanguage":"es","potentialAction":[{"@type":"ReadAction","target":["https:\/\/diariodalagoa.pt\/governo-concede-tolerancia-de-ponto-em-sao-miguel-e-na-graciosa-2\/"]}]},{"@type":"BreadcrumbList","@id":"https:\/\/diariodalagoa.pt\/governo-concede-tolerancia-de-ponto-em-sao-miguel-e-na-graciosa-2\/#breadcrumb","itemListElement":[{"@type":"ListItem","position":1,"name":"In\u00edcio","item":"https:\/\/diariodalagoa.pt\/"},{"@type":"ListItem","position":2,"name":"Governo concede toler\u00e2ncia de ponto em S\u00e3o Miguel e na Graciosa"}]},{"@type":"WebSite","@id":"https:\/\/diariodalagoa.pt\/#website","url":"https:\/\/diariodalagoa.pt\/","name":"Di\u00e1rio da Lagoa","description":"Di\u00e1rio da Lagoa. As not\u00edcias que contam. A partir da Lagoa, nos A\u00e7ores, para o mundo.","potentialAction":[{"@type":"SearchAction","target":{"@type":"EntryPoint","urlTemplate":"https:\/\/diariodalagoa.pt\/?s={search_term_string}"},"query-input":"required name=search_term_string"}],"inLanguage":"es"},{"@type":"Person","@id":"https:\/\/diariodalagoa.pt\/#\/schema\/person\/1615a002370e8857b6f972834bc43ece","name":"Di\u00e1rio da Lagoa","image":{"@type":"ImageObject","inLanguage":"es","@id":"https:\/\/diariodalagoa.pt\/#\/schema\/person\/image\/","url":"https:\/\/secure.gravatar.com\/avatar\/2cb5cef90a26f8fbd4d9d930608102c5?s=96&d=mm&r=g","contentUrl":"https:\/\/secure.gravatar.com\/avatar\/2cb5cef90a26f8fbd4d9d930608102c5?s=96&d=mm&r=g","caption":"Di\u00e1rio da Lagoa"},"url":"https:\/\/diariodalagoa.pt\/es\/author\/diariodalagoa\/"}]}},"_links":{"self":[{"href":"https:\/\/diariodalagoa.pt\/es\/wp-json\/wp\/v2\/posts\/74750"}],"collection":[{"href":"https:\/\/diariodalagoa.pt\/es\/wp-json\/wp\/v2\/posts"}],"about":[{"href":"https:\/\/diariodalagoa.pt\/es\/wp-json\/wp\/v2\/types\/post"}],"author":[{"embeddable":true,"href":"https:\/\/diariodalagoa.pt\/es\/wp-json\/wp\/v2\/users\/2"}],"replies":[{"embeddable":true,"href":"https:\/\/diariodalagoa.pt\/es\/wp-json\/wp\/v2\/comments?post=74750"}],"version-history":[{"count":0,"href":"https:\/\/diariodalagoa.pt\/es\/wp-json\/wp\/v2\/posts\/74750\/revisions"}],"wp:featuredmedia":[{"embeddable":true,"href":"https:\/\/diariodalagoa.pt\/es\/wp-json\/wp\/v2\/media\/117612"}],"wp:attachment":[{"href":"https:\/\/diariodalagoa.pt\/es\/wp-json\/wp\/v2\/media?parent=74750"}],"wp:term":[{"taxonomy":"category","embeddable":true,"href":"https:\/\/diariodalagoa.pt\/es\/wp-json\/wp\/v2\/categories?post=74750"},{"taxonomy":"post_tag","embeddable":true,"href":"https:\/\/diariodalagoa.pt\/es\/wp-json\/wp\/v2\/tags?post=74750"}],"curies":[{"name":"wp","href":"https:\/\/api.w.org\/{rel}","templated":true}]}}