{"id":7454,"date":"2014-07-31T20:42:47","date_gmt":"2014-07-31T21:42:47","guid":{"rendered":"http:\/\/diariodalagoa.pt\/?p=7454"},"modified":"2014-07-31T20:42:47","modified_gmt":"2014-07-31T21:42:47","slug":"candidaturas-ao-incentivo-ao-arrendamento-abrem-a-1-de-agosto","status":"publish","type":"post","link":"https:\/\/diariodalagoa.pt\/es\/candidaturas-ao-incentivo-ao-arrendamento-abrem-a-1-de-agosto\/","title":{"rendered":"Candidaturas ao Incentivo ao Arrendamento abrem a 1 de agosto"},"content":{"rendered":"<p style=\"text-align: justify;\"><img decoding=\"async\" class=\"alignnone size-full wp-image-7455\" src=\"http:\/\/diariodalagoa.pt\/wp-content\/uploads\/2014\/07\/Aluga-se-quarto-Apartamento-.jpg\" alt=\"Aluga-se-quarto-Apartamento-\" width=\"720\" height=\"380\" \/><\/p>\n<p style=\"text-align: justify;\"><span style=\"color: #000000;\">O per\u00edodo de rece\u00e7\u00e3o de candidaturas ao Incentivo ao Arrendamento, no \u00e2mbito do Programa Fam\u00edlias com Futuro, decorre entre 1 de agosto a 15 de setembro.<\/span><\/p>\n<p style=\"text-align: justify;\"><span style=\"color: #000000;\">Os interessados podem preencher e enviar as candidaturas atrav\u00e9s do endere\u00e7o eletr\u00f3nico\u00a0<a href=\"http:\/\/drh-servicos.azores.gov.pt\/\" target=\"_blank\" rel=\"noopener\"><span style=\"color: #000000;\">http:\/\/drh-servicos.azores.gov.pt<\/span><\/a>\u00a0ou\u00a0dirigir-se aos servi\u00e7os da Dire\u00e7\u00e3o Regional de Habita\u00e7\u00e3o e aos postos da Rede Integrada de Apoio ao Cidad\u00e3o (RIAC) para obter informa\u00e7\u00f5es e apresentar a candidatura.<\/span><\/p>\n<p style=\"text-align: justify;\"><span style=\"color: #000000;\">O Governo dos A\u00e7ores, ao abrigo deste programa, apoia cerca de um milhar de fam\u00edlias, num investimento p\u00fabico mensal superior a 175 mil euros.<\/span><\/p>\n<p style=\"text-align: justify;\"><span style=\"color: #000000;\">O montante de apoio pode atingir 70% do valor da renda m\u00e1xima admitida, de acordo com as caracter\u00edsticas socioecon\u00f3micas de cada fam\u00edlia.<\/span><\/p>\n<p style=\"text-align: justify;\"><span style=\"color: #000000;\">No \u00e2mbito deste programa criado pelo Executivo a\u00e7oriano s\u00e3o majorados os apoios relativos a im\u00f3veis ou fra\u00e7\u00f5es arrendadas nas &#8216;Ilhas da Coes\u00e3o&#8217;, assim como os apoios destinados a agregados monoparentais, fam\u00edlias que integrem elementos portadores de defici\u00eancia e jovens.<\/span><\/p>\n<p style=\"text-align: justify;\"><span style=\"color: #000000;\"><em>DL\/Gacs<\/em><\/span><\/p>","protected":false},"excerpt":{"rendered":"<p>O per\u00edodo de rece\u00e7\u00e3o de candidaturas ao Incentivo ao Arrendamento, no \u00e2mbito do Programa Fam\u00edlias com Futuro, decorre entre 1 de agosto a 15 de setembro. Os interessados podem preencher e enviar as candidaturas atrav\u00e9s do endere\u00e7o eletr\u00f3nico\u00a0http:\/\/drh-servicos.azores.gov.pt\u00a0ou\u00a0dirigir-se aos servi\u00e7os da Dire\u00e7\u00e3o Regional de Habita\u00e7\u00e3o e aos postos da Rede Integrada de Apoio ao Cidad\u00e3o [&hellip;]<\/p>","protected":false},"author":2,"featured_media":121889,"comment_status":"open","ping_status":"open","sticky":false,"template":"","format":"standard","meta":[],"categories":[21],"tags":[],"acf":[],"yoast_head":"<!-- This site is optimized with the Yoast SEO plugin v20.10 - https:\/\/yoast.com\/wordpress\/plugins\/seo\/ -->\n<title>Candidaturas ao Incentivo ao Arrendamento abrem a 1 de agosto - Di\u00e1rio da Lagoa<\/title>\n<meta name=\"robots\" content=\"index, follow, max-snippet:-1, max-image-preview:large, max-video-preview:-1\" \/>\n<link rel=\"canonical\" href=\"https:\/\/diariodalagoa.pt\/es\/candidaturas-ao-incentivo-ao-arrendamento-abrem-a-1-de-agosto\/\" \/>\n<meta property=\"og:locale\" content=\"es_ES\" \/>\n<meta property=\"og:type\" content=\"article\" \/>\n<meta property=\"og:title\" content=\"Candidaturas ao Incentivo ao Arrendamento abrem a 1 de agosto - Di\u00e1rio da Lagoa\" \/>\n<meta property=\"og:description\" content=\"O per\u00edodo de rece\u00e7\u00e3o de candidaturas ao Incentivo ao Arrendamento, no \u00e2mbito do Programa Fam\u00edlias com Futuro, decorre entre 1 de agosto a 15 de setembro. Os interessados podem preencher e enviar as candidaturas atrav\u00e9s do endere\u00e7o eletr\u00f3nico\u00a0http:\/\/drh-servicos.azores.gov.pt\u00a0ou\u00a0dirigir-se aos servi\u00e7os da Dire\u00e7\u00e3o Regional de Habita\u00e7\u00e3o e aos postos da Rede Integrada de Apoio ao Cidad\u00e3o [&hellip;]\" \/>\n<meta property=\"og:url\" content=\"https:\/\/diariodalagoa.pt\/es\/candidaturas-ao-incentivo-ao-arrendamento-abrem-a-1-de-agosto\/\" \/>\n<meta property=\"og:site_name\" content=\"Di\u00e1rio da Lagoa\" \/>\n<meta property=\"article:published_time\" content=\"2014-07-31T21:42:47+00:00\" \/>\n<meta property=\"og:image\" content=\"https:\/\/diariodalagoa.pt\/wp-content\/uploads\/2014\/07\/quinta-castanheiro-apartamentos.jpg\" \/>\n\t<meta property=\"og:image:width\" content=\"720\" \/>\n\t<meta property=\"og:image:height\" content=\"380\" \/>\n\t<meta property=\"og:image:type\" content=\"image\/jpeg\" \/>\n<meta name=\"author\" content=\"Di\u00e1rio da Lagoa\" \/>\n<meta name=\"twitter:card\" content=\"summary_large_image\" \/>\n<meta name=\"twitter:label1\" content=\"Escrito por\" \/>\n\t<meta name=\"twitter:data1\" content=\"Di\u00e1rio da Lagoa\" \/>\n\t<meta name=\"twitter:label2\" content=\"Tiempo de lectura\" \/>\n\t<meta name=\"twitter:data2\" content=\"1 minuto\" \/>\n<script type=\"application\/ld+json\" class=\"yoast-schema-graph\">{\"@context\":\"https:\/\/schema.org\",\"@graph\":[{\"@type\":\"WebPage\",\"@id\":\"https:\/\/diariodalagoa.pt\/candidaturas-ao-incentivo-ao-arrendamento-abrem-a-1-de-agosto\/\",\"url\":\"https:\/\/diariodalagoa.pt\/candidaturas-ao-incentivo-ao-arrendamento-abrem-a-1-de-agosto\/\",\"name\":\"Candidaturas ao Incentivo ao Arrendamento abrem a 1 de agosto - Di\u00e1rio da Lagoa\",\"isPartOf\":{\"@id\":\"https:\/\/diariodalagoa.pt\/#website\"},\"datePublished\":\"2014-07-31T21:42:47+00:00\",\"dateModified\":\"2014-07-31T21:42:47+00:00\",\"author\":{\"@id\":\"https:\/\/diariodalagoa.pt\/#\/schema\/person\/1615a002370e8857b6f972834bc43ece\"},\"breadcrumb\":{\"@id\":\"https:\/\/diariodalagoa.pt\/candidaturas-ao-incentivo-ao-arrendamento-abrem-a-1-de-agosto\/#breadcrumb\"},\"inLanguage\":\"es\",\"potentialAction\":[{\"@type\":\"ReadAction\",\"target\":[\"https:\/\/diariodalagoa.pt\/candidaturas-ao-incentivo-ao-arrendamento-abrem-a-1-de-agosto\/\"]}]},{\"@type\":\"BreadcrumbList\",\"@id\":\"https:\/\/diariodalagoa.pt\/candidaturas-ao-incentivo-ao-arrendamento-abrem-a-1-de-agosto\/#breadcrumb\",\"itemListElement\":[{\"@type\":\"ListItem\",\"position\":1,\"name\":\"In\u00edcio\",\"item\":\"https:\/\/diariodalagoa.pt\/\"},{\"@type\":\"ListItem\",\"position\":2,\"name\":\"Candidaturas ao Incentivo ao Arrendamento abrem a 1 de agosto\"}]},{\"@type\":\"WebSite\",\"@id\":\"https:\/\/diariodalagoa.pt\/#website\",\"url\":\"https:\/\/diariodalagoa.pt\/\",\"name\":\"Di\u00e1rio da Lagoa\",\"description\":\"Di\u00e1rio da Lagoa. As not\u00edcias que contam. A partir da Lagoa, nos A\u00e7ores, para o mundo.\",\"potentialAction\":[{\"@type\":\"SearchAction\",\"target\":{\"@type\":\"EntryPoint\",\"urlTemplate\":\"https:\/\/diariodalagoa.pt\/?s={search_term_string}\"},\"query-input\":\"required name=search_term_string\"}],\"inLanguage\":\"es\"},{\"@type\":\"Person\",\"@id\":\"https:\/\/diariodalagoa.pt\/#\/schema\/person\/1615a002370e8857b6f972834bc43ece\",\"name\":\"Di\u00e1rio da Lagoa\",\"image\":{\"@type\":\"ImageObject\",\"inLanguage\":\"es\",\"@id\":\"https:\/\/diariodalagoa.pt\/#\/schema\/person\/image\/\",\"url\":\"https:\/\/secure.gravatar.com\/avatar\/2cb5cef90a26f8fbd4d9d930608102c5?s=96&d=mm&r=g\",\"contentUrl\":\"https:\/\/secure.gravatar.com\/avatar\/2cb5cef90a26f8fbd4d9d930608102c5?s=96&d=mm&r=g\",\"caption\":\"Di\u00e1rio da Lagoa\"},\"url\":\"https:\/\/diariodalagoa.pt\/es\/author\/diariodalagoa\/\"}]}<\/script>\n<!-- \/ Yoast SEO plugin. -->","yoast_head_json":{"title":"Candidaturas ao Incentivo ao Arrendamento abrem a 1 de agosto - Di\u00e1rio da Lagoa","robots":{"index":"index","follow":"follow","max-snippet":"max-snippet:-1","max-image-preview":"max-image-preview:large","max-video-preview":"max-video-preview:-1"},"canonical":"https:\/\/diariodalagoa.pt\/es\/candidaturas-ao-incentivo-ao-arrendamento-abrem-a-1-de-agosto\/","og_locale":"es_ES","og_type":"article","og_title":"Candidaturas ao Incentivo ao Arrendamento abrem a 1 de agosto - Di\u00e1rio da Lagoa","og_description":"O per\u00edodo de rece\u00e7\u00e3o de candidaturas ao Incentivo ao Arrendamento, no \u00e2mbito do Programa Fam\u00edlias com Futuro, decorre entre 1 de agosto a 15 de setembro. Os interessados podem preencher e enviar as candidaturas atrav\u00e9s do endere\u00e7o eletr\u00f3nico\u00a0http:\/\/drh-servicos.azores.gov.pt\u00a0ou\u00a0dirigir-se aos servi\u00e7os da Dire\u00e7\u00e3o Regional de Habita\u00e7\u00e3o e aos postos da Rede Integrada de Apoio ao Cidad\u00e3o [&hellip;]","og_url":"https:\/\/diariodalagoa.pt\/es\/candidaturas-ao-incentivo-ao-arrendamento-abrem-a-1-de-agosto\/","og_site_name":"Di\u00e1rio da Lagoa","article_published_time":"2014-07-31T21:42:47+00:00","og_image":[{"width":720,"height":380,"url":"https:\/\/diariodalagoa.pt\/wp-content\/uploads\/2014\/07\/quinta-castanheiro-apartamentos.jpg","type":"image\/jpeg"}],"author":"Di\u00e1rio da Lagoa","twitter_card":"summary_large_image","twitter_misc":{"Escrito por":"Di\u00e1rio da Lagoa","Tiempo de lectura":"1 minuto"},"schema":{"@context":"https:\/\/schema.org","@graph":[{"@type":"WebPage","@id":"https:\/\/diariodalagoa.pt\/candidaturas-ao-incentivo-ao-arrendamento-abrem-a-1-de-agosto\/","url":"https:\/\/diariodalagoa.pt\/candidaturas-ao-incentivo-ao-arrendamento-abrem-a-1-de-agosto\/","name":"Candidaturas ao Incentivo ao Arrendamento abrem a 1 de agosto - Di\u00e1rio da Lagoa","isPartOf":{"@id":"https:\/\/diariodalagoa.pt\/#website"},"datePublished":"2014-07-31T21:42:47+00:00","dateModified":"2014-07-31T21:42:47+00:00","author":{"@id":"https:\/\/diariodalagoa.pt\/#\/schema\/person\/1615a002370e8857b6f972834bc43ece"},"breadcrumb":{"@id":"https:\/\/diariodalagoa.pt\/candidaturas-ao-incentivo-ao-arrendamento-abrem-a-1-de-agosto\/#breadcrumb"},"inLanguage":"es","potentialAction":[{"@type":"ReadAction","target":["https:\/\/diariodalagoa.pt\/candidaturas-ao-incentivo-ao-arrendamento-abrem-a-1-de-agosto\/"]}]},{"@type":"BreadcrumbList","@id":"https:\/\/diariodalagoa.pt\/candidaturas-ao-incentivo-ao-arrendamento-abrem-a-1-de-agosto\/#breadcrumb","itemListElement":[{"@type":"ListItem","position":1,"name":"In\u00edcio","item":"https:\/\/diariodalagoa.pt\/"},{"@type":"ListItem","position":2,"name":"Candidaturas ao Incentivo ao Arrendamento abrem a 1 de agosto"}]},{"@type":"WebSite","@id":"https:\/\/diariodalagoa.pt\/#website","url":"https:\/\/diariodalagoa.pt\/","name":"Di\u00e1rio da Lagoa","description":"Di\u00e1rio da Lagoa. As not\u00edcias que contam. A partir da Lagoa, nos A\u00e7ores, para o mundo.","potentialAction":[{"@type":"SearchAction","target":{"@type":"EntryPoint","urlTemplate":"https:\/\/diariodalagoa.pt\/?s={search_term_string}"},"query-input":"required name=search_term_string"}],"inLanguage":"es"},{"@type":"Person","@id":"https:\/\/diariodalagoa.pt\/#\/schema\/person\/1615a002370e8857b6f972834bc43ece","name":"Di\u00e1rio da Lagoa","image":{"@type":"ImageObject","inLanguage":"es","@id":"https:\/\/diariodalagoa.pt\/#\/schema\/person\/image\/","url":"https:\/\/secure.gravatar.com\/avatar\/2cb5cef90a26f8fbd4d9d930608102c5?s=96&d=mm&r=g","contentUrl":"https:\/\/secure.gravatar.com\/avatar\/2cb5cef90a26f8fbd4d9d930608102c5?s=96&d=mm&r=g","caption":"Di\u00e1rio da Lagoa"},"url":"https:\/\/diariodalagoa.pt\/es\/author\/diariodalagoa\/"}]}},"_links":{"self":[{"href":"https:\/\/diariodalagoa.pt\/es\/wp-json\/wp\/v2\/posts\/7454"}],"collection":[{"href":"https:\/\/diariodalagoa.pt\/es\/wp-json\/wp\/v2\/posts"}],"about":[{"href":"https:\/\/diariodalagoa.pt\/es\/wp-json\/wp\/v2\/types\/post"}],"author":[{"embeddable":true,"href":"https:\/\/diariodalagoa.pt\/es\/wp-json\/wp\/v2\/users\/2"}],"replies":[{"embeddable":true,"href":"https:\/\/diariodalagoa.pt\/es\/wp-json\/wp\/v2\/comments?post=7454"}],"version-history":[{"count":0,"href":"https:\/\/diariodalagoa.pt\/es\/wp-json\/wp\/v2\/posts\/7454\/revisions"}],"wp:featuredmedia":[{"embeddable":true,"href":"https:\/\/diariodalagoa.pt\/es\/wp-json\/wp\/v2\/media\/121889"}],"wp:attachment":[{"href":"https:\/\/diariodalagoa.pt\/es\/wp-json\/wp\/v2\/media?parent=7454"}],"wp:term":[{"taxonomy":"category","embeddable":true,"href":"https:\/\/diariodalagoa.pt\/es\/wp-json\/wp\/v2\/categories?post=7454"},{"taxonomy":"post_tag","embeddable":true,"href":"https:\/\/diariodalagoa.pt\/es\/wp-json\/wp\/v2\/tags?post=7454"}],"curies":[{"name":"wp","href":"https:\/\/api.w.org\/{rel}","templated":true}]}}