{"id":7448,"date":"2014-07-31T17:23:46","date_gmt":"2014-07-31T18:23:46","guid":{"rendered":"http:\/\/diariodalagoa.pt\/?p=7448"},"modified":"2014-07-31T17:23:46","modified_gmt":"2014-07-31T18:23:46","slug":"fausto-brito-e-abreu-destaca-importancia-da-nova-gestao-e-ordenamento-dos-portos-e-nucleos-de-pesca-dos-acores","status":"publish","type":"post","link":"https:\/\/diariodalagoa.pt\/es\/fausto-brito-e-abreu-destaca-importancia-da-nova-gestao-e-ordenamento-dos-portos-e-nucleos-de-pesca-dos-acores\/","title":{"rendered":"Fausto Brito e Abreu destaca import\u00e2ncia da nova \u201cgest\u00e3o e ordenamento\u201d dos portos e n\u00facleos de pesca dos A\u00e7ores"},"content":{"rendered":"<p style=\"text-align: justify;\"><img decoding=\"async\" class=\"alignnone size-full wp-image-7449\" src=\"http:\/\/diariodalagoa.pt\/wp-content\/uploads\/2014\/07\/Fauto-Brito-Abreu-Jose-Antonio-Fernandes-pescas.jpg\" alt=\"Fauto-Brito-Abreu-Jose-Antonio-Fernandes-pescas\" width=\"720\" height=\"380\" \/><\/p>\n<p style=\"text-align: justify;\"><span style=\"color: rgb(0, 0, 0);\">O Secret\u00e1rio Regional do Mar, Ci\u00eancia e Tecnologia destacou hoje, no Porto de Lajes do Pico, onde foi afixado o Regulamento Complementar do N\u00facleo de Pescas desta infraestrutura portu\u00e1ria, a import\u00e2ncia da implementa\u00e7\u00e3o das novas regras de utiliza\u00e7\u00e3o dos portos e n\u00facleos de pesca dos A\u00e7ores.<\/span><\/p>\n<p style=\"text-align: justify;\"><span style=\"color: rgb(0, 0, 0);\">O diploma que rege os regulamentos que v\u00e3o gerir os portos e n\u00facleos de pesca foi publicado ap\u00f3s discuss\u00e3o e parecer dos parceiros do setor, da\u00a0Autoridade Mar\u00edtima e da Portos dos A\u00e7ores, dando cumprimento ao compromisso assumido pelo Governo\u00a0Regional de otimizar e ordenar o uso das zonas alagadas e em terra.<\/span><\/p>\n<p style=\"text-align: justify;\"><span style=\"color: rgb(0, 0, 0);\">O\u00a0Secret\u00e1rio Regional revelou ainda que, conforme se comprometeu na recente reuni\u00e3o do Conselho Regional das Pescas, vai visitar os principais portos de pesca de todas as ilhas dos A\u00e7ores \u201cat\u00e9 ao final deste ano&#8221;.<\/span><\/p>\n<p style=\"text-align: justify;\"><span style=\"color: rgb(0, 0, 0);\">Fausto Brito e Abreu\u00a0reuniu ainda com armadores locais e com o Presidente da Associa\u00e7\u00e3o de Armadores da Pesca Artesanal da Ilha do Pico, num encontro em que foi analisada, entre outras mat\u00e9rias, a melhoria das descargas de pescado que utilizam o porto com a instala\u00e7\u00e3o de novo equipamento de alagem de embarca\u00e7\u00f5es adquirido pela Regi\u00e3o.<\/span><\/p>\n<p style=\"text-align: justify;\"><span style=\"color: rgb(0, 0, 0);\"><em>DL\/Gacs<\/em><\/span><\/p>","protected":false},"excerpt":{"rendered":"<p>O Secret\u00e1rio Regional do Mar, Ci\u00eancia e Tecnologia destacou hoje, no Porto de Lajes do Pico, onde foi afixado o Regulamento Complementar do N\u00facleo de Pescas desta infraestrutura portu\u00e1ria, a import\u00e2ncia da implementa\u00e7\u00e3o das novas regras de utiliza\u00e7\u00e3o dos portos e n\u00facleos de pesca dos A\u00e7ores. O diploma que rege os regulamentos que v\u00e3o gerir [&hellip;]<\/p>","protected":false},"author":2,"featured_media":121890,"comment_status":"open","ping_status":"open","sticky":false,"template":"","format":"standard","meta":[],"categories":[21],"tags":[],"acf":[],"yoast_head":"<!-- This site is optimized with the Yoast SEO plugin v20.10 - https:\/\/yoast.com\/wordpress\/plugins\/seo\/ -->\n<title>Fausto Brito e Abreu destaca import\u00e2ncia da nova \u201cgest\u00e3o e ordenamento\u201d dos portos e n\u00facleos de pesca dos A\u00e7ores - Di\u00e1rio da Lagoa<\/title>\n<meta name=\"robots\" content=\"index, follow, max-snippet:-1, max-image-preview:large, max-video-preview:-1\" \/>\n<link rel=\"canonical\" href=\"https:\/\/diariodalagoa.pt\/es\/fausto-brito-e-abreu-destaca-importancia-da-nova-gestao-e-ordenamento-dos-portos-e-nucleos-de-pesca-dos-acores\/\" \/>\n<meta property=\"og:locale\" content=\"es_ES\" \/>\n<meta property=\"og:type\" content=\"article\" \/>\n<meta property=\"og:title\" content=\"Fausto Brito e Abreu destaca import\u00e2ncia da nova \u201cgest\u00e3o e ordenamento\u201d dos portos e n\u00facleos de pesca dos A\u00e7ores - Di\u00e1rio da Lagoa\" \/>\n<meta property=\"og:description\" content=\"O Secret\u00e1rio Regional do Mar, Ci\u00eancia e Tecnologia destacou hoje, no Porto de Lajes do Pico, onde foi afixado o Regulamento Complementar do N\u00facleo de Pescas desta infraestrutura portu\u00e1ria, a import\u00e2ncia da implementa\u00e7\u00e3o das novas regras de utiliza\u00e7\u00e3o dos portos e n\u00facleos de pesca dos A\u00e7ores. O diploma que rege os regulamentos que v\u00e3o gerir [&hellip;]\" \/>\n<meta property=\"og:url\" content=\"https:\/\/diariodalagoa.pt\/es\/fausto-brito-e-abreu-destaca-importancia-da-nova-gestao-e-ordenamento-dos-portos-e-nucleos-de-pesca-dos-acores\/\" \/>\n<meta property=\"og:site_name\" content=\"Di\u00e1rio da Lagoa\" \/>\n<meta property=\"article:published_time\" content=\"2014-07-31T18:23:46+00:00\" \/>\n<meta property=\"og:image\" content=\"https:\/\/diariodalagoa.pt\/wp-content\/uploads\/2014\/07\/fauto-brito-abreu-jose-antonio-fernandes-pescas.jpg\" \/>\n\t<meta property=\"og:image:width\" content=\"720\" \/>\n\t<meta property=\"og:image:height\" content=\"380\" \/>\n\t<meta property=\"og:image:type\" content=\"image\/jpeg\" \/>\n<meta name=\"author\" content=\"Di\u00e1rio da Lagoa\" \/>\n<meta name=\"twitter:card\" content=\"summary_large_image\" \/>\n<meta name=\"twitter:label1\" content=\"Escrito por\" \/>\n\t<meta name=\"twitter:data1\" content=\"Di\u00e1rio da Lagoa\" \/>\n\t<meta name=\"twitter:label2\" content=\"Tiempo de lectura\" \/>\n\t<meta name=\"twitter:data2\" content=\"1 minuto\" \/>\n<script type=\"application\/ld+json\" class=\"yoast-schema-graph\">{\"@context\":\"https:\/\/schema.org\",\"@graph\":[{\"@type\":\"WebPage\",\"@id\":\"https:\/\/diariodalagoa.pt\/fausto-brito-e-abreu-destaca-importancia-da-nova-gestao-e-ordenamento-dos-portos-e-nucleos-de-pesca-dos-acores\/\",\"url\":\"https:\/\/diariodalagoa.pt\/fausto-brito-e-abreu-destaca-importancia-da-nova-gestao-e-ordenamento-dos-portos-e-nucleos-de-pesca-dos-acores\/\",\"name\":\"Fausto Brito e Abreu destaca import\u00e2ncia da nova \u201cgest\u00e3o e ordenamento\u201d dos portos e n\u00facleos de pesca dos A\u00e7ores - Di\u00e1rio da Lagoa\",\"isPartOf\":{\"@id\":\"https:\/\/diariodalagoa.pt\/#website\"},\"datePublished\":\"2014-07-31T18:23:46+00:00\",\"dateModified\":\"2014-07-31T18:23:46+00:00\",\"author\":{\"@id\":\"https:\/\/diariodalagoa.pt\/#\/schema\/person\/1615a002370e8857b6f972834bc43ece\"},\"breadcrumb\":{\"@id\":\"https:\/\/diariodalagoa.pt\/fausto-brito-e-abreu-destaca-importancia-da-nova-gestao-e-ordenamento-dos-portos-e-nucleos-de-pesca-dos-acores\/#breadcrumb\"},\"inLanguage\":\"es\",\"potentialAction\":[{\"@type\":\"ReadAction\",\"target\":[\"https:\/\/diariodalagoa.pt\/fausto-brito-e-abreu-destaca-importancia-da-nova-gestao-e-ordenamento-dos-portos-e-nucleos-de-pesca-dos-acores\/\"]}]},{\"@type\":\"BreadcrumbList\",\"@id\":\"https:\/\/diariodalagoa.pt\/fausto-brito-e-abreu-destaca-importancia-da-nova-gestao-e-ordenamento-dos-portos-e-nucleos-de-pesca-dos-acores\/#breadcrumb\",\"itemListElement\":[{\"@type\":\"ListItem\",\"position\":1,\"name\":\"In\u00edcio\",\"item\":\"https:\/\/diariodalagoa.pt\/\"},{\"@type\":\"ListItem\",\"position\":2,\"name\":\"Fausto Brito e Abreu destaca import\u00e2ncia da nova \u201cgest\u00e3o e ordenamento\u201d dos portos e n\u00facleos de pesca dos A\u00e7ores\"}]},{\"@type\":\"WebSite\",\"@id\":\"https:\/\/diariodalagoa.pt\/#website\",\"url\":\"https:\/\/diariodalagoa.pt\/\",\"name\":\"Di\u00e1rio da Lagoa\",\"description\":\"Di\u00e1rio da Lagoa. As not\u00edcias que contam. A partir da Lagoa, nos A\u00e7ores, para o mundo.\",\"potentialAction\":[{\"@type\":\"SearchAction\",\"target\":{\"@type\":\"EntryPoint\",\"urlTemplate\":\"https:\/\/diariodalagoa.pt\/?s={search_term_string}\"},\"query-input\":\"required name=search_term_string\"}],\"inLanguage\":\"es\"},{\"@type\":\"Person\",\"@id\":\"https:\/\/diariodalagoa.pt\/#\/schema\/person\/1615a002370e8857b6f972834bc43ece\",\"name\":\"Di\u00e1rio da Lagoa\",\"image\":{\"@type\":\"ImageObject\",\"inLanguage\":\"es\",\"@id\":\"https:\/\/diariodalagoa.pt\/#\/schema\/person\/image\/\",\"url\":\"https:\/\/secure.gravatar.com\/avatar\/2cb5cef90a26f8fbd4d9d930608102c5?s=96&d=mm&r=g\",\"contentUrl\":\"https:\/\/secure.gravatar.com\/avatar\/2cb5cef90a26f8fbd4d9d930608102c5?s=96&d=mm&r=g\",\"caption\":\"Di\u00e1rio da Lagoa\"},\"url\":\"https:\/\/diariodalagoa.pt\/es\/author\/diariodalagoa\/\"}]}<\/script>\n<!-- \/ Yoast SEO plugin. -->","yoast_head_json":{"title":"Fausto Brito e Abreu destaca import\u00e2ncia da nova \u201cgest\u00e3o e ordenamento\u201d dos portos e n\u00facleos de pesca dos A\u00e7ores - Di\u00e1rio da Lagoa","robots":{"index":"index","follow":"follow","max-snippet":"max-snippet:-1","max-image-preview":"max-image-preview:large","max-video-preview":"max-video-preview:-1"},"canonical":"https:\/\/diariodalagoa.pt\/es\/fausto-brito-e-abreu-destaca-importancia-da-nova-gestao-e-ordenamento-dos-portos-e-nucleos-de-pesca-dos-acores\/","og_locale":"es_ES","og_type":"article","og_title":"Fausto Brito e Abreu destaca import\u00e2ncia da nova \u201cgest\u00e3o e ordenamento\u201d dos portos e n\u00facleos de pesca dos A\u00e7ores - Di\u00e1rio da Lagoa","og_description":"O Secret\u00e1rio Regional do Mar, Ci\u00eancia e Tecnologia destacou hoje, no Porto de Lajes do Pico, onde foi afixado o Regulamento Complementar do N\u00facleo de Pescas desta infraestrutura portu\u00e1ria, a import\u00e2ncia da implementa\u00e7\u00e3o das novas regras de utiliza\u00e7\u00e3o dos portos e n\u00facleos de pesca dos A\u00e7ores. O diploma que rege os regulamentos que v\u00e3o gerir [&hellip;]","og_url":"https:\/\/diariodalagoa.pt\/es\/fausto-brito-e-abreu-destaca-importancia-da-nova-gestao-e-ordenamento-dos-portos-e-nucleos-de-pesca-dos-acores\/","og_site_name":"Di\u00e1rio da Lagoa","article_published_time":"2014-07-31T18:23:46+00:00","og_image":[{"width":720,"height":380,"url":"https:\/\/diariodalagoa.pt\/wp-content\/uploads\/2014\/07\/fauto-brito-abreu-jose-antonio-fernandes-pescas.jpg","type":"image\/jpeg"}],"author":"Di\u00e1rio da Lagoa","twitter_card":"summary_large_image","twitter_misc":{"Escrito por":"Di\u00e1rio da Lagoa","Tiempo de lectura":"1 minuto"},"schema":{"@context":"https:\/\/schema.org","@graph":[{"@type":"WebPage","@id":"https:\/\/diariodalagoa.pt\/fausto-brito-e-abreu-destaca-importancia-da-nova-gestao-e-ordenamento-dos-portos-e-nucleos-de-pesca-dos-acores\/","url":"https:\/\/diariodalagoa.pt\/fausto-brito-e-abreu-destaca-importancia-da-nova-gestao-e-ordenamento-dos-portos-e-nucleos-de-pesca-dos-acores\/","name":"Fausto Brito e Abreu destaca import\u00e2ncia da nova \u201cgest\u00e3o e ordenamento\u201d dos portos e n\u00facleos de pesca dos A\u00e7ores - Di\u00e1rio da Lagoa","isPartOf":{"@id":"https:\/\/diariodalagoa.pt\/#website"},"datePublished":"2014-07-31T18:23:46+00:00","dateModified":"2014-07-31T18:23:46+00:00","author":{"@id":"https:\/\/diariodalagoa.pt\/#\/schema\/person\/1615a002370e8857b6f972834bc43ece"},"breadcrumb":{"@id":"https:\/\/diariodalagoa.pt\/fausto-brito-e-abreu-destaca-importancia-da-nova-gestao-e-ordenamento-dos-portos-e-nucleos-de-pesca-dos-acores\/#breadcrumb"},"inLanguage":"es","potentialAction":[{"@type":"ReadAction","target":["https:\/\/diariodalagoa.pt\/fausto-brito-e-abreu-destaca-importancia-da-nova-gestao-e-ordenamento-dos-portos-e-nucleos-de-pesca-dos-acores\/"]}]},{"@type":"BreadcrumbList","@id":"https:\/\/diariodalagoa.pt\/fausto-brito-e-abreu-destaca-importancia-da-nova-gestao-e-ordenamento-dos-portos-e-nucleos-de-pesca-dos-acores\/#breadcrumb","itemListElement":[{"@type":"ListItem","position":1,"name":"In\u00edcio","item":"https:\/\/diariodalagoa.pt\/"},{"@type":"ListItem","position":2,"name":"Fausto Brito e Abreu destaca import\u00e2ncia da nova \u201cgest\u00e3o e ordenamento\u201d dos portos e n\u00facleos de pesca dos A\u00e7ores"}]},{"@type":"WebSite","@id":"https:\/\/diariodalagoa.pt\/#website","url":"https:\/\/diariodalagoa.pt\/","name":"Di\u00e1rio da Lagoa","description":"Di\u00e1rio da Lagoa. As not\u00edcias que contam. A partir da Lagoa, nos A\u00e7ores, para o mundo.","potentialAction":[{"@type":"SearchAction","target":{"@type":"EntryPoint","urlTemplate":"https:\/\/diariodalagoa.pt\/?s={search_term_string}"},"query-input":"required name=search_term_string"}],"inLanguage":"es"},{"@type":"Person","@id":"https:\/\/diariodalagoa.pt\/#\/schema\/person\/1615a002370e8857b6f972834bc43ece","name":"Di\u00e1rio da Lagoa","image":{"@type":"ImageObject","inLanguage":"es","@id":"https:\/\/diariodalagoa.pt\/#\/schema\/person\/image\/","url":"https:\/\/secure.gravatar.com\/avatar\/2cb5cef90a26f8fbd4d9d930608102c5?s=96&d=mm&r=g","contentUrl":"https:\/\/secure.gravatar.com\/avatar\/2cb5cef90a26f8fbd4d9d930608102c5?s=96&d=mm&r=g","caption":"Di\u00e1rio da Lagoa"},"url":"https:\/\/diariodalagoa.pt\/es\/author\/diariodalagoa\/"}]}},"_links":{"self":[{"href":"https:\/\/diariodalagoa.pt\/es\/wp-json\/wp\/v2\/posts\/7448"}],"collection":[{"href":"https:\/\/diariodalagoa.pt\/es\/wp-json\/wp\/v2\/posts"}],"about":[{"href":"https:\/\/diariodalagoa.pt\/es\/wp-json\/wp\/v2\/types\/post"}],"author":[{"embeddable":true,"href":"https:\/\/diariodalagoa.pt\/es\/wp-json\/wp\/v2\/users\/2"}],"replies":[{"embeddable":true,"href":"https:\/\/diariodalagoa.pt\/es\/wp-json\/wp\/v2\/comments?post=7448"}],"version-history":[{"count":0,"href":"https:\/\/diariodalagoa.pt\/es\/wp-json\/wp\/v2\/posts\/7448\/revisions"}],"wp:featuredmedia":[{"embeddable":true,"href":"https:\/\/diariodalagoa.pt\/es\/wp-json\/wp\/v2\/media\/121890"}],"wp:attachment":[{"href":"https:\/\/diariodalagoa.pt\/es\/wp-json\/wp\/v2\/media?parent=7448"}],"wp:term":[{"taxonomy":"category","embeddable":true,"href":"https:\/\/diariodalagoa.pt\/es\/wp-json\/wp\/v2\/categories?post=7448"},{"taxonomy":"post_tag","embeddable":true,"href":"https:\/\/diariodalagoa.pt\/es\/wp-json\/wp\/v2\/tags?post=7448"}],"curies":[{"name":"wp","href":"https:\/\/api.w.org\/{rel}","templated":true}]}}