{"id":7426,"date":"2014-07-31T15:13:32","date_gmt":"2014-07-31T16:13:32","guid":{"rendered":"http:\/\/diariodalagoa.pt\/?p=7426"},"modified":"2014-07-31T15:13:32","modified_gmt":"2014-07-31T16:13:32","slug":"apresentado-guia-turistico-e-cultural-da-ribeira-grande","status":"publish","type":"post","link":"https:\/\/diariodalagoa.pt\/es\/apresentado-guia-turistico-e-cultural-da-ribeira-grande\/","title":{"rendered":"Apresentado Guia Tur\u00edstico e Cultural da Ribeira Grande"},"content":{"rendered":"<p style=\"text-align: justify;\"><img decoding=\"async\" class=\"alignnone size-full wp-image-7422\" src=\"http:\/\/diariodalagoa.pt\/wp-content\/uploads\/2014\/07\/Ribeira-Grande-nova-iamgem-1.jpg\" alt=\"Ribeira-Grande-nova-iamgem (1)\" width=\"720\" height=\"380\" \/><\/p>\n<p style=\"text-align: justify;\"><span style=\"color: #000000;\">O presidente da C\u00e2mara da Ribeira Grande, Alexandre Gaud\u00eancio, apresentou a aplica\u00e7\u00e3o m\u00f3vel \u2013 Guia Tur\u00edstico e Cultural da Ribeira Grande \u2013 para smartphones e tablets que disponibiliza informa\u00e7\u00e3o sobre a cultura e o turismo no concelho a quem est\u00e1 de visita.<\/span><\/p>\n<p style=\"text-align: justify;\"><span style=\"color: #000000;\"> Esta aplica\u00e7\u00e3o permite ao visitante uma melhor e maior facilidade no acesso aos v\u00e1rios pontos tur\u00edsticos da Ribeira Grande, como natureza, monumentos, zonas balneares e gastronomia. Em breve, estar\u00e1 tamb\u00e9m dispon\u00edvel a informa\u00e7\u00e3o relativa aos trilhos pedestres.<\/span><\/p>\n<p style=\"text-align: justify;\"><span style=\"color: #000000;\">Atrav\u00e9s da aplica\u00e7\u00e3o tamb\u00e9m \u00e9 poss\u00edvel conhecer os produtos do artesanato local, as f\u00e1bricas de ch\u00e1 da Gorreana e Porto Formoso, o Museu do Tabaco da Maia e a f\u00e1brica de licores, para al\u00e9m de outra informa\u00e7\u00e3o diversas como t\u00e1xis, farm\u00e1cias de servi\u00e7o, hospital e bombeiros.<\/span><\/p>\n<p style=\"text-align: justify;\"><span style=\"color: #000000;\">A ferramenta funciona como as restantes aplica\u00e7\u00f5es dos smartphones e tablets, com a vantagem de n\u00e3o ser necess\u00e1rio acesso \u00e0 internet para visualiza\u00e7\u00e3o dos menus da aplica\u00e7\u00e3o.<\/span><\/p>\n<p style=\"text-align: justify;\"><span style=\"color: #000000;\">Atrav\u00e9s do Guia Cultural e Tur\u00edstico da Ribeira Grande o visitante poder\u00e1 aceder a diferentes conte\u00fados relacionados com as \u00e1reas de maior interesse para quem nos visita, apresentando tamb\u00e9m a facilidade de encaminhar os utilizadores para os locais que desejam visitar, tra\u00e7ando uma rota atrav\u00e9s de coordenadas GPS.<\/span><\/p>\n<p style=\"text-align: justify;\"><span style=\"color: #000000;\">A apresenta\u00e7\u00e3o na v\u00e9spera do in\u00edcio da Feira Quinhentista foi projetada a pensar nos turistas. \u201cQuisemos divulgar a aplica\u00e7\u00e3o antes da Feira Quinhentista porque \u00e9 uma altura em que a Ribeira Grande vai receber milhares de visitantes\u201d, explicou Alexandre Gaud\u00eancio.<\/span><\/p>\n<p style=\"text-align: justify;\"><span style=\"color: #000000;\">O autarca destacou ainda o car\u00e1ter \u201cinovador e \u00edmpar\u201d em termos de autarquias dos A\u00e7ores no que respeita ao \u201clan\u00e7amento de uma aplica\u00e7\u00e3o que serve de guia a quem visita o concelho\u201d, mostrando-se convicto que atrav\u00e9s desta inova\u00e7\u00e3o ser\u00e1 poss\u00edvel \u201cpromover ainda mais o turismo na Ribeira Grande e contribuir para a potencia\u00e7\u00e3o das empresas que trabalham no setor.\u201d<\/span><\/p>\n<p style=\"text-align: justify;\"><span style=\"color: #000000;\"><em>DL\/CMRG<\/em><\/span><\/p>","protected":false},"excerpt":{"rendered":"<p>O presidente da C\u00e2mara da Ribeira Grande, Alexandre Gaud\u00eancio, apresentou a aplica\u00e7\u00e3o m\u00f3vel \u2013 Guia Tur\u00edstico e Cultural da Ribeira Grande \u2013 para smartphones e tablets que disponibiliza informa\u00e7\u00e3o sobre a cultura e o turismo no concelho a quem est\u00e1 de visita. Esta aplica\u00e7\u00e3o permite ao visitante uma melhor e maior facilidade no acesso aos [&hellip;]<\/p>","protected":false},"author":2,"featured_media":121893,"comment_status":"open","ping_status":"open","sticky":false,"template":"","format":"standard","meta":[],"categories":[21],"tags":[],"acf":[],"yoast_head":"<!-- This site is optimized with the Yoast SEO plugin v20.10 - https:\/\/yoast.com\/wordpress\/plugins\/seo\/ -->\n<title>Apresentado Guia Tur\u00edstico e Cultural da Ribeira Grande - Di\u00e1rio da Lagoa<\/title>\n<meta name=\"robots\" content=\"index, follow, max-snippet:-1, max-image-preview:large, max-video-preview:-1\" \/>\n<link rel=\"canonical\" href=\"https:\/\/diariodalagoa.pt\/es\/apresentado-guia-turistico-e-cultural-da-ribeira-grande\/\" \/>\n<meta property=\"og:locale\" content=\"es_ES\" \/>\n<meta property=\"og:type\" content=\"article\" \/>\n<meta property=\"og:title\" content=\"Apresentado Guia Tur\u00edstico e Cultural da Ribeira Grande - Di\u00e1rio da Lagoa\" \/>\n<meta property=\"og:description\" content=\"O presidente da C\u00e2mara da Ribeira Grande, Alexandre Gaud\u00eancio, apresentou a aplica\u00e7\u00e3o m\u00f3vel \u2013 Guia Tur\u00edstico e Cultural da Ribeira Grande \u2013 para smartphones e tablets que disponibiliza informa\u00e7\u00e3o sobre a cultura e o turismo no concelho a quem est\u00e1 de visita. Esta aplica\u00e7\u00e3o permite ao visitante uma melhor e maior facilidade no acesso aos [&hellip;]\" \/>\n<meta property=\"og:url\" content=\"https:\/\/diariodalagoa.pt\/es\/apresentado-guia-turistico-e-cultural-da-ribeira-grande\/\" \/>\n<meta property=\"og:site_name\" content=\"Di\u00e1rio da Lagoa\" \/>\n<meta property=\"article:published_time\" content=\"2014-07-31T16:13:32+00:00\" \/>\n<meta property=\"og:image\" content=\"https:\/\/diariodalagoa.pt\/wp-content\/uploads\/2014\/07\/ribeira-grande-nova-iamgem-2.jpg\" \/>\n\t<meta property=\"og:image:width\" content=\"720\" \/>\n\t<meta property=\"og:image:height\" content=\"380\" \/>\n\t<meta property=\"og:image:type\" content=\"image\/jpeg\" \/>\n<meta name=\"author\" content=\"Di\u00e1rio da Lagoa\" \/>\n<meta name=\"twitter:card\" content=\"summary_large_image\" \/>\n<meta name=\"twitter:label1\" content=\"Escrito por\" \/>\n\t<meta name=\"twitter:data1\" content=\"Di\u00e1rio da Lagoa\" \/>\n\t<meta name=\"twitter:label2\" content=\"Tiempo de lectura\" \/>\n\t<meta name=\"twitter:data2\" content=\"2 minutos\" \/>\n<script type=\"application\/ld+json\" class=\"yoast-schema-graph\">{\"@context\":\"https:\/\/schema.org\",\"@graph\":[{\"@type\":\"WebPage\",\"@id\":\"https:\/\/diariodalagoa.pt\/apresentado-guia-turistico-e-cultural-da-ribeira-grande\/\",\"url\":\"https:\/\/diariodalagoa.pt\/apresentado-guia-turistico-e-cultural-da-ribeira-grande\/\",\"name\":\"Apresentado Guia Tur\u00edstico e Cultural da Ribeira Grande - Di\u00e1rio da Lagoa\",\"isPartOf\":{\"@id\":\"https:\/\/diariodalagoa.pt\/#website\"},\"datePublished\":\"2014-07-31T16:13:32+00:00\",\"dateModified\":\"2014-07-31T16:13:32+00:00\",\"author\":{\"@id\":\"https:\/\/diariodalagoa.pt\/#\/schema\/person\/1615a002370e8857b6f972834bc43ece\"},\"breadcrumb\":{\"@id\":\"https:\/\/diariodalagoa.pt\/apresentado-guia-turistico-e-cultural-da-ribeira-grande\/#breadcrumb\"},\"inLanguage\":\"es\",\"potentialAction\":[{\"@type\":\"ReadAction\",\"target\":[\"https:\/\/diariodalagoa.pt\/apresentado-guia-turistico-e-cultural-da-ribeira-grande\/\"]}]},{\"@type\":\"BreadcrumbList\",\"@id\":\"https:\/\/diariodalagoa.pt\/apresentado-guia-turistico-e-cultural-da-ribeira-grande\/#breadcrumb\",\"itemListElement\":[{\"@type\":\"ListItem\",\"position\":1,\"name\":\"In\u00edcio\",\"item\":\"https:\/\/diariodalagoa.pt\/\"},{\"@type\":\"ListItem\",\"position\":2,\"name\":\"Apresentado Guia Tur\u00edstico e Cultural da Ribeira Grande\"}]},{\"@type\":\"WebSite\",\"@id\":\"https:\/\/diariodalagoa.pt\/#website\",\"url\":\"https:\/\/diariodalagoa.pt\/\",\"name\":\"Di\u00e1rio da Lagoa\",\"description\":\"Di\u00e1rio da Lagoa. As not\u00edcias que contam. A partir da Lagoa, nos A\u00e7ores, para o mundo.\",\"potentialAction\":[{\"@type\":\"SearchAction\",\"target\":{\"@type\":\"EntryPoint\",\"urlTemplate\":\"https:\/\/diariodalagoa.pt\/?s={search_term_string}\"},\"query-input\":\"required name=search_term_string\"}],\"inLanguage\":\"es\"},{\"@type\":\"Person\",\"@id\":\"https:\/\/diariodalagoa.pt\/#\/schema\/person\/1615a002370e8857b6f972834bc43ece\",\"name\":\"Di\u00e1rio da Lagoa\",\"image\":{\"@type\":\"ImageObject\",\"inLanguage\":\"es\",\"@id\":\"https:\/\/diariodalagoa.pt\/#\/schema\/person\/image\/\",\"url\":\"https:\/\/secure.gravatar.com\/avatar\/2cb5cef90a26f8fbd4d9d930608102c5?s=96&d=mm&r=g\",\"contentUrl\":\"https:\/\/secure.gravatar.com\/avatar\/2cb5cef90a26f8fbd4d9d930608102c5?s=96&d=mm&r=g\",\"caption\":\"Di\u00e1rio da Lagoa\"},\"url\":\"https:\/\/diariodalagoa.pt\/es\/author\/diariodalagoa\/\"}]}<\/script>\n<!-- \/ Yoast SEO plugin. -->","yoast_head_json":{"title":"Apresentado Guia Tur\u00edstico e Cultural da Ribeira Grande - Di\u00e1rio da Lagoa","robots":{"index":"index","follow":"follow","max-snippet":"max-snippet:-1","max-image-preview":"max-image-preview:large","max-video-preview":"max-video-preview:-1"},"canonical":"https:\/\/diariodalagoa.pt\/es\/apresentado-guia-turistico-e-cultural-da-ribeira-grande\/","og_locale":"es_ES","og_type":"article","og_title":"Apresentado Guia Tur\u00edstico e Cultural da Ribeira Grande - Di\u00e1rio da Lagoa","og_description":"O presidente da C\u00e2mara da Ribeira Grande, Alexandre Gaud\u00eancio, apresentou a aplica\u00e7\u00e3o m\u00f3vel \u2013 Guia Tur\u00edstico e Cultural da Ribeira Grande \u2013 para smartphones e tablets que disponibiliza informa\u00e7\u00e3o sobre a cultura e o turismo no concelho a quem est\u00e1 de visita. Esta aplica\u00e7\u00e3o permite ao visitante uma melhor e maior facilidade no acesso aos [&hellip;]","og_url":"https:\/\/diariodalagoa.pt\/es\/apresentado-guia-turistico-e-cultural-da-ribeira-grande\/","og_site_name":"Di\u00e1rio da Lagoa","article_published_time":"2014-07-31T16:13:32+00:00","og_image":[{"width":720,"height":380,"url":"https:\/\/diariodalagoa.pt\/wp-content\/uploads\/2014\/07\/ribeira-grande-nova-iamgem-2.jpg","type":"image\/jpeg"}],"author":"Di\u00e1rio da Lagoa","twitter_card":"summary_large_image","twitter_misc":{"Escrito por":"Di\u00e1rio da Lagoa","Tiempo de lectura":"2 minutos"},"schema":{"@context":"https:\/\/schema.org","@graph":[{"@type":"WebPage","@id":"https:\/\/diariodalagoa.pt\/apresentado-guia-turistico-e-cultural-da-ribeira-grande\/","url":"https:\/\/diariodalagoa.pt\/apresentado-guia-turistico-e-cultural-da-ribeira-grande\/","name":"Apresentado Guia Tur\u00edstico e Cultural da Ribeira Grande - Di\u00e1rio da Lagoa","isPartOf":{"@id":"https:\/\/diariodalagoa.pt\/#website"},"datePublished":"2014-07-31T16:13:32+00:00","dateModified":"2014-07-31T16:13:32+00:00","author":{"@id":"https:\/\/diariodalagoa.pt\/#\/schema\/person\/1615a002370e8857b6f972834bc43ece"},"breadcrumb":{"@id":"https:\/\/diariodalagoa.pt\/apresentado-guia-turistico-e-cultural-da-ribeira-grande\/#breadcrumb"},"inLanguage":"es","potentialAction":[{"@type":"ReadAction","target":["https:\/\/diariodalagoa.pt\/apresentado-guia-turistico-e-cultural-da-ribeira-grande\/"]}]},{"@type":"BreadcrumbList","@id":"https:\/\/diariodalagoa.pt\/apresentado-guia-turistico-e-cultural-da-ribeira-grande\/#breadcrumb","itemListElement":[{"@type":"ListItem","position":1,"name":"In\u00edcio","item":"https:\/\/diariodalagoa.pt\/"},{"@type":"ListItem","position":2,"name":"Apresentado Guia Tur\u00edstico e Cultural da Ribeira Grande"}]},{"@type":"WebSite","@id":"https:\/\/diariodalagoa.pt\/#website","url":"https:\/\/diariodalagoa.pt\/","name":"Di\u00e1rio da Lagoa","description":"Di\u00e1rio da Lagoa. As not\u00edcias que contam. A partir da Lagoa, nos A\u00e7ores, para o mundo.","potentialAction":[{"@type":"SearchAction","target":{"@type":"EntryPoint","urlTemplate":"https:\/\/diariodalagoa.pt\/?s={search_term_string}"},"query-input":"required name=search_term_string"}],"inLanguage":"es"},{"@type":"Person","@id":"https:\/\/diariodalagoa.pt\/#\/schema\/person\/1615a002370e8857b6f972834bc43ece","name":"Di\u00e1rio da Lagoa","image":{"@type":"ImageObject","inLanguage":"es","@id":"https:\/\/diariodalagoa.pt\/#\/schema\/person\/image\/","url":"https:\/\/secure.gravatar.com\/avatar\/2cb5cef90a26f8fbd4d9d930608102c5?s=96&d=mm&r=g","contentUrl":"https:\/\/secure.gravatar.com\/avatar\/2cb5cef90a26f8fbd4d9d930608102c5?s=96&d=mm&r=g","caption":"Di\u00e1rio da Lagoa"},"url":"https:\/\/diariodalagoa.pt\/es\/author\/diariodalagoa\/"}]}},"_links":{"self":[{"href":"https:\/\/diariodalagoa.pt\/es\/wp-json\/wp\/v2\/posts\/7426"}],"collection":[{"href":"https:\/\/diariodalagoa.pt\/es\/wp-json\/wp\/v2\/posts"}],"about":[{"href":"https:\/\/diariodalagoa.pt\/es\/wp-json\/wp\/v2\/types\/post"}],"author":[{"embeddable":true,"href":"https:\/\/diariodalagoa.pt\/es\/wp-json\/wp\/v2\/users\/2"}],"replies":[{"embeddable":true,"href":"https:\/\/diariodalagoa.pt\/es\/wp-json\/wp\/v2\/comments?post=7426"}],"version-history":[{"count":0,"href":"https:\/\/diariodalagoa.pt\/es\/wp-json\/wp\/v2\/posts\/7426\/revisions"}],"wp:featuredmedia":[{"embeddable":true,"href":"https:\/\/diariodalagoa.pt\/es\/wp-json\/wp\/v2\/media\/121893"}],"wp:attachment":[{"href":"https:\/\/diariodalagoa.pt\/es\/wp-json\/wp\/v2\/media?parent=7426"}],"wp:term":[{"taxonomy":"category","embeddable":true,"href":"https:\/\/diariodalagoa.pt\/es\/wp-json\/wp\/v2\/categories?post=7426"},{"taxonomy":"post_tag","embeddable":true,"href":"https:\/\/diariodalagoa.pt\/es\/wp-json\/wp\/v2\/tags?post=7426"}],"curies":[{"name":"wp","href":"https:\/\/api.w.org\/{rel}","templated":true}]}}