{"id":7233,"date":"2014-07-25T18:47:50","date_gmt":"2014-07-25T18:47:50","guid":{"rendered":"http:\/\/diariodalagoa.pt\/?p=7233"},"modified":"2014-07-25T18:47:50","modified_gmt":"2014-07-25T18:47:50","slug":"centros-de-saude-dos-acores-terao-papel-mais-ativo-no-tratamento-das-dependencias","status":"publish","type":"post","link":"https:\/\/diariodalagoa.pt\/es\/centros-de-saude-dos-acores-terao-papel-mais-ativo-no-tratamento-das-dependencias\/","title":{"rendered":"Centros de Sa\u00fade dos A\u00e7ores ter\u00e3o papel mais ativo no tratamento das depend\u00eancias"},"content":{"rendered":"<p style=\"text-align: justify;\"><a href=\"http:\/\/diariodalagoa.pt\/wp-content\/uploads\/2014\/07\/Luis-Cabral-secretario-saude.jpg\"><img decoding=\"async\" class=\"alignnone size-full wp-image-7235\" src=\"http:\/\/diariodalagoa.pt\/wp-content\/uploads\/2014\/07\/Luis-Cabral-secretario-saude.jpg\" alt=\"OLYMPUS DIGITAL CAMERA\" width=\"720\" height=\"380\" \/><\/a><\/p>\n<p style=\"text-align: justify;\"><span style=\"color: #000000;\">O Secret\u00e1rio Regional da Sa\u00fade defendeu que os m\u00e9dicos de Medicina Geral e Familiar devem ser \u201cos principais gestores dos doentes com depend\u00eancia\u201d, tirando partido \u201cda proximidade\u201d que os centros de sa\u00fade proporcionam.<\/span><\/p>\n<p style=\"text-align: justify;\"><span style=\"color: #000000;\">Lu\u00eds Cabral, que falava no \u00e2mbito de uma\u00a0a\u00e7\u00e3o de forma\u00e7\u00e3o sobre terap\u00eautica dual, que decorreu no Hospital de Santo Esp\u00edrito da Ilha Terceira, frisou que, para o Servi\u00e7o Regional de Sa\u00fade, \u201cas depend\u00eancias s\u00e3o uma doen\u00e7a\u201d, tal como \u00e9 a hipertens\u00e3o ou a diabetes, que se desenvolve num contexto sociocultural do qual os m\u00e9dicos de fam\u00edlia \u201ct\u00eam uma vis\u00e3o clara\u201d.<\/span><\/p>\n<p style=\"text-align: justify;\"><span style=\"color: #000000;\">Segundo o Secret\u00e1rio da Sa\u00fade, esta op\u00e7\u00e3o, n\u00e3o invalida que se constituam grupos diferenciados ao n\u00edvel dos hospitais com a colabora\u00e7\u00e3o da psiquiatria, que \u00e9 fundamental na gest\u00e3o destes casos, mas, como em todas as \u00e1reas da ci\u00eancia m\u00e9dica, esses grupos \u201cdevem, fundamentalmente, servir de apoio \u00e0 atividade do M\u00e9dico de Medicina Geral e Familiar\u201d.<\/span><\/p>\n<p style=\"text-align: justify;\"><span style=\"color: #000000;\">Lu\u00eds Cabral referiu-se tamb\u00e9m ao Sistema de vigil\u00e2ncia de Comportamentos de Risco que foi implementado junto dos alunos do 6\u00ba ao 12\u00ba ano \u201cque permitir\u00e1 dispor de indicadores concretos dos comportamentos de risco na popula\u00e7\u00e3o jovem\u201d.<\/span><\/p>\n<p style=\"text-align: justify;\"><span style=\"color: #000000;\">Os dados j\u00e1 dispon\u00edveis mostram que, por exemplo, cerca de um ter\u00e7o dos jovens entre o 6\u00ba e o 8\u00ba ano j\u00e1 experimentaram fumar e que cerca de metade dos jovens at\u00e9 ao12\u00ba anos j\u00e1 o fizeram, pelo menos uma vez.<\/span><\/p>\n<p style=\"text-align: justify;\"><span style=\"color: #000000;\">O inqu\u00e9rito, que abrangeu, neste primeiro ano, cerca de seis mil alunos, em todas as ilhas, mostra tamb\u00e9m que 17% dos jovens at\u00e9 ao 12\u00ba ano j\u00e1 teve contato com drogas leves, \u201cum n\u00famero que deve merecer a nossa aten\u00e7\u00e3o e ser alvo de uma interven\u00e7\u00e3o muito direta\u201d, disse Lu\u00eds Cabral.<\/span><\/p>\n<p style=\"text-align: justify;\"><span style=\"color: #000000;\">Segundo o Secret\u00e1rio da Sa\u00fade, v\u00e3o desenhar-se \u201ca\u00e7\u00f5es concretas\u201d que v\u00e3o de encontro a estes comportamentos de risco e a partir dos pr\u00f3ximos anos, aplicando o mesmo inqu\u00e9rito, da mesma forma e \u00e0 mesma popula\u00e7\u00e3o, \u201cse poder\u00e1 perceber se h\u00e1 diminui\u00e7\u00e3o ou n\u00e3o das diversas incid\u00eancias\u201d.<\/span><\/p>\n<p style=\"text-align: justify;\"><span style=\"color: #000000;\"><em>DL\/Gacs<\/em><\/span><\/p>","protected":false},"excerpt":{"rendered":"<p>O Secret\u00e1rio Regional da Sa\u00fade defendeu que os m\u00e9dicos de Medicina Geral e Familiar devem ser \u201cos principais gestores dos doentes com depend\u00eancia\u201d, tirando partido \u201cda proximidade\u201d que os centros de sa\u00fade proporcionam. Lu\u00eds Cabral, que falava no \u00e2mbito de uma\u00a0a\u00e7\u00e3o de forma\u00e7\u00e3o sobre terap\u00eautica dual, que decorreu no Hospital de Santo Esp\u00edrito da Ilha [&hellip;]<\/p>","protected":false},"author":2,"featured_media":121903,"comment_status":"open","ping_status":"open","sticky":false,"template":"","format":"standard","meta":[],"categories":[21],"tags":[],"acf":[],"yoast_head":"<!-- This site is optimized with the Yoast SEO plugin v20.10 - https:\/\/yoast.com\/wordpress\/plugins\/seo\/ -->\n<title>Centros de Sa\u00fade dos A\u00e7ores ter\u00e3o papel mais ativo no tratamento das depend\u00eancias - Di\u00e1rio da Lagoa<\/title>\n<meta name=\"robots\" content=\"index, follow, max-snippet:-1, max-image-preview:large, max-video-preview:-1\" \/>\n<link rel=\"canonical\" href=\"https:\/\/diariodalagoa.pt\/es\/centros-de-saude-dos-acores-terao-papel-mais-ativo-no-tratamento-das-dependencias\/\" \/>\n<meta property=\"og:locale\" content=\"es_ES\" \/>\n<meta property=\"og:type\" content=\"article\" \/>\n<meta property=\"og:title\" content=\"Centros de Sa\u00fade dos A\u00e7ores ter\u00e3o papel mais ativo no tratamento das depend\u00eancias - Di\u00e1rio da Lagoa\" \/>\n<meta property=\"og:description\" content=\"O Secret\u00e1rio Regional da Sa\u00fade defendeu que os m\u00e9dicos de Medicina Geral e Familiar devem ser \u201cos principais gestores dos doentes com depend\u00eancia\u201d, tirando partido \u201cda proximidade\u201d que os centros de sa\u00fade proporcionam. Lu\u00eds Cabral, que falava no \u00e2mbito de uma\u00a0a\u00e7\u00e3o de forma\u00e7\u00e3o sobre terap\u00eautica dual, que decorreu no Hospital de Santo Esp\u00edrito da Ilha [&hellip;]\" \/>\n<meta property=\"og:url\" content=\"https:\/\/diariodalagoa.pt\/es\/centros-de-saude-dos-acores-terao-papel-mais-ativo-no-tratamento-das-dependencias\/\" \/>\n<meta property=\"og:site_name\" content=\"Di\u00e1rio da Lagoa\" \/>\n<meta property=\"article:published_time\" content=\"2014-07-25T18:47:50+00:00\" \/>\n<meta property=\"og:image\" content=\"https:\/\/diariodalagoa.pt\/wp-content\/uploads\/2014\/07\/luis-cabral-secretario-saude.jpg\" \/>\n\t<meta property=\"og:image:width\" content=\"720\" \/>\n\t<meta property=\"og:image:height\" content=\"380\" \/>\n\t<meta property=\"og:image:type\" content=\"image\/jpeg\" \/>\n<meta name=\"author\" content=\"Di\u00e1rio da Lagoa\" \/>\n<meta name=\"twitter:card\" content=\"summary_large_image\" \/>\n<meta name=\"twitter:label1\" content=\"Escrito por\" \/>\n\t<meta name=\"twitter:data1\" content=\"Di\u00e1rio da Lagoa\" \/>\n\t<meta name=\"twitter:label2\" content=\"Tiempo de lectura\" \/>\n\t<meta name=\"twitter:data2\" content=\"2 minutos\" \/>\n<script type=\"application\/ld+json\" class=\"yoast-schema-graph\">{\"@context\":\"https:\/\/schema.org\",\"@graph\":[{\"@type\":\"WebPage\",\"@id\":\"https:\/\/diariodalagoa.pt\/centros-de-saude-dos-acores-terao-papel-mais-ativo-no-tratamento-das-dependencias\/\",\"url\":\"https:\/\/diariodalagoa.pt\/centros-de-saude-dos-acores-terao-papel-mais-ativo-no-tratamento-das-dependencias\/\",\"name\":\"Centros de Sa\u00fade dos A\u00e7ores ter\u00e3o papel mais ativo no tratamento das depend\u00eancias - Di\u00e1rio da Lagoa\",\"isPartOf\":{\"@id\":\"https:\/\/diariodalagoa.pt\/#website\"},\"datePublished\":\"2014-07-25T18:47:50+00:00\",\"dateModified\":\"2014-07-25T18:47:50+00:00\",\"author\":{\"@id\":\"https:\/\/diariodalagoa.pt\/#\/schema\/person\/1615a002370e8857b6f972834bc43ece\"},\"breadcrumb\":{\"@id\":\"https:\/\/diariodalagoa.pt\/centros-de-saude-dos-acores-terao-papel-mais-ativo-no-tratamento-das-dependencias\/#breadcrumb\"},\"inLanguage\":\"es\",\"potentialAction\":[{\"@type\":\"ReadAction\",\"target\":[\"https:\/\/diariodalagoa.pt\/centros-de-saude-dos-acores-terao-papel-mais-ativo-no-tratamento-das-dependencias\/\"]}]},{\"@type\":\"BreadcrumbList\",\"@id\":\"https:\/\/diariodalagoa.pt\/centros-de-saude-dos-acores-terao-papel-mais-ativo-no-tratamento-das-dependencias\/#breadcrumb\",\"itemListElement\":[{\"@type\":\"ListItem\",\"position\":1,\"name\":\"In\u00edcio\",\"item\":\"https:\/\/diariodalagoa.pt\/\"},{\"@type\":\"ListItem\",\"position\":2,\"name\":\"Centros de Sa\u00fade dos A\u00e7ores ter\u00e3o papel mais ativo no tratamento das depend\u00eancias\"}]},{\"@type\":\"WebSite\",\"@id\":\"https:\/\/diariodalagoa.pt\/#website\",\"url\":\"https:\/\/diariodalagoa.pt\/\",\"name\":\"Di\u00e1rio da Lagoa\",\"description\":\"Di\u00e1rio da Lagoa. As not\u00edcias que contam. A partir da Lagoa, nos A\u00e7ores, para o mundo.\",\"potentialAction\":[{\"@type\":\"SearchAction\",\"target\":{\"@type\":\"EntryPoint\",\"urlTemplate\":\"https:\/\/diariodalagoa.pt\/?s={search_term_string}\"},\"query-input\":\"required name=search_term_string\"}],\"inLanguage\":\"es\"},{\"@type\":\"Person\",\"@id\":\"https:\/\/diariodalagoa.pt\/#\/schema\/person\/1615a002370e8857b6f972834bc43ece\",\"name\":\"Di\u00e1rio da Lagoa\",\"image\":{\"@type\":\"ImageObject\",\"inLanguage\":\"es\",\"@id\":\"https:\/\/diariodalagoa.pt\/#\/schema\/person\/image\/\",\"url\":\"https:\/\/secure.gravatar.com\/avatar\/2cb5cef90a26f8fbd4d9d930608102c5?s=96&d=mm&r=g\",\"contentUrl\":\"https:\/\/secure.gravatar.com\/avatar\/2cb5cef90a26f8fbd4d9d930608102c5?s=96&d=mm&r=g\",\"caption\":\"Di\u00e1rio da Lagoa\"},\"url\":\"https:\/\/diariodalagoa.pt\/es\/author\/diariodalagoa\/\"}]}<\/script>\n<!-- \/ Yoast SEO plugin. -->","yoast_head_json":{"title":"Centros de Sa\u00fade dos A\u00e7ores ter\u00e3o papel mais ativo no tratamento das depend\u00eancias - Di\u00e1rio da Lagoa","robots":{"index":"index","follow":"follow","max-snippet":"max-snippet:-1","max-image-preview":"max-image-preview:large","max-video-preview":"max-video-preview:-1"},"canonical":"https:\/\/diariodalagoa.pt\/es\/centros-de-saude-dos-acores-terao-papel-mais-ativo-no-tratamento-das-dependencias\/","og_locale":"es_ES","og_type":"article","og_title":"Centros de Sa\u00fade dos A\u00e7ores ter\u00e3o papel mais ativo no tratamento das depend\u00eancias - Di\u00e1rio da Lagoa","og_description":"O Secret\u00e1rio Regional da Sa\u00fade defendeu que os m\u00e9dicos de Medicina Geral e Familiar devem ser \u201cos principais gestores dos doentes com depend\u00eancia\u201d, tirando partido \u201cda proximidade\u201d que os centros de sa\u00fade proporcionam. Lu\u00eds Cabral, que falava no \u00e2mbito de uma\u00a0a\u00e7\u00e3o de forma\u00e7\u00e3o sobre terap\u00eautica dual, que decorreu no Hospital de Santo Esp\u00edrito da Ilha [&hellip;]","og_url":"https:\/\/diariodalagoa.pt\/es\/centros-de-saude-dos-acores-terao-papel-mais-ativo-no-tratamento-das-dependencias\/","og_site_name":"Di\u00e1rio da Lagoa","article_published_time":"2014-07-25T18:47:50+00:00","og_image":[{"width":720,"height":380,"url":"https:\/\/diariodalagoa.pt\/wp-content\/uploads\/2014\/07\/luis-cabral-secretario-saude.jpg","type":"image\/jpeg"}],"author":"Di\u00e1rio da Lagoa","twitter_card":"summary_large_image","twitter_misc":{"Escrito por":"Di\u00e1rio da Lagoa","Tiempo de lectura":"2 minutos"},"schema":{"@context":"https:\/\/schema.org","@graph":[{"@type":"WebPage","@id":"https:\/\/diariodalagoa.pt\/centros-de-saude-dos-acores-terao-papel-mais-ativo-no-tratamento-das-dependencias\/","url":"https:\/\/diariodalagoa.pt\/centros-de-saude-dos-acores-terao-papel-mais-ativo-no-tratamento-das-dependencias\/","name":"Centros de Sa\u00fade dos A\u00e7ores ter\u00e3o papel mais ativo no tratamento das depend\u00eancias - Di\u00e1rio da Lagoa","isPartOf":{"@id":"https:\/\/diariodalagoa.pt\/#website"},"datePublished":"2014-07-25T18:47:50+00:00","dateModified":"2014-07-25T18:47:50+00:00","author":{"@id":"https:\/\/diariodalagoa.pt\/#\/schema\/person\/1615a002370e8857b6f972834bc43ece"},"breadcrumb":{"@id":"https:\/\/diariodalagoa.pt\/centros-de-saude-dos-acores-terao-papel-mais-ativo-no-tratamento-das-dependencias\/#breadcrumb"},"inLanguage":"es","potentialAction":[{"@type":"ReadAction","target":["https:\/\/diariodalagoa.pt\/centros-de-saude-dos-acores-terao-papel-mais-ativo-no-tratamento-das-dependencias\/"]}]},{"@type":"BreadcrumbList","@id":"https:\/\/diariodalagoa.pt\/centros-de-saude-dos-acores-terao-papel-mais-ativo-no-tratamento-das-dependencias\/#breadcrumb","itemListElement":[{"@type":"ListItem","position":1,"name":"In\u00edcio","item":"https:\/\/diariodalagoa.pt\/"},{"@type":"ListItem","position":2,"name":"Centros de Sa\u00fade dos A\u00e7ores ter\u00e3o papel mais ativo no tratamento das depend\u00eancias"}]},{"@type":"WebSite","@id":"https:\/\/diariodalagoa.pt\/#website","url":"https:\/\/diariodalagoa.pt\/","name":"Di\u00e1rio da Lagoa","description":"Di\u00e1rio da Lagoa. As not\u00edcias que contam. A partir da Lagoa, nos A\u00e7ores, para o mundo.","potentialAction":[{"@type":"SearchAction","target":{"@type":"EntryPoint","urlTemplate":"https:\/\/diariodalagoa.pt\/?s={search_term_string}"},"query-input":"required name=search_term_string"}],"inLanguage":"es"},{"@type":"Person","@id":"https:\/\/diariodalagoa.pt\/#\/schema\/person\/1615a002370e8857b6f972834bc43ece","name":"Di\u00e1rio da Lagoa","image":{"@type":"ImageObject","inLanguage":"es","@id":"https:\/\/diariodalagoa.pt\/#\/schema\/person\/image\/","url":"https:\/\/secure.gravatar.com\/avatar\/2cb5cef90a26f8fbd4d9d930608102c5?s=96&d=mm&r=g","contentUrl":"https:\/\/secure.gravatar.com\/avatar\/2cb5cef90a26f8fbd4d9d930608102c5?s=96&d=mm&r=g","caption":"Di\u00e1rio da Lagoa"},"url":"https:\/\/diariodalagoa.pt\/es\/author\/diariodalagoa\/"}]}},"_links":{"self":[{"href":"https:\/\/diariodalagoa.pt\/es\/wp-json\/wp\/v2\/posts\/7233"}],"collection":[{"href":"https:\/\/diariodalagoa.pt\/es\/wp-json\/wp\/v2\/posts"}],"about":[{"href":"https:\/\/diariodalagoa.pt\/es\/wp-json\/wp\/v2\/types\/post"}],"author":[{"embeddable":true,"href":"https:\/\/diariodalagoa.pt\/es\/wp-json\/wp\/v2\/users\/2"}],"replies":[{"embeddable":true,"href":"https:\/\/diariodalagoa.pt\/es\/wp-json\/wp\/v2\/comments?post=7233"}],"version-history":[{"count":0,"href":"https:\/\/diariodalagoa.pt\/es\/wp-json\/wp\/v2\/posts\/7233\/revisions"}],"wp:featuredmedia":[{"embeddable":true,"href":"https:\/\/diariodalagoa.pt\/es\/wp-json\/wp\/v2\/media\/121903"}],"wp:attachment":[{"href":"https:\/\/diariodalagoa.pt\/es\/wp-json\/wp\/v2\/media?parent=7233"}],"wp:term":[{"taxonomy":"category","embeddable":true,"href":"https:\/\/diariodalagoa.pt\/es\/wp-json\/wp\/v2\/categories?post=7233"},{"taxonomy":"post_tag","embeddable":true,"href":"https:\/\/diariodalagoa.pt\/es\/wp-json\/wp\/v2\/tags?post=7233"}],"curies":[{"name":"wp","href":"https:\/\/api.w.org\/{rel}","templated":true}]}}