{"id":7124,"date":"2014-07-22T20:25:45","date_gmt":"2014-07-22T21:25:45","guid":{"rendered":"http:\/\/diariodalagoa.pt\/?p=7124"},"modified":"2014-07-22T20:25:45","modified_gmt":"2014-07-22T21:25:45","slug":"governo-dos-acores-promove-sessao-publica-de-apresentacao-da-estrategia-de-investigacao-e-inovacao-para-a-especializacao-inteligente-ris3","status":"publish","type":"post","link":"https:\/\/diariodalagoa.pt\/es\/governo-dos-acores-promove-sessao-publica-de-apresentacao-da-estrategia-de-investigacao-e-inovacao-para-a-especializacao-inteligente-ris3\/","title":{"rendered":"Governo dos A\u00e7ores promove sess\u00e3o p\u00fablica de apresenta\u00e7\u00e3o da Estrat\u00e9gia de Investiga\u00e7\u00e3o e Inova\u00e7\u00e3o para a Especializa\u00e7\u00e3o Inteligente (RIS3)"},"content":{"rendered":"<p style=\"text-align: justify;\"><a href=\"http:\/\/diariodalagoa.pt\/wp-content\/uploads\/2014\/06\/UAc-Anfitiatros-universidade-a\u00e7ores.jpg\"><img decoding=\"async\" class=\"alignnone size-full wp-image-5527\" src=\"http:\/\/diariodalagoa.pt\/wp-content\/uploads\/2014\/06\/UAc-Anfitiatros-universidade-a\u00e7ores.jpg\" alt=\"UAc-Anfitiatros-universidade-a\u00e7ores\" width=\"720\" height=\"382\" \/><\/a><\/p>\n<p style=\"text-align: justify;\"><span style=\"color: rgb(0, 0, 0);\">O Governo dos A\u00e7ores, no \u00e2mbito do processo de consulta p\u00fablica da Estrat\u00e9gia de Investiga\u00e7\u00e3o e Inova\u00e7\u00e3o para a Especializa\u00e7\u00e3o Inteligente (RIS3) promove esta quarta-feira, dia 23 de julho, no Anfiteatro C do Campus da Universidade dos A\u00e7ores, em Ponta Delgada, uma sess\u00e3o de apresenta\u00e7\u00e3o da proposta a implementar na Regi\u00e3o no per\u00edodo 2014-2020.<\/span><\/p>\n<p style=\"text-align: justify;\"><span style=\"color: rgb(0, 0, 0);\">A sess\u00e3o que conta com a presen\u00e7a do Secret\u00e1rio Regional do Mar, Ci\u00eancia e Tecnologia, Fausto Brito e Abreu, pretende mobilizar todos os interessados e os principais ativos regionais no estabelecimento das prioridades pol\u00edticas e na identifica\u00e7\u00e3o sectorial do potencial de desenvolvimento econ\u00f3mico e de gera\u00e7\u00e3o de emprego.<\/span><\/p>\n<p style=\"text-align: justify;\"><span style=\"color: rgb(0, 0, 0);\">Para o desenvolvimento da RIS3 A\u00e7ores, foram realizadas an\u00e1lises a tr\u00eas \u00e1reas consideradas priorit\u00e1rias, \u2018Agricultura, Pecu\u00e1ria e Agroind\u00fastria\u2019, \u2018Pescas e Mar\u2019, e \u2018Turismo\u2019, considerando o seu potencial de diferencia\u00e7\u00e3o face ao exterior, a exist\u00eancia de massa cr\u00edtica, ou as liga\u00e7\u00f5es externas existentes.<\/span><\/p>\n<p style=\"text-align: justify;\"><span style=\"color: rgb(0, 0, 0);\">Foram ainda consideradas outras \u00e1reas e centros de compet\u00eancia em que a Regi\u00e3o apresenta elementos diferenciadores \u00e0 escala internacional, como a biotecnologia, a vulcanologia e riscos geol\u00f3gicos, as energias, ou a monitoriza\u00e7\u00e3o espacial, permitindo o enriquecimento da estrat\u00e9gia e dos subsequentes projetos-piloto propostos.<\/span><\/p>\n<p style=\"text-align: justify;\"><span style=\"color: rgb(0, 0, 0);\">A Estrat\u00e9gia de Investiga\u00e7\u00e3o e Inova\u00e7\u00e3o para a Especializa\u00e7\u00e3o Inteligente (RIS3) da Regi\u00e3o ser\u00e1 materializada atrav\u00e9s do apoio \u00e0s atividades de investiga\u00e7\u00e3o e de inova\u00e7\u00e3o e sustentar\u00e1 a decis\u00e3o dos investimentos estruturais europeus, como parte da contribui\u00e7\u00e3o da Pol\u00edtica de Coes\u00e3o para os objetivos da estrat\u00e9gia Europa 2020.<\/span><\/p>\n<p style=\"text-align: justify;\"><span style=\"color: rgb(0, 0, 0);\">A proposta da RIS3 A\u00e7ores que concretiza a prioridade estabelecida no decorrer da Presid\u00eancia a\u00e7oriana da Confer\u00eancia das Regi\u00f5es Ultraperif\u00e9ricas, est\u00e1 dispon\u00edvel at\u00e9 ao pr\u00f3ximo dia 28 de julho para consulta em <a href=\"http:\/\/www.azores.gov.pt\/Portal\/pt\/entidades\/srmct\/docDiscussao\/Estrategia_de_Investigacao_e_Inovacao_para_a_Especializacao_Inteligente.htm\" target=\"_blank\" rel=\"noopener\"><span style=\"color: rgb(0, 0, 0);\">http:\/\/www.azores.gov.pt\/Portal\/pt\/entidades\/srmct\/docDiscussao\/Estrategia_de_Investigacao_e_Inovacao_para_a_Especializacao_Inteligente.htm<\/span><\/a>\u00a0\u00a0e os pareceres podem ser enviados atrav\u00e9s do endere\u00e7o de correio eletr\u00f3nico\u00a0<a href=\"mailto:ris3@azores.gov.pt\" target=\"_blank\" rel=\"noopener\"><span style=\"color: rgb(0, 0, 0);\">ris3@azores.gov.pt<\/span><\/a>.<\/span><\/p>\n<p style=\"text-align: justify;\"><span style=\"color: rgb(0, 0, 0);\"><em>DL\/Gacs<\/em><\/span><\/p>","protected":false},"excerpt":{"rendered":"<p>O Governo dos A\u00e7ores, no \u00e2mbito do processo de consulta p\u00fablica da Estrat\u00e9gia de Investiga\u00e7\u00e3o e Inova\u00e7\u00e3o para a Especializa\u00e7\u00e3o Inteligente (RIS3) promove esta quarta-feira, dia 23 de julho, no Anfiteatro C do Campus da Universidade dos A\u00e7ores, em Ponta Delgada, uma sess\u00e3o de apresenta\u00e7\u00e3o da proposta a implementar na Regi\u00e3o no per\u00edodo 2014-2020. A [&hellip;]<\/p>","protected":false},"author":2,"featured_media":0,"comment_status":"open","ping_status":"open","sticky":false,"template":"","format":"standard","meta":[],"categories":[21],"tags":[],"acf":[],"yoast_head":"<!-- This site is optimized with the Yoast SEO plugin v20.10 - https:\/\/yoast.com\/wordpress\/plugins\/seo\/ -->\n<title>Governo dos A\u00e7ores promove sess\u00e3o p\u00fablica de apresenta\u00e7\u00e3o da Estrat\u00e9gia de Investiga\u00e7\u00e3o e Inova\u00e7\u00e3o para a Especializa\u00e7\u00e3o Inteligente (RIS3) - Di\u00e1rio da Lagoa<\/title>\n<meta name=\"robots\" content=\"index, follow, max-snippet:-1, max-image-preview:large, max-video-preview:-1\" \/>\n<link rel=\"canonical\" href=\"https:\/\/diariodalagoa.pt\/es\/governo-dos-acores-promove-sessao-publica-de-apresentacao-da-estrategia-de-investigacao-e-inovacao-para-a-especializacao-inteligente-ris3\/\" \/>\n<meta property=\"og:locale\" content=\"es_ES\" \/>\n<meta property=\"og:type\" content=\"article\" \/>\n<meta property=\"og:title\" content=\"Governo dos A\u00e7ores promove sess\u00e3o p\u00fablica de apresenta\u00e7\u00e3o da Estrat\u00e9gia de Investiga\u00e7\u00e3o e Inova\u00e7\u00e3o para a Especializa\u00e7\u00e3o Inteligente (RIS3) - Di\u00e1rio da Lagoa\" \/>\n<meta property=\"og:description\" content=\"O Governo dos A\u00e7ores, no \u00e2mbito do processo de consulta p\u00fablica da Estrat\u00e9gia de Investiga\u00e7\u00e3o e Inova\u00e7\u00e3o para a Especializa\u00e7\u00e3o Inteligente (RIS3) promove esta quarta-feira, dia 23 de julho, no Anfiteatro C do Campus da Universidade dos A\u00e7ores, em Ponta Delgada, uma sess\u00e3o de apresenta\u00e7\u00e3o da proposta a implementar na Regi\u00e3o no per\u00edodo 2014-2020. A [&hellip;]\" \/>\n<meta property=\"og:url\" content=\"https:\/\/diariodalagoa.pt\/es\/governo-dos-acores-promove-sessao-publica-de-apresentacao-da-estrategia-de-investigacao-e-inovacao-para-a-especializacao-inteligente-ris3\/\" \/>\n<meta property=\"og:site_name\" content=\"Di\u00e1rio da Lagoa\" \/>\n<meta property=\"article:published_time\" content=\"2014-07-22T21:25:45+00:00\" \/>\n<meta name=\"author\" content=\"Di\u00e1rio da Lagoa\" \/>\n<meta name=\"twitter:card\" content=\"summary_large_image\" \/>\n<meta name=\"twitter:label1\" content=\"Escrito por\" \/>\n\t<meta name=\"twitter:data1\" content=\"Di\u00e1rio da Lagoa\" \/>\n\t<meta name=\"twitter:label2\" content=\"Tiempo de lectura\" \/>\n\t<meta name=\"twitter:data2\" content=\"2 minutos\" \/>\n<script type=\"application\/ld+json\" class=\"yoast-schema-graph\">{\"@context\":\"https:\/\/schema.org\",\"@graph\":[{\"@type\":\"WebPage\",\"@id\":\"https:\/\/diariodalagoa.pt\/governo-dos-acores-promove-sessao-publica-de-apresentacao-da-estrategia-de-investigacao-e-inovacao-para-a-especializacao-inteligente-ris3\/\",\"url\":\"https:\/\/diariodalagoa.pt\/governo-dos-acores-promove-sessao-publica-de-apresentacao-da-estrategia-de-investigacao-e-inovacao-para-a-especializacao-inteligente-ris3\/\",\"name\":\"Governo dos A\u00e7ores promove sess\u00e3o p\u00fablica de apresenta\u00e7\u00e3o da Estrat\u00e9gia de Investiga\u00e7\u00e3o e Inova\u00e7\u00e3o para a Especializa\u00e7\u00e3o Inteligente (RIS3) - Di\u00e1rio da Lagoa\",\"isPartOf\":{\"@id\":\"https:\/\/diariodalagoa.pt\/#website\"},\"datePublished\":\"2014-07-22T21:25:45+00:00\",\"dateModified\":\"2014-07-22T21:25:45+00:00\",\"author\":{\"@id\":\"https:\/\/diariodalagoa.pt\/#\/schema\/person\/1615a002370e8857b6f972834bc43ece\"},\"breadcrumb\":{\"@id\":\"https:\/\/diariodalagoa.pt\/governo-dos-acores-promove-sessao-publica-de-apresentacao-da-estrategia-de-investigacao-e-inovacao-para-a-especializacao-inteligente-ris3\/#breadcrumb\"},\"inLanguage\":\"es\",\"potentialAction\":[{\"@type\":\"ReadAction\",\"target\":[\"https:\/\/diariodalagoa.pt\/governo-dos-acores-promove-sessao-publica-de-apresentacao-da-estrategia-de-investigacao-e-inovacao-para-a-especializacao-inteligente-ris3\/\"]}]},{\"@type\":\"BreadcrumbList\",\"@id\":\"https:\/\/diariodalagoa.pt\/governo-dos-acores-promove-sessao-publica-de-apresentacao-da-estrategia-de-investigacao-e-inovacao-para-a-especializacao-inteligente-ris3\/#breadcrumb\",\"itemListElement\":[{\"@type\":\"ListItem\",\"position\":1,\"name\":\"In\u00edcio\",\"item\":\"https:\/\/diariodalagoa.pt\/\"},{\"@type\":\"ListItem\",\"position\":2,\"name\":\"Governo dos A\u00e7ores promove sess\u00e3o p\u00fablica de apresenta\u00e7\u00e3o da Estrat\u00e9gia de Investiga\u00e7\u00e3o e Inova\u00e7\u00e3o para a Especializa\u00e7\u00e3o Inteligente (RIS3)\"}]},{\"@type\":\"WebSite\",\"@id\":\"https:\/\/diariodalagoa.pt\/#website\",\"url\":\"https:\/\/diariodalagoa.pt\/\",\"name\":\"Di\u00e1rio da Lagoa\",\"description\":\"Di\u00e1rio da Lagoa. As not\u00edcias que contam. A partir da Lagoa, nos A\u00e7ores, para o mundo.\",\"potentialAction\":[{\"@type\":\"SearchAction\",\"target\":{\"@type\":\"EntryPoint\",\"urlTemplate\":\"https:\/\/diariodalagoa.pt\/?s={search_term_string}\"},\"query-input\":\"required name=search_term_string\"}],\"inLanguage\":\"es\"},{\"@type\":\"Person\",\"@id\":\"https:\/\/diariodalagoa.pt\/#\/schema\/person\/1615a002370e8857b6f972834bc43ece\",\"name\":\"Di\u00e1rio da Lagoa\",\"image\":{\"@type\":\"ImageObject\",\"inLanguage\":\"es\",\"@id\":\"https:\/\/diariodalagoa.pt\/#\/schema\/person\/image\/\",\"url\":\"https:\/\/secure.gravatar.com\/avatar\/2cb5cef90a26f8fbd4d9d930608102c5?s=96&d=mm&r=g\",\"contentUrl\":\"https:\/\/secure.gravatar.com\/avatar\/2cb5cef90a26f8fbd4d9d930608102c5?s=96&d=mm&r=g\",\"caption\":\"Di\u00e1rio da Lagoa\"},\"url\":\"https:\/\/diariodalagoa.pt\/es\/author\/diariodalagoa\/\"}]}<\/script>\n<!-- \/ Yoast SEO plugin. -->","yoast_head_json":{"title":"Governo dos A\u00e7ores promove sess\u00e3o p\u00fablica de apresenta\u00e7\u00e3o da Estrat\u00e9gia de Investiga\u00e7\u00e3o e Inova\u00e7\u00e3o para a Especializa\u00e7\u00e3o Inteligente (RIS3) - Di\u00e1rio da Lagoa","robots":{"index":"index","follow":"follow","max-snippet":"max-snippet:-1","max-image-preview":"max-image-preview:large","max-video-preview":"max-video-preview:-1"},"canonical":"https:\/\/diariodalagoa.pt\/es\/governo-dos-acores-promove-sessao-publica-de-apresentacao-da-estrategia-de-investigacao-e-inovacao-para-a-especializacao-inteligente-ris3\/","og_locale":"es_ES","og_type":"article","og_title":"Governo dos A\u00e7ores promove sess\u00e3o p\u00fablica de apresenta\u00e7\u00e3o da Estrat\u00e9gia de Investiga\u00e7\u00e3o e Inova\u00e7\u00e3o para a Especializa\u00e7\u00e3o Inteligente (RIS3) - Di\u00e1rio da Lagoa","og_description":"O Governo dos A\u00e7ores, no \u00e2mbito do processo de consulta p\u00fablica da Estrat\u00e9gia de Investiga\u00e7\u00e3o e Inova\u00e7\u00e3o para a Especializa\u00e7\u00e3o Inteligente (RIS3) promove esta quarta-feira, dia 23 de julho, no Anfiteatro C do Campus da Universidade dos A\u00e7ores, em Ponta Delgada, uma sess\u00e3o de apresenta\u00e7\u00e3o da proposta a implementar na Regi\u00e3o no per\u00edodo 2014-2020. A [&hellip;]","og_url":"https:\/\/diariodalagoa.pt\/es\/governo-dos-acores-promove-sessao-publica-de-apresentacao-da-estrategia-de-investigacao-e-inovacao-para-a-especializacao-inteligente-ris3\/","og_site_name":"Di\u00e1rio da Lagoa","article_published_time":"2014-07-22T21:25:45+00:00","author":"Di\u00e1rio da Lagoa","twitter_card":"summary_large_image","twitter_misc":{"Escrito por":"Di\u00e1rio da Lagoa","Tiempo de lectura":"2 minutos"},"schema":{"@context":"https:\/\/schema.org","@graph":[{"@type":"WebPage","@id":"https:\/\/diariodalagoa.pt\/governo-dos-acores-promove-sessao-publica-de-apresentacao-da-estrategia-de-investigacao-e-inovacao-para-a-especializacao-inteligente-ris3\/","url":"https:\/\/diariodalagoa.pt\/governo-dos-acores-promove-sessao-publica-de-apresentacao-da-estrategia-de-investigacao-e-inovacao-para-a-especializacao-inteligente-ris3\/","name":"Governo dos A\u00e7ores promove sess\u00e3o p\u00fablica de apresenta\u00e7\u00e3o da Estrat\u00e9gia de Investiga\u00e7\u00e3o e Inova\u00e7\u00e3o para a Especializa\u00e7\u00e3o Inteligente (RIS3) - Di\u00e1rio da Lagoa","isPartOf":{"@id":"https:\/\/diariodalagoa.pt\/#website"},"datePublished":"2014-07-22T21:25:45+00:00","dateModified":"2014-07-22T21:25:45+00:00","author":{"@id":"https:\/\/diariodalagoa.pt\/#\/schema\/person\/1615a002370e8857b6f972834bc43ece"},"breadcrumb":{"@id":"https:\/\/diariodalagoa.pt\/governo-dos-acores-promove-sessao-publica-de-apresentacao-da-estrategia-de-investigacao-e-inovacao-para-a-especializacao-inteligente-ris3\/#breadcrumb"},"inLanguage":"es","potentialAction":[{"@type":"ReadAction","target":["https:\/\/diariodalagoa.pt\/governo-dos-acores-promove-sessao-publica-de-apresentacao-da-estrategia-de-investigacao-e-inovacao-para-a-especializacao-inteligente-ris3\/"]}]},{"@type":"BreadcrumbList","@id":"https:\/\/diariodalagoa.pt\/governo-dos-acores-promove-sessao-publica-de-apresentacao-da-estrategia-de-investigacao-e-inovacao-para-a-especializacao-inteligente-ris3\/#breadcrumb","itemListElement":[{"@type":"ListItem","position":1,"name":"In\u00edcio","item":"https:\/\/diariodalagoa.pt\/"},{"@type":"ListItem","position":2,"name":"Governo dos A\u00e7ores promove sess\u00e3o p\u00fablica de apresenta\u00e7\u00e3o da Estrat\u00e9gia de Investiga\u00e7\u00e3o e Inova\u00e7\u00e3o para a Especializa\u00e7\u00e3o Inteligente (RIS3)"}]},{"@type":"WebSite","@id":"https:\/\/diariodalagoa.pt\/#website","url":"https:\/\/diariodalagoa.pt\/","name":"Di\u00e1rio da Lagoa","description":"Di\u00e1rio da Lagoa. As not\u00edcias que contam. A partir da Lagoa, nos A\u00e7ores, para o mundo.","potentialAction":[{"@type":"SearchAction","target":{"@type":"EntryPoint","urlTemplate":"https:\/\/diariodalagoa.pt\/?s={search_term_string}"},"query-input":"required name=search_term_string"}],"inLanguage":"es"},{"@type":"Person","@id":"https:\/\/diariodalagoa.pt\/#\/schema\/person\/1615a002370e8857b6f972834bc43ece","name":"Di\u00e1rio da Lagoa","image":{"@type":"ImageObject","inLanguage":"es","@id":"https:\/\/diariodalagoa.pt\/#\/schema\/person\/image\/","url":"https:\/\/secure.gravatar.com\/avatar\/2cb5cef90a26f8fbd4d9d930608102c5?s=96&d=mm&r=g","contentUrl":"https:\/\/secure.gravatar.com\/avatar\/2cb5cef90a26f8fbd4d9d930608102c5?s=96&d=mm&r=g","caption":"Di\u00e1rio da Lagoa"},"url":"https:\/\/diariodalagoa.pt\/es\/author\/diariodalagoa\/"}]}},"_links":{"self":[{"href":"https:\/\/diariodalagoa.pt\/es\/wp-json\/wp\/v2\/posts\/7124"}],"collection":[{"href":"https:\/\/diariodalagoa.pt\/es\/wp-json\/wp\/v2\/posts"}],"about":[{"href":"https:\/\/diariodalagoa.pt\/es\/wp-json\/wp\/v2\/types\/post"}],"author":[{"embeddable":true,"href":"https:\/\/diariodalagoa.pt\/es\/wp-json\/wp\/v2\/users\/2"}],"replies":[{"embeddable":true,"href":"https:\/\/diariodalagoa.pt\/es\/wp-json\/wp\/v2\/comments?post=7124"}],"version-history":[{"count":0,"href":"https:\/\/diariodalagoa.pt\/es\/wp-json\/wp\/v2\/posts\/7124\/revisions"}],"wp:attachment":[{"href":"https:\/\/diariodalagoa.pt\/es\/wp-json\/wp\/v2\/media?parent=7124"}],"wp:term":[{"taxonomy":"category","embeddable":true,"href":"https:\/\/diariodalagoa.pt\/es\/wp-json\/wp\/v2\/categories?post=7124"},{"taxonomy":"post_tag","embeddable":true,"href":"https:\/\/diariodalagoa.pt\/es\/wp-json\/wp\/v2\/tags?post=7124"}],"curies":[{"name":"wp","href":"https:\/\/api.w.org\/{rel}","templated":true}]}}