{"id":7011,"date":"2014-07-18T18:51:37","date_gmt":"2014-07-18T19:51:37","guid":{"rendered":"http:\/\/diariodalagoa.pt\/?p=7011"},"modified":"2014-07-18T18:51:37","modified_gmt":"2014-07-18T19:51:37","slug":"parceria-de-comercio-entre-ue-e-eua-reforca-importancia-dos-acores-no-espaco-atlantico","status":"publish","type":"post","link":"https:\/\/diariodalagoa.pt\/es\/parceria-de-comercio-entre-ue-e-eua-reforca-importancia-dos-acores-no-espaco-atlantico\/","title":{"rendered":"Parceria de Com\u00e9rcio entre UE e EUA refor\u00e7a import\u00e2ncia dos A\u00e7ores no espa\u00e7o Atl\u00e2ntico"},"content":{"rendered":"<div id=\"attachment_2129\" style=\"width: 730px\" class=\"wp-caption alignnone\"><a href=\"http:\/\/diariodalagoa.pt\/wp-content\/uploads\/2014\/03\/A\u00e7ores-Noticias-governo-sub-secretario-Rodrigo-Oliveira-UE-EUA-rela\u00e7\u00f5es.jpg\"><img aria-describedby=\"caption-attachment-2129\" decoding=\"async\" class=\"size-full wp-image-2129\" src=\"http:\/\/diariodalagoa.pt\/wp-content\/uploads\/2014\/03\/A\u00e7ores-Noticias-governo-sub-secretario-Rodrigo-Oliveira-UE-EUA-rela\u00e7\u00f5es.jpg\" alt=\"(c) Gacs\" width=\"720\" height=\"383\" \/><\/a><p id=\"caption-attachment-2129\" class=\"wp-caption-text\">(c) Gacs<\/p><\/div>\n<p style=\"text-align: justify;\"><span style=\"color: #000000;\">O Subsecret\u00e1rio Regional da Presid\u00eancia para as Rela\u00e7\u00f5es Externas defendeu que a Parceria Transatl\u00e2ntica de Com\u00e9rcio e Investimento, que est\u00e1 a ser negociada entre a Uni\u00e3o Europeia e os Estados Unidos, constitui uma oportunidade de evidenciar a import\u00e2ncia geoestrat\u00e9gica dos A\u00e7ores no espa\u00e7o Atl\u00e2ntico.\u00a0<\/span><\/p>\n<p style=\"text-align: justify;\"><span style=\"color: #000000;\">Falando no encerramento da I Universidade de Ver\u00e3o do Instituto A\u00e7oriano de Estudos Europeus e Rela\u00e7\u00f5es Internacionais, Rodrigo Oliveira\u00a0considerou que esta localiza\u00e7\u00e3o estrat\u00e9gica dos A\u00e7ores poder\u00e1, ainda, ser refor\u00e7ada na sequ\u00eancia do previs\u00edvel aumento do fluxo comercial entre a Am\u00e9rica e a Europa, decorrente do alargamento do canal do Panam\u00e1.\u00a0<\/span><\/p>\n<p style=\"text-align: justify;\"><span style=\"color: #000000;\">Na sua interven\u00e7\u00e3o, o Subsecret\u00e1rio Regional da Presid\u00eancia para as Rela\u00e7\u00f5es Externas referiu-se, por outro lado, \u00e0 quest\u00e3o da Base das Lajes, garantindo que este processo tem \u201cconstitu\u00eddo uma prioridade absoluta da a\u00e7\u00e3o do Governo dos A\u00e7ores\u201d.\u00a0<\/span><\/p>\n<p style=\"text-align: justify;\"><span style=\"color: #000000;\">Segundo disse, o Governo dos A\u00e7ores tem mantido um acompanhamento permanente das quest\u00f5es relativas \u00e0 Base das Lajes, uma atua\u00e7\u00e3o que tem j\u00e1 produzido alguns resultados, nomeadamente, ao n\u00edvel das iniciativas da C\u00e2mara dos Representantes que levaram a uma pondera\u00e7\u00e3o espec\u00edfica, por parte da Administra\u00e7\u00e3o dos EUA, do caso das Lajes no contexto da reestrutura\u00e7\u00e3o das infraestruturas militares da Europa e, por outro, ao impedimento de despender verbas para proceder \u00e0 reestrutura\u00e7\u00e3o na Base das Lajes.<\/span><\/p>\n<p style=\"text-align: justify;\"><span style=\"color: #000000;\">At\u00e9 ao momento, o \u00fanico dado garantido \u00e9, por\u00e9m, a inten\u00e7\u00e3o do departamento da Defesa dos EUA de proceder \u00e0 reestrutura\u00e7\u00e3o da sua presen\u00e7a na Lajes, real\u00e7ou Rodrigo Oliveira, ao salientar que existem novos sinais neste processo, como seja a iniciativa da C\u00e2mara dos Representantes de introduzir refer\u00eancias espec\u00edficas \u00e0s Lajes na Lei de Defesa e Lei Or\u00e7amental de Defesa para 2015.<\/span><\/p>\n<p style=\"text-align: justify;\"><span style=\"color: #000000;\">Relativamente \u00e0 Resolu\u00e7\u00e3o aprovada recentemente no Parlamento que recomenda ao Governo a elabora\u00e7\u00e3o de um estudo sobre as potencialidades da Base das Lajes, Rodrigo Oliveira anunciou que o Governo dos A\u00e7ores dar\u00e1 in\u00edcio a este processo na pr\u00f3xima semana, convidando as entidades e parceiros referidos na resolu\u00e7\u00e3o a dar o seu contributo para a elabora\u00e7\u00e3o deste estudo.<\/span><\/p>\n<p style=\"text-align: justify;\"><span style=\"color: #000000;\"><em>DL\/GaCS<\/em><\/span><\/p>","protected":false},"excerpt":{"rendered":"<p>O Subsecret\u00e1rio Regional da Presid\u00eancia para as Rela\u00e7\u00f5es Externas defendeu que a Parceria Transatl\u00e2ntica de Com\u00e9rcio e Investimento, que est\u00e1 a ser negociada entre a Uni\u00e3o Europeia e os Estados Unidos, constitui uma oportunidade de evidenciar a import\u00e2ncia geoestrat\u00e9gica dos A\u00e7ores no espa\u00e7o Atl\u00e2ntico.\u00a0 Falando no encerramento da I Universidade de Ver\u00e3o do Instituto A\u00e7oriano [&hellip;]<\/p>","protected":false},"author":2,"featured_media":121915,"comment_status":"open","ping_status":"open","sticky":false,"template":"","format":"standard","meta":[],"categories":[21],"tags":[],"acf":[],"yoast_head":"<!-- This site is optimized with the Yoast SEO plugin v20.10 - https:\/\/yoast.com\/wordpress\/plugins\/seo\/ -->\n<title>Parceria de Com\u00e9rcio entre UE e EUA refor\u00e7a import\u00e2ncia dos A\u00e7ores no espa\u00e7o Atl\u00e2ntico - Di\u00e1rio da Lagoa<\/title>\n<meta name=\"robots\" content=\"index, follow, max-snippet:-1, max-image-preview:large, max-video-preview:-1\" \/>\n<link rel=\"canonical\" href=\"https:\/\/diariodalagoa.pt\/es\/parceria-de-comercio-entre-ue-e-eua-reforca-importancia-dos-acores-no-espaco-atlantico\/\" \/>\n<meta property=\"og:locale\" content=\"es_ES\" \/>\n<meta property=\"og:type\" content=\"article\" \/>\n<meta property=\"og:title\" content=\"Parceria de Com\u00e9rcio entre UE e EUA refor\u00e7a import\u00e2ncia dos A\u00e7ores no espa\u00e7o Atl\u00e2ntico - Di\u00e1rio da Lagoa\" \/>\n<meta property=\"og:description\" content=\"O Subsecret\u00e1rio Regional da Presid\u00eancia para as Rela\u00e7\u00f5es Externas defendeu que a Parceria Transatl\u00e2ntica de Com\u00e9rcio e Investimento, que est\u00e1 a ser negociada entre a Uni\u00e3o Europeia e os Estados Unidos, constitui uma oportunidade de evidenciar a import\u00e2ncia geoestrat\u00e9gica dos A\u00e7ores no espa\u00e7o Atl\u00e2ntico.\u00a0 Falando no encerramento da I Universidade de Ver\u00e3o do Instituto A\u00e7oriano [&hellip;]\" \/>\n<meta property=\"og:url\" content=\"https:\/\/diariodalagoa.pt\/es\/parceria-de-comercio-entre-ue-e-eua-reforca-importancia-dos-acores-no-espaco-atlantico\/\" \/>\n<meta property=\"og:site_name\" content=\"Di\u00e1rio da Lagoa\" \/>\n<meta property=\"article:published_time\" content=\"2014-07-18T19:51:37+00:00\" \/>\n<meta property=\"og:image\" content=\"https:\/\/diariodalagoa.pt\/wp-content\/uploads\/2014\/07\/rodrigo-oliveira-diretor-regional.jpg\" \/>\n\t<meta property=\"og:image:width\" content=\"720\" \/>\n\t<meta property=\"og:image:height\" content=\"379\" \/>\n\t<meta property=\"og:image:type\" content=\"image\/jpeg\" \/>\n<meta name=\"author\" content=\"Di\u00e1rio da Lagoa\" \/>\n<meta name=\"twitter:card\" content=\"summary_large_image\" \/>\n<meta name=\"twitter:label1\" content=\"Escrito por\" \/>\n\t<meta name=\"twitter:data1\" content=\"Di\u00e1rio da Lagoa\" \/>\n\t<meta name=\"twitter:label2\" content=\"Tiempo de lectura\" \/>\n\t<meta name=\"twitter:data2\" content=\"2 minutos\" \/>\n<script type=\"application\/ld+json\" class=\"yoast-schema-graph\">{\"@context\":\"https:\/\/schema.org\",\"@graph\":[{\"@type\":\"WebPage\",\"@id\":\"https:\/\/diariodalagoa.pt\/parceria-de-comercio-entre-ue-e-eua-reforca-importancia-dos-acores-no-espaco-atlantico\/\",\"url\":\"https:\/\/diariodalagoa.pt\/parceria-de-comercio-entre-ue-e-eua-reforca-importancia-dos-acores-no-espaco-atlantico\/\",\"name\":\"Parceria de Com\u00e9rcio entre UE e EUA refor\u00e7a import\u00e2ncia dos A\u00e7ores no espa\u00e7o Atl\u00e2ntico - Di\u00e1rio da Lagoa\",\"isPartOf\":{\"@id\":\"https:\/\/diariodalagoa.pt\/#website\"},\"datePublished\":\"2014-07-18T19:51:37+00:00\",\"dateModified\":\"2014-07-18T19:51:37+00:00\",\"author\":{\"@id\":\"https:\/\/diariodalagoa.pt\/#\/schema\/person\/1615a002370e8857b6f972834bc43ece\"},\"breadcrumb\":{\"@id\":\"https:\/\/diariodalagoa.pt\/parceria-de-comercio-entre-ue-e-eua-reforca-importancia-dos-acores-no-espaco-atlantico\/#breadcrumb\"},\"inLanguage\":\"es\",\"potentialAction\":[{\"@type\":\"ReadAction\",\"target\":[\"https:\/\/diariodalagoa.pt\/parceria-de-comercio-entre-ue-e-eua-reforca-importancia-dos-acores-no-espaco-atlantico\/\"]}]},{\"@type\":\"BreadcrumbList\",\"@id\":\"https:\/\/diariodalagoa.pt\/parceria-de-comercio-entre-ue-e-eua-reforca-importancia-dos-acores-no-espaco-atlantico\/#breadcrumb\",\"itemListElement\":[{\"@type\":\"ListItem\",\"position\":1,\"name\":\"In\u00edcio\",\"item\":\"https:\/\/diariodalagoa.pt\/\"},{\"@type\":\"ListItem\",\"position\":2,\"name\":\"Parceria de Com\u00e9rcio entre UE e EUA refor\u00e7a import\u00e2ncia dos A\u00e7ores no espa\u00e7o Atl\u00e2ntico\"}]},{\"@type\":\"WebSite\",\"@id\":\"https:\/\/diariodalagoa.pt\/#website\",\"url\":\"https:\/\/diariodalagoa.pt\/\",\"name\":\"Di\u00e1rio da Lagoa\",\"description\":\"Di\u00e1rio da Lagoa. As not\u00edcias que contam. A partir da Lagoa, nos A\u00e7ores, para o mundo.\",\"potentialAction\":[{\"@type\":\"SearchAction\",\"target\":{\"@type\":\"EntryPoint\",\"urlTemplate\":\"https:\/\/diariodalagoa.pt\/?s={search_term_string}\"},\"query-input\":\"required name=search_term_string\"}],\"inLanguage\":\"es\"},{\"@type\":\"Person\",\"@id\":\"https:\/\/diariodalagoa.pt\/#\/schema\/person\/1615a002370e8857b6f972834bc43ece\",\"name\":\"Di\u00e1rio da Lagoa\",\"image\":{\"@type\":\"ImageObject\",\"inLanguage\":\"es\",\"@id\":\"https:\/\/diariodalagoa.pt\/#\/schema\/person\/image\/\",\"url\":\"https:\/\/secure.gravatar.com\/avatar\/2cb5cef90a26f8fbd4d9d930608102c5?s=96&d=mm&r=g\",\"contentUrl\":\"https:\/\/secure.gravatar.com\/avatar\/2cb5cef90a26f8fbd4d9d930608102c5?s=96&d=mm&r=g\",\"caption\":\"Di\u00e1rio da Lagoa\"},\"url\":\"https:\/\/diariodalagoa.pt\/es\/author\/diariodalagoa\/\"}]}<\/script>\n<!-- \/ Yoast SEO plugin. -->","yoast_head_json":{"title":"Parceria de Com\u00e9rcio entre UE e EUA refor\u00e7a import\u00e2ncia dos A\u00e7ores no espa\u00e7o Atl\u00e2ntico - Di\u00e1rio da Lagoa","robots":{"index":"index","follow":"follow","max-snippet":"max-snippet:-1","max-image-preview":"max-image-preview:large","max-video-preview":"max-video-preview:-1"},"canonical":"https:\/\/diariodalagoa.pt\/es\/parceria-de-comercio-entre-ue-e-eua-reforca-importancia-dos-acores-no-espaco-atlantico\/","og_locale":"es_ES","og_type":"article","og_title":"Parceria de Com\u00e9rcio entre UE e EUA refor\u00e7a import\u00e2ncia dos A\u00e7ores no espa\u00e7o Atl\u00e2ntico - Di\u00e1rio da Lagoa","og_description":"O Subsecret\u00e1rio Regional da Presid\u00eancia para as Rela\u00e7\u00f5es Externas defendeu que a Parceria Transatl\u00e2ntica de Com\u00e9rcio e Investimento, que est\u00e1 a ser negociada entre a Uni\u00e3o Europeia e os Estados Unidos, constitui uma oportunidade de evidenciar a import\u00e2ncia geoestrat\u00e9gica dos A\u00e7ores no espa\u00e7o Atl\u00e2ntico.\u00a0 Falando no encerramento da I Universidade de Ver\u00e3o do Instituto A\u00e7oriano [&hellip;]","og_url":"https:\/\/diariodalagoa.pt\/es\/parceria-de-comercio-entre-ue-e-eua-reforca-importancia-dos-acores-no-espaco-atlantico\/","og_site_name":"Di\u00e1rio da Lagoa","article_published_time":"2014-07-18T19:51:37+00:00","og_image":[{"width":720,"height":379,"url":"https:\/\/diariodalagoa.pt\/wp-content\/uploads\/2014\/07\/rodrigo-oliveira-diretor-regional.jpg","type":"image\/jpeg"}],"author":"Di\u00e1rio da Lagoa","twitter_card":"summary_large_image","twitter_misc":{"Escrito por":"Di\u00e1rio da Lagoa","Tiempo de lectura":"2 minutos"},"schema":{"@context":"https:\/\/schema.org","@graph":[{"@type":"WebPage","@id":"https:\/\/diariodalagoa.pt\/parceria-de-comercio-entre-ue-e-eua-reforca-importancia-dos-acores-no-espaco-atlantico\/","url":"https:\/\/diariodalagoa.pt\/parceria-de-comercio-entre-ue-e-eua-reforca-importancia-dos-acores-no-espaco-atlantico\/","name":"Parceria de Com\u00e9rcio entre UE e EUA refor\u00e7a import\u00e2ncia dos A\u00e7ores no espa\u00e7o Atl\u00e2ntico - Di\u00e1rio da Lagoa","isPartOf":{"@id":"https:\/\/diariodalagoa.pt\/#website"},"datePublished":"2014-07-18T19:51:37+00:00","dateModified":"2014-07-18T19:51:37+00:00","author":{"@id":"https:\/\/diariodalagoa.pt\/#\/schema\/person\/1615a002370e8857b6f972834bc43ece"},"breadcrumb":{"@id":"https:\/\/diariodalagoa.pt\/parceria-de-comercio-entre-ue-e-eua-reforca-importancia-dos-acores-no-espaco-atlantico\/#breadcrumb"},"inLanguage":"es","potentialAction":[{"@type":"ReadAction","target":["https:\/\/diariodalagoa.pt\/parceria-de-comercio-entre-ue-e-eua-reforca-importancia-dos-acores-no-espaco-atlantico\/"]}]},{"@type":"BreadcrumbList","@id":"https:\/\/diariodalagoa.pt\/parceria-de-comercio-entre-ue-e-eua-reforca-importancia-dos-acores-no-espaco-atlantico\/#breadcrumb","itemListElement":[{"@type":"ListItem","position":1,"name":"In\u00edcio","item":"https:\/\/diariodalagoa.pt\/"},{"@type":"ListItem","position":2,"name":"Parceria de Com\u00e9rcio entre UE e EUA refor\u00e7a import\u00e2ncia dos A\u00e7ores no espa\u00e7o Atl\u00e2ntico"}]},{"@type":"WebSite","@id":"https:\/\/diariodalagoa.pt\/#website","url":"https:\/\/diariodalagoa.pt\/","name":"Di\u00e1rio da Lagoa","description":"Di\u00e1rio da Lagoa. As not\u00edcias que contam. A partir da Lagoa, nos A\u00e7ores, para o mundo.","potentialAction":[{"@type":"SearchAction","target":{"@type":"EntryPoint","urlTemplate":"https:\/\/diariodalagoa.pt\/?s={search_term_string}"},"query-input":"required name=search_term_string"}],"inLanguage":"es"},{"@type":"Person","@id":"https:\/\/diariodalagoa.pt\/#\/schema\/person\/1615a002370e8857b6f972834bc43ece","name":"Di\u00e1rio da Lagoa","image":{"@type":"ImageObject","inLanguage":"es","@id":"https:\/\/diariodalagoa.pt\/#\/schema\/person\/image\/","url":"https:\/\/secure.gravatar.com\/avatar\/2cb5cef90a26f8fbd4d9d930608102c5?s=96&d=mm&r=g","contentUrl":"https:\/\/secure.gravatar.com\/avatar\/2cb5cef90a26f8fbd4d9d930608102c5?s=96&d=mm&r=g","caption":"Di\u00e1rio da Lagoa"},"url":"https:\/\/diariodalagoa.pt\/es\/author\/diariodalagoa\/"}]}},"_links":{"self":[{"href":"https:\/\/diariodalagoa.pt\/es\/wp-json\/wp\/v2\/posts\/7011"}],"collection":[{"href":"https:\/\/diariodalagoa.pt\/es\/wp-json\/wp\/v2\/posts"}],"about":[{"href":"https:\/\/diariodalagoa.pt\/es\/wp-json\/wp\/v2\/types\/post"}],"author":[{"embeddable":true,"href":"https:\/\/diariodalagoa.pt\/es\/wp-json\/wp\/v2\/users\/2"}],"replies":[{"embeddable":true,"href":"https:\/\/diariodalagoa.pt\/es\/wp-json\/wp\/v2\/comments?post=7011"}],"version-history":[{"count":0,"href":"https:\/\/diariodalagoa.pt\/es\/wp-json\/wp\/v2\/posts\/7011\/revisions"}],"wp:featuredmedia":[{"embeddable":true,"href":"https:\/\/diariodalagoa.pt\/es\/wp-json\/wp\/v2\/media\/121915"}],"wp:attachment":[{"href":"https:\/\/diariodalagoa.pt\/es\/wp-json\/wp\/v2\/media?parent=7011"}],"wp:term":[{"taxonomy":"category","embeddable":true,"href":"https:\/\/diariodalagoa.pt\/es\/wp-json\/wp\/v2\/categories?post=7011"},{"taxonomy":"post_tag","embeddable":true,"href":"https:\/\/diariodalagoa.pt\/es\/wp-json\/wp\/v2\/tags?post=7011"}],"curies":[{"name":"wp","href":"https:\/\/api.w.org\/{rel}","templated":true}]}}