{"id":6857,"date":"2014-07-15T12:46:44","date_gmt":"2014-07-15T13:46:44","guid":{"rendered":"http:\/\/diariodalagoa.pt\/?p=6857"},"modified":"2014-07-15T12:46:44","modified_gmt":"2014-07-15T13:46:44","slug":"ce-ira-combater-praticas-desleais-na-cadeia-de-abastecimento-alimentar","status":"publish","type":"post","link":"https:\/\/diariodalagoa.pt\/es\/ce-ira-combater-praticas-desleais-na-cadeia-de-abastecimento-alimentar\/","title":{"rendered":"CE ir\u00e1 combater pr\u00e1ticas desleais na cadeia de abastecimento alimentar"},"content":{"rendered":"<p style=\"color: #222222; text-align: justify;\"><a href=\"http:\/\/diariodalagoa.pt\/wp-content\/uploads\/2014\/06\/Mercado_da_Graca_jan13@.jpg\"><img decoding=\"async\" class=\"alignnone size-full wp-image-5641\" src=\"http:\/\/diariodalagoa.pt\/wp-content\/uploads\/2014\/06\/Mercado_da_Graca_jan13@.jpg\" alt=\"fruta-mercado-gra\u00e7a-Ponta-Delgada\" width=\"720\" height=\"380\" \/><\/a><\/p>\n<p style=\"color: #222222; text-align: justify;\"><span lang=\"PT\" style=\"color: #000000;\">A Comiss\u00e3o Europeia adotou uma comunica\u00e7\u00e3o em que incentiva os Estados-Membros a procurarem melhorar a prote\u00e7\u00e3o dos pequenos produtores e retalhistas de produtos alimentares contra as pr\u00e1ticas desleais dos seus, por vezes, muito mais fortes parceiros comerciais. Antes de um produto alimentar chegar ao consumidor, um grande n\u00famero de diferentes operadores no mercado (produtores, transformadores, retalhistas, etc.) da cadeia de abastecimento contribui para o aumento da sua qualidade e valor. Devido a certas evolu\u00e7\u00f5es como uma maior concentra\u00e7\u00e3o do mercado, existem n\u00edveis muito diferentes de poder negocial nas rela\u00e7\u00f5es entre os operadores da cadeia de abastecimento. Embora as diferen\u00e7as de poder negocial sejam normais e leg\u00edtimas nas rela\u00e7\u00f5es comerciais, estes desequil\u00edbrios podem, em alguns casos, conduzir a pr\u00e1ticas comerciais desleais (PCD).<\/span><\/p>\n<p style=\"color: #222222; text-align: justify;\"><span lang=\"PT\" style=\"color: #000000;\">A cadeia de abastecimento alimentar \u00e9 crucial n\u00e3o s\u00f3 para a vida quotidiana e o bem-estar dos consumidores, mas tamb\u00e9m \u00e9 importante para o conjunto da economia, empregando mais de 47\u00a0milh\u00f5es de pessoas na UE, muitas em PME, e representando cerca de 7\u00a0% do valor acrescentado bruto da UE. A dimens\u00e3o total do mercado do com\u00e9rcio retalhista de produtos alimentares da UE \u00e9 estimada em 1,05\u00a0bili\u00f5es de EUR. A cadeia de abastecimento alimentar tem uma forte dimens\u00e3o internacional e uma especial import\u00e2ncia no \u00e2mbito do mercado \u00fanico da UE. O com\u00e9rcio transfronteiras entre os Estados-Membros da UE representa cerca de 20\u00a0% do total da produ\u00e7\u00e3o alimentar da UE. As estimativas sugerem que, pelo menos, 70\u00a0% do volume total das exporta\u00e7\u00f5es de produtos agr\u00edcolas de pa\u00edses da UE v\u00e3o para outros Estados-Membros da UE.<\/span><\/p>\n<p style=\"color: #222222; text-align: justify;\"><span style=\"color: #000000;\"><em>DL\/RCEP<\/em><\/span><\/p>","protected":false},"excerpt":{"rendered":"<p>A Comiss\u00e3o Europeia adotou uma comunica\u00e7\u00e3o em que incentiva os Estados-Membros a procurarem melhorar a prote\u00e7\u00e3o dos pequenos produtores e retalhistas de produtos alimentares contra as pr\u00e1ticas desleais dos seus, por vezes, muito mais fortes parceiros comerciais. Antes de um produto alimentar chegar ao consumidor, um grande n\u00famero de diferentes operadores no mercado (produtores, transformadores, [&hellip;]<\/p>","protected":false},"author":2,"featured_media":121925,"comment_status":"open","ping_status":"open","sticky":false,"template":"","format":"standard","meta":[],"categories":[21],"tags":[],"acf":[],"yoast_head":"<!-- This site is optimized with the Yoast SEO plugin v20.10 - https:\/\/yoast.com\/wordpress\/plugins\/seo\/ -->\n<title>CE ir\u00e1 combater pr\u00e1ticas desleais na cadeia de abastecimento alimentar - Di\u00e1rio da Lagoa<\/title>\n<meta name=\"robots\" content=\"index, follow, max-snippet:-1, max-image-preview:large, max-video-preview:-1\" \/>\n<link rel=\"canonical\" href=\"https:\/\/diariodalagoa.pt\/es\/ce-ira-combater-praticas-desleais-na-cadeia-de-abastecimento-alimentar\/\" \/>\n<meta property=\"og:locale\" content=\"es_ES\" \/>\n<meta property=\"og:type\" content=\"article\" \/>\n<meta property=\"og:title\" content=\"CE ir\u00e1 combater pr\u00e1ticas desleais na cadeia de abastecimento alimentar - Di\u00e1rio da Lagoa\" \/>\n<meta property=\"og:description\" content=\"A Comiss\u00e3o Europeia adotou uma comunica\u00e7\u00e3o em que incentiva os Estados-Membros a procurarem melhorar a prote\u00e7\u00e3o dos pequenos produtores e retalhistas de produtos alimentares contra as pr\u00e1ticas desleais dos seus, por vezes, muito mais fortes parceiros comerciais. Antes de um produto alimentar chegar ao consumidor, um grande n\u00famero de diferentes operadores no mercado (produtores, transformadores, [&hellip;]\" \/>\n<meta property=\"og:url\" content=\"https:\/\/diariodalagoa.pt\/es\/ce-ira-combater-praticas-desleais-na-cadeia-de-abastecimento-alimentar\/\" \/>\n<meta property=\"og:site_name\" content=\"Di\u00e1rio da Lagoa\" \/>\n<meta property=\"article:published_time\" content=\"2014-07-15T13:46:44+00:00\" \/>\n<meta property=\"og:image\" content=\"https:\/\/diariodalagoa.pt\/wp-content\/uploads\/2014\/07\/lavoura-agricultura-pasto.jpg\" \/>\n\t<meta property=\"og:image:width\" content=\"720\" \/>\n\t<meta property=\"og:image:height\" content=\"380\" \/>\n\t<meta property=\"og:image:type\" content=\"image\/jpeg\" \/>\n<meta name=\"author\" content=\"Di\u00e1rio da Lagoa\" \/>\n<meta name=\"twitter:card\" content=\"summary_large_image\" \/>\n<meta name=\"twitter:label1\" content=\"Escrito por\" \/>\n\t<meta name=\"twitter:data1\" content=\"Di\u00e1rio da Lagoa\" \/>\n\t<meta name=\"twitter:label2\" content=\"Tiempo de lectura\" \/>\n\t<meta name=\"twitter:data2\" content=\"1 minuto\" \/>\n<script type=\"application\/ld+json\" class=\"yoast-schema-graph\">{\"@context\":\"https:\/\/schema.org\",\"@graph\":[{\"@type\":\"WebPage\",\"@id\":\"https:\/\/diariodalagoa.pt\/ce-ira-combater-praticas-desleais-na-cadeia-de-abastecimento-alimentar\/\",\"url\":\"https:\/\/diariodalagoa.pt\/ce-ira-combater-praticas-desleais-na-cadeia-de-abastecimento-alimentar\/\",\"name\":\"CE ir\u00e1 combater pr\u00e1ticas desleais na cadeia de abastecimento alimentar - Di\u00e1rio da Lagoa\",\"isPartOf\":{\"@id\":\"https:\/\/diariodalagoa.pt\/#website\"},\"datePublished\":\"2014-07-15T13:46:44+00:00\",\"dateModified\":\"2014-07-15T13:46:44+00:00\",\"author\":{\"@id\":\"https:\/\/diariodalagoa.pt\/#\/schema\/person\/1615a002370e8857b6f972834bc43ece\"},\"breadcrumb\":{\"@id\":\"https:\/\/diariodalagoa.pt\/ce-ira-combater-praticas-desleais-na-cadeia-de-abastecimento-alimentar\/#breadcrumb\"},\"inLanguage\":\"es\",\"potentialAction\":[{\"@type\":\"ReadAction\",\"target\":[\"https:\/\/diariodalagoa.pt\/ce-ira-combater-praticas-desleais-na-cadeia-de-abastecimento-alimentar\/\"]}]},{\"@type\":\"BreadcrumbList\",\"@id\":\"https:\/\/diariodalagoa.pt\/ce-ira-combater-praticas-desleais-na-cadeia-de-abastecimento-alimentar\/#breadcrumb\",\"itemListElement\":[{\"@type\":\"ListItem\",\"position\":1,\"name\":\"In\u00edcio\",\"item\":\"https:\/\/diariodalagoa.pt\/\"},{\"@type\":\"ListItem\",\"position\":2,\"name\":\"CE ir\u00e1 combater pr\u00e1ticas desleais na cadeia de abastecimento alimentar\"}]},{\"@type\":\"WebSite\",\"@id\":\"https:\/\/diariodalagoa.pt\/#website\",\"url\":\"https:\/\/diariodalagoa.pt\/\",\"name\":\"Di\u00e1rio da Lagoa\",\"description\":\"Di\u00e1rio da Lagoa. As not\u00edcias que contam. A partir da Lagoa, nos A\u00e7ores, para o mundo.\",\"potentialAction\":[{\"@type\":\"SearchAction\",\"target\":{\"@type\":\"EntryPoint\",\"urlTemplate\":\"https:\/\/diariodalagoa.pt\/?s={search_term_string}\"},\"query-input\":\"required name=search_term_string\"}],\"inLanguage\":\"es\"},{\"@type\":\"Person\",\"@id\":\"https:\/\/diariodalagoa.pt\/#\/schema\/person\/1615a002370e8857b6f972834bc43ece\",\"name\":\"Di\u00e1rio da Lagoa\",\"image\":{\"@type\":\"ImageObject\",\"inLanguage\":\"es\",\"@id\":\"https:\/\/diariodalagoa.pt\/#\/schema\/person\/image\/\",\"url\":\"https:\/\/secure.gravatar.com\/avatar\/2cb5cef90a26f8fbd4d9d930608102c5?s=96&d=mm&r=g\",\"contentUrl\":\"https:\/\/secure.gravatar.com\/avatar\/2cb5cef90a26f8fbd4d9d930608102c5?s=96&d=mm&r=g\",\"caption\":\"Di\u00e1rio da Lagoa\"},\"url\":\"https:\/\/diariodalagoa.pt\/es\/author\/diariodalagoa\/\"}]}<\/script>\n<!-- \/ Yoast SEO plugin. -->","yoast_head_json":{"title":"CE ir\u00e1 combater pr\u00e1ticas desleais na cadeia de abastecimento alimentar - Di\u00e1rio da Lagoa","robots":{"index":"index","follow":"follow","max-snippet":"max-snippet:-1","max-image-preview":"max-image-preview:large","max-video-preview":"max-video-preview:-1"},"canonical":"https:\/\/diariodalagoa.pt\/es\/ce-ira-combater-praticas-desleais-na-cadeia-de-abastecimento-alimentar\/","og_locale":"es_ES","og_type":"article","og_title":"CE ir\u00e1 combater pr\u00e1ticas desleais na cadeia de abastecimento alimentar - Di\u00e1rio da Lagoa","og_description":"A Comiss\u00e3o Europeia adotou uma comunica\u00e7\u00e3o em que incentiva os Estados-Membros a procurarem melhorar a prote\u00e7\u00e3o dos pequenos produtores e retalhistas de produtos alimentares contra as pr\u00e1ticas desleais dos seus, por vezes, muito mais fortes parceiros comerciais. Antes de um produto alimentar chegar ao consumidor, um grande n\u00famero de diferentes operadores no mercado (produtores, transformadores, [&hellip;]","og_url":"https:\/\/diariodalagoa.pt\/es\/ce-ira-combater-praticas-desleais-na-cadeia-de-abastecimento-alimentar\/","og_site_name":"Di\u00e1rio da Lagoa","article_published_time":"2014-07-15T13:46:44+00:00","og_image":[{"width":720,"height":380,"url":"https:\/\/diariodalagoa.pt\/wp-content\/uploads\/2014\/07\/lavoura-agricultura-pasto.jpg","type":"image\/jpeg"}],"author":"Di\u00e1rio da Lagoa","twitter_card":"summary_large_image","twitter_misc":{"Escrito por":"Di\u00e1rio da Lagoa","Tiempo de lectura":"1 minuto"},"schema":{"@context":"https:\/\/schema.org","@graph":[{"@type":"WebPage","@id":"https:\/\/diariodalagoa.pt\/ce-ira-combater-praticas-desleais-na-cadeia-de-abastecimento-alimentar\/","url":"https:\/\/diariodalagoa.pt\/ce-ira-combater-praticas-desleais-na-cadeia-de-abastecimento-alimentar\/","name":"CE ir\u00e1 combater pr\u00e1ticas desleais na cadeia de abastecimento alimentar - Di\u00e1rio da Lagoa","isPartOf":{"@id":"https:\/\/diariodalagoa.pt\/#website"},"datePublished":"2014-07-15T13:46:44+00:00","dateModified":"2014-07-15T13:46:44+00:00","author":{"@id":"https:\/\/diariodalagoa.pt\/#\/schema\/person\/1615a002370e8857b6f972834bc43ece"},"breadcrumb":{"@id":"https:\/\/diariodalagoa.pt\/ce-ira-combater-praticas-desleais-na-cadeia-de-abastecimento-alimentar\/#breadcrumb"},"inLanguage":"es","potentialAction":[{"@type":"ReadAction","target":["https:\/\/diariodalagoa.pt\/ce-ira-combater-praticas-desleais-na-cadeia-de-abastecimento-alimentar\/"]}]},{"@type":"BreadcrumbList","@id":"https:\/\/diariodalagoa.pt\/ce-ira-combater-praticas-desleais-na-cadeia-de-abastecimento-alimentar\/#breadcrumb","itemListElement":[{"@type":"ListItem","position":1,"name":"In\u00edcio","item":"https:\/\/diariodalagoa.pt\/"},{"@type":"ListItem","position":2,"name":"CE ir\u00e1 combater pr\u00e1ticas desleais na cadeia de abastecimento alimentar"}]},{"@type":"WebSite","@id":"https:\/\/diariodalagoa.pt\/#website","url":"https:\/\/diariodalagoa.pt\/","name":"Di\u00e1rio da Lagoa","description":"Di\u00e1rio da Lagoa. As not\u00edcias que contam. A partir da Lagoa, nos A\u00e7ores, para o mundo.","potentialAction":[{"@type":"SearchAction","target":{"@type":"EntryPoint","urlTemplate":"https:\/\/diariodalagoa.pt\/?s={search_term_string}"},"query-input":"required name=search_term_string"}],"inLanguage":"es"},{"@type":"Person","@id":"https:\/\/diariodalagoa.pt\/#\/schema\/person\/1615a002370e8857b6f972834bc43ece","name":"Di\u00e1rio da Lagoa","image":{"@type":"ImageObject","inLanguage":"es","@id":"https:\/\/diariodalagoa.pt\/#\/schema\/person\/image\/","url":"https:\/\/secure.gravatar.com\/avatar\/2cb5cef90a26f8fbd4d9d930608102c5?s=96&d=mm&r=g","contentUrl":"https:\/\/secure.gravatar.com\/avatar\/2cb5cef90a26f8fbd4d9d930608102c5?s=96&d=mm&r=g","caption":"Di\u00e1rio da Lagoa"},"url":"https:\/\/diariodalagoa.pt\/es\/author\/diariodalagoa\/"}]}},"_links":{"self":[{"href":"https:\/\/diariodalagoa.pt\/es\/wp-json\/wp\/v2\/posts\/6857"}],"collection":[{"href":"https:\/\/diariodalagoa.pt\/es\/wp-json\/wp\/v2\/posts"}],"about":[{"href":"https:\/\/diariodalagoa.pt\/es\/wp-json\/wp\/v2\/types\/post"}],"author":[{"embeddable":true,"href":"https:\/\/diariodalagoa.pt\/es\/wp-json\/wp\/v2\/users\/2"}],"replies":[{"embeddable":true,"href":"https:\/\/diariodalagoa.pt\/es\/wp-json\/wp\/v2\/comments?post=6857"}],"version-history":[{"count":0,"href":"https:\/\/diariodalagoa.pt\/es\/wp-json\/wp\/v2\/posts\/6857\/revisions"}],"wp:featuredmedia":[{"embeddable":true,"href":"https:\/\/diariodalagoa.pt\/es\/wp-json\/wp\/v2\/media\/121925"}],"wp:attachment":[{"href":"https:\/\/diariodalagoa.pt\/es\/wp-json\/wp\/v2\/media?parent=6857"}],"wp:term":[{"taxonomy":"category","embeddable":true,"href":"https:\/\/diariodalagoa.pt\/es\/wp-json\/wp\/v2\/categories?post=6857"},{"taxonomy":"post_tag","embeddable":true,"href":"https:\/\/diariodalagoa.pt\/es\/wp-json\/wp\/v2\/tags?post=6857"}],"curies":[{"name":"wp","href":"https:\/\/api.w.org\/{rel}","templated":true}]}}