{"id":6751,"date":"2014-07-10T20:04:59","date_gmt":"2014-07-10T21:04:59","guid":{"rendered":"http:\/\/diariodalagoa.pt\/?p=6751"},"modified":"2014-07-10T20:04:59","modified_gmt":"2014-07-10T21:04:59","slug":"acores-registam-na-ultima-decada-notavel-progresso-de-producao-cientifica","status":"publish","type":"post","link":"https:\/\/diariodalagoa.pt\/es\/acores-registam-na-ultima-decada-notavel-progresso-de-producao-cientifica\/","title":{"rendered":"A\u00e7ores registam na \u00faltima d\u00e9cada &#8220;not\u00e1vel progresso&#8221; de produ\u00e7\u00e3o cient\u00edfica"},"content":{"rendered":"<p style=\"text-align: justify;\"><a href=\"http:\/\/diariodalagoa.pt\/wp-content\/uploads\/2014\/07\/Fausto-Brito-Abreu-governo-A\u00e7ores.jpg\"><img decoding=\"async\" class=\"alignnone size-full wp-image-6752\" src=\"http:\/\/diariodalagoa.pt\/wp-content\/uploads\/2014\/07\/Fausto-Brito-Abreu-governo-A\u00e7ores.jpg\" alt=\"Fausto-Brito-Abreu-governo-A\u00e7ores\" width=\"720\" height=\"381\" \/><\/a><\/p>\n<p style=\"text-align: justify;\"><span style=\"color: #000000;\">O Secret\u00e1rio Regional do Mar, Ci\u00eancia e Tecnologia afirmou, na Assembleia Legislativa, na Horta, que os A\u00e7ores registaram na \u00faltima d\u00e9cada \u201cum not\u00e1vel progresso de produ\u00e7\u00e3o cient\u00edfica\u201d.\u00a0<\/span><\/p>\n<p style=\"text-align: justify;\"><span style=\"color: #000000;\">Fausto Brito e Abreu, que intervinha num debate sobre\u00a0pol\u00edtica cient\u00edfica nacional, frisou que esse progresso \u00e9 not\u00e1vel em todas as m\u00e9tricas, designadamente no n\u00famero de investigadores, no n\u00famero de doutorados por habitante e\u00a0no n\u00famero de publica\u00e7\u00f5es por doutorando. \u00a0<\/span><\/p>\n<p style=\"text-align: justify;\"><span style=\"color: #000000;\">O Secret\u00e1rio Regional alertou, no entanto, para o \u201ccar\u00e1ter irrevers\u00edvel dos efeitos de algumas das medidas\u201d que est\u00e3o a ser tomadas nesta \u00e1rea pelo Governo da Rep\u00fablica.\u00a0<\/span><\/p>\n<p style=\"text-align: justify;\"><span style=\"color: #000000;\">Fausto Brito e Abreu criticou designadamente a \u201cdestrui\u00e7\u00e3o\u201d de centros de investiga\u00e7\u00e3o e o \u00eaxodo de investigadores nacionais, adiantando que se atingiu em Portugal um n\u00edvel a partir do qual \u201cn\u00e3o conseguiremos reter esses centros de saber\u201d.\u00a0<\/span><\/p>\n<p style=\"text-align: justify;\"><span style=\"color: #000000;\">O uso e abuso do estatuto de bolseiro para reter investigadores qualificados, a falta de progresso acad\u00e9mico nas universidades e a escassez de dota\u00e7\u00f5es or\u00e7amentais foram outros aspetos da pol\u00edtica cient\u00edfica nacional criticada pelo Secret\u00e1rio Regional.\u00a0<\/span><\/p>\n<p style=\"text-align: justify;\"><span style=\"color: #000000;\"><em>DL\/GaCS<\/em><\/span><\/p>","protected":false},"excerpt":{"rendered":"<p>O Secret\u00e1rio Regional do Mar, Ci\u00eancia e Tecnologia afirmou, na Assembleia Legislativa, na Horta, que os A\u00e7ores registaram na \u00faltima d\u00e9cada \u201cum not\u00e1vel progresso de produ\u00e7\u00e3o cient\u00edfica\u201d.\u00a0 Fausto Brito e Abreu, que intervinha num debate sobre\u00a0pol\u00edtica cient\u00edfica nacional, frisou que esse progresso \u00e9 not\u00e1vel em todas as m\u00e9tricas, designadamente no n\u00famero de investigadores, no n\u00famero [&hellip;]<\/p>","protected":false},"author":2,"featured_media":0,"comment_status":"open","ping_status":"open","sticky":false,"template":"","format":"standard","meta":[],"categories":[21],"tags":[],"acf":[],"yoast_head":"<!-- This site is optimized with the Yoast SEO plugin v20.10 - https:\/\/yoast.com\/wordpress\/plugins\/seo\/ -->\n<title>A\u00e7ores registam na \u00faltima d\u00e9cada &quot;not\u00e1vel progresso&quot; de produ\u00e7\u00e3o cient\u00edfica - Di\u00e1rio da Lagoa<\/title>\n<meta name=\"robots\" content=\"index, follow, max-snippet:-1, max-image-preview:large, max-video-preview:-1\" \/>\n<link rel=\"canonical\" href=\"https:\/\/diariodalagoa.pt\/es\/acores-registam-na-ultima-decada-notavel-progresso-de-producao-cientifica\/\" \/>\n<meta property=\"og:locale\" content=\"es_ES\" \/>\n<meta property=\"og:type\" content=\"article\" \/>\n<meta property=\"og:title\" content=\"A\u00e7ores registam na \u00faltima d\u00e9cada &quot;not\u00e1vel progresso&quot; de produ\u00e7\u00e3o cient\u00edfica - Di\u00e1rio da Lagoa\" \/>\n<meta property=\"og:description\" content=\"O Secret\u00e1rio Regional do Mar, Ci\u00eancia e Tecnologia afirmou, na Assembleia Legislativa, na Horta, que os A\u00e7ores registaram na \u00faltima d\u00e9cada \u201cum not\u00e1vel progresso de produ\u00e7\u00e3o cient\u00edfica\u201d.\u00a0 Fausto Brito e Abreu, que intervinha num debate sobre\u00a0pol\u00edtica cient\u00edfica nacional, frisou que esse progresso \u00e9 not\u00e1vel em todas as m\u00e9tricas, designadamente no n\u00famero de investigadores, no n\u00famero [&hellip;]\" \/>\n<meta property=\"og:url\" content=\"https:\/\/diariodalagoa.pt\/es\/acores-registam-na-ultima-decada-notavel-progresso-de-producao-cientifica\/\" \/>\n<meta property=\"og:site_name\" content=\"Di\u00e1rio da Lagoa\" \/>\n<meta property=\"article:published_time\" content=\"2014-07-10T21:04:59+00:00\" \/>\n<meta name=\"author\" content=\"Di\u00e1rio da Lagoa\" \/>\n<meta name=\"twitter:card\" content=\"summary_large_image\" \/>\n<meta name=\"twitter:label1\" content=\"Escrito por\" \/>\n\t<meta name=\"twitter:data1\" content=\"Di\u00e1rio da Lagoa\" \/>\n\t<meta name=\"twitter:label2\" content=\"Tiempo de lectura\" \/>\n\t<meta name=\"twitter:data2\" content=\"1 minuto\" \/>\n<script type=\"application\/ld+json\" class=\"yoast-schema-graph\">{\"@context\":\"https:\/\/schema.org\",\"@graph\":[{\"@type\":\"WebPage\",\"@id\":\"https:\/\/diariodalagoa.pt\/acores-registam-na-ultima-decada-notavel-progresso-de-producao-cientifica\/\",\"url\":\"https:\/\/diariodalagoa.pt\/acores-registam-na-ultima-decada-notavel-progresso-de-producao-cientifica\/\",\"name\":\"A\u00e7ores registam na \u00faltima d\u00e9cada \\\"not\u00e1vel progresso\\\" de produ\u00e7\u00e3o cient\u00edfica - Di\u00e1rio da Lagoa\",\"isPartOf\":{\"@id\":\"https:\/\/diariodalagoa.pt\/#website\"},\"datePublished\":\"2014-07-10T21:04:59+00:00\",\"dateModified\":\"2014-07-10T21:04:59+00:00\",\"author\":{\"@id\":\"https:\/\/diariodalagoa.pt\/#\/schema\/person\/1615a002370e8857b6f972834bc43ece\"},\"breadcrumb\":{\"@id\":\"https:\/\/diariodalagoa.pt\/acores-registam-na-ultima-decada-notavel-progresso-de-producao-cientifica\/#breadcrumb\"},\"inLanguage\":\"es\",\"potentialAction\":[{\"@type\":\"ReadAction\",\"target\":[\"https:\/\/diariodalagoa.pt\/acores-registam-na-ultima-decada-notavel-progresso-de-producao-cientifica\/\"]}]},{\"@type\":\"BreadcrumbList\",\"@id\":\"https:\/\/diariodalagoa.pt\/acores-registam-na-ultima-decada-notavel-progresso-de-producao-cientifica\/#breadcrumb\",\"itemListElement\":[{\"@type\":\"ListItem\",\"position\":1,\"name\":\"In\u00edcio\",\"item\":\"https:\/\/diariodalagoa.pt\/\"},{\"@type\":\"ListItem\",\"position\":2,\"name\":\"A\u00e7ores registam na \u00faltima d\u00e9cada &#8220;not\u00e1vel progresso&#8221; de produ\u00e7\u00e3o cient\u00edfica\"}]},{\"@type\":\"WebSite\",\"@id\":\"https:\/\/diariodalagoa.pt\/#website\",\"url\":\"https:\/\/diariodalagoa.pt\/\",\"name\":\"Di\u00e1rio da Lagoa\",\"description\":\"Di\u00e1rio da Lagoa. As not\u00edcias que contam. A partir da Lagoa, nos A\u00e7ores, para o mundo.\",\"potentialAction\":[{\"@type\":\"SearchAction\",\"target\":{\"@type\":\"EntryPoint\",\"urlTemplate\":\"https:\/\/diariodalagoa.pt\/?s={search_term_string}\"},\"query-input\":\"required name=search_term_string\"}],\"inLanguage\":\"es\"},{\"@type\":\"Person\",\"@id\":\"https:\/\/diariodalagoa.pt\/#\/schema\/person\/1615a002370e8857b6f972834bc43ece\",\"name\":\"Di\u00e1rio da Lagoa\",\"image\":{\"@type\":\"ImageObject\",\"inLanguage\":\"es\",\"@id\":\"https:\/\/diariodalagoa.pt\/#\/schema\/person\/image\/\",\"url\":\"https:\/\/secure.gravatar.com\/avatar\/2cb5cef90a26f8fbd4d9d930608102c5?s=96&d=mm&r=g\",\"contentUrl\":\"https:\/\/secure.gravatar.com\/avatar\/2cb5cef90a26f8fbd4d9d930608102c5?s=96&d=mm&r=g\",\"caption\":\"Di\u00e1rio da Lagoa\"},\"url\":\"https:\/\/diariodalagoa.pt\/es\/author\/diariodalagoa\/\"}]}<\/script>\n<!-- \/ Yoast SEO plugin. -->","yoast_head_json":{"title":"A\u00e7ores registam na \u00faltima d\u00e9cada \"not\u00e1vel progresso\" de produ\u00e7\u00e3o cient\u00edfica - Di\u00e1rio da Lagoa","robots":{"index":"index","follow":"follow","max-snippet":"max-snippet:-1","max-image-preview":"max-image-preview:large","max-video-preview":"max-video-preview:-1"},"canonical":"https:\/\/diariodalagoa.pt\/es\/acores-registam-na-ultima-decada-notavel-progresso-de-producao-cientifica\/","og_locale":"es_ES","og_type":"article","og_title":"A\u00e7ores registam na \u00faltima d\u00e9cada \"not\u00e1vel progresso\" de produ\u00e7\u00e3o cient\u00edfica - Di\u00e1rio da Lagoa","og_description":"O Secret\u00e1rio Regional do Mar, Ci\u00eancia e Tecnologia afirmou, na Assembleia Legislativa, na Horta, que os A\u00e7ores registaram na \u00faltima d\u00e9cada \u201cum not\u00e1vel progresso de produ\u00e7\u00e3o cient\u00edfica\u201d.\u00a0 Fausto Brito e Abreu, que intervinha num debate sobre\u00a0pol\u00edtica cient\u00edfica nacional, frisou que esse progresso \u00e9 not\u00e1vel em todas as m\u00e9tricas, designadamente no n\u00famero de investigadores, no n\u00famero [&hellip;]","og_url":"https:\/\/diariodalagoa.pt\/es\/acores-registam-na-ultima-decada-notavel-progresso-de-producao-cientifica\/","og_site_name":"Di\u00e1rio da Lagoa","article_published_time":"2014-07-10T21:04:59+00:00","author":"Di\u00e1rio da Lagoa","twitter_card":"summary_large_image","twitter_misc":{"Escrito por":"Di\u00e1rio da Lagoa","Tiempo de lectura":"1 minuto"},"schema":{"@context":"https:\/\/schema.org","@graph":[{"@type":"WebPage","@id":"https:\/\/diariodalagoa.pt\/acores-registam-na-ultima-decada-notavel-progresso-de-producao-cientifica\/","url":"https:\/\/diariodalagoa.pt\/acores-registam-na-ultima-decada-notavel-progresso-de-producao-cientifica\/","name":"A\u00e7ores registam na \u00faltima d\u00e9cada \"not\u00e1vel progresso\" de produ\u00e7\u00e3o cient\u00edfica - Di\u00e1rio da Lagoa","isPartOf":{"@id":"https:\/\/diariodalagoa.pt\/#website"},"datePublished":"2014-07-10T21:04:59+00:00","dateModified":"2014-07-10T21:04:59+00:00","author":{"@id":"https:\/\/diariodalagoa.pt\/#\/schema\/person\/1615a002370e8857b6f972834bc43ece"},"breadcrumb":{"@id":"https:\/\/diariodalagoa.pt\/acores-registam-na-ultima-decada-notavel-progresso-de-producao-cientifica\/#breadcrumb"},"inLanguage":"es","potentialAction":[{"@type":"ReadAction","target":["https:\/\/diariodalagoa.pt\/acores-registam-na-ultima-decada-notavel-progresso-de-producao-cientifica\/"]}]},{"@type":"BreadcrumbList","@id":"https:\/\/diariodalagoa.pt\/acores-registam-na-ultima-decada-notavel-progresso-de-producao-cientifica\/#breadcrumb","itemListElement":[{"@type":"ListItem","position":1,"name":"In\u00edcio","item":"https:\/\/diariodalagoa.pt\/"},{"@type":"ListItem","position":2,"name":"A\u00e7ores registam na \u00faltima d\u00e9cada &#8220;not\u00e1vel progresso&#8221; de produ\u00e7\u00e3o cient\u00edfica"}]},{"@type":"WebSite","@id":"https:\/\/diariodalagoa.pt\/#website","url":"https:\/\/diariodalagoa.pt\/","name":"Di\u00e1rio da Lagoa","description":"Di\u00e1rio da Lagoa. As not\u00edcias que contam. A partir da Lagoa, nos A\u00e7ores, para o mundo.","potentialAction":[{"@type":"SearchAction","target":{"@type":"EntryPoint","urlTemplate":"https:\/\/diariodalagoa.pt\/?s={search_term_string}"},"query-input":"required name=search_term_string"}],"inLanguage":"es"},{"@type":"Person","@id":"https:\/\/diariodalagoa.pt\/#\/schema\/person\/1615a002370e8857b6f972834bc43ece","name":"Di\u00e1rio da Lagoa","image":{"@type":"ImageObject","inLanguage":"es","@id":"https:\/\/diariodalagoa.pt\/#\/schema\/person\/image\/","url":"https:\/\/secure.gravatar.com\/avatar\/2cb5cef90a26f8fbd4d9d930608102c5?s=96&d=mm&r=g","contentUrl":"https:\/\/secure.gravatar.com\/avatar\/2cb5cef90a26f8fbd4d9d930608102c5?s=96&d=mm&r=g","caption":"Di\u00e1rio da Lagoa"},"url":"https:\/\/diariodalagoa.pt\/es\/author\/diariodalagoa\/"}]}},"_links":{"self":[{"href":"https:\/\/diariodalagoa.pt\/es\/wp-json\/wp\/v2\/posts\/6751"}],"collection":[{"href":"https:\/\/diariodalagoa.pt\/es\/wp-json\/wp\/v2\/posts"}],"about":[{"href":"https:\/\/diariodalagoa.pt\/es\/wp-json\/wp\/v2\/types\/post"}],"author":[{"embeddable":true,"href":"https:\/\/diariodalagoa.pt\/es\/wp-json\/wp\/v2\/users\/2"}],"replies":[{"embeddable":true,"href":"https:\/\/diariodalagoa.pt\/es\/wp-json\/wp\/v2\/comments?post=6751"}],"version-history":[{"count":0,"href":"https:\/\/diariodalagoa.pt\/es\/wp-json\/wp\/v2\/posts\/6751\/revisions"}],"wp:attachment":[{"href":"https:\/\/diariodalagoa.pt\/es\/wp-json\/wp\/v2\/media?parent=6751"}],"wp:term":[{"taxonomy":"category","embeddable":true,"href":"https:\/\/diariodalagoa.pt\/es\/wp-json\/wp\/v2\/categories?post=6751"},{"taxonomy":"post_tag","embeddable":true,"href":"https:\/\/diariodalagoa.pt\/es\/wp-json\/wp\/v2\/tags?post=6751"}],"curies":[{"name":"wp","href":"https:\/\/api.w.org\/{rel}","templated":true}]}}