{"id":64156,"date":"2018-08-01T20:24:41","date_gmt":"2018-08-01T20:24:41","guid":{"rendered":"http:\/\/diariodalagoa.pt\/?p=64156"},"modified":"2025-09-28T00:38:14","modified_gmt":"2025-09-28T00:38:14","slug":"1o-centenario-das-aparicoes-no-monte-dagua-de-pau-2a-parte","status":"publish","type":"post","link":"https:\/\/diariodalagoa.pt\/es\/1o-centenario-das-aparicoes-no-monte-dagua-de-pau-2a-parte\/","title":{"rendered":"1\u00ba Centen\u00e1rio das apari\u00e7\u00f5es no Monte D\u2019\u00c1gua de Pau \u2013 2\u00aa parte"},"content":{"rendered":"<div id=\"attachment_64158\" style=\"width: 260px\" class=\"wp-caption alignleft\"><img aria-describedby=\"caption-attachment-64158\" decoding=\"async\" class=\"wp-image-64158\" src=\"http:\/\/diariodalagoa.pt\/wp-content\/uploads\/2018\/07\/Elias-Maria-Borges.jpg\" alt=\"\" width=\"250\" height=\"528\" \/><p id=\"caption-attachment-64158\" class=\"wp-caption-text\"><em><span style=\"color: #000000;\">Elias Maria Borges &#8211; soldado da 1\u00aa Guerra Mundial.<\/span><\/em><\/p><\/div>\n<p><span style=\"color: #000000;\"><strong>A 5 de Julho de 1918 Nossa Senhora apareceu \u00e0 Joana no Monte Santo<\/strong><\/span><\/p>\n<p><span style=\"color: #000000;\">Como predisse a vidente Joana, a Grande guerra Mundial acabou na altura certa que Nossa Senhora lhe disse. Portugal esteve envolvido na mesma e alguns a\u00e7orianos estiveram metidos nela. Elias Maria Borges de \u00c1gua de Pau, que vemos na foto, foi um dos soldados que teve a sorte de regressar a casa, desta guerra, felizmente. Os acontecimentos ocorridos em F\u00e1tima no ano anterior, serviam de tema para um j\u00e1 elevado n\u00famero de abismados que n\u00e3o davam valor \u00e0 vida muito menos \u00e0 sobrenatural. Por isso, nos A\u00e7ores tudo se repercutia e se tornava confuso.<\/span><\/p>\n<p><span style=\"color: #000000;\">N\u00e3o s\u00f3 a prud\u00eancia dos pais de Maria Joana Tavares do Canto contribuiu para que as repercuss\u00f5es dos milagres ficassem circunscritos temporariamente ao seu meio pr\u00f3prio, mas tamb\u00e9m o Padre Jo\u00e3o Moniz de Melo, ent\u00e3o p\u00e1roco da Vila de \u00c1gua de Pau, nunca as abordou.<\/span><\/p>\n<p><span style=\"color: #000000;\">Mas, vamos conhecer melhor um pouco da vida da Sofia, a outra crian\u00e7a, companheira da vidente Joana, companheira de escola, das brincadeiras e milagres do Monte Santo. Como j\u00e1 foi mencionado, a Maria Sofia nasceu na Am\u00e9rica do Norte. Filha de pais de origem irlandesa que viviam naquele pa\u00eds, por morte dos mesmos foi esta adotada por um casal de emigrantes sem filhos, natural de \u00c1gua de Pau, os quais, regressando \u00e0 sua terra, trouxeram consigo a Sofia.<\/span><\/p>\n<p><span style=\"color: #000000;\">Embora n\u00e3o se saiba com que idade foi esta menina adotada, julga-se ter sido com pouca idade, porque se assim n\u00e3o fosse, ela n\u00e3o se chamaria Maria Sofia, mas sim outro nome condicente com os nomes habituais de seus pais naturais.<\/span><\/p>\n<p><span style=\"color: #000000;\">A partir do grande acontecimento do dia 5 de julho daquele ano de 1918, ocorrido no Monte, pouco mais se falou de Sofia. Os jornais de ent\u00e3o separaram, psicologicamente, por raz\u00f5es sociais, as duas crian\u00e7as, sem pensar que para Deus, todos s\u00e3o iguais.<\/span><\/p>\n<p><span style=\"color: #000000;\">A Maria Joana Tavares do Canto recebeu dons vindos da M\u00e3e de Deus. A Maria Sofia ou Sofia Paulino, recebeu-os tamb\u00e9m. Porque s\u00f3 a primeira falava com Nossa Senhora? Teriam as duas miss\u00f5es diferentes?<\/span><\/p>\n<p><span style=\"color: #000000;\">N\u00e3o se sabe quando, mas sabe-se que a Sofia regressou \u00e0 Am\u00e9rica do Norte com seus pais adotivos e se correspondeu algum tempo com os pais de Joana, porque estes eram seus padrinhos. Um dia, mais tarde, n\u00e3o se sabe quando, a m\u00e3e da Joana recebeu carta da sua afilhada Sofia, em que a mesma lhe comunicava que aquela carta era a \u00faltima que lhe enviava, porque havia dado entrada num convento de religiosas onde fez voto de total clausura, por isso ficaria incomunic\u00e1vel. E aqui se viu, com muita clareza, que Nossa Senhora a ambas tinha tra\u00e7ado um destino!<\/span><\/p>\n<p><span style=\"color: #000000;\">Dado a dimens\u00e3o do grandioso acontecimento, todo ele envolvendo duas crian\u00e7as ing\u00e9nuas e multid\u00f5es de gente que ali foram por for\u00e7a da sua sensibilidade supersticiosa que faz criar f\u00e9, f\u00e1cil \u00e9 compreender que se n\u00e3o esteve perante um acontecimento de habilidade telep\u00e1tica, porque entre tantos milhares de pessoas que ali se concentraram, a fluidez das imagens diversificadas nunca podia ser coletiva. Tanto mais que em assuntos de caracter religioso as opini\u00f5es por vezes se entrechocam.<\/span><\/p>\n<p><span style=\"color: #000000;\">Ou seja, esteve-se, ent\u00e3o, naquela misteriosa tarde do dia 5 de julho de 1918, perante um milagre de apari\u00e7\u00e3o de imagens sobrenaturais! E o povo de toda a ilha jamais deixou de chamar \u00e0quela alongada cumieira do Pico do Concelho, \u00abMONTE SANTO\u00bb!<\/span><\/p>\n<p><span style=\"color: #000000;\">Nada ficou abafado porque o que n\u00e3o \u00e9 da criatividade do povo, mas sim de um poder sobrenatural, torna-se algo que n\u00e3o se extingue.<\/span><\/p>\n<p><span style=\"color: #000000;\">Segundo estudo cient\u00edfico da autoria do vulcanologista Prof. Dr. Victor Hugo Forjaz, a eleva\u00e7\u00e3o onde se deu a apari\u00e7\u00e3o de Nossa Senhora, consta de:<\/span><br \/>\n<span style=\"color: #000000;\">\u00ab O Monte santo \u00b4\u00e9 um cone vulc\u00e2nico do tipo estromboliano que se constituiu h\u00e1 cerca de 4000 anos. Os centros eruptivos instalaram-se sobre uma fratura radial do grande Vulc\u00e3o da Lagoa do Fogo e constru\u00edram diversos cones de esc\u00f3rias bas\u00e1lticas onde o Monte Santo \u00e9 o mais imponente. A fase terminal desses vulc\u00f5es consistiu na emiss\u00e3o de volumosas escoadas de lavas que se dirigiram para o mar, constituindo uma \u00abfaj\u00e3\u00bb l\u00e1vica das mais belas de S. Miguel e que d\u00e1 pelo nome de Caloura. Em algumas dessas lavas provenientes do Monte Santo existem t\u00faneis; os mais espetaculares s\u00e3o submarinos e s\u00e3o visit\u00e1veis, sobretudo os do Jubileu, onde se situa o Caloura Hotel.\u00a0<strong>A erup\u00e7\u00e3o de 1563, cobriu o Monte Santo com alguns metros de pedra pomes<\/strong> conforme observ\u00e1veis em diversos afloramentos.\u00bb<\/span><\/p>\n<p><span style=\"color: #000000;\"><img decoding=\"async\" class=\"alignnone size-full wp-image-64157\" src=\"http:\/\/diariodalagoa.pt\/wp-content\/uploads\/2018\/07\/Ermida-do-Monte-Santo.jpg\" alt=\"\" width=\"960\" height=\"369\" \/><\/span><\/p>\n<h3><span style=\"color: #000000;\"><strong>A pedra-pomes \u201cmilagrosa\u201d muito branca do Monte Santo<\/strong><\/span><\/h3>\n<p><span style=\"color: #000000;\">Para mim, quando cresci, mesmo ali em frente ao Pico do Monte Santo, na Rua da Trindade ia l\u00e1 ao cimo por mais algum motivo.<\/span><\/p>\n<p><span style=\"color: #000000;\">Com os meus amigos, ia- ao pico, pelo Natal, umas vezes, para procurar e trazer pedras vermelhas e cascalho vermelho miudinho para decorar o Pres\u00e9pio. Doutras vezes, tamb\u00e9m ia para brincar com alguns amigos. No entanto, tamb\u00e9m ia ao pico por um outro motivo, mais s\u00e9rio.<\/span><\/p>\n<p><span style=\"color: #000000;\">Poucos se lembrar\u00e3o disso j\u00e1, mas, a minha gera\u00e7\u00e3o e a anterior \u00e0 minha, lembra-se de certeza, l\u00e1 pelos anos 50s e 60s do s\u00e9culo passado.<\/span><\/p>\n<p><span style=\"color: #000000;\">Quando t\u00ednhamos um exame dif\u00edcil ou alguma dificuldade que quer\u00edamos ver ultrapassada, ent\u00e3o \u00edamos ao Monte Santo, ao lugar onde a menina Joana Canto tinha-se encontrado com Nossa Senhora.<\/span><\/p>\n<p><span style=\"color: #000000;\">Havia no lugar um pedregulho diferente que para n\u00f3s era muito especial por ser de \u00abpedra pomes\u00bb muito branca, que contrastava com toda a constitui\u00e7\u00e3o do monte, formado de cascalho vermelho e preto.<\/span><\/p>\n<p><span style=\"color: #000000;\">Ent\u00e3o, recordo-me de quando fui fazer exame da 4\u00aa classe \u00e0 Lagoa. Fomos ao Pico, eu o Jo\u00e3o Francisco, o Antero, o Armando Arruda e retir\u00e1mos uma pedrinha pequenina ao pedregulho e trouxemos para casa. Rezamos a Nossa Senhora, coloc\u00e1mos a pedrinha debaixo da cabeceira e adormecemos. No dia seguinte, quando acord\u00e1mos, fomos mais seguros para o exame.<\/span><\/p>\n<p><span style=\"color: #000000;\">Tal como tantos outros colegas de escola, penso eu que aquela era uma maneira que t\u00ednhamos encontrado, para sermos ouvidos, ou merecer a aten\u00e7\u00e3o, de Nossa Senhora. Dava sorte, pens\u00e1vamos. Enfim, \u00e9ramos muito crentes e faz\u00edamos isso num ritual de muito respeito, na altura.<\/span><\/p>\n<p>&nbsp;<\/p>\n<p style=\"text-align: right;\"><span style=\"color: #000000;\"><em>Por: RoberTo MedeirOs\u00a0<\/em><\/span><br \/>\n<span style=\"color: #000000;\"><em>(Artigo publicado na edi\u00e7\u00e3o impressa de agosto de 2018)<\/em><\/span><\/p>","protected":false},"excerpt":{"rendered":"<p>A 5 de Julho de 1918 Nossa Senhora apareceu \u00e0 Joana no Monte Santo Como predisse a vidente Joana, a Grande guerra Mundial acabou na altura certa que Nossa Senhora lhe disse. Portugal esteve envolvido na mesma e alguns a\u00e7orianos estiveram metidos nela. Elias Maria Borges de \u00c1gua de Pau, que vemos na foto, foi [&hellip;]<\/p>","protected":false},"author":2,"featured_media":110160,"comment_status":"open","ping_status":"open","sticky":false,"template":"","format":"standard","meta":[],"categories":[11],"tags":[],"acf":[],"yoast_head":"<!-- This site is optimized with the Yoast SEO plugin v20.10 - https:\/\/yoast.com\/wordpress\/plugins\/seo\/ -->\n<title>1\u00ba Centen\u00e1rio das apari\u00e7\u00f5es no Monte D\u2019\u00c1gua de Pau \u2013 2\u00aa parte - Di\u00e1rio da Lagoa<\/title>\n<meta name=\"robots\" content=\"index, follow, max-snippet:-1, max-image-preview:large, max-video-preview:-1\" \/>\n<link rel=\"canonical\" href=\"https:\/\/diariodalagoa.pt\/es\/1o-centenario-das-aparicoes-no-monte-dagua-de-pau-2a-parte\/\" \/>\n<meta property=\"og:locale\" content=\"es_ES\" \/>\n<meta property=\"og:type\" content=\"article\" \/>\n<meta property=\"og:title\" content=\"1\u00ba Centen\u00e1rio das apari\u00e7\u00f5es no Monte D\u2019\u00c1gua de Pau \u2013 2\u00aa parte - Di\u00e1rio da Lagoa\" \/>\n<meta property=\"og:description\" content=\"A 5 de Julho de 1918 Nossa Senhora apareceu \u00e0 Joana no Monte Santo Como predisse a vidente Joana, a Grande guerra Mundial acabou na altura certa que Nossa Senhora lhe disse. Portugal esteve envolvido na mesma e alguns a\u00e7orianos estiveram metidos nela. Elias Maria Borges de \u00c1gua de Pau, que vemos na foto, foi [&hellip;]\" \/>\n<meta property=\"og:url\" content=\"https:\/\/diariodalagoa.pt\/es\/1o-centenario-das-aparicoes-no-monte-dagua-de-pau-2a-parte\/\" \/>\n<meta property=\"og:site_name\" content=\"Di\u00e1rio da Lagoa\" \/>\n<meta property=\"article:published_time\" content=\"2018-08-01T20:24:41+00:00\" \/>\n<meta property=\"article:modified_time\" content=\"2025-09-28T00:38:14+00:00\" \/>\n<meta property=\"og:image\" content=\"https:\/\/diariodalagoa.pt\/wp-content\/uploads\/2018\/08\/ermida-do-monte-santo.jpg\" \/>\n\t<meta property=\"og:image:width\" content=\"960\" \/>\n\t<meta property=\"og:image:height\" content=\"369\" \/>\n\t<meta property=\"og:image:type\" content=\"image\/jpeg\" \/>\n<meta name=\"author\" content=\"Di\u00e1rio da Lagoa\" \/>\n<meta name=\"twitter:card\" content=\"summary_large_image\" \/>\n<meta name=\"twitter:label1\" content=\"Escrito por\" \/>\n\t<meta name=\"twitter:data1\" content=\"Di\u00e1rio da Lagoa\" \/>\n\t<meta name=\"twitter:label2\" content=\"Tiempo de lectura\" \/>\n\t<meta name=\"twitter:data2\" content=\"6 minutos\" \/>\n<script type=\"application\/ld+json\" class=\"yoast-schema-graph\">{\"@context\":\"https:\/\/schema.org\",\"@graph\":[{\"@type\":\"WebPage\",\"@id\":\"https:\/\/diariodalagoa.pt\/1o-centenario-das-aparicoes-no-monte-dagua-de-pau-2a-parte\/\",\"url\":\"https:\/\/diariodalagoa.pt\/1o-centenario-das-aparicoes-no-monte-dagua-de-pau-2a-parte\/\",\"name\":\"1\u00ba Centen\u00e1rio das apari\u00e7\u00f5es no Monte D\u2019\u00c1gua de Pau \u2013 2\u00aa parte - Di\u00e1rio da Lagoa\",\"isPartOf\":{\"@id\":\"https:\/\/diariodalagoa.pt\/#website\"},\"datePublished\":\"2018-08-01T20:24:41+00:00\",\"dateModified\":\"2025-09-28T00:38:14+00:00\",\"author\":{\"@id\":\"https:\/\/diariodalagoa.pt\/#\/schema\/person\/1615a002370e8857b6f972834bc43ece\"},\"breadcrumb\":{\"@id\":\"https:\/\/diariodalagoa.pt\/1o-centenario-das-aparicoes-no-monte-dagua-de-pau-2a-parte\/#breadcrumb\"},\"inLanguage\":\"es\",\"potentialAction\":[{\"@type\":\"ReadAction\",\"target\":[\"https:\/\/diariodalagoa.pt\/1o-centenario-das-aparicoes-no-monte-dagua-de-pau-2a-parte\/\"]}]},{\"@type\":\"BreadcrumbList\",\"@id\":\"https:\/\/diariodalagoa.pt\/1o-centenario-das-aparicoes-no-monte-dagua-de-pau-2a-parte\/#breadcrumb\",\"itemListElement\":[{\"@type\":\"ListItem\",\"position\":1,\"name\":\"In\u00edcio\",\"item\":\"https:\/\/diariodalagoa.pt\/\"},{\"@type\":\"ListItem\",\"position\":2,\"name\":\"1\u00ba Centen\u00e1rio das apari\u00e7\u00f5es no Monte D\u2019\u00c1gua de Pau \u2013 2\u00aa parte\"}]},{\"@type\":\"WebSite\",\"@id\":\"https:\/\/diariodalagoa.pt\/#website\",\"url\":\"https:\/\/diariodalagoa.pt\/\",\"name\":\"Di\u00e1rio da Lagoa\",\"description\":\"Di\u00e1rio da Lagoa. As not\u00edcias que contam. A partir da Lagoa, nos A\u00e7ores, para o mundo.\",\"potentialAction\":[{\"@type\":\"SearchAction\",\"target\":{\"@type\":\"EntryPoint\",\"urlTemplate\":\"https:\/\/diariodalagoa.pt\/?s={search_term_string}\"},\"query-input\":\"required name=search_term_string\"}],\"inLanguage\":\"es\"},{\"@type\":\"Person\",\"@id\":\"https:\/\/diariodalagoa.pt\/#\/schema\/person\/1615a002370e8857b6f972834bc43ece\",\"name\":\"Di\u00e1rio da Lagoa\",\"image\":{\"@type\":\"ImageObject\",\"inLanguage\":\"es\",\"@id\":\"https:\/\/diariodalagoa.pt\/#\/schema\/person\/image\/\",\"url\":\"https:\/\/secure.gravatar.com\/avatar\/2cb5cef90a26f8fbd4d9d930608102c5?s=96&d=mm&r=g\",\"contentUrl\":\"https:\/\/secure.gravatar.com\/avatar\/2cb5cef90a26f8fbd4d9d930608102c5?s=96&d=mm&r=g\",\"caption\":\"Di\u00e1rio da Lagoa\"},\"url\":\"https:\/\/diariodalagoa.pt\/es\/author\/diariodalagoa\/\"}]}<\/script>\n<!-- \/ Yoast SEO plugin. -->","yoast_head_json":{"title":"1\u00ba Centen\u00e1rio das apari\u00e7\u00f5es no Monte D\u2019\u00c1gua de Pau \u2013 2\u00aa parte - Di\u00e1rio da Lagoa","robots":{"index":"index","follow":"follow","max-snippet":"max-snippet:-1","max-image-preview":"max-image-preview:large","max-video-preview":"max-video-preview:-1"},"canonical":"https:\/\/diariodalagoa.pt\/es\/1o-centenario-das-aparicoes-no-monte-dagua-de-pau-2a-parte\/","og_locale":"es_ES","og_type":"article","og_title":"1\u00ba Centen\u00e1rio das apari\u00e7\u00f5es no Monte D\u2019\u00c1gua de Pau \u2013 2\u00aa parte - Di\u00e1rio da Lagoa","og_description":"A 5 de Julho de 1918 Nossa Senhora apareceu \u00e0 Joana no Monte Santo Como predisse a vidente Joana, a Grande guerra Mundial acabou na altura certa que Nossa Senhora lhe disse. Portugal esteve envolvido na mesma e alguns a\u00e7orianos estiveram metidos nela. Elias Maria Borges de \u00c1gua de Pau, que vemos na foto, foi [&hellip;]","og_url":"https:\/\/diariodalagoa.pt\/es\/1o-centenario-das-aparicoes-no-monte-dagua-de-pau-2a-parte\/","og_site_name":"Di\u00e1rio da Lagoa","article_published_time":"2018-08-01T20:24:41+00:00","article_modified_time":"2025-09-28T00:38:14+00:00","og_image":[{"width":960,"height":369,"url":"https:\/\/diariodalagoa.pt\/wp-content\/uploads\/2018\/08\/ermida-do-monte-santo.jpg","type":"image\/jpeg"}],"author":"Di\u00e1rio da Lagoa","twitter_card":"summary_large_image","twitter_misc":{"Escrito por":"Di\u00e1rio da Lagoa","Tiempo de lectura":"6 minutos"},"schema":{"@context":"https:\/\/schema.org","@graph":[{"@type":"WebPage","@id":"https:\/\/diariodalagoa.pt\/1o-centenario-das-aparicoes-no-monte-dagua-de-pau-2a-parte\/","url":"https:\/\/diariodalagoa.pt\/1o-centenario-das-aparicoes-no-monte-dagua-de-pau-2a-parte\/","name":"1\u00ba Centen\u00e1rio das apari\u00e7\u00f5es no Monte D\u2019\u00c1gua de Pau \u2013 2\u00aa parte - Di\u00e1rio da Lagoa","isPartOf":{"@id":"https:\/\/diariodalagoa.pt\/#website"},"datePublished":"2018-08-01T20:24:41+00:00","dateModified":"2025-09-28T00:38:14+00:00","author":{"@id":"https:\/\/diariodalagoa.pt\/#\/schema\/person\/1615a002370e8857b6f972834bc43ece"},"breadcrumb":{"@id":"https:\/\/diariodalagoa.pt\/1o-centenario-das-aparicoes-no-monte-dagua-de-pau-2a-parte\/#breadcrumb"},"inLanguage":"es","potentialAction":[{"@type":"ReadAction","target":["https:\/\/diariodalagoa.pt\/1o-centenario-das-aparicoes-no-monte-dagua-de-pau-2a-parte\/"]}]},{"@type":"BreadcrumbList","@id":"https:\/\/diariodalagoa.pt\/1o-centenario-das-aparicoes-no-monte-dagua-de-pau-2a-parte\/#breadcrumb","itemListElement":[{"@type":"ListItem","position":1,"name":"In\u00edcio","item":"https:\/\/diariodalagoa.pt\/"},{"@type":"ListItem","position":2,"name":"1\u00ba Centen\u00e1rio das apari\u00e7\u00f5es no Monte D\u2019\u00c1gua de Pau \u2013 2\u00aa parte"}]},{"@type":"WebSite","@id":"https:\/\/diariodalagoa.pt\/#website","url":"https:\/\/diariodalagoa.pt\/","name":"Di\u00e1rio da Lagoa","description":"Di\u00e1rio da Lagoa. As not\u00edcias que contam. A partir da Lagoa, nos A\u00e7ores, para o mundo.","potentialAction":[{"@type":"SearchAction","target":{"@type":"EntryPoint","urlTemplate":"https:\/\/diariodalagoa.pt\/?s={search_term_string}"},"query-input":"required name=search_term_string"}],"inLanguage":"es"},{"@type":"Person","@id":"https:\/\/diariodalagoa.pt\/#\/schema\/person\/1615a002370e8857b6f972834bc43ece","name":"Di\u00e1rio da Lagoa","image":{"@type":"ImageObject","inLanguage":"es","@id":"https:\/\/diariodalagoa.pt\/#\/schema\/person\/image\/","url":"https:\/\/secure.gravatar.com\/avatar\/2cb5cef90a26f8fbd4d9d930608102c5?s=96&d=mm&r=g","contentUrl":"https:\/\/secure.gravatar.com\/avatar\/2cb5cef90a26f8fbd4d9d930608102c5?s=96&d=mm&r=g","caption":"Di\u00e1rio da Lagoa"},"url":"https:\/\/diariodalagoa.pt\/es\/author\/diariodalagoa\/"}]}},"_links":{"self":[{"href":"https:\/\/diariodalagoa.pt\/es\/wp-json\/wp\/v2\/posts\/64156"}],"collection":[{"href":"https:\/\/diariodalagoa.pt\/es\/wp-json\/wp\/v2\/posts"}],"about":[{"href":"https:\/\/diariodalagoa.pt\/es\/wp-json\/wp\/v2\/types\/post"}],"author":[{"embeddable":true,"href":"https:\/\/diariodalagoa.pt\/es\/wp-json\/wp\/v2\/users\/2"}],"replies":[{"embeddable":true,"href":"https:\/\/diariodalagoa.pt\/es\/wp-json\/wp\/v2\/comments?post=64156"}],"version-history":[{"count":1,"href":"https:\/\/diariodalagoa.pt\/es\/wp-json\/wp\/v2\/posts\/64156\/revisions"}],"predecessor-version":[{"id":126347,"href":"https:\/\/diariodalagoa.pt\/es\/wp-json\/wp\/v2\/posts\/64156\/revisions\/126347"}],"wp:featuredmedia":[{"embeddable":true,"href":"https:\/\/diariodalagoa.pt\/es\/wp-json\/wp\/v2\/media\/110160"}],"wp:attachment":[{"href":"https:\/\/diariodalagoa.pt\/es\/wp-json\/wp\/v2\/media?parent=64156"}],"wp:term":[{"taxonomy":"category","embeddable":true,"href":"https:\/\/diariodalagoa.pt\/es\/wp-json\/wp\/v2\/categories?post=64156"},{"taxonomy":"post_tag","embeddable":true,"href":"https:\/\/diariodalagoa.pt\/es\/wp-json\/wp\/v2\/tags?post=64156"}],"curies":[{"name":"wp","href":"https:\/\/api.w.org\/{rel}","templated":true}]}}