{"id":6411,"date":"2014-07-02T16:07:46","date_gmt":"2014-07-02T17:07:46","guid":{"rendered":"http:\/\/diariodalagoa.pt\/?p=6411"},"modified":"2014-07-02T16:07:46","modified_gmt":"2014-07-02T17:07:46","slug":"ilhas-de-valor-s-a-encerou-2013-com-resultado-liquido-positivo-em-cerca-de-28-me","status":"publish","type":"post","link":"https:\/\/diariodalagoa.pt\/es\/ilhas-de-valor-s-a-encerou-2013-com-resultado-liquido-positivo-em-cerca-de-28-me\/","title":{"rendered":"Ilhas de Valor S.A.  encerou 2013 com resultado l\u00edquido positivo em cerca de 2,8 ME"},"content":{"rendered":"<p style=\"text-align: justify;\"><a href=\"http:\/\/diariodalagoa.pt\/wp-content\/uploads\/2014\/07\/golfe-azores-bahia-palace.jpg\"><img decoding=\"async\" class=\"alignnone size-full wp-image-6412\" src=\"http:\/\/diariodalagoa.pt\/wp-content\/uploads\/2014\/07\/golfe-azores-bahia-palace.jpg\" alt=\"golfe-azores-bahia-palace\" width=\"720\" height=\"380\" \/><\/a><\/p>\n<p style=\"text-align: justify;\"><span style=\"color: rgb(0, 0, 0);\">A sociedade ILHAS DE VALOR S.A. encerou o exerc\u00edcio de 2013 com resultado l\u00edquido positivo em cerca de 2,8 milh\u00f5es de euros, refere uma nota hoje divulgada.<\/span><\/p>\n<p style=\"text-align: justify;\"><span style=\"color: rgb(0, 0, 0);\">A\u00a0sociedade de capitais p\u00fablicos, em 2013, prosseguiu na\u00a0continua\u00e7\u00e3o na gest\u00e3o e explora\u00e7\u00e3o dos Campos de Golfe de S\u00e3o Miguel e de diversas Linhas de Apoio \u00e0 Atividade Empresarial, bem como ao desenvolvimento e conclus\u00e3o de algumas Presta\u00e7\u00f5es de Servi\u00e7os e Execu\u00e7\u00e3o de Trabalhos, nas ilhas de Santa Maria, Graciosa, Flores, Terceira e S\u00e3o Jorge, de forma a garantir qualidade nas infraestruturas criadas como \u00e9 o caso das duas unidades hoteleiras e da Pousada, para al\u00e9m da conclus\u00e3o dos trabalhos do Museu da F\u00e1brica da Baleia, que tem a sua inaugura\u00e7\u00e3o prevista no corrente ano, l\u00ea-se.<\/span><\/p>\n<p style=\"text-align: justify;\"><span style=\"color: rgb(0, 0, 0);\">Tendo sido assumido em 2010 a gest\u00e3o e explora\u00e7\u00e3o dos campos de golfe de S. Miguel, a sociedade de capitais p\u00fablicos manteve a\u00a0estabilidade no funcionamento, salvaguardando a consolida\u00e7\u00e3o do Golfe como elemento estruturante da oferta tur\u00edstica dos A\u00e7ores, gerando fluxos tur\u00edsticos principalmente nas \u00e9pocas baixa e m\u00e9dia , refere a mesma nota.<\/span><\/p>\n<p style=\"text-align: justify;\"><span style=\"color: rgb(0, 0, 0);\">&#8220;A efic\u00e1cia da promo\u00e7\u00e3o que se tem vindo a desenvolver, comprova-se pelo aumento verificado no volume de neg\u00f3cios com operadores tur\u00edsticos e visitantes estrangeiros, onde se verifica um acr\u00e9scimo do n\u00famero de voltas e consequente aumento da fatura\u00e7\u00e3o com o segmento do Turismo&#8221;.<\/span><\/p>\n<p style=\"text-align: justify;\"><span style=\"color: rgb(0, 0, 0);\">Recentemente os campos obtiveram, duas distin\u00e7\u00f5es que muito podem orgulhar os A\u00e7ores e os a\u00e7orianos, continuando desta forma a promover-nos enquanto Destino Tur\u00edstico: o campo de golfe das Furnas foi considerado o 2\u00ba melhor campo de Portugal pela revista Golf Digest americana a maior publica\u00e7\u00e3o mundial de golfe, com vendas de mais de 1,5 milh\u00f5es de exemplares por m\u00eas. Por outro, o campo de golfe da Batalha recebeu o certificado Golfer\u00b4s Choise Outstanding pelo Leadingcourses.com. Nestas distin\u00e7\u00f5es s\u00e3o levados em conta os crit\u00e9rios de avalia\u00e7\u00e3o de manuten\u00e7\u00e3o dos campos de golfe, beleza natural, atendimento do staff, instala\u00e7\u00f5es e restaura\u00e7\u00e3o, refere ainda a Ilhas de Valor S.A..<\/span><\/p>\n<p style=\"text-align: justify;\"><span style=\"color: rgb(0, 0, 0);\">&#8220;Em 2013 foi dada continuidade ao apoio \u00e0s pequenas e m\u00e9dias empresas no acesso ao cr\u00e9dito banc\u00e1rio em condi\u00e7\u00f5es mais favor\u00e1veis, atrav\u00e9s das diversas Linhas de Cr\u00e9dito j\u00e1 existentes, bem como a cria\u00e7\u00e3o e acompanhamento de um programa, o PEE, com vista \u00e0 manuten\u00e7\u00e3o do n\u00edvel de emprego para empresas em risco de setores diretamente mais afetados pelas dificuldades associadas \u00e0 falta de liquidez&#8221;.\u00a0<\/span><\/p>\n<p style=\"text-align: justify;\"><span style=\"color: rgb(0, 0, 0);\">Refere ainda a nota de imprensa que em 2013 a empresa reduziu a sua D\u00edvida Financeira em 5,2% e obteve um resultado operacional de 5,2 milh\u00f5es de euros.<\/span><\/p>\n<p style=\"text-align: justify;\"><span style=\"color: rgb(0, 0, 0);\"><em>DL\/IlhasValorSA<\/em><\/span><\/p>","protected":false},"excerpt":{"rendered":"<p>A sociedade ILHAS DE VALOR S.A. encerou o exerc\u00edcio de 2013 com resultado l\u00edquido positivo em cerca de 2,8 milh\u00f5es de euros, refere uma nota hoje divulgada. A\u00a0sociedade de capitais p\u00fablicos, em 2013, prosseguiu na\u00a0continua\u00e7\u00e3o na gest\u00e3o e explora\u00e7\u00e3o dos Campos de Golfe de S\u00e3o Miguel e de diversas Linhas de Apoio \u00e0 Atividade Empresarial, [&hellip;]<\/p>","protected":false},"author":2,"featured_media":121955,"comment_status":"open","ping_status":"open","sticky":false,"template":"","format":"standard","meta":[],"categories":[21],"tags":[],"acf":[],"yoast_head":"<!-- This site is optimized with the Yoast SEO plugin v20.10 - https:\/\/yoast.com\/wordpress\/plugins\/seo\/ -->\n<title>Ilhas de Valor S.A. encerou 2013 com resultado l\u00edquido positivo em cerca de 2,8 ME - Di\u00e1rio da Lagoa<\/title>\n<meta name=\"robots\" content=\"index, follow, max-snippet:-1, max-image-preview:large, max-video-preview:-1\" \/>\n<link rel=\"canonical\" href=\"https:\/\/diariodalagoa.pt\/es\/ilhas-de-valor-s-a-encerou-2013-com-resultado-liquido-positivo-em-cerca-de-28-me\/\" \/>\n<meta property=\"og:locale\" content=\"es_ES\" \/>\n<meta property=\"og:type\" content=\"article\" \/>\n<meta property=\"og:title\" content=\"Ilhas de Valor S.A. encerou 2013 com resultado l\u00edquido positivo em cerca de 2,8 ME - Di\u00e1rio da Lagoa\" \/>\n<meta property=\"og:description\" content=\"A sociedade ILHAS DE VALOR S.A. encerou o exerc\u00edcio de 2013 com resultado l\u00edquido positivo em cerca de 2,8 milh\u00f5es de euros, refere uma nota hoje divulgada. A\u00a0sociedade de capitais p\u00fablicos, em 2013, prosseguiu na\u00a0continua\u00e7\u00e3o na gest\u00e3o e explora\u00e7\u00e3o dos Campos de Golfe de S\u00e3o Miguel e de diversas Linhas de Apoio \u00e0 Atividade Empresarial, [&hellip;]\" \/>\n<meta property=\"og:url\" content=\"https:\/\/diariodalagoa.pt\/es\/ilhas-de-valor-s-a-encerou-2013-com-resultado-liquido-positivo-em-cerca-de-28-me\/\" \/>\n<meta property=\"og:site_name\" content=\"Di\u00e1rio da Lagoa\" \/>\n<meta property=\"article:published_time\" content=\"2014-07-02T17:07:46+00:00\" \/>\n<meta property=\"og:image\" content=\"https:\/\/diariodalagoa.pt\/wp-content\/uploads\/2014\/07\/golfe-azores-bahia-palace.jpg\" \/>\n\t<meta property=\"og:image:width\" content=\"720\" \/>\n\t<meta property=\"og:image:height\" content=\"380\" \/>\n\t<meta property=\"og:image:type\" content=\"image\/jpeg\" \/>\n<meta name=\"author\" content=\"Di\u00e1rio da Lagoa\" \/>\n<meta name=\"twitter:card\" content=\"summary_large_image\" \/>\n<meta name=\"twitter:label1\" content=\"Escrito por\" \/>\n\t<meta name=\"twitter:data1\" content=\"Di\u00e1rio da Lagoa\" \/>\n\t<meta name=\"twitter:label2\" content=\"Tiempo de lectura\" \/>\n\t<meta name=\"twitter:data2\" content=\"2 minutos\" \/>\n<script type=\"application\/ld+json\" class=\"yoast-schema-graph\">{\"@context\":\"https:\/\/schema.org\",\"@graph\":[{\"@type\":\"WebPage\",\"@id\":\"https:\/\/diariodalagoa.pt\/ilhas-de-valor-s-a-encerou-2013-com-resultado-liquido-positivo-em-cerca-de-28-me\/\",\"url\":\"https:\/\/diariodalagoa.pt\/ilhas-de-valor-s-a-encerou-2013-com-resultado-liquido-positivo-em-cerca-de-28-me\/\",\"name\":\"Ilhas de Valor S.A. encerou 2013 com resultado l\u00edquido positivo em cerca de 2,8 ME - Di\u00e1rio da Lagoa\",\"isPartOf\":{\"@id\":\"https:\/\/diariodalagoa.pt\/#website\"},\"datePublished\":\"2014-07-02T17:07:46+00:00\",\"dateModified\":\"2014-07-02T17:07:46+00:00\",\"author\":{\"@id\":\"https:\/\/diariodalagoa.pt\/#\/schema\/person\/1615a002370e8857b6f972834bc43ece\"},\"breadcrumb\":{\"@id\":\"https:\/\/diariodalagoa.pt\/ilhas-de-valor-s-a-encerou-2013-com-resultado-liquido-positivo-em-cerca-de-28-me\/#breadcrumb\"},\"inLanguage\":\"es\",\"potentialAction\":[{\"@type\":\"ReadAction\",\"target\":[\"https:\/\/diariodalagoa.pt\/ilhas-de-valor-s-a-encerou-2013-com-resultado-liquido-positivo-em-cerca-de-28-me\/\"]}]},{\"@type\":\"BreadcrumbList\",\"@id\":\"https:\/\/diariodalagoa.pt\/ilhas-de-valor-s-a-encerou-2013-com-resultado-liquido-positivo-em-cerca-de-28-me\/#breadcrumb\",\"itemListElement\":[{\"@type\":\"ListItem\",\"position\":1,\"name\":\"In\u00edcio\",\"item\":\"https:\/\/diariodalagoa.pt\/\"},{\"@type\":\"ListItem\",\"position\":2,\"name\":\"Ilhas de Valor S.A. encerou 2013 com resultado l\u00edquido positivo em cerca de 2,8 ME\"}]},{\"@type\":\"WebSite\",\"@id\":\"https:\/\/diariodalagoa.pt\/#website\",\"url\":\"https:\/\/diariodalagoa.pt\/\",\"name\":\"Di\u00e1rio da Lagoa\",\"description\":\"Di\u00e1rio da Lagoa. As not\u00edcias que contam. A partir da Lagoa, nos A\u00e7ores, para o mundo.\",\"potentialAction\":[{\"@type\":\"SearchAction\",\"target\":{\"@type\":\"EntryPoint\",\"urlTemplate\":\"https:\/\/diariodalagoa.pt\/?s={search_term_string}\"},\"query-input\":\"required name=search_term_string\"}],\"inLanguage\":\"es\"},{\"@type\":\"Person\",\"@id\":\"https:\/\/diariodalagoa.pt\/#\/schema\/person\/1615a002370e8857b6f972834bc43ece\",\"name\":\"Di\u00e1rio da Lagoa\",\"image\":{\"@type\":\"ImageObject\",\"inLanguage\":\"es\",\"@id\":\"https:\/\/diariodalagoa.pt\/#\/schema\/person\/image\/\",\"url\":\"https:\/\/secure.gravatar.com\/avatar\/2cb5cef90a26f8fbd4d9d930608102c5?s=96&d=mm&r=g\",\"contentUrl\":\"https:\/\/secure.gravatar.com\/avatar\/2cb5cef90a26f8fbd4d9d930608102c5?s=96&d=mm&r=g\",\"caption\":\"Di\u00e1rio da Lagoa\"},\"url\":\"https:\/\/diariodalagoa.pt\/es\/author\/diariodalagoa\/\"}]}<\/script>\n<!-- \/ Yoast SEO plugin. -->","yoast_head_json":{"title":"Ilhas de Valor S.A. encerou 2013 com resultado l\u00edquido positivo em cerca de 2,8 ME - Di\u00e1rio da Lagoa","robots":{"index":"index","follow":"follow","max-snippet":"max-snippet:-1","max-image-preview":"max-image-preview:large","max-video-preview":"max-video-preview:-1"},"canonical":"https:\/\/diariodalagoa.pt\/es\/ilhas-de-valor-s-a-encerou-2013-com-resultado-liquido-positivo-em-cerca-de-28-me\/","og_locale":"es_ES","og_type":"article","og_title":"Ilhas de Valor S.A. encerou 2013 com resultado l\u00edquido positivo em cerca de 2,8 ME - Di\u00e1rio da Lagoa","og_description":"A sociedade ILHAS DE VALOR S.A. encerou o exerc\u00edcio de 2013 com resultado l\u00edquido positivo em cerca de 2,8 milh\u00f5es de euros, refere uma nota hoje divulgada. A\u00a0sociedade de capitais p\u00fablicos, em 2013, prosseguiu na\u00a0continua\u00e7\u00e3o na gest\u00e3o e explora\u00e7\u00e3o dos Campos de Golfe de S\u00e3o Miguel e de diversas Linhas de Apoio \u00e0 Atividade Empresarial, [&hellip;]","og_url":"https:\/\/diariodalagoa.pt\/es\/ilhas-de-valor-s-a-encerou-2013-com-resultado-liquido-positivo-em-cerca-de-28-me\/","og_site_name":"Di\u00e1rio da Lagoa","article_published_time":"2014-07-02T17:07:46+00:00","og_image":[{"width":720,"height":380,"url":"https:\/\/diariodalagoa.pt\/wp-content\/uploads\/2014\/07\/golfe-azores-bahia-palace.jpg","type":"image\/jpeg"}],"author":"Di\u00e1rio da Lagoa","twitter_card":"summary_large_image","twitter_misc":{"Escrito por":"Di\u00e1rio da Lagoa","Tiempo de lectura":"2 minutos"},"schema":{"@context":"https:\/\/schema.org","@graph":[{"@type":"WebPage","@id":"https:\/\/diariodalagoa.pt\/ilhas-de-valor-s-a-encerou-2013-com-resultado-liquido-positivo-em-cerca-de-28-me\/","url":"https:\/\/diariodalagoa.pt\/ilhas-de-valor-s-a-encerou-2013-com-resultado-liquido-positivo-em-cerca-de-28-me\/","name":"Ilhas de Valor S.A. encerou 2013 com resultado l\u00edquido positivo em cerca de 2,8 ME - Di\u00e1rio da Lagoa","isPartOf":{"@id":"https:\/\/diariodalagoa.pt\/#website"},"datePublished":"2014-07-02T17:07:46+00:00","dateModified":"2014-07-02T17:07:46+00:00","author":{"@id":"https:\/\/diariodalagoa.pt\/#\/schema\/person\/1615a002370e8857b6f972834bc43ece"},"breadcrumb":{"@id":"https:\/\/diariodalagoa.pt\/ilhas-de-valor-s-a-encerou-2013-com-resultado-liquido-positivo-em-cerca-de-28-me\/#breadcrumb"},"inLanguage":"es","potentialAction":[{"@type":"ReadAction","target":["https:\/\/diariodalagoa.pt\/ilhas-de-valor-s-a-encerou-2013-com-resultado-liquido-positivo-em-cerca-de-28-me\/"]}]},{"@type":"BreadcrumbList","@id":"https:\/\/diariodalagoa.pt\/ilhas-de-valor-s-a-encerou-2013-com-resultado-liquido-positivo-em-cerca-de-28-me\/#breadcrumb","itemListElement":[{"@type":"ListItem","position":1,"name":"In\u00edcio","item":"https:\/\/diariodalagoa.pt\/"},{"@type":"ListItem","position":2,"name":"Ilhas de Valor S.A. encerou 2013 com resultado l\u00edquido positivo em cerca de 2,8 ME"}]},{"@type":"WebSite","@id":"https:\/\/diariodalagoa.pt\/#website","url":"https:\/\/diariodalagoa.pt\/","name":"Di\u00e1rio da Lagoa","description":"Di\u00e1rio da Lagoa. As not\u00edcias que contam. A partir da Lagoa, nos A\u00e7ores, para o mundo.","potentialAction":[{"@type":"SearchAction","target":{"@type":"EntryPoint","urlTemplate":"https:\/\/diariodalagoa.pt\/?s={search_term_string}"},"query-input":"required name=search_term_string"}],"inLanguage":"es"},{"@type":"Person","@id":"https:\/\/diariodalagoa.pt\/#\/schema\/person\/1615a002370e8857b6f972834bc43ece","name":"Di\u00e1rio da Lagoa","image":{"@type":"ImageObject","inLanguage":"es","@id":"https:\/\/diariodalagoa.pt\/#\/schema\/person\/image\/","url":"https:\/\/secure.gravatar.com\/avatar\/2cb5cef90a26f8fbd4d9d930608102c5?s=96&d=mm&r=g","contentUrl":"https:\/\/secure.gravatar.com\/avatar\/2cb5cef90a26f8fbd4d9d930608102c5?s=96&d=mm&r=g","caption":"Di\u00e1rio da Lagoa"},"url":"https:\/\/diariodalagoa.pt\/es\/author\/diariodalagoa\/"}]}},"_links":{"self":[{"href":"https:\/\/diariodalagoa.pt\/es\/wp-json\/wp\/v2\/posts\/6411"}],"collection":[{"href":"https:\/\/diariodalagoa.pt\/es\/wp-json\/wp\/v2\/posts"}],"about":[{"href":"https:\/\/diariodalagoa.pt\/es\/wp-json\/wp\/v2\/types\/post"}],"author":[{"embeddable":true,"href":"https:\/\/diariodalagoa.pt\/es\/wp-json\/wp\/v2\/users\/2"}],"replies":[{"embeddable":true,"href":"https:\/\/diariodalagoa.pt\/es\/wp-json\/wp\/v2\/comments?post=6411"}],"version-history":[{"count":0,"href":"https:\/\/diariodalagoa.pt\/es\/wp-json\/wp\/v2\/posts\/6411\/revisions"}],"wp:featuredmedia":[{"embeddable":true,"href":"https:\/\/diariodalagoa.pt\/es\/wp-json\/wp\/v2\/media\/121955"}],"wp:attachment":[{"href":"https:\/\/diariodalagoa.pt\/es\/wp-json\/wp\/v2\/media?parent=6411"}],"wp:term":[{"taxonomy":"category","embeddable":true,"href":"https:\/\/diariodalagoa.pt\/es\/wp-json\/wp\/v2\/categories?post=6411"},{"taxonomy":"post_tag","embeddable":true,"href":"https:\/\/diariodalagoa.pt\/es\/wp-json\/wp\/v2\/tags?post=6411"}],"curies":[{"name":"wp","href":"https:\/\/api.w.org\/{rel}","templated":true}]}}