{"id":6301,"date":"2014-07-01T09:09:03","date_gmt":"2014-07-01T10:09:03","guid":{"rendered":"http:\/\/diariodalagoa.pt\/?p=6301"},"modified":"2014-07-01T09:09:03","modified_gmt":"2014-07-01T10:09:03","slug":"mostra-o-teu-talento-arranca-a-2-julho-nas-portas-do-mar-5a-edicao","status":"publish","type":"post","link":"https:\/\/diariodalagoa.pt\/es\/mostra-o-teu-talento-arranca-a-2-julho-nas-portas-do-mar-5a-edicao\/","title":{"rendered":"Mostra o teu Talento arranca a 2 Julho nas Portas do Mar &#8211; 5\u00aa edi\u00e7\u00e3o"},"content":{"rendered":"<div style=\"color: #222222; text-align: justify;\"><a href=\"http:\/\/diariodalagoa.pt\/wp-content\/uploads\/2014\/07\/Mostra-teu-talento-ajav.png\"><img decoding=\"async\" class=\"alignnone size-full wp-image-6302\" src=\"http:\/\/diariodalagoa.pt\/wp-content\/uploads\/2014\/07\/Mostra-teu-talento-ajav.png\" alt=\"Mostra-teu-talento-ajav\" width=\"720\" height=\"380\" \/><\/a><\/div>\n<div style=\"color: #222222; text-align: justify;\"><\/div>\n<div style=\"color: #222222; text-align: justify;\"><span style=\"color: #000000;\">As Portas do Mar a partir da pr\u00f3xima quarta-feira, 2 de Julho, s\u00e3o o palco de honra para a 5\u00aa edi\u00e7\u00e3o do concurso Mostra o Teu Talento, iniciativa da responsabilidade da Associa\u00e7\u00e3o de Juventude Aprender a Viver em parceria com a Associa\u00e7\u00e3o Portas do Mar.<\/span><\/div>\n<div style=\"color: #222222; text-align: justify;\"><\/div>\n<div style=\"color: #222222; text-align: justify;\"><span style=\"color: #000000;\">O Mostra o teu Talento \u00a0regressa as portas do Mar nos meses de Julho e Agosto, nomeadamente, a 2, 11, 25 de Julho e 1 de Agosto. Pretende-se com esta \u00a0iniciativa descobrir talentos na m\u00fasica, dan\u00e7a, representa\u00e7\u00e3o, magia ou outra forma de arte. O concurso funciona por eliminat\u00f3rias perante 3 J\u00faris que d\u00e3o acesso a 12 finalistas a uma grande final. Os pr\u00e9mios s\u00e3o monet\u00e1rios. \u00c9 uma boa oportunidade de mostrar a arte que existe nas camadas mais jovens.<\/span><\/div>\n<div style=\"color: #222222; text-align: justify;\"><\/div>\n<div style=\"color: #222222; text-align: justify;\"><span style=\"color: #000000;\">As inscri\u00e7\u00f5es dever\u00e3o ser efectuadas para o email aj.aprenderaviver@hotmail ou atrav\u00e9s da p\u00e1gina\u00a0<a style=\"color: #1155cc;\" href=\"https:\/\/www.facebook.com\/associacao.ajav?fref=ts\" target=\"_blank\" rel=\"noopener\"><span style=\"color: #000000;\">https:\/\/www.facebook.com\/<wbr \/>associacao.ajav?fref=ts<\/span><\/a><\/span><\/div>\n<div style=\"color: #222222; text-align: justify;\"><\/div>\n<div style=\"color: #222222; text-align: justify;\"><span style=\"color: #000000;\">Segundo a Associa\u00e7\u00e3o de Juventude Aprender a Viver &#8220;Cada um tem o seu talento natural nas mais diversas vertentes&#8230;H\u00e1 mesmo que criar as oportunidades para que cada um possa demonstrar o seu talento. Assim sendo surge esta mesma oportunidade, ou seja, um palco onde o objectivo principal \u00e9 descobrir talentos a\u00e7orianos nas mais diversas formas de arte, tais como, cantar, dan\u00e7ar, representar,ilusionismo, malabarismo bem como outros talentos que por ai andam espalhados.&#8221;<\/span><\/div>\n<div style=\"color: #222222; text-align: justify;\"><\/div>\n<div style=\"color: #222222; text-align: justify;\"><span style=\"color: #000000;\">Na primeira eliminat\u00f3ria a realizar a 2 de Julho, pelas 21h30, no palco Tentorium ir\u00e3o apresentar-se JOANA SILVA, BRUNO MARTS, PAULO TAVARES, MICAELA DIAS, ALEXANDRE LINDO e MARCO LOPES todos eles com o talento cantar.<\/span><\/div>\n<div style=\"color: #222222; text-align: justify;\"><\/div>\n<div style=\"color: #222222; text-align: justify;\"><span style=\"color: #000000;\"><em>DL\/AJAV<\/em><\/span><\/div>","protected":false},"excerpt":{"rendered":"<p>As Portas do Mar a partir da pr\u00f3xima quarta-feira, 2 de Julho, s\u00e3o o palco de honra para a 5\u00aa edi\u00e7\u00e3o do concurso Mostra o Teu Talento, iniciativa da responsabilidade da Associa\u00e7\u00e3o de Juventude Aprender a Viver em parceria com a Associa\u00e7\u00e3o Portas do Mar. O Mostra o teu Talento \u00a0regressa as portas do Mar [&hellip;]<\/p>","protected":false},"author":2,"featured_media":121958,"comment_status":"open","ping_status":"open","sticky":false,"template":"","format":"standard","meta":[],"categories":[21],"tags":[],"acf":[],"yoast_head":"<!-- This site is optimized with the Yoast SEO plugin v20.10 - https:\/\/yoast.com\/wordpress\/plugins\/seo\/ -->\n<title>Mostra o teu Talento arranca a 2 Julho nas Portas do Mar - 5\u00aa edi\u00e7\u00e3o - Di\u00e1rio da Lagoa<\/title>\n<meta name=\"robots\" content=\"index, follow, max-snippet:-1, max-image-preview:large, max-video-preview:-1\" \/>\n<link rel=\"canonical\" href=\"https:\/\/diariodalagoa.pt\/es\/mostra-o-teu-talento-arranca-a-2-julho-nas-portas-do-mar-5a-edicao\/\" \/>\n<meta property=\"og:locale\" content=\"es_ES\" \/>\n<meta property=\"og:type\" content=\"article\" \/>\n<meta property=\"og:title\" content=\"Mostra o teu Talento arranca a 2 Julho nas Portas do Mar - 5\u00aa edi\u00e7\u00e3o - Di\u00e1rio da Lagoa\" \/>\n<meta property=\"og:description\" content=\"As Portas do Mar a partir da pr\u00f3xima quarta-feira, 2 de Julho, s\u00e3o o palco de honra para a 5\u00aa edi\u00e7\u00e3o do concurso Mostra o Teu Talento, iniciativa da responsabilidade da Associa\u00e7\u00e3o de Juventude Aprender a Viver em parceria com a Associa\u00e7\u00e3o Portas do Mar. O Mostra o teu Talento \u00a0regressa as portas do Mar [&hellip;]\" \/>\n<meta property=\"og:url\" content=\"https:\/\/diariodalagoa.pt\/es\/mostra-o-teu-talento-arranca-a-2-julho-nas-portas-do-mar-5a-edicao\/\" \/>\n<meta property=\"og:site_name\" content=\"Di\u00e1rio da Lagoa\" \/>\n<meta property=\"article:published_time\" content=\"2014-07-01T10:09:03+00:00\" \/>\n<meta property=\"og:image\" content=\"https:\/\/diariodalagoa.pt\/wp-content\/uploads\/2014\/07\/mostra-teu-talento-ajav.png\" \/>\n\t<meta property=\"og:image:width\" content=\"720\" \/>\n\t<meta property=\"og:image:height\" content=\"380\" \/>\n\t<meta property=\"og:image:type\" content=\"image\/png\" \/>\n<meta name=\"author\" content=\"Di\u00e1rio da Lagoa\" \/>\n<meta name=\"twitter:card\" content=\"summary_large_image\" \/>\n<meta name=\"twitter:label1\" content=\"Escrito por\" \/>\n\t<meta name=\"twitter:data1\" content=\"Di\u00e1rio da Lagoa\" \/>\n\t<meta name=\"twitter:label2\" content=\"Tiempo de lectura\" \/>\n\t<meta name=\"twitter:data2\" content=\"1 minuto\" \/>\n<script type=\"application\/ld+json\" class=\"yoast-schema-graph\">{\"@context\":\"https:\/\/schema.org\",\"@graph\":[{\"@type\":\"WebPage\",\"@id\":\"https:\/\/diariodalagoa.pt\/mostra-o-teu-talento-arranca-a-2-julho-nas-portas-do-mar-5a-edicao\/\",\"url\":\"https:\/\/diariodalagoa.pt\/mostra-o-teu-talento-arranca-a-2-julho-nas-portas-do-mar-5a-edicao\/\",\"name\":\"Mostra o teu Talento arranca a 2 Julho nas Portas do Mar - 5\u00aa edi\u00e7\u00e3o - Di\u00e1rio da Lagoa\",\"isPartOf\":{\"@id\":\"https:\/\/diariodalagoa.pt\/#website\"},\"datePublished\":\"2014-07-01T10:09:03+00:00\",\"dateModified\":\"2014-07-01T10:09:03+00:00\",\"author\":{\"@id\":\"https:\/\/diariodalagoa.pt\/#\/schema\/person\/1615a002370e8857b6f972834bc43ece\"},\"breadcrumb\":{\"@id\":\"https:\/\/diariodalagoa.pt\/mostra-o-teu-talento-arranca-a-2-julho-nas-portas-do-mar-5a-edicao\/#breadcrumb\"},\"inLanguage\":\"es\",\"potentialAction\":[{\"@type\":\"ReadAction\",\"target\":[\"https:\/\/diariodalagoa.pt\/mostra-o-teu-talento-arranca-a-2-julho-nas-portas-do-mar-5a-edicao\/\"]}]},{\"@type\":\"BreadcrumbList\",\"@id\":\"https:\/\/diariodalagoa.pt\/mostra-o-teu-talento-arranca-a-2-julho-nas-portas-do-mar-5a-edicao\/#breadcrumb\",\"itemListElement\":[{\"@type\":\"ListItem\",\"position\":1,\"name\":\"In\u00edcio\",\"item\":\"https:\/\/diariodalagoa.pt\/\"},{\"@type\":\"ListItem\",\"position\":2,\"name\":\"Mostra o teu Talento arranca a 2 Julho nas Portas do Mar &#8211; 5\u00aa edi\u00e7\u00e3o\"}]},{\"@type\":\"WebSite\",\"@id\":\"https:\/\/diariodalagoa.pt\/#website\",\"url\":\"https:\/\/diariodalagoa.pt\/\",\"name\":\"Di\u00e1rio da Lagoa\",\"description\":\"Di\u00e1rio da Lagoa. As not\u00edcias que contam. A partir da Lagoa, nos A\u00e7ores, para o mundo.\",\"potentialAction\":[{\"@type\":\"SearchAction\",\"target\":{\"@type\":\"EntryPoint\",\"urlTemplate\":\"https:\/\/diariodalagoa.pt\/?s={search_term_string}\"},\"query-input\":\"required name=search_term_string\"}],\"inLanguage\":\"es\"},{\"@type\":\"Person\",\"@id\":\"https:\/\/diariodalagoa.pt\/#\/schema\/person\/1615a002370e8857b6f972834bc43ece\",\"name\":\"Di\u00e1rio da Lagoa\",\"image\":{\"@type\":\"ImageObject\",\"inLanguage\":\"es\",\"@id\":\"https:\/\/diariodalagoa.pt\/#\/schema\/person\/image\/\",\"url\":\"https:\/\/secure.gravatar.com\/avatar\/2cb5cef90a26f8fbd4d9d930608102c5?s=96&d=mm&r=g\",\"contentUrl\":\"https:\/\/secure.gravatar.com\/avatar\/2cb5cef90a26f8fbd4d9d930608102c5?s=96&d=mm&r=g\",\"caption\":\"Di\u00e1rio da Lagoa\"},\"url\":\"https:\/\/diariodalagoa.pt\/es\/author\/diariodalagoa\/\"}]}<\/script>\n<!-- \/ Yoast SEO plugin. -->","yoast_head_json":{"title":"Mostra o teu Talento arranca a 2 Julho nas Portas do Mar - 5\u00aa edi\u00e7\u00e3o - Di\u00e1rio da Lagoa","robots":{"index":"index","follow":"follow","max-snippet":"max-snippet:-1","max-image-preview":"max-image-preview:large","max-video-preview":"max-video-preview:-1"},"canonical":"https:\/\/diariodalagoa.pt\/es\/mostra-o-teu-talento-arranca-a-2-julho-nas-portas-do-mar-5a-edicao\/","og_locale":"es_ES","og_type":"article","og_title":"Mostra o teu Talento arranca a 2 Julho nas Portas do Mar - 5\u00aa edi\u00e7\u00e3o - Di\u00e1rio da Lagoa","og_description":"As Portas do Mar a partir da pr\u00f3xima quarta-feira, 2 de Julho, s\u00e3o o palco de honra para a 5\u00aa edi\u00e7\u00e3o do concurso Mostra o Teu Talento, iniciativa da responsabilidade da Associa\u00e7\u00e3o de Juventude Aprender a Viver em parceria com a Associa\u00e7\u00e3o Portas do Mar. O Mostra o teu Talento \u00a0regressa as portas do Mar [&hellip;]","og_url":"https:\/\/diariodalagoa.pt\/es\/mostra-o-teu-talento-arranca-a-2-julho-nas-portas-do-mar-5a-edicao\/","og_site_name":"Di\u00e1rio da Lagoa","article_published_time":"2014-07-01T10:09:03+00:00","og_image":[{"width":720,"height":380,"url":"https:\/\/diariodalagoa.pt\/wp-content\/uploads\/2014\/07\/mostra-teu-talento-ajav.png","type":"image\/png"}],"author":"Di\u00e1rio da Lagoa","twitter_card":"summary_large_image","twitter_misc":{"Escrito por":"Di\u00e1rio da Lagoa","Tiempo de lectura":"1 minuto"},"schema":{"@context":"https:\/\/schema.org","@graph":[{"@type":"WebPage","@id":"https:\/\/diariodalagoa.pt\/mostra-o-teu-talento-arranca-a-2-julho-nas-portas-do-mar-5a-edicao\/","url":"https:\/\/diariodalagoa.pt\/mostra-o-teu-talento-arranca-a-2-julho-nas-portas-do-mar-5a-edicao\/","name":"Mostra o teu Talento arranca a 2 Julho nas Portas do Mar - 5\u00aa edi\u00e7\u00e3o - Di\u00e1rio da Lagoa","isPartOf":{"@id":"https:\/\/diariodalagoa.pt\/#website"},"datePublished":"2014-07-01T10:09:03+00:00","dateModified":"2014-07-01T10:09:03+00:00","author":{"@id":"https:\/\/diariodalagoa.pt\/#\/schema\/person\/1615a002370e8857b6f972834bc43ece"},"breadcrumb":{"@id":"https:\/\/diariodalagoa.pt\/mostra-o-teu-talento-arranca-a-2-julho-nas-portas-do-mar-5a-edicao\/#breadcrumb"},"inLanguage":"es","potentialAction":[{"@type":"ReadAction","target":["https:\/\/diariodalagoa.pt\/mostra-o-teu-talento-arranca-a-2-julho-nas-portas-do-mar-5a-edicao\/"]}]},{"@type":"BreadcrumbList","@id":"https:\/\/diariodalagoa.pt\/mostra-o-teu-talento-arranca-a-2-julho-nas-portas-do-mar-5a-edicao\/#breadcrumb","itemListElement":[{"@type":"ListItem","position":1,"name":"In\u00edcio","item":"https:\/\/diariodalagoa.pt\/"},{"@type":"ListItem","position":2,"name":"Mostra o teu Talento arranca a 2 Julho nas Portas do Mar &#8211; 5\u00aa edi\u00e7\u00e3o"}]},{"@type":"WebSite","@id":"https:\/\/diariodalagoa.pt\/#website","url":"https:\/\/diariodalagoa.pt\/","name":"Di\u00e1rio da Lagoa","description":"Di\u00e1rio da Lagoa. As not\u00edcias que contam. A partir da Lagoa, nos A\u00e7ores, para o mundo.","potentialAction":[{"@type":"SearchAction","target":{"@type":"EntryPoint","urlTemplate":"https:\/\/diariodalagoa.pt\/?s={search_term_string}"},"query-input":"required name=search_term_string"}],"inLanguage":"es"},{"@type":"Person","@id":"https:\/\/diariodalagoa.pt\/#\/schema\/person\/1615a002370e8857b6f972834bc43ece","name":"Di\u00e1rio da Lagoa","image":{"@type":"ImageObject","inLanguage":"es","@id":"https:\/\/diariodalagoa.pt\/#\/schema\/person\/image\/","url":"https:\/\/secure.gravatar.com\/avatar\/2cb5cef90a26f8fbd4d9d930608102c5?s=96&d=mm&r=g","contentUrl":"https:\/\/secure.gravatar.com\/avatar\/2cb5cef90a26f8fbd4d9d930608102c5?s=96&d=mm&r=g","caption":"Di\u00e1rio da Lagoa"},"url":"https:\/\/diariodalagoa.pt\/es\/author\/diariodalagoa\/"}]}},"_links":{"self":[{"href":"https:\/\/diariodalagoa.pt\/es\/wp-json\/wp\/v2\/posts\/6301"}],"collection":[{"href":"https:\/\/diariodalagoa.pt\/es\/wp-json\/wp\/v2\/posts"}],"about":[{"href":"https:\/\/diariodalagoa.pt\/es\/wp-json\/wp\/v2\/types\/post"}],"author":[{"embeddable":true,"href":"https:\/\/diariodalagoa.pt\/es\/wp-json\/wp\/v2\/users\/2"}],"replies":[{"embeddable":true,"href":"https:\/\/diariodalagoa.pt\/es\/wp-json\/wp\/v2\/comments?post=6301"}],"version-history":[{"count":0,"href":"https:\/\/diariodalagoa.pt\/es\/wp-json\/wp\/v2\/posts\/6301\/revisions"}],"wp:featuredmedia":[{"embeddable":true,"href":"https:\/\/diariodalagoa.pt\/es\/wp-json\/wp\/v2\/media\/121958"}],"wp:attachment":[{"href":"https:\/\/diariodalagoa.pt\/es\/wp-json\/wp\/v2\/media?parent=6301"}],"wp:term":[{"taxonomy":"category","embeddable":true,"href":"https:\/\/diariodalagoa.pt\/es\/wp-json\/wp\/v2\/categories?post=6301"},{"taxonomy":"post_tag","embeddable":true,"href":"https:\/\/diariodalagoa.pt\/es\/wp-json\/wp\/v2\/tags?post=6301"}],"curies":[{"name":"wp","href":"https:\/\/api.w.org\/{rel}","templated":true}]}}