{"id":6068,"date":"2014-06-25T22:54:38","date_gmt":"2014-06-25T23:54:38","guid":{"rendered":"http:\/\/diariodalagoa.pt\/?p=6068"},"modified":"2014-06-25T22:54:38","modified_gmt":"2014-06-25T23:54:38","slug":"governo-dos-acores-aprovou-conta-da-regiao-de-2013","status":"publish","type":"post","link":"https:\/\/diariodalagoa.pt\/es\/governo-dos-acores-aprovou-conta-da-regiao-de-2013\/","title":{"rendered":"Governo dos A\u00e7ores aprovou Conta da Regi\u00e3o de 2013"},"content":{"rendered":"<p style=\"text-align: justify;\"><a href=\"http:\/\/diariodalagoa.pt\/wp-content\/uploads\/2014\/06\/ConsGovernoSJZ.jpg\"><img decoding=\"async\" class=\"alignnone size-full wp-image-6069\" src=\"http:\/\/diariodalagoa.pt\/wp-content\/uploads\/2014\/06\/ConsGovernoSJZ.jpg\" alt=\"ConsGovernoSJZ\" width=\"720\" height=\"381\" \/><\/a><\/p>\n<p style=\"text-align: justify;\"><span style=\"color: #000000;\">O Governo dos A\u00e7ores aprovou a Conta da Regi\u00e3o referente ao ano econ\u00f3mico de 2013, que apresentou uma execu\u00e7\u00e3o de 94 por cento do valor previsto no Or\u00e7amento, o que representa um aumento de 100 milh\u00f5es de euros face a 2012.<\/span><\/p>\n<p style=\"text-align: justify;\"><span style=\"color: #000000;\">Segundo o\u00a0Secret\u00e1rio Regional do Turismo e Transportes, que falava na apresenta\u00e7\u00e3o do comunicado da reuni\u00e3o do Conselho do Governo realizada nas Velas, no \u00e2mbito da Visita Estatut\u00e1ria a S. Jorge, \u00a0\u201ceste valor assume maior relev\u00e2ncia tendo em conta que se registou um aumento de 15 por cento no investimento p\u00fablico direto executado no \u00e2mbito do Plano de Investimentos, sendo que a execu\u00e7\u00e3o deste Plano foi superior em 46 milh\u00f5es de euros face ao ano anterior e a taxa de execu\u00e7\u00e3o dos investimentos teve um incremento de 30 por cento em rela\u00e7\u00e3o a 2012\u201d.\u00a0<\/span><\/p>\n<p style=\"text-align: justify;\"><span style=\"color: #000000;\">Nesta reuni\u00e3o, o Conselho de Governo decidiu tamb\u00e9m autorizar a realiza\u00e7\u00e3o de um concurso p\u00fablico internacional, com um pre\u00e7o base de cerca de 2,3 milh\u00f5es de euros, para a aquisi\u00e7\u00e3o e instala\u00e7\u00e3o de mobili\u00e1rio, equipamento estrutural e condu\u00e7\u00e3o das redes de servi\u00e7os nas novas instala\u00e7\u00f5es do Laborat\u00f3rio Regional de Veterin\u00e1ria.\u00a0<\/span><\/p>\n<p style=\"text-align: justify;\"><span style=\"color: #000000;\">O Executivo A\u00e7oriano, entre outras medidas, decidiu ainda reconhecer o projeto Pedras do Mar \u2013 Hotel Resort and SPA, a construir em S\u00e3o Miguel, como Projeto de Interesse Regional (PIR), tendo V\u00edtor Fraga salientado que este projeto prev\u00ea a constru\u00e7\u00e3o de um hotel de cinco estrelas, com 125 unidades de alojamento, e vai criar 35 novos postos de trabalho.<\/span><\/p>\n<p style=\"text-align: justify;\"><span style=\"color: #000000;\">A atribui\u00e7\u00e3o de um incentivo financeiro \u00e0 associa\u00e7\u00e3o sem fins lucrativos A Passarada, no \u00e2mbito do Subsistema de Apoio ao Desenvolvimento Estrat\u00e9gico do SIDER, para apoiar a constru\u00e7\u00e3o da nova sede da institui\u00e7\u00e3o, no concelho de Ponta Delgada, foi outra das decis\u00f5es desta reuni\u00e3o.\u00a0<\/span><\/p>\n<p style=\"text-align: justify;\"><span style=\"color: #000000;\">O Governo dos A\u00e7ores decidiu ainda aprovar uma Resolu\u00e7\u00e3o que define o valor base unit\u00e1rio dos apoios aos treinos e competi\u00e7\u00e3o dos escal\u00f5es de forma\u00e7\u00e3o, dos apoios complementares, dos pr\u00e9mios de classifica\u00e7\u00e3o, subida de divis\u00e3o e manuten\u00e7\u00e3o e do apoio \u00e0 utiliza\u00e7\u00e3o de atletas formados nos A\u00e7ores, bem como o n\u00famero de elementos das comitivas oficiais de cada modalidade e n\u00edvel competitivo e o n\u00famero m\u00e1ximo de equipas por divis\u00e3o ou n\u00edvel competitivo que ser\u00e3o apoiadas na \u00e9poca desportiva 2014\/2015.<\/span><\/p>\n<p style=\"text-align: justify;\"><span style=\"color: #000000;\"><em>DL\/Gacs<\/em><\/span><\/p>","protected":false},"excerpt":{"rendered":"<p>O Governo dos A\u00e7ores aprovou a Conta da Regi\u00e3o referente ao ano econ\u00f3mico de 2013, que apresentou uma execu\u00e7\u00e3o de 94 por cento do valor previsto no Or\u00e7amento, o que representa um aumento de 100 milh\u00f5es de euros face a 2012. Segundo o\u00a0Secret\u00e1rio Regional do Turismo e Transportes, que falava na apresenta\u00e7\u00e3o do comunicado da [&hellip;]<\/p>","protected":false},"author":2,"featured_media":121965,"comment_status":"open","ping_status":"open","sticky":false,"template":"","format":"standard","meta":[],"categories":[21],"tags":[],"acf":[],"yoast_head":"<!-- This site is optimized with the Yoast SEO plugin v20.10 - https:\/\/yoast.com\/wordpress\/plugins\/seo\/ -->\n<title>Governo dos A\u00e7ores aprovou Conta da Regi\u00e3o de 2013 - Di\u00e1rio da Lagoa<\/title>\n<meta name=\"robots\" content=\"index, follow, max-snippet:-1, max-image-preview:large, max-video-preview:-1\" \/>\n<link rel=\"canonical\" href=\"https:\/\/diariodalagoa.pt\/es\/governo-dos-acores-aprovou-conta-da-regiao-de-2013\/\" \/>\n<meta property=\"og:locale\" content=\"es_ES\" \/>\n<meta property=\"og:type\" content=\"article\" \/>\n<meta property=\"og:title\" content=\"Governo dos A\u00e7ores aprovou Conta da Regi\u00e3o de 2013 - Di\u00e1rio da Lagoa\" \/>\n<meta property=\"og:description\" content=\"O Governo dos A\u00e7ores aprovou a Conta da Regi\u00e3o referente ao ano econ\u00f3mico de 2013, que apresentou uma execu\u00e7\u00e3o de 94 por cento do valor previsto no Or\u00e7amento, o que representa um aumento de 100 milh\u00f5es de euros face a 2012. Segundo o\u00a0Secret\u00e1rio Regional do Turismo e Transportes, que falava na apresenta\u00e7\u00e3o do comunicado da [&hellip;]\" \/>\n<meta property=\"og:url\" content=\"https:\/\/diariodalagoa.pt\/es\/governo-dos-acores-aprovou-conta-da-regiao-de-2013\/\" \/>\n<meta property=\"og:site_name\" content=\"Di\u00e1rio da Lagoa\" \/>\n<meta property=\"article:published_time\" content=\"2014-06-25T23:54:38+00:00\" \/>\n<meta property=\"og:image\" content=\"https:\/\/diariodalagoa.pt\/wp-content\/uploads\/2014\/06\/consgovernosjz.jpg\" \/>\n\t<meta property=\"og:image:width\" content=\"720\" \/>\n\t<meta property=\"og:image:height\" content=\"381\" \/>\n\t<meta property=\"og:image:type\" content=\"image\/jpeg\" \/>\n<meta name=\"author\" content=\"Di\u00e1rio da Lagoa\" \/>\n<meta name=\"twitter:card\" content=\"summary_large_image\" \/>\n<meta name=\"twitter:label1\" content=\"Escrito por\" \/>\n\t<meta name=\"twitter:data1\" content=\"Di\u00e1rio da Lagoa\" \/>\n\t<meta name=\"twitter:label2\" content=\"Tiempo de lectura\" \/>\n\t<meta name=\"twitter:data2\" content=\"2 minutos\" \/>\n<script type=\"application\/ld+json\" class=\"yoast-schema-graph\">{\"@context\":\"https:\/\/schema.org\",\"@graph\":[{\"@type\":\"WebPage\",\"@id\":\"https:\/\/diariodalagoa.pt\/governo-dos-acores-aprovou-conta-da-regiao-de-2013\/\",\"url\":\"https:\/\/diariodalagoa.pt\/governo-dos-acores-aprovou-conta-da-regiao-de-2013\/\",\"name\":\"Governo dos A\u00e7ores aprovou Conta da Regi\u00e3o de 2013 - Di\u00e1rio da Lagoa\",\"isPartOf\":{\"@id\":\"https:\/\/diariodalagoa.pt\/#website\"},\"datePublished\":\"2014-06-25T23:54:38+00:00\",\"dateModified\":\"2014-06-25T23:54:38+00:00\",\"author\":{\"@id\":\"https:\/\/diariodalagoa.pt\/#\/schema\/person\/1615a002370e8857b6f972834bc43ece\"},\"breadcrumb\":{\"@id\":\"https:\/\/diariodalagoa.pt\/governo-dos-acores-aprovou-conta-da-regiao-de-2013\/#breadcrumb\"},\"inLanguage\":\"es\",\"potentialAction\":[{\"@type\":\"ReadAction\",\"target\":[\"https:\/\/diariodalagoa.pt\/governo-dos-acores-aprovou-conta-da-regiao-de-2013\/\"]}]},{\"@type\":\"BreadcrumbList\",\"@id\":\"https:\/\/diariodalagoa.pt\/governo-dos-acores-aprovou-conta-da-regiao-de-2013\/#breadcrumb\",\"itemListElement\":[{\"@type\":\"ListItem\",\"position\":1,\"name\":\"In\u00edcio\",\"item\":\"https:\/\/diariodalagoa.pt\/\"},{\"@type\":\"ListItem\",\"position\":2,\"name\":\"Governo dos A\u00e7ores aprovou Conta da Regi\u00e3o de 2013\"}]},{\"@type\":\"WebSite\",\"@id\":\"https:\/\/diariodalagoa.pt\/#website\",\"url\":\"https:\/\/diariodalagoa.pt\/\",\"name\":\"Di\u00e1rio da Lagoa\",\"description\":\"Di\u00e1rio da Lagoa. As not\u00edcias que contam. A partir da Lagoa, nos A\u00e7ores, para o mundo.\",\"potentialAction\":[{\"@type\":\"SearchAction\",\"target\":{\"@type\":\"EntryPoint\",\"urlTemplate\":\"https:\/\/diariodalagoa.pt\/?s={search_term_string}\"},\"query-input\":\"required name=search_term_string\"}],\"inLanguage\":\"es\"},{\"@type\":\"Person\",\"@id\":\"https:\/\/diariodalagoa.pt\/#\/schema\/person\/1615a002370e8857b6f972834bc43ece\",\"name\":\"Di\u00e1rio da Lagoa\",\"image\":{\"@type\":\"ImageObject\",\"inLanguage\":\"es\",\"@id\":\"https:\/\/diariodalagoa.pt\/#\/schema\/person\/image\/\",\"url\":\"https:\/\/secure.gravatar.com\/avatar\/2cb5cef90a26f8fbd4d9d930608102c5?s=96&d=mm&r=g\",\"contentUrl\":\"https:\/\/secure.gravatar.com\/avatar\/2cb5cef90a26f8fbd4d9d930608102c5?s=96&d=mm&r=g\",\"caption\":\"Di\u00e1rio da Lagoa\"},\"url\":\"https:\/\/diariodalagoa.pt\/es\/author\/diariodalagoa\/\"}]}<\/script>\n<!-- \/ Yoast SEO plugin. -->","yoast_head_json":{"title":"Governo dos A\u00e7ores aprovou Conta da Regi\u00e3o de 2013 - Di\u00e1rio da Lagoa","robots":{"index":"index","follow":"follow","max-snippet":"max-snippet:-1","max-image-preview":"max-image-preview:large","max-video-preview":"max-video-preview:-1"},"canonical":"https:\/\/diariodalagoa.pt\/es\/governo-dos-acores-aprovou-conta-da-regiao-de-2013\/","og_locale":"es_ES","og_type":"article","og_title":"Governo dos A\u00e7ores aprovou Conta da Regi\u00e3o de 2013 - Di\u00e1rio da Lagoa","og_description":"O Governo dos A\u00e7ores aprovou a Conta da Regi\u00e3o referente ao ano econ\u00f3mico de 2013, que apresentou uma execu\u00e7\u00e3o de 94 por cento do valor previsto no Or\u00e7amento, o que representa um aumento de 100 milh\u00f5es de euros face a 2012. Segundo o\u00a0Secret\u00e1rio Regional do Turismo e Transportes, que falava na apresenta\u00e7\u00e3o do comunicado da [&hellip;]","og_url":"https:\/\/diariodalagoa.pt\/es\/governo-dos-acores-aprovou-conta-da-regiao-de-2013\/","og_site_name":"Di\u00e1rio da Lagoa","article_published_time":"2014-06-25T23:54:38+00:00","og_image":[{"width":720,"height":381,"url":"https:\/\/diariodalagoa.pt\/wp-content\/uploads\/2014\/06\/consgovernosjz.jpg","type":"image\/jpeg"}],"author":"Di\u00e1rio da Lagoa","twitter_card":"summary_large_image","twitter_misc":{"Escrito por":"Di\u00e1rio da Lagoa","Tiempo de lectura":"2 minutos"},"schema":{"@context":"https:\/\/schema.org","@graph":[{"@type":"WebPage","@id":"https:\/\/diariodalagoa.pt\/governo-dos-acores-aprovou-conta-da-regiao-de-2013\/","url":"https:\/\/diariodalagoa.pt\/governo-dos-acores-aprovou-conta-da-regiao-de-2013\/","name":"Governo dos A\u00e7ores aprovou Conta da Regi\u00e3o de 2013 - Di\u00e1rio da Lagoa","isPartOf":{"@id":"https:\/\/diariodalagoa.pt\/#website"},"datePublished":"2014-06-25T23:54:38+00:00","dateModified":"2014-06-25T23:54:38+00:00","author":{"@id":"https:\/\/diariodalagoa.pt\/#\/schema\/person\/1615a002370e8857b6f972834bc43ece"},"breadcrumb":{"@id":"https:\/\/diariodalagoa.pt\/governo-dos-acores-aprovou-conta-da-regiao-de-2013\/#breadcrumb"},"inLanguage":"es","potentialAction":[{"@type":"ReadAction","target":["https:\/\/diariodalagoa.pt\/governo-dos-acores-aprovou-conta-da-regiao-de-2013\/"]}]},{"@type":"BreadcrumbList","@id":"https:\/\/diariodalagoa.pt\/governo-dos-acores-aprovou-conta-da-regiao-de-2013\/#breadcrumb","itemListElement":[{"@type":"ListItem","position":1,"name":"In\u00edcio","item":"https:\/\/diariodalagoa.pt\/"},{"@type":"ListItem","position":2,"name":"Governo dos A\u00e7ores aprovou Conta da Regi\u00e3o de 2013"}]},{"@type":"WebSite","@id":"https:\/\/diariodalagoa.pt\/#website","url":"https:\/\/diariodalagoa.pt\/","name":"Di\u00e1rio da Lagoa","description":"Di\u00e1rio da Lagoa. As not\u00edcias que contam. A partir da Lagoa, nos A\u00e7ores, para o mundo.","potentialAction":[{"@type":"SearchAction","target":{"@type":"EntryPoint","urlTemplate":"https:\/\/diariodalagoa.pt\/?s={search_term_string}"},"query-input":"required name=search_term_string"}],"inLanguage":"es"},{"@type":"Person","@id":"https:\/\/diariodalagoa.pt\/#\/schema\/person\/1615a002370e8857b6f972834bc43ece","name":"Di\u00e1rio da Lagoa","image":{"@type":"ImageObject","inLanguage":"es","@id":"https:\/\/diariodalagoa.pt\/#\/schema\/person\/image\/","url":"https:\/\/secure.gravatar.com\/avatar\/2cb5cef90a26f8fbd4d9d930608102c5?s=96&d=mm&r=g","contentUrl":"https:\/\/secure.gravatar.com\/avatar\/2cb5cef90a26f8fbd4d9d930608102c5?s=96&d=mm&r=g","caption":"Di\u00e1rio da Lagoa"},"url":"https:\/\/diariodalagoa.pt\/es\/author\/diariodalagoa\/"}]}},"_links":{"self":[{"href":"https:\/\/diariodalagoa.pt\/es\/wp-json\/wp\/v2\/posts\/6068"}],"collection":[{"href":"https:\/\/diariodalagoa.pt\/es\/wp-json\/wp\/v2\/posts"}],"about":[{"href":"https:\/\/diariodalagoa.pt\/es\/wp-json\/wp\/v2\/types\/post"}],"author":[{"embeddable":true,"href":"https:\/\/diariodalagoa.pt\/es\/wp-json\/wp\/v2\/users\/2"}],"replies":[{"embeddable":true,"href":"https:\/\/diariodalagoa.pt\/es\/wp-json\/wp\/v2\/comments?post=6068"}],"version-history":[{"count":0,"href":"https:\/\/diariodalagoa.pt\/es\/wp-json\/wp\/v2\/posts\/6068\/revisions"}],"wp:featuredmedia":[{"embeddable":true,"href":"https:\/\/diariodalagoa.pt\/es\/wp-json\/wp\/v2\/media\/121965"}],"wp:attachment":[{"href":"https:\/\/diariodalagoa.pt\/es\/wp-json\/wp\/v2\/media?parent=6068"}],"wp:term":[{"taxonomy":"category","embeddable":true,"href":"https:\/\/diariodalagoa.pt\/es\/wp-json\/wp\/v2\/categories?post=6068"},{"taxonomy":"post_tag","embeddable":true,"href":"https:\/\/diariodalagoa.pt\/es\/wp-json\/wp\/v2\/tags?post=6068"}],"curies":[{"name":"wp","href":"https:\/\/api.w.org\/{rel}","templated":true}]}}